{"id":1803229,"date":"2026-03-03T07:26:29","date_gmt":"2026-03-03T04:26:29","guid":{"rendered":"https:\/\/analyse.optim.biz\/?p=1803229"},"modified":"2026-03-03T07:26:29","modified_gmt":"2026-03-03T04:26:29","slug":"imagini-parohia-mihaesti-ii-a-oferit-daruri-bolnavilor-de-la-spitalul-de-pneumoftiziologie-c-anastasatu","status":"publish","type":"post","link":"https:\/\/analyse.optim.biz\/?p=1803229","title":{"rendered":"IMAGINI. Parohia Mih\u0103e\u0219ti II a oferit daruri bolnavilor de la Spitalul de Pneumoftiziologie \u201eC. Anastasatu\u201d"},"content":{"rendered":"<p>[analyse_image type=&#8221;featured&#8221; src=&#8221;https:\/\/www.gazeta-valceana.ro\/wp-content\/uploads\/2026\/03\/Arhi-Mihaesti-1.jpg&#8221;]<\/p>\n<article id=\"template-id-91645\" class=\"post-91645 tdb_templates type-tdb_templates status-publish post\">\n<div id=\"tdi_49\" class=\"tdc-zone\">\n<div class=\"tdc_zone tdi_50  wpb_row td-pb-row\">\n<div id=\"tdi_51\" class=\"tdc-row stretch_row_1200 td-stretch-content\">\n<div class=\"vc_row tdi_52  wpb_row td-pb-row\">\n<div class=\"vc_column tdi_54  wpb_column vc_column_container tdc-column td-pb-span8\">\n<div class=\"wpb_wrapper\">\n<div class=\"td_block_wrap tdb_title tdi_55 tdb-single-title td-pb-border-top td_block_template_1\" data-td-block-uid=\"tdi_55\">\n<div class=\"tdb-block-inner td-fix-index\">\n<h1 class=\"tdb-title-text\">IMAGINI. Parohia Mih\u0103e\u0219ti II a oferit daruri bolnavilor de la Spitalul de Pneumoftiziologie \u201eC. Anastasatu\u201d<\/h1>\n<\/div>\n<\/div>\n<div class=\"vc_row_inner tdi_58  vc_row vc_inner wpb_row td-pb-row tdc-row-content-vert-center\">\n<div class=\"vc_column_inner tdi_60  wpb_column vc_column_container tdc-inner-column td-pb-span12\">\n<div class=\"vc_column-inner\">\n<div class=\"wpb_wrapper\">\n<div class=\"td_block_wrap tdb_single_categories tdi_61 td-pb-border-top td_block_template_1 \" data-td-block-uid=\"tdi_61\">\n<div class=\"tdb-category td-fix-index\"><a class=\"tdb-entry-category\" href=\"https:\/\/www.gazeta-valceana.ro\/category\/cultura\/\">Cultur\u0103<\/a><a class=\"tdb-entry-category\" href=\"https:\/\/www.gazeta-valceana.ro\/category\/fapt-divers\/\">Fapt divers<\/a><a class=\"tdb-entry-category\" href=\"https:\/\/www.gazeta-valceana.ro\/category\/i\/\">I<\/a><\/div>\n<\/div>\n<div class=\"td_block_wrap tdb_single_date tdi_62 td-pb-border-top td_block_template_1 tdb-post-meta\" data-td-block-uid=\"tdi_62\">\n<div class=\"tdb-block-inner td-fix-index\"><time class=\"entry-date updated td-module-date\" datetime=\"2026-03-03T09:26:29+02:00\">3 martie 2026<\/time><\/div>\n<\/div>\n<\/div>\n<\/div>\n<\/div>\n<\/div>\n<\/div>\n<\/div>\n<\/div>\n<\/div>\n<div id=\"tdi_65\" class=\"tdc-row stretch_row_1200 td-stretch-content\">\n<div class=\"vc_row tdi_66  wpb_row td-pb-row\">\n<div class=\"vc_column tdi_68  wpb_column vc_column_container tdc-column td-pb-span8\">\n<div class=\"wpb_wrapper\">\n<div class=\"td_block_wrap tdb_single_featured_image tdi_69 tdb-content-horiz-left td-pb-border-top td_block_template_1\" data-td-block-uid=\"tdi_69\">\n<div class=\"tdb-block-inner td-fix-index\"><img loading=\"lazy\" decoding=\"async\" width=\"696\" height=\"427\" class=\"entry-thumb\" src=\"https:\/\/www.gazeta-valceana.ro\/wp-content\/uploads\/2026\/03\/Arhi-Mihaesti-1-696x427.jpg\" alt title=\"Arhi Mihaesti 1\"><\/div>\n<\/div>\n<div class=\"td_block_wrap tdb_single_post_share tdi_70  td-pb-border-top td_block_template_1\" data-td-block-uid=\"tdi_70\">\n<div id=\"tdi_70\" class=\"td-post-sharing tdb-block td-ps-border td-ps-border-grey td-ps-notext td-ps-icon-color td-ps-text-color td-post-sharing-style16 \">\n<div class=\"td-post-sharing-visible\">\n<div class=\"td-social-sharing-button td-social-sharing-button-js td-social-handler td-social-share-text\">\n<div class=\"td-social-but-text\">Ac\u021biune<\/div>\n<\/div>\n<p><a class=\"td-social-sharing-button td-social-sharing-button-js td-social-network td-social-facebook\" href=\"https:\/\/www.facebook.com\/sharer.php?u=https%3A%2F%2Fwww.gazeta-valceana.ro%2Ffapt-divers%2Fimagini-parohia-mihaesti-ii-a-oferit-daruri-bolnavilor-de-la-spitalul-de-pneumoftiziologie-c-anastasatu%2F\" title=\"Facebook\"><\/p>\n<div class=\"td-social-but-text\">Facebook<\/div>\n<p><\/a><a class=\"td-social-sharing-button td-social-sharing-button-js td-social-network td-social-twitter\" href=\"https:\/\/twitter.com\/intent\/tweet?text=IMAGINI.+Parohia+Mih%C4%83e%C8%99ti+II+a+oferit+daruri+bolnavilor+de+la+Spitalul+de+Pneumoftiziologie+%E2%80%9EC.+Anastasatu%E2%80%9D&amp;url=https%3A%2F%2Fwww.gazeta-valceana.ro%2Ffapt-divers%2Fimagini-parohia-mihaesti-ii-a-oferit-daruri-bolnavilor-de-la-spitalul-de-pneumoftiziologie-c-anastasatu%2F&amp;via=Gazeta+V%C3%A2lcean%C4%83\" title=\"Twitter\"><\/p>\n<div class=\"td-social-but-text\">Twitter<\/div>\n<p><\/a><a class=\"td-social-sharing-button td-social-sharing-button-js td-social-network td-social-pinterest\" href=\"https:\/\/pinterest.com\/pin\/create\/button\/?url=https:\/\/www.gazeta-valceana.ro\/fapt-divers\/imagini-parohia-mihaesti-ii-a-oferit-daruri-bolnavilor-de-la-spitalul-de-pneumoftiziologie-c-anastasatu\/&amp;media=https:\/\/www.gazeta-valceana.ro\/wp-content\/uploads\/2026\/03\/Arhi-Mihaesti-1.jpg&amp;description=IMAGINI.+Parohia+Mih%C4%83e%C8%99ti+II+a+oferit+daruri+bolnavilor+de+la+Spitalul+de+Pneumoftiziologie+%E2%80%9EC.+Anastasatu%E2%80%9D\" title=\"Pinterest\"><\/p>\n<div class=\"td-social-but-text\">Pinterest<\/div>\n<p><\/a><a class=\"td-social-sharing-button td-social-sharing-button-js td-social-network td-social-whatsapp\" href=\"https:\/\/api.whatsapp.com\/send?text=IMAGINI.+Parohia+Mih%C4%83e%C8%99ti+II+a+oferit+daruri+bolnavilor+de+la+Spitalul+de+Pneumoftiziologie+%E2%80%9EC.+Anastasatu%E2%80%9D%20%0A%0A%20https:\/\/www.gazeta-valceana.ro\/fapt-divers\/imagini-parohia-mihaesti-ii-a-oferit-daruri-bolnavilor-de-la-spitalul-de-pneumoftiziologie-c-anastasatu\/\" title=\"WhatsApp\"><\/p>\n<div class=\"td-social-but-text\">WhatsApp<\/div>\n<p><\/a><\/div>\n<\/div>\n<\/div>\n<div class=\"td_block_wrap tdb_single_content tdi_71 td-pb-border-top td_block_template_1 td-post-content tagdiv-type\" data-td-block-uid=\"tdi_71\">\n<div class=\"tdb-block-inner td-fix-index\">\n<p>Parohia Mih\u0103e\u0219ti II a desf\u0103\u0219urat, \u00een prima duminic\u0103 a Sf\u00e2ntului \u0219i Marelui Post, c\u00e2nd Biserica a pr\u0103znuit biruin\u021ba dreptei credin\u021be \u00een cadrul Duminicii Ortodoxiei, o activitate pastoral-misionar\u0103 cu profund caracter filantropic, aduc\u00e2nd un semn de m\u00e2ng\u00e2iere \u0219i comuniune bolnavilor \u0219i personalului medical de la Spitalul de Pneumoftiziologie \u201eC. Anastasatu\u201d.<\/p>\n<p>\u00cen contextul liturgic al acestei duminici, dup\u0103 citirea Pastoralei Sf\u00e2ntului Sinod, preotul Marian Mihai a adresat credincio\u0219ilor un cuv\u00e2nt de \u00eenv\u0103\u021b\u0103tur\u0103 \u00een care a eviden\u021biat rolul familiei cre\u0219tine \u00een p\u0103strarea \u0219i transmiterea dreptei credin\u021be.<\/p>\n<p>Oferirea m\u0103r\u021bi\u0219oarelor la Spitalul de Pneumoftiziologie \u201eC. Anastasatu\u201d din Mih\u0103e\u0219ti s-a constituit \u00eentr-o sintez\u0103 \u00eentre tradi\u021bia popular\u0103 \u0219i misiunea social\u0103 a Bisericii. Actul a afirmat demnitatea persoanei umane aflate \u00een suferin\u021b\u0103, a \u00eent\u0103rit leg\u0103tura dintre comunitatea parohial\u0103 \u0219i institu\u021biile locale \u0219i a eviden\u021biat faptul c\u0103 spiritualitatea rom\u00e2neasc\u0103 se exprim\u0103 \u00een gesturi concrete de iubire.<\/p>\n<figure class=\"wp-block-image size-full\"><img loading=\"lazy\" decoding=\"async\" width=\"726\" height=\"441\" src=\"https:\/\/www.gazeta-valceana.ro\/wp-content\/uploads\/2026\/03\/Arhi-Mihaesti-2.jpg\" alt class=\"wp-image-103536\"><\/figure>\n<\/div>\n<\/div>\n<div class=\"tdb-author-box td_block_wrap tdb_single_author_box tdi_72 tdb-content-vert-top td-pb-border-top td_block_template_1\" data-td-block-uid=\"tdi_72\">\n<div class=\"tdb-block-inner td-fix-index\"><a href=\"https:\/\/www.gazeta-valceana.ro\/author\/redactia\/\" class=\"tdb-author-photo\" title=\"Redactia\"><img decoding=\"async\" alt=\"Redactia\" src=\"https:\/\/secure.gravatar.com\/avatar\/d9699bfd17d7f55fcf6bbdfb0214d48a942c5fd23a1db27f4a803a8d0651670f?s=500&amp;d=mm&amp;r=g\" class=\"avatar avatar-500 photo\" height=\"500\" width=\"500\" loading=\"lazy\"><\/a><\/p>\n<div class=\"tdb-author-info\"><a href=\"https:\/\/www.gazeta-valceana.ro\/author\/redactia\/\" class=\"tdb-author-name\">Redactia<\/a><\/div>\n<\/div>\n<\/div>\n<\/div>\n<\/div>\n<div class=\"vc_column tdi_76  wpb_column vc_column_container tdc-column td-pb-span4 td-is-sticky\">\n<div class=\"wpb_wrapper\" data-sticky-enabled-on=\"W3RydWUsdHJ1ZSx0cnVlLHRydWVd\" data-sticky-offset=\"20\" data-sticky-is-width-auto=\"W2ZhbHNlLGZhbHNlLGZhbHNlLGZhbHNlXQ==\">\n<div class=\"vc_row_inner tdi_81  vc_row vc_inner wpb_row td-pb-row tdc-row-content-vert-center\">\n<div class=\"vc_column_inner tdi_83  wpb_column vc_column_container tdc-inner-column td-pb-span12\">\n<div class=\"vc_column-inner\">\n<div class=\"wpb_wrapper\">\n<div class=\"tdm_block td_block_wrap tdm_block_inline_text tdi_86 tdm-inline-block td-pb-border-top td_block_template_1\" data-td-block-uid=\"tdi_86\">\n<p class=\"tdm-descr\">Ultimele articole<\/p>\n<\/div>\n<\/div>\n<\/div>\n<\/div>\n<\/div>\n<div class=\"td_block_wrap td_flex_block_1 tdi_87 td-pb-border-top td_block_template_1 td_flex_block\" data-td-block-uid=\"tdi_87\">\n<div id=\"tdi_87\" class=\"td_block_inner td-mc1-wrap\">\n<div class=\"td_module_flex td_module_flex_1 td_module_wrap td-animation-stack td-cpt-post\">\n<div class=\"td-module-container td-category-pos-\">\n<div class=\"td-module-meta-info\">\n<h3 class=\"entry-title td-module-title\"><a href=\"https:\/\/www.gazeta-valceana.ro\/anchetedezvaluri\/video-in-articol-ei-sunt-hotii-adusi-de-politie-din-alt-judet-pentru-a-fi-incarcerati-preventiv-la-valcea\/\" rel=\"bookmark\" title=\"VIDEO \u00een articol. Ei sunt ho\u021bii adu\u0219i de Poli\u021bie din alt jude\u021b pentru a fi \u00eencarcera\u021bi preventiv la V\u00e2lcea\">VIDEO \u00een articol. Ei sunt ho\u021bii adu\u0219i de Poli\u021bie din alt jude\u021b pentru a fi \u00eencarcera\u021bi preventiv la V\u00e2lcea<\/a><\/h3>\n<div class=\"td-editor-date\"><span class=\"td-author-date\"><span class=\"td-post-date\"><time class=\"entry-date updated td-module-date\" datetime=\"2026-03-03T10:39:20+02:00\">3 martie 2026<\/time><\/span><\/span><\/div>\n<\/div>\n<\/div>\n<\/div>\n<div class=\"td_module_flex td_module_flex_1 td_module_wrap td-animation-stack td-cpt-post\">\n<div class=\"td-module-container td-category-pos-\">\n<div class=\"td-module-meta-info\">\n<h3 class=\"entry-title td-module-title\"><a href=\"https:\/\/www.gazeta-valceana.ro\/fapt-divers\/foto-incendiu-in-miez-de-noapte-intr-o-comuna-din-apropiere-de-horezu-o-femeie-transportata-de-urgenta-la\/\" rel=\"bookmark\" title=\"FOTO. INCENDIU \u00een miez de noapte \u00eentr-o comun\u0103 din apropiere de Horezu. O FEMEIE, transportat\u0103 de urgen\u021b\u0103 la\u2026\">FOTO. INCENDIU \u00een miez de noapte \u00eentr-o comun\u0103 din apropiere de Horezu. O FEMEIE, transportat\u0103 de urgen\u021b\u0103 la\u2026<\/a><\/h3>\n<div class=\"td-editor-date\"><span class=\"td-author-date\"><span class=\"td-post-date\"><time class=\"entry-date updated td-module-date\" datetime=\"2026-03-03T08:43:18+02:00\">3 martie 2026<\/time><\/span><\/span><\/div>\n<\/div>\n<\/div>\n<\/div>\n<div class=\"td_module_flex td_module_flex_1 td_module_wrap td-animation-stack td-cpt-post\">\n<div class=\"td-module-container td-category-pos-\">\n<div class=\"td-module-meta-info\">\n<h3 class=\"entry-title td-module-title\"><a href=\"https:\/\/www.gazeta-valceana.ro\/administratie\/apavil-sa-scoate-la-concurs-post-de-electrician-in-cadrul-serviciului-mecano-energetic\/\" rel=\"bookmark\" title=\"Apavil SA scoate la concurs post de electrician \u00een cadrul Serviciului Mecano-Energetic\">Apavil SA scoate la concurs post de electrician \u00een cadrul Serviciului Mecano-Energetic<\/a><\/h3>\n<div class=\"td-editor-date\"><span class=\"td-author-date\"><span class=\"td-post-date\"><time class=\"entry-date updated td-module-date\" datetime=\"2026-03-03T07:00:00+02:00\">3 martie 2026<\/time><\/span><\/span><\/div>\n<\/div>\n<\/div>\n<\/div>\n<div class=\"td_module_flex td_module_flex_1 td_module_wrap td-animation-stack td-cpt-post\">\n<div class=\"td-module-container td-category-pos-\">\n<div class=\"td-module-meta-info\">\n<h3 class=\"entry-title td-module-title\"><a href=\"https:\/\/www.gazeta-valceana.ro\/administratie\/microbuzele-electrice-eta-vor-circula-pana-la-calimanesti-olanesti-govora-si-ocnele-mari\/\" rel=\"bookmark\" title=\"Microbuzele electrice ETA vor circula p\u00e2n\u0103 la C\u0103lim\u0103ne\u0219ti, Ol\u0103ne\u0219ti, Govora \u0219i Ocnele Mari\">Microbuzele electrice ETA vor circula p\u00e2n\u0103 la C\u0103lim\u0103ne\u0219ti, Ol\u0103ne\u0219ti, Govora \u0219i Ocnele Mari<\/a><\/h3>\n<div class=\"td-editor-date\"><span class=\"td-author-date\"><span class=\"td-post-date\"><time class=\"entry-date updated td-module-date\" datetime=\"2026-03-02T16:00:48+02:00\">2 martie 2026<\/time><\/span><\/span><\/div>\n<\/div>\n<\/div>\n<\/div>\n<\/div>\n<\/div>\n<div class=\"td_block_wrap td-a-rec td-a-rec-id-custom-spot td-a-rec-img tdi_88 td_block_template_1\">\n<div><a href=\"https:\/\/www.gazeta-valceana.ro\/fapt-divers\/imagini-parohia-mihaesti-ii-a-oferit-daruri-bolnavilor-de-la-spitalul-de-pneumoftiziologie-c-anastasatu\/\" class=\"td_spot_img_all\"><img loading=\"lazy\" decoding=\"async\" src=\"https:\/\/www.gazeta-valceana.ro\/wp-content\/uploads\/2025\/01\/image-5.jpg\" alt=\"spot_img\" width=\"347\" height=\"277\"><\/a><a href=\"https:\/\/www.gazeta-valceana.ro\/fapt-divers\/imagini-parohia-mihaesti-ii-a-oferit-daruri-bolnavilor-de-la-spitalul-de-pneumoftiziologie-c-anastasatu\/\" class=\"td_spot_img_mob\"><img loading=\"lazy\" decoding=\"async\" src=\"https:\/\/www.gazeta-valceana.ro\/wp-content\/uploads\/2025\/01\/image-5.jpg\" alt=\"spot_img\" width=\"347\" height=\"247\"><\/a><\/div>\n<\/div>\n<div class=\"td_block_wrap td-a-rec td-a-rec-id-custom-spot td-a-rec-img tdi_89 td_block_template_1\">\n<div><a href=\"https:\/\/www.gazeta-valceana.ro\/fapt-divers\/imagini-parohia-mihaesti-ii-a-oferit-daruri-bolnavilor-de-la-spitalul-de-pneumoftiziologie-c-anastasatu\/\" class=\"td_spot_img_all\"><img loading=\"lazy\" decoding=\"async\" src=\"https:\/\/www.gazeta-valceana.ro\/wp-content\/uploads\/2025\/01\/image-3.jpeg\" alt=\"spot_img\" width=\"347\" height=\"277\"><\/a><a href=\"https:\/\/www.gazeta-valceana.ro\/fapt-divers\/imagini-parohia-mihaesti-ii-a-oferit-daruri-bolnavilor-de-la-spitalul-de-pneumoftiziologie-c-anastasatu\/\" class=\"td_spot_img_mob\"><img loading=\"lazy\" decoding=\"async\" src=\"https:\/\/www.gazeta-valceana.ro\/wp-content\/uploads\/2025\/01\/image-3.jpeg\" alt=\"spot_img\" width=\"347\" height=\"247\"><\/a><\/div>\n<\/div>\n<\/div>\n<\/div>\n<\/div>\n<\/div>\n<div id=\"tdi_97\" class=\"tdc-row stretch_row_1200 td-stretch-content\">\n<div class=\"vc_row tdi_98  wpb_row td-pb-row\">\n<div class=\"vc_column tdi_100  wpb_column vc_column_container tdc-column td-pb-span12\">\n<div class=\"wpb_wrapper\">\n<div class=\"td_block_wrap tdb_single_next_prev tdi_101 td-pb-border-top td_block_template_1\" data-td-block-uid=\"tdi_101\">\n<div class=\"tdb-block-inner td-fix-index\">\n<div class=\"tdb-next-post tdb-next-post-bg tdb-post-prev\"><span>Articolul precedent<\/span><\/p>\n<div class=\"td-module-container\">\n<div class=\"next-prev-title\"><a href=\"https:\/\/www.gazeta-valceana.ro\/fapt-divers\/foto-incendiu-in-miez-de-noapte-intr-o-comuna-din-apropiere-de-horezu-o-femeie-transportata-de-urgenta-la\/\">FOTO. INCENDIU \u00een miez de noapte \u00eentr-o comun\u0103 din apropiere de Horezu. O FEMEIE, transportat\u0103 de urgen\u021b\u0103 la\u2026<\/a><\/div>\n<\/div>\n<\/div>\n<div class=\"tdb-next-post tdb-next-post-bg tdb-post-next\"><span>Articolul urm\u0103tor<\/span><\/p>\n<div class=\"td-module-container\">\n<div class=\"next-prev-title\"><a href=\"https:\/\/www.gazeta-valceana.ro\/anchetedezvaluri\/video-in-articol-ei-sunt-hotii-adusi-de-politie-din-alt-judet-pentru-a-fi-incarcerati-preventiv-la-valcea\/\">VIDEO \u00een articol. Ei sunt ho\u021bii adu\u0219i de Poli\u021bie din alt jude\u021b pentru a fi \u00eencarcera\u021bi preventiv la V\u00e2lcea<\/a><\/div>\n<\/div>\n<\/div>\n<\/div>\n<\/div>\n<div class=\"vc_row_inner tdi_103  vc_row vc_inner wpb_row td-pb-row tdc-row-content-vert-center\">\n<div class=\"vc_column_inner tdi_105  wpb_column vc_column_container tdc-inner-column td-pb-span12\">\n<div class=\"vc_column-inner\">\n<div class=\"wpb_wrapper\">\n<div class=\"tdm_block td_block_wrap tdm_block_inline_text tdi_108 tdm-inline-block td-pb-border-top td_block_template_1\" data-td-block-uid=\"tdi_108\">\n<p class=\"tdm-descr\">Related articles<\/p>\n<\/div>\n<\/div>\n<\/div>\n<\/div>\n<\/div>\n<div class=\"td_block_wrap tdb_single_related tdi_109 td_with_ajax_pagination td-pb-border-top td_block_template_1 tdb-single-related-posts\" data-td-block-uid=\"tdi_109\">\n<div id=\"tdi_109\" class=\"td_block_inner tdb-block-inner td-fix-index\">\n<div class=\"tdb_module_related td_module_wrap td-animation-stack\">\n<div class=\"td-module-container td-category-pos-\">\n<div class=\"td-module-meta-info\">\n<h3 class=\"entry-title td-module-title\"><a href=\"https:\/\/www.gazeta-valceana.ro\/anchetedezvaluri\/video-in-articol-ei-sunt-hotii-adusi-de-politie-din-alt-judet-pentru-a-fi-incarcerati-preventiv-la-valcea\/\" rel=\"bookmark\" title=\"VIDEO \u00een articol. Ei sunt ho\u021bii adu\u0219i de Poli\u021bie din alt jude\u021b pentru a fi \u00eencarcera\u021bi preventiv la V\u00e2lcea\">VIDEO \u00een articol. Ei sunt ho\u021bii adu\u0219i de Poli\u021bie din alt jude\u021b pentru a fi \u00eencarcera\u021bi preventiv la V\u00e2lcea<\/a><\/h3>\n<div class=\"td-editor-date\"><a href=\"https:\/\/www.gazeta-valceana.ro\/category\/anchetedezvaluri\/\" class=\"td-post-category\">Anchete\/Dezv\u0103luri<\/a><span class=\"td-author-date\"><span class=\"td-post-date\"><time class=\"entry-date updated td-module-date\" datetime=\"2026-03-03T10:39:20+02:00\">3 martie 2026<\/time><\/span><\/span><\/div>\n<\/div>\n<\/div>\n<\/div>\n<div class=\"tdb_module_related td_module_wrap td-animation-stack\">\n<div class=\"td-module-container td-category-pos-\">\n<div class=\"td-module-meta-info\">\n<h3 class=\"entry-title td-module-title\"><a href=\"https:\/\/www.gazeta-valceana.ro\/fapt-divers\/foto-incendiu-in-miez-de-noapte-intr-o-comuna-din-apropiere-de-horezu-o-femeie-transportata-de-urgenta-la\/\" rel=\"bookmark\" title=\"FOTO. INCENDIU \u00een miez de noapte \u00eentr-o comun\u0103 din apropiere de Horezu. O FEMEIE, transportat\u0103 de urgen\u021b\u0103 la\u2026\">FOTO. INCENDIU \u00een miez de noapte \u00eentr-o comun\u0103 din apropiere de Horezu. O FEMEIE, transportat\u0103 de urgen\u021b\u0103 la\u2026<\/a><\/h3>\n<div class=\"td-editor-date\"><a href=\"https:\/\/www.gazeta-valceana.ro\/category\/fapt-divers\/\" class=\"td-post-category\">Fapt divers<\/a><span class=\"td-author-date\"><span class=\"td-post-date\"><time class=\"entry-date updated td-module-date\" datetime=\"2026-03-03T08:43:18+02:00\">3 martie 2026<\/time><\/span><\/span><\/div>\n<\/div>\n<\/div>\n<\/div>\n<div class=\"tdb_module_related td_module_wrap td-animation-stack\">\n<div class=\"td-module-container td-category-pos-\">\n<div class=\"td-module-meta-info\">\n<h3 class=\"entry-title td-module-title\"><a href=\"https:\/\/www.gazeta-valceana.ro\/administratie\/microbuzele-electrice-eta-vor-circula-pana-la-calimanesti-olanesti-govora-si-ocnele-mari\/\" rel=\"bookmark\" title=\"Microbuzele electrice ETA vor circula p\u00e2n\u0103 la C\u0103lim\u0103ne\u0219ti, Ol\u0103ne\u0219ti, Govora \u0219i Ocnele Mari\">Microbuzele electrice ETA vor circula p\u00e2n\u0103 la C\u0103lim\u0103ne\u0219ti, Ol\u0103ne\u0219ti, Govora \u0219i Ocnele Mari<\/a><\/h3>\n<div class=\"td-editor-date\"><a href=\"https:\/\/www.gazeta-valceana.ro\/category\/administratie\/\" class=\"td-post-category\">Administra\u0163ie<\/a><span class=\"td-author-date\"><span class=\"td-post-date\"><time class=\"entry-date updated td-module-date\" datetime=\"2026-03-02T16:00:48+02:00\">2 martie 2026<\/time><\/span><\/span><\/div>\n<\/div>\n<\/div>\n<\/div>\n<\/div>\n<\/div>\n<\/div>\n<\/div>\n<\/div>\n<\/div>\n<div id=\"tdi_116\" class=\"tdc-row stretch_row_1200 td-stretch-content\">\n<div class=\"vc_row tdi_117  wpb_row td-pb-row\">\n<div class=\"vc_column tdi_122  wpb_column vc_column_container tdc-column td-pb-span4 td-is-sticky\">\n<div class=\"wpb_wrapper\" data-sticky-enabled-on=\"W3RydWUsdHJ1ZSx0cnVlLHRydWVd\" data-sticky-offset=\"20\" data-sticky-is-width-auto=\"W2ZhbHNlLGZhbHNlLGZhbHNlLGZhbHNlXQ==\">\n<div class=\"td_block_wrap td-a-rec td-a-rec-id-custom-spot td-a-rec-img tdi_123 td_block_template_1\">\n<div><a href=\"https:\/\/www.gazeta-valceana.ro\/fapt-divers\/imagini-parohia-mihaesti-ii-a-oferit-daruri-bolnavilor-de-la-spitalul-de-pneumoftiziologie-c-anastasatu\/\" class=\"td_spot_img_all\"><img loading=\"lazy\" decoding=\"async\" src=\"https:\/\/www.gazeta-valceana.ro\/wp-content\/uploads\/2025\/01\/image-4.jpg\" alt=\"spot_img\" width=\"347\" height=\"277\"><\/a><a href=\"https:\/\/www.gazeta-valceana.ro\/fapt-divers\/imagini-parohia-mihaesti-ii-a-oferit-daruri-bolnavilor-de-la-spitalul-de-pneumoftiziologie-c-anastasatu\/\" class=\"td_spot_img_mob\"><img loading=\"lazy\" decoding=\"async\" src=\"https:\/\/www.gazeta-valceana.ro\/wp-content\/uploads\/2025\/01\/image-4.jpg\" alt=\"spot_img\" width=\"347\" height=\"247\"><\/a><\/div>\n<\/div>\n<div class=\"td_block_wrap td-a-rec td-a-rec-id-custom-spot td-a-rec-img tdi_124 td_block_template_1\">\n<div><a href=\"https:\/\/www.gazeta-valceana.ro\/fapt-divers\/imagini-parohia-mihaesti-ii-a-oferit-daruri-bolnavilor-de-la-spitalul-de-pneumoftiziologie-c-anastasatu\/\" class=\"td_spot_img_all\"><img loading=\"lazy\" decoding=\"async\" src=\"https:\/\/www.gazeta-valceana.ro\/wp-content\/uploads\/2025\/01\/image-5.jpg\" alt=\"spot_img\" width=\"347\" height=\"277\"><\/a><a href=\"https:\/\/www.gazeta-valceana.ro\/fapt-divers\/imagini-parohia-mihaesti-ii-a-oferit-daruri-bolnavilor-de-la-spitalul-de-pneumoftiziologie-c-anastasatu\/\" class=\"td_spot_img_mob\"><img loading=\"lazy\" decoding=\"async\" src=\"https:\/\/www.gazeta-valceana.ro\/wp-content\/uploads\/2025\/01\/image-5.jpg\" alt=\"spot_img\" width=\"347\" height=\"247\"><\/a><\/div>\n<\/div>\n<div class=\"td_block_wrap td-a-rec td-a-rec-id-custom-spot td-a-rec-img tdi_125 td_block_template_1\">\n<div><a href=\"https:\/\/www.gazeta-valceana.ro\/fapt-divers\/imagini-parohia-mihaesti-ii-a-oferit-daruri-bolnavilor-de-la-spitalul-de-pneumoftiziologie-c-anastasatu\/\" class=\"td_spot_img_all\"><img loading=\"lazy\" decoding=\"async\" src=\"https:\/\/www.gazeta-valceana.ro\/wp-content\/uploads\/2025\/01\/image-3.jpeg\" alt=\"spot_img\" width=\"347\" height=\"277\"><\/a><a href=\"https:\/\/www.gazeta-valceana.ro\/fapt-divers\/imagini-parohia-mihaesti-ii-a-oferit-daruri-bolnavilor-de-la-spitalul-de-pneumoftiziologie-c-anastasatu\/\" class=\"td_spot_img_mob\"><img loading=\"lazy\" decoding=\"async\" src=\"https:\/\/www.gazeta-valceana.ro\/wp-content\/uploads\/2025\/01\/image-3.jpeg\" alt=\"spot_img\" width=\"347\" height=\"247\"><\/a><\/div>\n<\/div>\n<\/div>\n<\/div>\n<\/div>\n<\/div>\n<\/div>\n<\/div>\n<p><span class=\"td-page-meta\"><\/span><span class=\"td-page-meta\"><span class=\"td-page-meta\"><\/span><\/span><span class=\"td-page-meta\"><\/span><\/article>\n<\/p>\n<div class=\"td_block_wrap tdb_single_content tdi_71 td-pb-border-top td_block_template_1 td-post-content tagdiv-type\" data-td-block-uid=\"tdi_71\">\n<div class=\"tdb-block-inner td-fix-index\">\n<p>Parohia Mih\u0103e\u0219ti II a desf\u0103\u0219urat, \u00een prima duminic\u0103 a Sf\u00e2ntului \u0219i Marelui Post, c\u00e2nd Biserica a pr\u0103znuit biruin\u021ba dreptei credin\u021be \u00een cadrul Duminicii Ortodoxiei, o activitate pastoral-misionar\u0103 cu profund caracter filantropic, aduc\u00e2nd un semn de m\u00e2ng\u00e2iere \u0219i comuniune bolnavilor \u0219i personalului medical de la Spitalul de Pneumoftiziologie \u201eC. Anastasatu\u201d.<\/p>\n<p>\u00cen contextul liturgic al acestei duminici, dup\u0103 citirea Pastoralei Sf\u00e2ntului Sinod, preotul Marian Mihai a adresat credincio\u0219ilor un cuv\u00e2nt de \u00eenv\u0103\u021b\u0103tur\u0103 \u00een care a eviden\u021biat rolul familiei cre\u0219tine \u00een p\u0103strarea \u0219i transmiterea dreptei credin\u021be.<\/p>\n<p>Oferirea m\u0103r\u021bi\u0219oarelor la Spitalul de Pneumoftiziologie \u201eC. Anastasatu\u201d din Mih\u0103e\u0219ti s-a constituit \u00eentr-o sintez\u0103 \u00eentre tradi\u021bia popular\u0103 \u0219i misiunea social\u0103 a Bisericii. Actul a afirmat demnitatea persoanei umane aflate \u00een suferin\u021b\u0103, a \u00eent\u0103rit leg\u0103tura dintre comunitatea parohial\u0103 \u0219i institu\u021biile locale \u0219i a eviden\u021biat faptul c\u0103 spiritualitatea rom\u00e2neasc\u0103 se exprim\u0103 \u00een gesturi concrete de iubire.<\/p>\n<figure class=\"wp-block-image size-full\"><img loading=\"lazy\" decoding=\"async\" width=\"726\" height=\"441\" src=\"https:\/\/www.gazeta-valceana.ro\/wp-content\/uploads\/2026\/03\/Arhi-Mihaesti-2.jpg\" alt class=\"wp-image-103536\"><\/figure>\n<\/div>\n<\/div>\n<p>Parohia Mih\u0103e\u0219ti II a desf\u0103\u0219urat, \u00een prima duminic\u0103 a Sf\u00e2ntului \u0219i Marelui Post, c\u00e2nd Biserica a pr\u0103znuit biruin\u021ba dreptei credin\u021be \u00een cadrul Duminicii Ortodoxiei, o activitate pastoral-misionar\u0103 cu profund caracter filantropic, aduc\u00e2nd un semn de m\u00e2ng\u00e2iere \u0219i comuniune bolnavilor \u0219i personalului medical de la Spitalul de Pneumoftiziologie \u201eC. Anastasatu\u201d.<\/p>\n<p>\u00cen contextul liturgic al acestei duminici, dup\u0103 citirea Pastoralei Sf\u00e2ntului Sinod, preotul Marian Mihai a adresat credincio\u0219ilor un cuv\u00e2nt de \u00eenv\u0103\u021b\u0103tur\u0103 \u00een care a eviden\u021biat rolul familiei cre\u0219tine \u00een p\u0103strarea \u0219i transmiterea dreptei credin\u021be.<\/p>\n<p>Oferirea m\u0103r\u021bi\u0219oarelor la Spitalul de Pneumoftiziologie \u201eC. Anastasatu\u201d din Mih\u0103e\u0219ti s-a constituit \u00eentr-o sintez\u0103 \u00eentre tradi\u021bia popular\u0103 \u0219i misiunea social\u0103 a Bisericii. Actul a afirmat demnitatea persoanei umane aflate \u00een suferin\u021b\u0103, a \u00eent\u0103rit leg\u0103tura dintre comunitatea parohial\u0103 \u0219i institu\u021biile locale \u0219i a eviden\u021biat faptul c\u0103 spiritualitatea rom\u00e2neasc\u0103 se exprim\u0103 \u00een gesturi concrete de iubire.<\/p>\n<p>[analyse_source url=&#8221;https:\/\/www.gazeta-valceana.ro\/fapt-divers\/imagini-parohia-mihaesti-ii-a-oferit-daruri-bolnavilor-de-la-spitalul-de-pneumoftiziologie-c-anastasatu\/&#8221;]<\/p>\n","protected":false},"excerpt":{"rendered":"<p>[analyse_image type=&#8221;featured&#8221; src=&#8221;https:\/\/www.gazeta-valceana.ro\/wp-content\/uploads\/2026\/03\/Arhi-Mihaesti-1.jpg&#8221;] IMAGINI. Parohia Mih\u0103e\u0219ti II a oferit daruri bolnavilor de la Spitalul de Pneumoftiziologie \u201eC. Anastasatu\u201d Cultur\u0103Fapt diversI 3 martie 2026 Ac\u021biune Facebook Twitter Pinterest WhatsApp Parohia Mih\u0103e\u0219ti II a desf\u0103\u0219urat, \u00een prima duminic\u0103 a Sf\u00e2ntului \u0219i Marelui Post, c\u00e2nd Biserica a pr\u0103znuit biruin\u021ba dreptei credin\u021be \u00een cadrul Duminicii Ortodoxiei, o activitate pastoral-misionar\u0103 [&hellip;]<\/p>\n","protected":false},"author":1,"featured_media":0,"comment_status":"open","ping_status":"","sticky":false,"template":"","format":"standard","meta":{"footnotes":""},"categories":[89],"tags":[226,214],"class_list":["post-1803229","post","type-post","status-publish","format-standard","hentry","category-romania","tag-crawlmanager","tag-gazetavalceana-ro"],"_links":{"self":[{"href":"https:\/\/analyse.optim.biz\/index.php?rest_route=\/wp\/v2\/posts\/1803229","targetHints":{"allow":["GET"]}}],"collection":[{"href":"https:\/\/analyse.optim.biz\/index.php?rest_route=\/wp\/v2\/posts"}],"about":[{"href":"https:\/\/analyse.optim.biz\/index.php?rest_route=\/wp\/v2\/types\/post"}],"author":[{"embeddable":true,"href":"https:\/\/analyse.optim.biz\/index.php?rest_route=\/wp\/v2\/users\/1"}],"replies":[{"embeddable":true,"href":"https:\/\/analyse.optim.biz\/index.php?rest_route=%2Fwp%2Fv2%2Fcomments&post=1803229"}],"version-history":[{"count":0,"href":"https:\/\/analyse.optim.biz\/index.php?rest_route=\/wp\/v2\/posts\/1803229\/revisions"}],"wp:attachment":[{"href":"https:\/\/analyse.optim.biz\/index.php?rest_route=%2Fwp%2Fv2%2Fmedia&parent=1803229"}],"wp:term":[{"taxonomy":"category","embeddable":true,"href":"https:\/\/analyse.optim.biz\/index.php?rest_route=%2Fwp%2Fv2%2Fcategories&post=1803229"},{"taxonomy":"post_tag","embeddable":true,"href":"https:\/\/analyse.optim.biz\/index.php?rest_route=%2Fwp%2Fv2%2Ftags&post=1803229"}],"curies":[{"name":"wp","href":"https:\/\/api.w.org\/{rel}","templated":true}]}}