{"id":1803225,"date":"2026-03-02T05:00:00","date_gmt":"2026-03-02T02:00:00","guid":{"rendered":"https:\/\/analyse.optim.biz\/?p=1803225"},"modified":"2026-03-02T05:00:00","modified_gmt":"2026-03-02T02:00:00","slug":"post-de-inginer-scos-la-concurs-de-apavil-sa-la-statia-epurare-babeni-gazeta-valceana","status":"publish","type":"post","link":"https:\/\/analyse.optim.biz\/?p=1803225","title":{"rendered":"Post de inginer, scos la concurs de Apavil SA la Sta\u021bia Epurare B\u0103beni &#8211; Gazeta V\u00e2lcean\u0103"},"content":{"rendered":"<p>[analyse_image type=&#8221;featured&#8221; src=&#8221;https:\/\/www.gazeta-valceana.ro\/wp-content\/uploads\/2019\/07\/apavil.jpg&#8221;]<\/p>\n<article id=\"template-id-91645\" class=\"post-91645 tdb_templates type-tdb_templates status-publish post\">\n<div id=\"tdi_49\" class=\"tdc-zone\">\n<div class=\"tdc_zone tdi_50  wpb_row td-pb-row\">\n<div id=\"tdi_51\" class=\"tdc-row stretch_row_1200 td-stretch-content\">\n<div class=\"vc_row tdi_52  wpb_row td-pb-row\">\n<div class=\"vc_column tdi_54  wpb_column vc_column_container tdc-column td-pb-span8\">\n<div class=\"wpb_wrapper\">\n<div class=\"td_block_wrap tdb_title tdi_55 tdb-single-title td-pb-border-top td_block_template_1\" data-td-block-uid=\"tdi_55\">\n<div class=\"tdb-block-inner td-fix-index\">\n<h1 class=\"tdb-title-text\">Post de inginer, scos la concurs de Apavil SA la Sta\u021bia Epurare B\u0103beni<\/h1>\n<\/div>\n<\/div>\n<div class=\"vc_row_inner tdi_58  vc_row vc_inner wpb_row td-pb-row tdc-row-content-vert-center\">\n<div class=\"vc_column_inner tdi_60  wpb_column vc_column_container tdc-inner-column td-pb-span12\">\n<div class=\"vc_column-inner\">\n<div class=\"wpb_wrapper\">\n<div class=\"td_block_wrap tdb_single_categories tdi_61 td-pb-border-top td_block_template_1 \" data-td-block-uid=\"tdi_61\">\n<div class=\"tdb-category td-fix-index\"><a class=\"tdb-entry-category\" href=\"https:\/\/www.gazeta-valceana.ro\/category\/administratie\/\">Administra\u0163ie<\/a><\/div>\n<\/div>\n<div class=\"td_block_wrap tdb_single_date tdi_62 td-pb-border-top td_block_template_1 tdb-post-meta\" data-td-block-uid=\"tdi_62\">\n<div class=\"tdb-block-inner td-fix-index\"><time class=\"entry-date updated td-module-date\" datetime=\"2026-03-02T07:00:00+02:00\">2 martie 2026<\/time><\/div>\n<\/div>\n<\/div>\n<\/div>\n<\/div>\n<\/div>\n<\/div>\n<\/div>\n<\/div>\n<\/div>\n<div id=\"tdi_65\" class=\"tdc-row stretch_row_1200 td-stretch-content\">\n<div class=\"vc_row tdi_66  wpb_row td-pb-row\">\n<div class=\"vc_column tdi_68  wpb_column vc_column_container tdc-column td-pb-span8\">\n<div class=\"wpb_wrapper\">\n<div class=\"td_block_wrap tdb_single_featured_image tdi_69 tdb-content-horiz-left td-pb-border-top td_block_template_1\" data-td-block-uid=\"tdi_69\">\n<div class=\"tdb-block-inner td-fix-index\"><img loading=\"lazy\" decoding=\"async\" width=\"696\" height=\"557\" class=\"entry-thumb\" src=\"https:\/\/www.gazeta-valceana.ro\/wp-content\/uploads\/2019\/07\/apavil.jpg\" alt title=\"apavil\"><\/div>\n<\/div>\n<div class=\"td_block_wrap tdb_single_post_share tdi_70  td-pb-border-top td_block_template_1\" data-td-block-uid=\"tdi_70\">\n<div id=\"tdi_70\" class=\"td-post-sharing tdb-block td-ps-border td-ps-border-grey td-ps-notext td-ps-icon-color td-ps-text-color td-post-sharing-style16 \">\n<div class=\"td-post-sharing-visible\">\n<div class=\"td-social-sharing-button td-social-sharing-button-js td-social-handler td-social-share-text\">\n<div class=\"td-social-but-text\">Ac\u021biune<\/div>\n<\/div>\n<p><a class=\"td-social-sharing-button td-social-sharing-button-js td-social-network td-social-facebook\" href=\"https:\/\/www.facebook.com\/sharer.php?u=https%3A%2F%2Fwww.gazeta-valceana.ro%2Fadministratie%2Fpost-de-inginer-scos-la-concurs-de-apavil-sa-la-statia-epurare-babeni%2F\" title=\"Facebook\"><\/p>\n<div class=\"td-social-but-text\">Facebook<\/div>\n<p><\/a><a class=\"td-social-sharing-button td-social-sharing-button-js td-social-network td-social-twitter\" href=\"https:\/\/twitter.com\/intent\/tweet?text=Post+de+inginer%2C+scos+la+concurs+de+Apavil+SA+la+Sta%C8%9Bia+Epurare+B%C4%83beni&amp;url=https%3A%2F%2Fwww.gazeta-valceana.ro%2Fadministratie%2Fpost-de-inginer-scos-la-concurs-de-apavil-sa-la-statia-epurare-babeni%2F&amp;via=Gazeta+V%C3%A2lcean%C4%83\" title=\"Twitter\"><\/p>\n<div class=\"td-social-but-text\">Twitter<\/div>\n<p><\/a><a class=\"td-social-sharing-button td-social-sharing-button-js td-social-network td-social-pinterest\" href=\"https:\/\/pinterest.com\/pin\/create\/button\/?url=https:\/\/www.gazeta-valceana.ro\/administratie\/post-de-inginer-scos-la-concurs-de-apavil-sa-la-statia-epurare-babeni\/&amp;media=https:\/\/www.gazeta-valceana.ro\/wp-content\/uploads\/2019\/07\/apavil.jpg&amp;description=Post+de+inginer%2C+scos+la+concurs+de+Apavil+SA+la+Sta%C8%9Bia+Epurare+B%C4%83beni\" title=\"Pinterest\"><\/p>\n<div class=\"td-social-but-text\">Pinterest<\/div>\n<p><\/a><a class=\"td-social-sharing-button td-social-sharing-button-js td-social-network td-social-whatsapp\" href=\"https:\/\/api.whatsapp.com\/send?text=Post+de+inginer%2C+scos+la+concurs+de+Apavil+SA+la+Sta%C8%9Bia+Epurare+B%C4%83beni%20%0A%0A%20https:\/\/www.gazeta-valceana.ro\/administratie\/post-de-inginer-scos-la-concurs-de-apavil-sa-la-statia-epurare-babeni\/\" title=\"WhatsApp\"><\/p>\n<div class=\"td-social-but-text\">WhatsApp<\/div>\n<p><\/a><\/div>\n<\/div>\n<\/div>\n<div class=\"td_block_wrap tdb_single_content tdi_71 td-pb-border-top td_block_template_1 td-post-content tagdiv-type\" data-td-block-uid=\"tdi_71\">\n<div class=\"tdb-block-inner td-fix-index\">\n<p>APAVIL SA \u2013 ANUN\u021a privind scoaterea la concurs a postului de inginer \u00een cadrul Laboratorului Epurare Ape Uzate-Laborator Sta\u021bie Epurare B\u0103beni. Concursul const\u0103 \u00een probele scris \u015fi interviu, care se vor desf\u0103\u0219ura la sediul Societ\u0103\u021bii Apavil SA din R\u00e2mnicu V\u00e2lcea, strada Carol I, nr. 3-5, conform calendarului concursului, astfel:<\/p>\n<p>\u2022 proba scris\u0103 va avea loc \u00een data de 19 martie 2026, ora 09.00;<\/p>\n<p>\u2022 interviul va avea loc \u00een data de 25 martie 2026, ora 09.00.<\/p>\n<p>Data limit\u0103 p\u00e2n\u0103 la care candida\u021bii pot depune actele pentru dosarul de concurs este 12 martie 2026, ora 15.00, la Registratura societ\u0103\u021bii APAVIL SA din R\u00e2mnicu V\u00e2lcea, strada Carol I, nr. 3-5.<\/p>\n<p>Informa\u021bii privind condi\u021biile generale, condi\u021biile specifice, dosarul de concurs, bibliografia, desf\u0103\u0219urarea concursului \u0219i calendarul concursului se pot ob\u021bine acces\u00e2nd <a href=\"http:\/\/www.apavil.ro\" target=\"_blank\" rel=\"noreferrer noopener\"><span><strong><mark class=\"has-inline-color has-vivid-cyan-blue-color\">www.apavil.ro<\/mark><\/strong><\/span><\/a> sau la Serviciul Resurse Umane, Salarizare \u0219i Arhiv\u0103, telefon 0350.802.161, interior 22. Program de lucru: luni-joi, \u00eentre orele 07.00-15.30 \u0219i vineri, \u00eentre orele 07.00-13.00.<\/p>\n<\/div>\n<\/div>\n<div class=\"tdb-author-box td_block_wrap tdb_single_author_box tdi_72 tdb-content-vert-top td-pb-border-top td_block_template_1\" data-td-block-uid=\"tdi_72\">\n<div class=\"tdb-block-inner td-fix-index\"><a href=\"https:\/\/www.gazeta-valceana.ro\/author\/redactia\/\" class=\"tdb-author-photo\" title=\"Redactia\"><img decoding=\"async\" alt=\"Redactia\" src=\"https:\/\/secure.gravatar.com\/avatar\/d9699bfd17d7f55fcf6bbdfb0214d48a942c5fd23a1db27f4a803a8d0651670f?s=500&amp;d=mm&amp;r=g\" class=\"avatar avatar-500 photo\" height=\"500\" width=\"500\" loading=\"lazy\"><\/a><\/p>\n<div class=\"tdb-author-info\"><a href=\"https:\/\/www.gazeta-valceana.ro\/author\/redactia\/\" class=\"tdb-author-name\">Redactia<\/a><\/div>\n<\/div>\n<\/div>\n<\/div>\n<\/div>\n<div class=\"vc_column tdi_76  wpb_column vc_column_container tdc-column td-pb-span4 td-is-sticky\">\n<div class=\"wpb_wrapper\" data-sticky-enabled-on=\"W3RydWUsdHJ1ZSx0cnVlLHRydWVd\" data-sticky-offset=\"20\" data-sticky-is-width-auto=\"W2ZhbHNlLGZhbHNlLGZhbHNlLGZhbHNlXQ==\">\n<div class=\"vc_row_inner tdi_81  vc_row vc_inner wpb_row td-pb-row tdc-row-content-vert-center\">\n<div class=\"vc_column_inner tdi_83  wpb_column vc_column_container tdc-inner-column td-pb-span12\">\n<div class=\"vc_column-inner\">\n<div class=\"wpb_wrapper\">\n<div class=\"tdm_block td_block_wrap tdm_block_inline_text tdi_86 tdm-inline-block td-pb-border-top td_block_template_1\" data-td-block-uid=\"tdi_86\">\n<p class=\"tdm-descr\">Ultimele articole<\/p>\n<\/div>\n<\/div>\n<\/div>\n<\/div>\n<\/div>\n<div class=\"td_block_wrap td_flex_block_1 tdi_87 td-pb-border-top td_block_template_1 td_flex_block\" data-td-block-uid=\"tdi_87\">\n<div id=\"tdi_87\" class=\"td_block_inner td-mc1-wrap\">\n<div class=\"td_module_flex td_module_flex_1 td_module_wrap td-animation-stack td-cpt-post\">\n<div class=\"td-module-container td-category-pos-\">\n<div class=\"td-module-meta-info\">\n<h3 class=\"entry-title td-module-title\"><a href=\"https:\/\/www.gazeta-valceana.ro\/anchetedezvaluri\/video-in-articol-ei-sunt-hotii-adusi-de-politie-din-alt-judet-pentru-a-fi-incarcerati-preventiv-la-valcea\/\" rel=\"bookmark\" title=\"VIDEO \u00een articol. Ei sunt ho\u021bii adu\u0219i de Poli\u021bie din alt jude\u021b pentru a fi \u00eencarcera\u021bi preventiv la V\u00e2lcea\">VIDEO \u00een articol. Ei sunt ho\u021bii adu\u0219i de Poli\u021bie din alt jude\u021b pentru a fi \u00eencarcera\u021bi preventiv la V\u00e2lcea<\/a><\/h3>\n<div class=\"td-editor-date\"><span class=\"td-author-date\"><span class=\"td-post-date\"><time class=\"entry-date updated td-module-date\" datetime=\"2026-03-03T10:39:20+02:00\">3 martie 2026<\/time><\/span><\/span><\/div>\n<\/div>\n<\/div>\n<\/div>\n<div class=\"td_module_flex td_module_flex_1 td_module_wrap td-animation-stack td-cpt-post\">\n<div class=\"td-module-container td-category-pos-\">\n<div class=\"td-module-meta-info\">\n<h3 class=\"entry-title td-module-title\"><a href=\"https:\/\/www.gazeta-valceana.ro\/fapt-divers\/imagini-parohia-mihaesti-ii-a-oferit-daruri-bolnavilor-de-la-spitalul-de-pneumoftiziologie-c-anastasatu\/\" rel=\"bookmark\" title=\"IMAGINI. Parohia Mih\u0103e\u0219ti II a oferit daruri bolnavilor de la Spitalul de Pneumoftiziologie \u201eC. Anastasatu\u201d\">IMAGINI. Parohia Mih\u0103e\u0219ti II a oferit daruri bolnavilor de la Spitalul de Pneumoftiziologie \u201eC. Anastasatu\u201d<\/a><\/h3>\n<div class=\"td-editor-date\"><span class=\"td-author-date\"><span class=\"td-post-date\"><time class=\"entry-date updated td-module-date\" datetime=\"2026-03-03T09:26:29+02:00\">3 martie 2026<\/time><\/span><\/span><\/div>\n<\/div>\n<\/div>\n<\/div>\n<div class=\"td_module_flex td_module_flex_1 td_module_wrap td-animation-stack td-cpt-post\">\n<div class=\"td-module-container td-category-pos-\">\n<div class=\"td-module-meta-info\">\n<h3 class=\"entry-title td-module-title\"><a href=\"https:\/\/www.gazeta-valceana.ro\/fapt-divers\/foto-incendiu-in-miez-de-noapte-intr-o-comuna-din-apropiere-de-horezu-o-femeie-transportata-de-urgenta-la\/\" rel=\"bookmark\" title=\"FOTO. INCENDIU \u00een miez de noapte \u00eentr-o comun\u0103 din apropiere de Horezu. O FEMEIE, transportat\u0103 de urgen\u021b\u0103 la\u2026\">FOTO. INCENDIU \u00een miez de noapte \u00eentr-o comun\u0103 din apropiere de Horezu. O FEMEIE, transportat\u0103 de urgen\u021b\u0103 la\u2026<\/a><\/h3>\n<div class=\"td-editor-date\"><span class=\"td-author-date\"><span class=\"td-post-date\"><time class=\"entry-date updated td-module-date\" datetime=\"2026-03-03T08:43:18+02:00\">3 martie 2026<\/time><\/span><\/span><\/div>\n<\/div>\n<\/div>\n<\/div>\n<div class=\"td_module_flex td_module_flex_1 td_module_wrap td-animation-stack td-cpt-post\">\n<div class=\"td-module-container td-category-pos-\">\n<div class=\"td-module-meta-info\">\n<h3 class=\"entry-title td-module-title\"><a href=\"https:\/\/www.gazeta-valceana.ro\/administratie\/apavil-sa-scoate-la-concurs-post-de-electrician-in-cadrul-serviciului-mecano-energetic\/\" rel=\"bookmark\" title=\"Apavil SA scoate la concurs post de electrician \u00een cadrul Serviciului Mecano-Energetic\">Apavil SA scoate la concurs post de electrician \u00een cadrul Serviciului Mecano-Energetic<\/a><\/h3>\n<div class=\"td-editor-date\"><span class=\"td-author-date\"><span class=\"td-post-date\"><time class=\"entry-date updated td-module-date\" datetime=\"2026-03-03T07:00:00+02:00\">3 martie 2026<\/time><\/span><\/span><\/div>\n<\/div>\n<\/div>\n<\/div>\n<\/div>\n<\/div>\n<div class=\"td_block_wrap td-a-rec td-a-rec-id-custom-spot td-a-rec-img tdi_88 td_block_template_1\">\n<div><a href=\"https:\/\/www.gazeta-valceana.ro\/administratie\/post-de-inginer-scos-la-concurs-de-apavil-sa-la-statia-epurare-babeni\/\" class=\"td_spot_img_all\"><img loading=\"lazy\" decoding=\"async\" src=\"https:\/\/www.gazeta-valceana.ro\/wp-content\/uploads\/2025\/01\/image-5.jpg\" alt=\"spot_img\" width=\"347\" height=\"277\"><\/a><a href=\"https:\/\/www.gazeta-valceana.ro\/administratie\/post-de-inginer-scos-la-concurs-de-apavil-sa-la-statia-epurare-babeni\/\" class=\"td_spot_img_mob\"><img loading=\"lazy\" decoding=\"async\" src=\"https:\/\/www.gazeta-valceana.ro\/wp-content\/uploads\/2025\/01\/image-5.jpg\" alt=\"spot_img\" width=\"347\" height=\"247\"><\/a><\/div>\n<\/div>\n<div class=\"td_block_wrap td-a-rec td-a-rec-id-custom-spot td-a-rec-img tdi_89 td_block_template_1\">\n<div><a href=\"https:\/\/www.gazeta-valceana.ro\/administratie\/post-de-inginer-scos-la-concurs-de-apavil-sa-la-statia-epurare-babeni\/\" class=\"td_spot_img_all\"><img loading=\"lazy\" decoding=\"async\" src=\"https:\/\/www.gazeta-valceana.ro\/wp-content\/uploads\/2025\/01\/image-3.jpeg\" alt=\"spot_img\" width=\"347\" height=\"277\"><\/a><a href=\"https:\/\/www.gazeta-valceana.ro\/administratie\/post-de-inginer-scos-la-concurs-de-apavil-sa-la-statia-epurare-babeni\/\" class=\"td_spot_img_mob\"><img loading=\"lazy\" decoding=\"async\" src=\"https:\/\/www.gazeta-valceana.ro\/wp-content\/uploads\/2025\/01\/image-3.jpeg\" alt=\"spot_img\" width=\"347\" height=\"247\"><\/a><\/div>\n<\/div>\n<\/div>\n<\/div>\n<\/div>\n<\/div>\n<div id=\"tdi_97\" class=\"tdc-row stretch_row_1200 td-stretch-content\">\n<div class=\"vc_row tdi_98  wpb_row td-pb-row\">\n<div class=\"vc_column tdi_100  wpb_column vc_column_container tdc-column td-pb-span12\">\n<div class=\"wpb_wrapper\">\n<div class=\"td_block_wrap tdb_single_next_prev tdi_101 td-pb-border-top td_block_template_1\" data-td-block-uid=\"tdi_101\">\n<div class=\"tdb-block-inner td-fix-index\">\n<div class=\"tdb-next-post tdb-next-post-bg tdb-post-prev\"><span>Articolul precedent<\/span><\/p>\n<div class=\"td-module-container\">\n<div class=\"next-prev-title\"><a href=\"https:\/\/www.gazeta-valceana.ro\/eveniment\/lozul-norocos-un-valcean-a-dat-lovitura-vietii-la-loto-cine-este-proaspatul-castigator\/\">LOZUL NOROCOS: Un v\u00e2lcean a dat lovitura vie\u021bii la loto! Cine este proasp\u0103tul c\u00e2\u0219tig\u0103tor<\/a><\/div>\n<\/div>\n<\/div>\n<div class=\"tdb-next-post tdb-next-post-bg tdb-post-next\"><span>Articolul urm\u0103tor<\/span><\/p>\n<div class=\"td-module-container\">\n<div class=\"next-prev-title\"><a href=\"https:\/\/www.gazeta-valceana.ro\/fapt-divers\/incendiu-la-un-solar-din-ramnicu-valcea-pompierii-valceni-au-intervenit-de-urgenta\/\">INCENDIU la un solar din R\u00e2mnicu V\u00e2lcea. POMPIERII au intervenit de urgen\u021b\u0103<\/a><\/div>\n<\/div>\n<\/div>\n<\/div>\n<\/div>\n<div class=\"vc_row_inner tdi_103  vc_row vc_inner wpb_row td-pb-row tdc-row-content-vert-center\">\n<div class=\"vc_column_inner tdi_105  wpb_column vc_column_container tdc-inner-column td-pb-span12\">\n<div class=\"vc_column-inner\">\n<div class=\"wpb_wrapper\">\n<div class=\"tdm_block td_block_wrap tdm_block_inline_text tdi_108 tdm-inline-block td-pb-border-top td_block_template_1\" data-td-block-uid=\"tdi_108\">\n<p class=\"tdm-descr\">Related articles<\/p>\n<\/div>\n<\/div>\n<\/div>\n<\/div>\n<\/div>\n<div class=\"td_block_wrap tdb_single_related tdi_109 td_with_ajax_pagination td-pb-border-top td_block_template_1 tdb-single-related-posts\" data-td-block-uid=\"tdi_109\">\n<div id=\"tdi_109\" class=\"td_block_inner tdb-block-inner td-fix-index\">\n<div class=\"tdb_module_related td_module_wrap td-animation-stack\">\n<div class=\"td-module-container td-category-pos-\">\n<div class=\"td-module-meta-info\">\n<h3 class=\"entry-title td-module-title\"><a href=\"https:\/\/www.gazeta-valceana.ro\/administratie\/apavil-sa-scoate-la-concurs-post-de-electrician-in-cadrul-serviciului-mecano-energetic\/\" rel=\"bookmark\" title=\"Apavil SA scoate la concurs post de electrician \u00een cadrul Serviciului Mecano-Energetic\">Apavil SA scoate la concurs post de electrician \u00een cadrul Serviciului Mecano-Energetic<\/a><\/h3>\n<div class=\"td-editor-date\"><a href=\"https:\/\/www.gazeta-valceana.ro\/category\/administratie\/\" class=\"td-post-category\">Administra\u0163ie<\/a><span class=\"td-author-date\"><span class=\"td-post-date\"><time class=\"entry-date updated td-module-date\" datetime=\"2026-03-03T07:00:00+02:00\">3 martie 2026<\/time><\/span><\/span><\/div>\n<\/div>\n<\/div>\n<\/div>\n<div class=\"tdb_module_related td_module_wrap td-animation-stack\">\n<div class=\"td-module-container td-category-pos-\">\n<div class=\"td-module-meta-info\">\n<h3 class=\"entry-title td-module-title\"><a href=\"https:\/\/www.gazeta-valceana.ro\/administratie\/microbuzele-electrice-eta-vor-circula-pana-la-calimanesti-olanesti-govora-si-ocnele-mari\/\" rel=\"bookmark\" title=\"Microbuzele electrice ETA vor circula p\u00e2n\u0103 la C\u0103lim\u0103ne\u0219ti, Ol\u0103ne\u0219ti, Govora \u0219i Ocnele Mari\">Microbuzele electrice ETA vor circula p\u00e2n\u0103 la C\u0103lim\u0103ne\u0219ti, Ol\u0103ne\u0219ti, Govora \u0219i Ocnele Mari<\/a><\/h3>\n<div class=\"td-editor-date\"><a href=\"https:\/\/www.gazeta-valceana.ro\/category\/administratie\/\" class=\"td-post-category\">Administra\u0163ie<\/a><span class=\"td-author-date\"><span class=\"td-post-date\"><time class=\"entry-date updated td-module-date\" datetime=\"2026-03-02T16:00:48+02:00\">2 martie 2026<\/time><\/span><\/span><\/div>\n<\/div>\n<\/div>\n<\/div>\n<div class=\"tdb_module_related td_module_wrap td-animation-stack\">\n<div class=\"td-module-container td-category-pos-\">\n<div class=\"td-module-meta-info\">\n<h3 class=\"entry-title td-module-title\"><a href=\"https:\/\/www.gazeta-valceana.ro\/administratie\/primaria-ramnicului-reabiliteaza-cu-fonduri-nerambursabile-cinci-cladiri-istorice-din-patrimoniul-public-al-municipiului\/\" rel=\"bookmark\" title=\"Prim\u0103ria R\u00e2mnicului reabiliteaz\u0103, cu fonduri nerambursabile, cinci cl\u0103diri istorice din patrimoniul public al municipiului\">Prim\u0103ria R\u00e2mnicului reabiliteaz\u0103, cu fonduri nerambursabile, cinci cl\u0103diri istorice din patrimoniul public al municipiului<\/a><\/h3>\n<div class=\"td-editor-date\"><a href=\"https:\/\/www.gazeta-valceana.ro\/category\/administratie\/\" class=\"td-post-category\">Administra\u0163ie<\/a><span class=\"td-author-date\"><span class=\"td-post-date\"><time class=\"entry-date updated td-module-date\" datetime=\"2026-02-27T20:51:08+02:00\">27 februarie 2026<\/time><\/span><\/span><\/div>\n<\/div>\n<\/div>\n<\/div>\n<\/div>\n<\/div>\n<\/div>\n<\/div>\n<\/div>\n<\/div>\n<div id=\"tdi_116\" class=\"tdc-row stretch_row_1200 td-stretch-content\">\n<div class=\"vc_row tdi_117  wpb_row td-pb-row\">\n<div class=\"vc_column tdi_122  wpb_column vc_column_container tdc-column td-pb-span4 td-is-sticky\">\n<div class=\"wpb_wrapper\" data-sticky-enabled-on=\"W3RydWUsdHJ1ZSx0cnVlLHRydWVd\" data-sticky-offset=\"20\" data-sticky-is-width-auto=\"W2ZhbHNlLGZhbHNlLGZhbHNlLGZhbHNlXQ==\">\n<div class=\"td_block_wrap td-a-rec td-a-rec-id-custom-spot td-a-rec-img tdi_123 td_block_template_1\">\n<div><a href=\"https:\/\/www.gazeta-valceana.ro\/administratie\/post-de-inginer-scos-la-concurs-de-apavil-sa-la-statia-epurare-babeni\/\" class=\"td_spot_img_all\"><img loading=\"lazy\" decoding=\"async\" src=\"https:\/\/www.gazeta-valceana.ro\/wp-content\/uploads\/2025\/01\/image-4.jpg\" alt=\"spot_img\" width=\"347\" height=\"277\"><\/a><a href=\"https:\/\/www.gazeta-valceana.ro\/administratie\/post-de-inginer-scos-la-concurs-de-apavil-sa-la-statia-epurare-babeni\/\" class=\"td_spot_img_mob\"><img loading=\"lazy\" decoding=\"async\" src=\"https:\/\/www.gazeta-valceana.ro\/wp-content\/uploads\/2025\/01\/image-4.jpg\" alt=\"spot_img\" width=\"347\" height=\"247\"><\/a><\/div>\n<\/div>\n<div class=\"td_block_wrap td-a-rec td-a-rec-id-custom-spot td-a-rec-img tdi_124 td_block_template_1\">\n<div><a href=\"https:\/\/www.gazeta-valceana.ro\/administratie\/post-de-inginer-scos-la-concurs-de-apavil-sa-la-statia-epurare-babeni\/\" class=\"td_spot_img_all\"><img loading=\"lazy\" decoding=\"async\" src=\"https:\/\/www.gazeta-valceana.ro\/wp-content\/uploads\/2025\/01\/image-5.jpg\" alt=\"spot_img\" width=\"347\" height=\"277\"><\/a><a href=\"https:\/\/www.gazeta-valceana.ro\/administratie\/post-de-inginer-scos-la-concurs-de-apavil-sa-la-statia-epurare-babeni\/\" class=\"td_spot_img_mob\"><img loading=\"lazy\" decoding=\"async\" src=\"https:\/\/www.gazeta-valceana.ro\/wp-content\/uploads\/2025\/01\/image-5.jpg\" alt=\"spot_img\" width=\"347\" height=\"247\"><\/a><\/div>\n<\/div>\n<div class=\"td_block_wrap td-a-rec td-a-rec-id-custom-spot td-a-rec-img tdi_125 td_block_template_1\">\n<div><a href=\"https:\/\/www.gazeta-valceana.ro\/administratie\/post-de-inginer-scos-la-concurs-de-apavil-sa-la-statia-epurare-babeni\/\" class=\"td_spot_img_all\"><img loading=\"lazy\" decoding=\"async\" src=\"https:\/\/www.gazeta-valceana.ro\/wp-content\/uploads\/2025\/01\/image-3.jpeg\" alt=\"spot_img\" width=\"347\" height=\"277\"><\/a><a href=\"https:\/\/www.gazeta-valceana.ro\/administratie\/post-de-inginer-scos-la-concurs-de-apavil-sa-la-statia-epurare-babeni\/\" class=\"td_spot_img_mob\"><img loading=\"lazy\" decoding=\"async\" src=\"https:\/\/www.gazeta-valceana.ro\/wp-content\/uploads\/2025\/01\/image-3.jpeg\" alt=\"spot_img\" width=\"347\" height=\"247\"><\/a><\/div>\n<\/div>\n<\/div>\n<\/div>\n<\/div>\n<\/div>\n<\/div>\n<\/div>\n<p><span class=\"td-page-meta\"><\/span><span class=\"td-page-meta\"><span class=\"td-page-meta\"><\/span><\/span><span class=\"td-page-meta\"><\/span><\/article>\n<\/p>\n<div class=\"td_block_wrap tdb_single_content tdi_71 td-pb-border-top td_block_template_1 td-post-content tagdiv-type\" data-td-block-uid=\"tdi_71\">\n<div class=\"tdb-block-inner td-fix-index\">\n<p>APAVIL SA \u2013 ANUN\u021a privind scoaterea la concurs a postului de inginer \u00een cadrul Laboratorului Epurare Ape Uzate-Laborator Sta\u021bie Epurare B\u0103beni. Concursul const\u0103 \u00een probele scris \u015fi interviu, care se vor desf\u0103\u0219ura la sediul Societ\u0103\u021bii Apavil SA din R\u00e2mnicu V\u00e2lcea, strada Carol I, nr. 3-5, conform calendarului concursului, astfel:<\/p>\n<p>\u2022 proba scris\u0103 va avea loc \u00een data de 19 martie 2026, ora 09.00;<\/p>\n<p>\u2022 interviul va avea loc \u00een data de 25 martie 2026, ora 09.00.<\/p>\n<p>Data limit\u0103 p\u00e2n\u0103 la care candida\u021bii pot depune actele pentru dosarul de concurs este 12 martie 2026, ora 15.00, la Registratura societ\u0103\u021bii APAVIL SA din R\u00e2mnicu V\u00e2lcea, strada Carol I, nr. 3-5.<\/p>\n<p>Informa\u021bii privind condi\u021biile generale, condi\u021biile specifice, dosarul de concurs, bibliografia, desf\u0103\u0219urarea concursului \u0219i calendarul concursului se pot ob\u021bine acces\u00e2nd <a href=\"http:\/\/www.apavil.ro\" target=\"_blank\" rel=\"noreferrer noopener\"><span><strong><mark class=\"has-inline-color has-vivid-cyan-blue-color\">www.apavil.ro<\/mark><\/strong><\/span><\/a> sau la Serviciul Resurse Umane, Salarizare \u0219i Arhiv\u0103, telefon 0350.802.161, interior 22. Program de lucru: luni-joi, \u00eentre orele 07.00-15.30 \u0219i vineri, \u00eentre orele 07.00-13.00.<\/p>\n<\/div>\n<\/div>\n<p>APAVIL SA \u2013 ANUN\u021a privind scoaterea la concurs a postului de inginer \u00een cadrul Laboratorului Epurare Ape Uzate-Laborator Sta\u021bie Epurare B\u0103beni. Concursul const\u0103 \u00een probele scris \u015fi interviu, care se vor desf\u0103\u0219ura la sediul Societ\u0103\u021bii Apavil SA din R\u00e2mnicu V\u00e2lcea, strada Carol I, nr. 3-5, conform calendarului concursului, astfel:<\/p>\n<p>\u2022 proba scris\u0103 va avea loc \u00een data de 19 martie 2026, ora 09.00;<\/p>\n<p>\u2022 interviul va avea loc \u00een data de 25 martie 2026, ora 09.00.<\/p>\n<p>Data limit\u0103 p\u00e2n\u0103 la care candida\u021bii pot depune actele pentru dosarul de concurs este 12 martie 2026, ora 15.00, la Registratura societ\u0103\u021bii APAVIL SA din R\u00e2mnicu V\u00e2lcea, strada Carol I, nr. 3-5.<\/p>\n<p>Informa\u021bii privind condi\u021biile generale, condi\u021biile specifice, dosarul de concurs, bibliografia, desf\u0103\u0219urarea concursului \u0219i calendarul concursului se pot ob\u021bine acces\u00e2nd <a href=\"http:\/\/www.apavil.ro\" target=\"_blank\" rel=\"noreferrer noopener\"><span><strong><mark class=\"has-inline-color has-vivid-cyan-blue-color\">www.apavil.ro<\/mark><\/strong><\/span><\/a> sau la Serviciul Resurse Umane, Salarizare \u0219i Arhiv\u0103, telefon 0350.802.161, interior 22. Program de lucru: luni-joi, \u00eentre orele 07.00-15.30 \u0219i vineri, \u00eentre orele 07.00-13.00.<\/p>\n<p>[analyse_source url=&#8221;https:\/\/www.gazeta-valceana.ro\/administratie\/post-de-inginer-scos-la-concurs-de-apavil-sa-la-statia-epurare-babeni\/&#8221;]<\/p>\n","protected":false},"excerpt":{"rendered":"<p>[analyse_image type=&#8221;featured&#8221; src=&#8221;https:\/\/www.gazeta-valceana.ro\/wp-content\/uploads\/2019\/07\/apavil.jpg&#8221;] Post de inginer, scos la concurs de Apavil SA la Sta\u021bia Epurare B\u0103beni Administra\u0163ie 2 martie 2026 Ac\u021biune Facebook Twitter Pinterest WhatsApp APAVIL SA \u2013 ANUN\u021a privind scoaterea la concurs a postului de inginer \u00een cadrul Laboratorului Epurare Ape Uzate-Laborator Sta\u021bie Epurare B\u0103beni. Concursul const\u0103 \u00een probele scris \u015fi interviu, care se [&hellip;]<\/p>\n","protected":false},"author":1,"featured_media":0,"comment_status":"open","ping_status":"","sticky":false,"template":"","format":"standard","meta":{"footnotes":""},"categories":[89],"tags":[226,214],"class_list":["post-1803225","post","type-post","status-publish","format-standard","hentry","category-romania","tag-crawlmanager","tag-gazetavalceana-ro"],"_links":{"self":[{"href":"https:\/\/analyse.optim.biz\/index.php?rest_route=\/wp\/v2\/posts\/1803225","targetHints":{"allow":["GET"]}}],"collection":[{"href":"https:\/\/analyse.optim.biz\/index.php?rest_route=\/wp\/v2\/posts"}],"about":[{"href":"https:\/\/analyse.optim.biz\/index.php?rest_route=\/wp\/v2\/types\/post"}],"author":[{"embeddable":true,"href":"https:\/\/analyse.optim.biz\/index.php?rest_route=\/wp\/v2\/users\/1"}],"replies":[{"embeddable":true,"href":"https:\/\/analyse.optim.biz\/index.php?rest_route=%2Fwp%2Fv2%2Fcomments&post=1803225"}],"version-history":[{"count":0,"href":"https:\/\/analyse.optim.biz\/index.php?rest_route=\/wp\/v2\/posts\/1803225\/revisions"}],"wp:attachment":[{"href":"https:\/\/analyse.optim.biz\/index.php?rest_route=%2Fwp%2Fv2%2Fmedia&parent=1803225"}],"wp:term":[{"taxonomy":"category","embeddable":true,"href":"https:\/\/analyse.optim.biz\/index.php?rest_route=%2Fwp%2Fv2%2Fcategories&post=1803225"},{"taxonomy":"post_tag","embeddable":true,"href":"https:\/\/analyse.optim.biz\/index.php?rest_route=%2Fwp%2Fv2%2Ftags&post=1803225"}],"curies":[{"name":"wp","href":"https:\/\/api.w.org\/{rel}","templated":true}]}}