{"id":1803175,"date":"2026-03-02T21:22:48","date_gmt":"2026-03-02T18:22:48","guid":{"rendered":"https:\/\/analyse.optim.biz\/?p=1803175"},"modified":"2026-03-02T21:22:48","modified_gmt":"2026-03-02T18:22:48","slug":"2025-an-al-codurilor-portocalii-si-rosii","status":"publish","type":"post","link":"https:\/\/analyse.optim.biz\/?p=1803175","title":{"rendered":"2025, an al codurilor portocalii \u015fi ro\u015fii"},"content":{"rendered":"<p>[analyse_image type=&#8221;featured&#8221; src=&#8221;https:\/\/www.tvbuzau.ro\/wp-content\/uploads\/2026\/03\/sddefault.jpghttps:\/\/www.tvbuzau.ro\/wp-content\/uploads\/2026\/03\/sddefault.jpg&#8221;]<\/p>\n<div class=\"td-ss-main-content\">\n<article id=\"post-118205\" class=\"post-118205 post type-post status-publish format-video has-post-thumbnail hentry category-actualitate post_format-post-format-video\">\n<div class=\"td-post-header\">\n<ul class=\"td-category\">\n<li class=\"entry-category\"><a href=\"https:\/\/www.tvbuzau.ro\/category\/actualitate\/\">Actualitate<\/a><\/li>\n<\/ul>\n<header class=\"td-post-title\">\n<h1 class=\"entry-title\">2025, an al codurilor portocalii \u015fi ro\u015fii<\/h1>\n<div class=\"td-module-meta-info\">\n<div class=\"td-post-author-name\">De c\u0103tre <a href=\"https:\/\/www.tvbuzau.ro\/author\/mihai-vasilescu\/\">TV Buz\u0103u<\/a> &#8211; <\/div>\n<p><span class=\"td-post-date\"><time class=\"entry-date updated td-module-date\" datetime=\"2026-03-02T21:22:48+00:00\">martie 2, 2026<\/time><\/span><\/p>\n<div class=\"td-post-comments\"><a href=\"https:\/\/www.tvbuzau.ro\/2025-an-al-codurilor-portocalii-si-rosii\/#respond\">0<\/a><\/div>\n<div class=\"td-post-views\"><span class=\"td-nr-views-118205\">10<\/span><\/div>\n<\/div>\n<\/header>\n<\/div>\n<div class=\"td-post-sharing td-post-sharing-top td-with-like\">\n<div class=\"td-default-sharing\"><a class=\"td-social-sharing-buttons td-social-facebook\" href=\"http:\/\/www.facebook.com\/sharer.php?u=https%3A%2F%2Fwww.tvbuzau.ro%2F2025-an-al-codurilor-portocalii-si-rosii%2F\"><\/p>\n<div class=\"td-social-but-text\">Distribui\u021bi pe Facebook<\/div>\n<p><\/a><a class=\"td-social-sharing-buttons td-social-twitter\" href=\"https:\/\/twitter.com\/intent\/tweet?text=2025%2C+an+al+codurilor+portocalii+%C5%9Fi+ro%C5%9Fii&amp;url=https%3A%2F%2Fwww.tvbuzau.ro%2F2025-an-al-codurilor-portocalii-si-rosii%2F&amp;via=TV+Buz%C4%83u\"><\/p>\n<div class=\"td-social-but-text\">Distribui\u021bi pe Twitter<\/div>\n<p><\/a><\/div>\n<div class=\"td-classic-sharing\">\n<ul>\n<li class=\"td-classic-facebook\"><iframe frameborder src=\"https:\/\/www.facebook.com\/plugins\/like.php?href=https:\/\/www.tvbuzau.ro\/2025-an-al-codurilor-portocalii-si-rosii\/&amp;layout=button_count&amp;show_faces=false&amp;width=105&amp;action=like&amp;colorscheme=light&amp;height=21\"><\/iframe><\/li>\n<li class=\"td-classic-twitter\"><a href=\"https:\/\/twitter.com\/share\" class=\"twitter-share-button\" data-url=\"https:\/\/www.tvbuzau.ro\/2025-an-al-codurilor-portocalii-si-rosii\/\" data-text=\"2025, an al codurilor portocalii \u015fi ro\u015fii\" data-via data-lang=\"en\">tweet<\/a><\/li>\n<\/ul>\n<\/div>\n<\/div>\n<div class=\"td-post-content\">\n<div class=\"td-featured-image-rec\">\n<div class=\"wpb_video_wrapper\">\n                    <iframe loading=\"lazy\" id=\"td_youtube_player\" width=\"600\" height=\"560\" src=\"https:\/\/www.youtube.com\/embed\/LIOokPlcYeI?enablejsapi=1&amp;feature=oembed&amp;wmode=opaque&amp;vq=hd720\" frameborder allowfullscreen><\/iframe><\/p><\/div>\n<\/div>\n<p>Mai multe mesaje Ro-Alert<br \/>\n\u00cen anul 2025, pompierii buzoieni au participat la peste 9300 de evenimente. \u00cen afara interve\u0163iilor referitoare la producerea unor incendii sau necesitatea de a intervenii \u00een urma unor accidente sau cazuri medicale, pompierii au transmis nenum\u0103rate aten\u0163ion\u0103ri referitoare la condi\u0163iile meteorologice. Atunci c\u00e2nd exista pericolul unor inunda\u0163ii sau alunec\u0103ri de teren determinate de precipita\u0163ii sau zile cu temperaturi extreme, ISU Buz\u0103u a transmis inform\u0103ri c\u0103tre admiistra\u0163iile publice.<br \/>\nTotodat\u0103, au fost emise mesaje Ro-Alert pentru ate\u0163ionarea prezen\u0163ei unor animale s\u0103lbatice \u00een preajma unor localit\u0103\u0163i.<br \/>\n\u00cen anul 2025, pompierii au continuat totodat\u0103 activit\u0103\u021bile de informare preventiv\u0103 fiind distribuite  materiale pentru informarea popula\u0163iei, astfel \u00eenc\u00e2t s\u0103 cunoasc\u0103 modul \u00een care s\u0103 ac\u0163ioneze \u00een diferite situa\u0163ii de urgen\u0163\u0103.<\/p>\n<div class=\"post-views post-118205 entry-meta\"><span class=\"post-views-label\">Post Views: <\/span><span class=\"post-views-count\">140<\/span><\/div>\n<\/div>\n<footer>\n<div class=\"td-post-sharing td-post-sharing-bottom td-with-like\"><span class=\"td-post-share-title\">DISTRIBUI\u021aI<\/span><\/p>\n<div class=\"td-default-sharing\"><a class=\"td-social-sharing-buttons td-social-facebook\" href=\"http:\/\/www.facebook.com\/sharer.php?u=https%3A%2F%2Fwww.tvbuzau.ro%2F2025-an-al-codurilor-portocalii-si-rosii%2F\"><\/p>\n<div class=\"td-social-but-text\">Facebook<\/div>\n<p><\/a><a class=\"td-social-sharing-buttons td-social-twitter\" href=\"https:\/\/twitter.com\/intent\/tweet?text=2025%2C+an+al+codurilor+portocalii+%C5%9Fi+ro%C5%9Fii&amp;url=https%3A%2F%2Fwww.tvbuzau.ro%2F2025-an-al-codurilor-portocalii-si-rosii%2F&amp;via=TV+Buz%C4%83u\"><\/p>\n<div class=\"td-social-but-text\">Twitter<\/div>\n<p><\/a><\/div>\n<div class=\"td-classic-sharing\">\n<ul>\n<li class=\"td-classic-facebook\"><iframe frameborder src=\"https:\/\/www.facebook.com\/plugins\/like.php?href=https:\/\/www.tvbuzau.ro\/2025-an-al-codurilor-portocalii-si-rosii\/&amp;layout=button_count&amp;show_faces=false&amp;width=105&amp;action=like&amp;colorscheme=light&amp;height=21\"><\/iframe><\/li>\n<li class=\"td-classic-twitter\"><a href=\"https:\/\/twitter.com\/share\" class=\"twitter-share-button\" data-url=\"https:\/\/www.tvbuzau.ro\/2025-an-al-codurilor-portocalii-si-rosii\/\" data-text=\"2025, an al codurilor portocalii \u015fi ro\u015fii\" data-via data-lang=\"en\">tweet<\/a><\/li>\n<\/ul>\n<\/div>\n<\/div>\n<div class=\"td-author-name vcard author\"><span class=\"fn\"><a href=\"https:\/\/www.tvbuzau.ro\/author\/mihai-vasilescu\/\">TV Buz\u0103u<\/a><\/span><\/div>\n<p><span><\/span><span><span><\/span><\/span><span><\/span><\/footer>\n<\/article>\n<div class=\"td_block_wrap td_block_related_posts td_uid_1_69a68dcde54e1_rand td_with_ajax_pagination td-pb-border-top\" data-td-block-uid=\"td_uid_1_69a68dcde54e1\">\n<h4 class=\"td-related-title\"><a id=\"td_uid_2_69a68dcdea9c0\" class=\"td-related-left td-cur-simple-item\" data-td_filter_value data-td_block_id=\"td_uid_1_69a68dcde54e1\" href=\"https:\/\/www.tvbuzau.ro\/2025-an-al-codurilor-portocalii-si-rosii\/\">ARTICOLE SIMILARE<\/a><a id=\"td_uid_3_69a68dcdea9fa\" class=\"td-related-right\" data-td_filter_value=\"td_related_more_from_author\" data-td_block_id=\"td_uid_1_69a68dcde54e1\" href=\"https:\/\/www.tvbuzau.ro\/2025-an-al-codurilor-portocalii-si-rosii\/\">DE LA ACELA\u0218I AUTOR<\/a><\/h4>\n<div id=\"td_uid_1_69a68dcde54e1\" class=\"td_block_inner\">\n<div class=\"td-related-row\">\n<div class=\"td-related-span4\">\n<div class=\"td_module_related_posts td-animation-stack td_mod_related_posts\">\n<div class=\"td-module-image\">\n<div class=\"td-module-thumb\"><a href=\"https:\/\/www.tvbuzau.ro\/alimentatia-copiilor-explicata-de-medicii-specialisti\/\" rel=\"bookmark\" title=\"Alimenta\u0163ia copiilor explicat\u0103 de medicii speciali\u015fti\"><img loading=\"lazy\" decoding=\"async\" width=\"218\" height=\"150\" class=\"entry-thumb\" src=\"https:\/\/www.tvbuzau.ro\/wp-content\/uploads\/2026\/03\/sddefault-2-218x150.jpg\" alt title=\"Alimenta\u0163ia copiilor explicat\u0103 de medicii speciali\u015fti\"><span class=\"td-video-play-ico\"><img loading=\"lazy\" decoding=\"async\" width=\"40\" height=\"40\" class=\"td-retina\" src=\"https:\/\/www.tvbuzau.ro\/wp-content\/themes\/Newspaper\/images\/icons\/ico-video-large.png\" alt=\"video\"><\/span><\/a><\/div>\n<p><a href=\"https:\/\/www.tvbuzau.ro\/category\/actualitate\/\" class=\"td-post-category\">Actualitate<\/a><\/div>\n<div class=\"item-details\">\n<h3 class=\"entry-title td-module-title\"><a href=\"https:\/\/www.tvbuzau.ro\/alimentatia-copiilor-explicata-de-medicii-specialisti\/\" rel=\"bookmark\" title=\"Alimenta\u0163ia copiilor explicat\u0103 de medicii speciali\u015fti\">Alimenta\u0163ia copiilor explicat\u0103 de medicii speciali\u015fti<\/a><\/h3>\n<\/div>\n<\/div>\n<\/div>\n<div class=\"td-related-span4\">\n<div class=\"td_module_related_posts td-animation-stack td_mod_related_posts\">\n<div class=\"td-module-image\">\n<div class=\"td-module-thumb\"><a href=\"https:\/\/www.tvbuzau.ro\/flori-si-felicitari-in-loc-de-amenzi-pe-strazile-din-buzau\/\" rel=\"bookmark\" title=\"Flori \u015fi felicit\u0103ri \u00een loc de amenzi pe str\u0103zile din Buz\u0103u\"><img loading=\"lazy\" decoding=\"async\" width=\"218\" height=\"150\" class=\"entry-thumb\" src=\"https:\/\/www.tvbuzau.ro\/wp-content\/uploads\/2026\/03\/sddefault-1-218x150.jpg\" alt title=\"Flori \u015fi felicit\u0103ri \u00een loc de amenzi pe str\u0103zile din Buz\u0103u\"><span class=\"td-video-play-ico\"><img loading=\"lazy\" decoding=\"async\" width=\"40\" height=\"40\" class=\"td-retina\" src=\"https:\/\/www.tvbuzau.ro\/wp-content\/themes\/Newspaper\/images\/icons\/ico-video-large.png\" alt=\"video\"><\/span><\/a><\/div>\n<p><a href=\"https:\/\/www.tvbuzau.ro\/category\/actualitate\/\" class=\"td-post-category\">Actualitate<\/a><\/div>\n<div class=\"item-details\">\n<h3 class=\"entry-title td-module-title\"><a href=\"https:\/\/www.tvbuzau.ro\/flori-si-felicitari-in-loc-de-amenzi-pe-strazile-din-buzau\/\" rel=\"bookmark\" title=\"Flori \u015fi felicit\u0103ri \u00een loc de amenzi pe str\u0103zile din Buz\u0103u\">Flori \u015fi felicit\u0103ri \u00een loc de amenzi pe str\u0103zile din Buz\u0103u<\/a><\/h3>\n<\/div>\n<\/div>\n<\/div>\n<div class=\"td-related-span4\">\n<div class=\"td_module_related_posts td-animation-stack td_mod_related_posts\">\n<div class=\"td-module-image\">\n<div class=\"td-module-thumb\"><a href=\"https:\/\/www.tvbuzau.ro\/violenta-domestica-un-fenomen-in-scadere-dar-prezent\/\" rel=\"bookmark\" title=\"Violen\u0163a domestic\u0103, un fenomen \u00een sc\u0103dere dar prezent\"><img loading=\"lazy\" decoding=\"async\" width=\"218\" height=\"150\" class=\"entry-thumb\" src=\"https:\/\/www.tvbuzau.ro\/wp-content\/uploads\/2026\/03\/hqdefault-1-218x150.jpg\" alt title=\"Violen\u0163a domestic\u0103, un fenomen \u00een sc\u0103dere dar prezent\"><span class=\"td-video-play-ico\"><img loading=\"lazy\" decoding=\"async\" width=\"40\" height=\"40\" class=\"td-retina\" src=\"https:\/\/www.tvbuzau.ro\/wp-content\/themes\/Newspaper\/images\/icons\/ico-video-large.png\" alt=\"video\"><\/span><\/a><\/div>\n<p><a href=\"https:\/\/www.tvbuzau.ro\/category\/actualitate\/\" class=\"td-post-category\">Actualitate<\/a><\/div>\n<div class=\"item-details\">\n<h3 class=\"entry-title td-module-title\"><a href=\"https:\/\/www.tvbuzau.ro\/violenta-domestica-un-fenomen-in-scadere-dar-prezent\/\" rel=\"bookmark\" title=\"Violen\u0163a domestic\u0103, un fenomen \u00een sc\u0103dere dar prezent\">Violen\u0163a domestic\u0103, un fenomen \u00een sc\u0103dere dar prezent<\/a><\/h3>\n<\/div>\n<\/div>\n<\/div>\n<\/div>\n<div class=\"td-related-row\">\n<div class=\"td-related-span4\">\n<div class=\"td_module_related_posts td-animation-stack td_mod_related_posts\">\n<div class=\"td-module-image\">\n<div class=\"td-module-thumb\"><a href=\"https:\/\/www.tvbuzau.ro\/ce-infractiuni-au-avut-loc-in-zona-scolara-in-anul-2025\/\" rel=\"bookmark\" title=\"Ce infrac\u0163iuni au avut loc \u00een zona \u015fcolar\u0103 \u00een anul 2025\"><img loading=\"lazy\" decoding=\"async\" width=\"218\" height=\"150\" class=\"entry-thumb\" src=\"https:\/\/www.tvbuzau.ro\/wp-content\/uploads\/2026\/03\/hqdefault-218x150.jpg\" alt title=\"Ce infrac\u0163iuni au avut loc \u00een zona \u015fcolar\u0103 \u00een anul 2025\"><span class=\"td-video-play-ico\"><img loading=\"lazy\" decoding=\"async\" width=\"40\" height=\"40\" class=\"td-retina\" src=\"https:\/\/www.tvbuzau.ro\/wp-content\/themes\/Newspaper\/images\/icons\/ico-video-large.png\" alt=\"video\"><\/span><\/a><\/div>\n<p><a href=\"https:\/\/www.tvbuzau.ro\/category\/actualitate\/\" class=\"td-post-category\">Actualitate<\/a><\/div>\n<div class=\"item-details\">\n<h3 class=\"entry-title td-module-title\"><a href=\"https:\/\/www.tvbuzau.ro\/ce-infractiuni-au-avut-loc-in-zona-scolara-in-anul-2025\/\" rel=\"bookmark\" title=\"Ce infrac\u0163iuni au avut loc \u00een zona \u015fcolar\u0103 \u00een anul 2025\">Ce infrac\u0163iuni au avut loc \u00een zona \u015fcolar\u0103 \u00een anul 2025<\/a><\/h3>\n<\/div>\n<\/div>\n<\/div>\n<div class=\"td-related-span4\">\n<div class=\"td_module_related_posts td-animation-stack td_mod_related_posts\">\n<div class=\"td-module-image\">\n<div class=\"td-module-thumb\"><a href=\"https:\/\/www.tvbuzau.ro\/dupa-viscole-se-numara-solariile-distruse\/\" rel=\"bookmark\" title=\"Dup\u0103 viscole se num\u0103r\u0103 solariile distruse\"><img loading=\"lazy\" decoding=\"async\" width=\"218\" height=\"150\" class=\"entry-thumb\" src=\"https:\/\/www.tvbuzau.ro\/wp-content\/uploads\/2026\/02\/maxresdefault-4-218x150.jpg\" alt title=\"Dup\u0103 viscole se num\u0103r\u0103 solariile distruse\"><span class=\"td-video-play-ico\"><img loading=\"lazy\" decoding=\"async\" width=\"40\" height=\"40\" class=\"td-retina\" src=\"https:\/\/www.tvbuzau.ro\/wp-content\/themes\/Newspaper\/images\/icons\/ico-video-large.png\" alt=\"video\"><\/span><\/a><\/div>\n<p><a href=\"https:\/\/www.tvbuzau.ro\/category\/actualitate\/\" class=\"td-post-category\">Actualitate<\/a><\/div>\n<div class=\"item-details\">\n<h3 class=\"entry-title td-module-title\"><a href=\"https:\/\/www.tvbuzau.ro\/dupa-viscole-se-numara-solariile-distruse\/\" rel=\"bookmark\" title=\"Dup\u0103 viscole se num\u0103r\u0103 solariile distruse\">Dup\u0103 viscole se num\u0103r\u0103 solariile distruse<\/a><\/h3>\n<\/div>\n<\/div>\n<\/div>\n<div class=\"td-related-span4\">\n<div class=\"td_module_related_posts td-animation-stack td_mod_related_posts\">\n<div class=\"td-module-image\">\n<div class=\"td-module-thumb\"><a href=\"https:\/\/www.tvbuzau.ro\/consiliul-a-facut-o-simulare-a-bugetului-pe-anul-2026\/\" rel=\"bookmark\" title=\"Consiliul a f\u0103cut o simulare a bugetului pe anul 2026\"><img loading=\"lazy\" decoding=\"async\" width=\"218\" height=\"150\" class=\"entry-thumb\" src=\"https:\/\/www.tvbuzau.ro\/wp-content\/uploads\/2026\/02\/sddefault-45-218x150.jpg\" alt title=\"Consiliul a f\u0103cut o simulare a bugetului pe anul 2026\"><span class=\"td-video-play-ico\"><img loading=\"lazy\" decoding=\"async\" width=\"40\" height=\"40\" class=\"td-retina\" src=\"https:\/\/www.tvbuzau.ro\/wp-content\/themes\/Newspaper\/images\/icons\/ico-video-large.png\" alt=\"video\"><\/span><\/a><\/div>\n<p><a href=\"https:\/\/www.tvbuzau.ro\/category\/actualitate\/\" class=\"td-post-category\">Actualitate<\/a><\/div>\n<div class=\"item-details\">\n<h3 class=\"entry-title td-module-title\"><a href=\"https:\/\/www.tvbuzau.ro\/consiliul-a-facut-o-simulare-a-bugetului-pe-anul-2026\/\" rel=\"bookmark\" title=\"Consiliul a f\u0103cut o simulare a bugetului pe anul 2026\">Consiliul a f\u0103cut o simulare a bugetului pe anul 2026<\/a><\/h3>\n<\/div>\n<\/div>\n<\/div>\n<\/div>\n<\/div>\n<\/div>\n<div class=\"comments\" id=\"comments\">\n<div id=\"respond\" class=\"comment-respond\">\n<h3 id=\"reply-title\" class=\"comment-reply-title\">L\u0102SA\u021aI UN MESAJ <small><a rel=\"nofollow\" id=\"cancel-comment-reply-link\" href=\"https:\/\/www.tvbuzau.ro\/2025-an-al-codurilor-portocalii-si-rosii\/#respond\">Renun\u021ba\u021bi la r\u0103spuns<\/a><\/small><\/h3>\n<\/div>\n<\/div>\n<\/div>\n<div class=\"td-post-content\">\n<div class=\"td-featured-image-rec\">\n<div class=\"wpb_video_wrapper\">\n                    <iframe loading=\"lazy\" id=\"td_youtube_player\" width=\"600\" height=\"560\" src=\"https:\/\/www.youtube.com\/embed\/LIOokPlcYeI?enablejsapi=1&amp;feature=oembed&amp;wmode=opaque&amp;vq=hd720\" frameborder allowfullscreen><\/iframe><\/p><\/div>\n<\/div>\n<p>Mai multe mesaje Ro-Alert<br \/>\n\u00cen anul 2025, pompierii buzoieni au participat la peste 9300 de evenimente. \u00cen afara interve\u0163iilor referitoare la producerea unor incendii sau necesitatea de a intervenii \u00een urma unor accidente sau cazuri medicale, pompierii au transmis nenum\u0103rate aten\u0163ion\u0103ri referitoare la condi\u0163iile meteorologice. Atunci c\u00e2nd exista pericolul unor inunda\u0163ii sau alunec\u0103ri de teren determinate de precipita\u0163ii sau zile cu temperaturi extreme, ISU Buz\u0103u a transmis inform\u0103ri c\u0103tre admiistra\u0163iile publice.<br \/>\nTotodat\u0103, au fost emise mesaje Ro-Alert pentru ate\u0163ionarea prezen\u0163ei unor animale s\u0103lbatice \u00een preajma unor localit\u0103\u0163i.<br \/>\n\u00cen anul 2025, pompierii au continuat totodat\u0103 activit\u0103\u021bile de informare preventiv\u0103 fiind distribuite  materiale pentru informarea popula\u0163iei, astfel \u00eenc\u00e2t s\u0103 cunoasc\u0103 modul \u00een care s\u0103 ac\u0163ioneze \u00een diferite situa\u0163ii de urgen\u0163\u0103.<\/p>\n<div class=\"post-views post-118205 entry-meta\"><span class=\"post-views-label\">Post Views: <\/span><span class=\"post-views-count\">140<\/span><\/div>\n<\/div>\n<p>[analyse_source url=&#8221;https:\/\/www.tvbuzau.ro\/2025-an-al-codurilor-portocalii-si-rosii\/&#8221;]<\/p>\n","protected":false},"excerpt":{"rendered":"<p>[analyse_image type=&#8221;featured&#8221; src=&#8221;https:\/\/www.tvbuzau.ro\/wp-content\/uploads\/2026\/03\/sddefault.jpghttps:\/\/www.tvbuzau.ro\/wp-content\/uploads\/2026\/03\/sddefault.jpg&#8221;] Actualitate 2025, an al codurilor portocalii \u015fi ro\u015fii De c\u0103tre TV Buz\u0103u &#8211; martie 2, 2026 0 10 Distribui\u021bi pe Facebook Distribui\u021bi pe Twitter tweet Mai multe mesaje Ro-Alert \u00cen anul 2025, pompierii buzoieni au participat la peste 9300 de evenimente. \u00cen afara interve\u0163iilor referitoare la producerea unor incendii sau necesitatea de [&hellip;]<\/p>\n","protected":false},"author":1,"featured_media":0,"comment_status":"open","ping_status":"","sticky":false,"template":"","format":"standard","meta":{"footnotes":""},"categories":[2],"tags":[226,116],"class_list":["post-1803175","post","type-post","status-publish","format-standard","hentry","category-politics","tag-crawlmanager","tag-tvbuzau-ro"],"_links":{"self":[{"href":"https:\/\/analyse.optim.biz\/index.php?rest_route=\/wp\/v2\/posts\/1803175","targetHints":{"allow":["GET"]}}],"collection":[{"href":"https:\/\/analyse.optim.biz\/index.php?rest_route=\/wp\/v2\/posts"}],"about":[{"href":"https:\/\/analyse.optim.biz\/index.php?rest_route=\/wp\/v2\/types\/post"}],"author":[{"embeddable":true,"href":"https:\/\/analyse.optim.biz\/index.php?rest_route=\/wp\/v2\/users\/1"}],"replies":[{"embeddable":true,"href":"https:\/\/analyse.optim.biz\/index.php?rest_route=%2Fwp%2Fv2%2Fcomments&post=1803175"}],"version-history":[{"count":0,"href":"https:\/\/analyse.optim.biz\/index.php?rest_route=\/wp\/v2\/posts\/1803175\/revisions"}],"wp:attachment":[{"href":"https:\/\/analyse.optim.biz\/index.php?rest_route=%2Fwp%2Fv2%2Fmedia&parent=1803175"}],"wp:term":[{"taxonomy":"category","embeddable":true,"href":"https:\/\/analyse.optim.biz\/index.php?rest_route=%2Fwp%2Fv2%2Fcategories&post=1803175"},{"taxonomy":"post_tag","embeddable":true,"href":"https:\/\/analyse.optim.biz\/index.php?rest_route=%2Fwp%2Fv2%2Ftags&post=1803175"}],"curies":[{"name":"wp","href":"https:\/\/api.w.org\/{rel}","templated":true}]}}