{"id":1803174,"date":"2026-03-02T21:04:17","date_gmt":"2026-03-02T18:04:17","guid":{"rendered":"https:\/\/analyse.optim.biz\/?p=1803174"},"modified":"2026-03-02T21:04:17","modified_gmt":"2026-03-02T18:04:17","slug":"violenta-domestica-un-fenomen-in-scadere-dar-prezent","status":"publish","type":"post","link":"https:\/\/analyse.optim.biz\/?p=1803174","title":{"rendered":"Violen\u0163a domestic\u0103, un fenomen \u00een sc\u0103dere dar prezent"},"content":{"rendered":"<p>[analyse_image type=&#8221;featured&#8221; src=&#8221;https:\/\/www.tvbuzau.ro\/wp-content\/uploads\/2026\/03\/hqdefault-1.jpghttps:\/\/www.tvbuzau.ro\/wp-content\/uploads\/2026\/03\/hqdefault-1.jpg&#8221;]<\/p>\n<div class=\"td-ss-main-content\">\n<article id=\"post-118201\" class=\"post-118201 post type-post status-publish format-video has-post-thumbnail hentry category-actualitate post_format-post-format-video\">\n<div class=\"td-post-header\">\n<ul class=\"td-category\">\n<li class=\"entry-category\"><a href=\"https:\/\/www.tvbuzau.ro\/category\/actualitate\/\">Actualitate<\/a><\/li>\n<\/ul>\n<header class=\"td-post-title\">\n<h1 class=\"entry-title\">Violen\u0163a domestic\u0103, un fenomen \u00een sc\u0103dere dar prezent<\/h1>\n<div class=\"td-module-meta-info\">\n<div class=\"td-post-author-name\">De c\u0103tre <a href=\"https:\/\/www.tvbuzau.ro\/author\/mihai-vasilescu\/\">TV Buz\u0103u<\/a> &#8211; <\/div>\n<p><span class=\"td-post-date\"><time class=\"entry-date updated td-module-date\" datetime=\"2026-03-02T21:04:17+00:00\">martie 2, 2026<\/time><\/span><\/p>\n<div class=\"td-post-comments\"><a href=\"https:\/\/www.tvbuzau.ro\/violenta-domestica-un-fenomen-in-scadere-dar-prezent\/#respond\">0<\/a><\/div>\n<div class=\"td-post-views\"><span class=\"td-nr-views-118201\">10<\/span><\/div>\n<\/div>\n<\/header>\n<\/div>\n<div class=\"td-post-sharing td-post-sharing-top td-with-like\">\n<div class=\"td-default-sharing\"><a class=\"td-social-sharing-buttons td-social-facebook\" href=\"http:\/\/www.facebook.com\/sharer.php?u=https%3A%2F%2Fwww.tvbuzau.ro%2Fviolenta-domestica-un-fenomen-in-scadere-dar-prezent%2F\"><\/p>\n<div class=\"td-social-but-text\">Distribui\u021bi pe Facebook<\/div>\n<p><\/a><a class=\"td-social-sharing-buttons td-social-twitter\" href=\"https:\/\/twitter.com\/intent\/tweet?text=Violen%C5%A3a+domestic%C4%83%2C+un+fenomen+%C3%AEn+sc%C4%83dere+dar+prezent&amp;url=https%3A%2F%2Fwww.tvbuzau.ro%2Fviolenta-domestica-un-fenomen-in-scadere-dar-prezent%2F&amp;via=TV+Buz%C4%83u\"><\/p>\n<div class=\"td-social-but-text\">Distribui\u021bi pe Twitter<\/div>\n<p><\/a><\/div>\n<div class=\"td-classic-sharing\">\n<ul>\n<li class=\"td-classic-facebook\"><iframe frameborder src=\"https:\/\/www.facebook.com\/plugins\/like.php?href=https:\/\/www.tvbuzau.ro\/violenta-domestica-un-fenomen-in-scadere-dar-prezent\/&amp;layout=button_count&amp;show_faces=false&amp;width=105&amp;action=like&amp;colorscheme=light&amp;height=21\"><\/iframe><\/li>\n<li class=\"td-classic-twitter\"><a href=\"https:\/\/twitter.com\/share\" class=\"twitter-share-button\" data-url=\"https:\/\/www.tvbuzau.ro\/violenta-domestica-un-fenomen-in-scadere-dar-prezent\/\" data-text=\"Violen\u0163a domestic\u0103, un fenomen \u00een sc\u0103dere dar prezent\" data-via data-lang=\"en\">tweet<\/a><\/li>\n<\/ul>\n<\/div>\n<\/div>\n<div class=\"td-post-content\">\n<div class=\"td-featured-image-rec\">\n<div class=\"wpb_video_wrapper\">\n                    <iframe loading=\"lazy\" id=\"td_youtube_player\" width=\"600\" height=\"560\" src=\"https:\/\/www.youtube.com\/embed\/pov4nF2uTUI?enablejsapi=1&amp;feature=oembed&amp;wmode=opaque&amp;vq=hd720\" frameborder allowfullscreen><\/iframe><\/p><\/div>\n<\/div>\n<p>Sute de ordine de protec\u0163ie emise<br \/>\n\u00cen anul 2025 poli\u0163i\u015ftii buzoieni au r\u0103spuns la peste 6300 de cazuri de violen\u021b\u0103 domestic\u0103. \u00cen cele mai multe dintre situa\u0163ii a fost vorba despre certuri \u00een familie care riscau s\u0103 degenereze, fiind solicitat\u0103 prezen\u0163a autorit\u0103\u0163ilor.<br \/>\nDe asemenea, anul trecut cu acordul victimelor, au fost puse \u00een aplicare peste 120 de m\u0103suri de \u201dobligarea agresorului de a purta permanent un dispozitiv electronic de supraveghere\u201d. \u00cen 62 de cazuri, m\u0103sura monitoriz\u0103rii electronice a fost pus\u0103 \u00een aplicare ca urmare a emiterii de c\u0103tre poli\u021bi\u0219ti a ordinului de protec\u021bie provizoriu. \u00cen 60 de situa\u021bii, m\u0103sura a fost dispus\u0103 de instan\u021be, ca urmare a emiterii ordinelor de protec\u021bie.<br \/>\nPentru infrac\u021biunile de \u00eenc\u0103lcare a  ordinelor de protec\u021bie provizorii sau ordinelor de protec\u021bie, \u00een func\u021bie de gravitate, istoric, antecedentele penale ale agresorului, modalitatea de comitere a faptei, au fost analizate punctual toate cazurile, \u00eempreun\u0103 cu unit\u0103\u021bile de parchet, fiind dispuse 50 de m\u0103suri preventive.<\/p>\n<div class=\"post-views post-118201 entry-meta\"><span class=\"post-views-label\">Post Views: <\/span><span class=\"post-views-count\">135<\/span><\/div>\n<\/div>\n<footer>\n<div class=\"td-post-sharing td-post-sharing-bottom td-with-like\"><span class=\"td-post-share-title\">DISTRIBUI\u021aI<\/span><\/p>\n<div class=\"td-default-sharing\"><a class=\"td-social-sharing-buttons td-social-facebook\" href=\"http:\/\/www.facebook.com\/sharer.php?u=https%3A%2F%2Fwww.tvbuzau.ro%2Fviolenta-domestica-un-fenomen-in-scadere-dar-prezent%2F\"><\/p>\n<div class=\"td-social-but-text\">Facebook<\/div>\n<p><\/a><a class=\"td-social-sharing-buttons td-social-twitter\" href=\"https:\/\/twitter.com\/intent\/tweet?text=Violen%C5%A3a+domestic%C4%83%2C+un+fenomen+%C3%AEn+sc%C4%83dere+dar+prezent&amp;url=https%3A%2F%2Fwww.tvbuzau.ro%2Fviolenta-domestica-un-fenomen-in-scadere-dar-prezent%2F&amp;via=TV+Buz%C4%83u\"><\/p>\n<div class=\"td-social-but-text\">Twitter<\/div>\n<p><\/a><\/div>\n<div class=\"td-classic-sharing\">\n<ul>\n<li class=\"td-classic-facebook\"><iframe frameborder src=\"https:\/\/www.facebook.com\/plugins\/like.php?href=https:\/\/www.tvbuzau.ro\/violenta-domestica-un-fenomen-in-scadere-dar-prezent\/&amp;layout=button_count&amp;show_faces=false&amp;width=105&amp;action=like&amp;colorscheme=light&amp;height=21\"><\/iframe><\/li>\n<li class=\"td-classic-twitter\"><a href=\"https:\/\/twitter.com\/share\" class=\"twitter-share-button\" data-url=\"https:\/\/www.tvbuzau.ro\/violenta-domestica-un-fenomen-in-scadere-dar-prezent\/\" data-text=\"Violen\u0163a domestic\u0103, un fenomen \u00een sc\u0103dere dar prezent\" data-via data-lang=\"en\">tweet<\/a><\/li>\n<\/ul>\n<\/div>\n<\/div>\n<div class=\"td-author-name vcard author\"><span class=\"fn\"><a href=\"https:\/\/www.tvbuzau.ro\/author\/mihai-vasilescu\/\">TV Buz\u0103u<\/a><\/span><\/div>\n<p><span><\/span><span><span><\/span><\/span><span><\/span><\/footer>\n<\/article>\n<div class=\"td_block_wrap td_block_related_posts td_uid_1_69a68da15b044_rand td_with_ajax_pagination td-pb-border-top\" data-td-block-uid=\"td_uid_1_69a68da15b044\">\n<h4 class=\"td-related-title\"><a id=\"td_uid_2_69a68da16088b\" class=\"td-related-left td-cur-simple-item\" data-td_filter_value data-td_block_id=\"td_uid_1_69a68da15b044\" href=\"https:\/\/www.tvbuzau.ro\/violenta-domestica-un-fenomen-in-scadere-dar-prezent\/\">ARTICOLE SIMILARE<\/a><a id=\"td_uid_3_69a68da1608cb\" class=\"td-related-right\" data-td_filter_value=\"td_related_more_from_author\" data-td_block_id=\"td_uid_1_69a68da15b044\" href=\"https:\/\/www.tvbuzau.ro\/violenta-domestica-un-fenomen-in-scadere-dar-prezent\/\">DE LA ACELA\u0218I AUTOR<\/a><\/h4>\n<div id=\"td_uid_1_69a68da15b044\" class=\"td_block_inner\">\n<div class=\"td-related-row\">\n<div class=\"td-related-span4\">\n<div class=\"td_module_related_posts td-animation-stack td_mod_related_posts\">\n<div class=\"td-module-image\">\n<div class=\"td-module-thumb\"><a href=\"https:\/\/www.tvbuzau.ro\/alimentatia-copiilor-explicata-de-medicii-specialisti\/\" rel=\"bookmark\" title=\"Alimenta\u0163ia copiilor explicat\u0103 de medicii speciali\u015fti\"><img loading=\"lazy\" decoding=\"async\" width=\"218\" height=\"150\" class=\"entry-thumb\" src=\"https:\/\/www.tvbuzau.ro\/wp-content\/uploads\/2026\/03\/sddefault-2-218x150.jpg\" alt title=\"Alimenta\u0163ia copiilor explicat\u0103 de medicii speciali\u015fti\"><span class=\"td-video-play-ico\"><img loading=\"lazy\" decoding=\"async\" width=\"40\" height=\"40\" class=\"td-retina\" src=\"https:\/\/www.tvbuzau.ro\/wp-content\/themes\/Newspaper\/images\/icons\/ico-video-large.png\" alt=\"video\"><\/span><\/a><\/div>\n<p><a href=\"https:\/\/www.tvbuzau.ro\/category\/actualitate\/\" class=\"td-post-category\">Actualitate<\/a><\/div>\n<div class=\"item-details\">\n<h3 class=\"entry-title td-module-title\"><a href=\"https:\/\/www.tvbuzau.ro\/alimentatia-copiilor-explicata-de-medicii-specialisti\/\" rel=\"bookmark\" title=\"Alimenta\u0163ia copiilor explicat\u0103 de medicii speciali\u015fti\">Alimenta\u0163ia copiilor explicat\u0103 de medicii speciali\u015fti<\/a><\/h3>\n<\/div>\n<\/div>\n<\/div>\n<div class=\"td-related-span4\">\n<div class=\"td_module_related_posts td-animation-stack td_mod_related_posts\">\n<div class=\"td-module-image\">\n<div class=\"td-module-thumb\"><a href=\"https:\/\/www.tvbuzau.ro\/flori-si-felicitari-in-loc-de-amenzi-pe-strazile-din-buzau\/\" rel=\"bookmark\" title=\"Flori \u015fi felicit\u0103ri \u00een loc de amenzi pe str\u0103zile din Buz\u0103u\"><img loading=\"lazy\" decoding=\"async\" width=\"218\" height=\"150\" class=\"entry-thumb\" src=\"https:\/\/www.tvbuzau.ro\/wp-content\/uploads\/2026\/03\/sddefault-1-218x150.jpg\" alt title=\"Flori \u015fi felicit\u0103ri \u00een loc de amenzi pe str\u0103zile din Buz\u0103u\"><span class=\"td-video-play-ico\"><img loading=\"lazy\" decoding=\"async\" width=\"40\" height=\"40\" class=\"td-retina\" src=\"https:\/\/www.tvbuzau.ro\/wp-content\/themes\/Newspaper\/images\/icons\/ico-video-large.png\" alt=\"video\"><\/span><\/a><\/div>\n<p><a href=\"https:\/\/www.tvbuzau.ro\/category\/actualitate\/\" class=\"td-post-category\">Actualitate<\/a><\/div>\n<div class=\"item-details\">\n<h3 class=\"entry-title td-module-title\"><a href=\"https:\/\/www.tvbuzau.ro\/flori-si-felicitari-in-loc-de-amenzi-pe-strazile-din-buzau\/\" rel=\"bookmark\" title=\"Flori \u015fi felicit\u0103ri \u00een loc de amenzi pe str\u0103zile din Buz\u0103u\">Flori \u015fi felicit\u0103ri \u00een loc de amenzi pe str\u0103zile din Buz\u0103u<\/a><\/h3>\n<\/div>\n<\/div>\n<\/div>\n<div class=\"td-related-span4\">\n<div class=\"td_module_related_posts td-animation-stack td_mod_related_posts\">\n<div class=\"td-module-image\">\n<div class=\"td-module-thumb\"><a href=\"https:\/\/www.tvbuzau.ro\/2025-an-al-codurilor-portocalii-si-rosii\/\" rel=\"bookmark\" title=\"2025, an al codurilor portocalii \u015fi ro\u015fii\"><img loading=\"lazy\" decoding=\"async\" width=\"218\" height=\"150\" class=\"entry-thumb\" src=\"https:\/\/www.tvbuzau.ro\/wp-content\/uploads\/2026\/03\/sddefault-218x150.jpg\" alt title=\"2025, an al codurilor portocalii \u015fi ro\u015fii\"><span class=\"td-video-play-ico\"><img loading=\"lazy\" decoding=\"async\" width=\"40\" height=\"40\" class=\"td-retina\" src=\"https:\/\/www.tvbuzau.ro\/wp-content\/themes\/Newspaper\/images\/icons\/ico-video-large.png\" alt=\"video\"><\/span><\/a><\/div>\n<p><a href=\"https:\/\/www.tvbuzau.ro\/category\/actualitate\/\" class=\"td-post-category\">Actualitate<\/a><\/div>\n<div class=\"item-details\">\n<h3 class=\"entry-title td-module-title\"><a href=\"https:\/\/www.tvbuzau.ro\/2025-an-al-codurilor-portocalii-si-rosii\/\" rel=\"bookmark\" title=\"2025, an al codurilor portocalii \u015fi ro\u015fii\">2025, an al codurilor portocalii \u015fi ro\u015fii<\/a><\/h3>\n<\/div>\n<\/div>\n<\/div>\n<\/div>\n<div class=\"td-related-row\">\n<div class=\"td-related-span4\">\n<div class=\"td_module_related_posts td-animation-stack td_mod_related_posts\">\n<div class=\"td-module-image\">\n<div class=\"td-module-thumb\"><a href=\"https:\/\/www.tvbuzau.ro\/ce-infractiuni-au-avut-loc-in-zona-scolara-in-anul-2025\/\" rel=\"bookmark\" title=\"Ce infrac\u0163iuni au avut loc \u00een zona \u015fcolar\u0103 \u00een anul 2025\"><img loading=\"lazy\" decoding=\"async\" width=\"218\" height=\"150\" class=\"entry-thumb\" src=\"https:\/\/www.tvbuzau.ro\/wp-content\/uploads\/2026\/03\/hqdefault-218x150.jpg\" alt title=\"Ce infrac\u0163iuni au avut loc \u00een zona \u015fcolar\u0103 \u00een anul 2025\"><span class=\"td-video-play-ico\"><img loading=\"lazy\" decoding=\"async\" width=\"40\" height=\"40\" class=\"td-retina\" src=\"https:\/\/www.tvbuzau.ro\/wp-content\/themes\/Newspaper\/images\/icons\/ico-video-large.png\" alt=\"video\"><\/span><\/a><\/div>\n<p><a href=\"https:\/\/www.tvbuzau.ro\/category\/actualitate\/\" class=\"td-post-category\">Actualitate<\/a><\/div>\n<div class=\"item-details\">\n<h3 class=\"entry-title td-module-title\"><a href=\"https:\/\/www.tvbuzau.ro\/ce-infractiuni-au-avut-loc-in-zona-scolara-in-anul-2025\/\" rel=\"bookmark\" title=\"Ce infrac\u0163iuni au avut loc \u00een zona \u015fcolar\u0103 \u00een anul 2025\">Ce infrac\u0163iuni au avut loc \u00een zona \u015fcolar\u0103 \u00een anul 2025<\/a><\/h3>\n<\/div>\n<\/div>\n<\/div>\n<div class=\"td-related-span4\">\n<div class=\"td_module_related_posts td-animation-stack td_mod_related_posts\">\n<div class=\"td-module-image\">\n<div class=\"td-module-thumb\"><a href=\"https:\/\/www.tvbuzau.ro\/dupa-viscole-se-numara-solariile-distruse\/\" rel=\"bookmark\" title=\"Dup\u0103 viscole se num\u0103r\u0103 solariile distruse\"><img loading=\"lazy\" decoding=\"async\" width=\"218\" height=\"150\" class=\"entry-thumb\" src=\"https:\/\/www.tvbuzau.ro\/wp-content\/uploads\/2026\/02\/maxresdefault-4-218x150.jpg\" alt title=\"Dup\u0103 viscole se num\u0103r\u0103 solariile distruse\"><span class=\"td-video-play-ico\"><img loading=\"lazy\" decoding=\"async\" width=\"40\" height=\"40\" class=\"td-retina\" src=\"https:\/\/www.tvbuzau.ro\/wp-content\/themes\/Newspaper\/images\/icons\/ico-video-large.png\" alt=\"video\"><\/span><\/a><\/div>\n<p><a href=\"https:\/\/www.tvbuzau.ro\/category\/actualitate\/\" class=\"td-post-category\">Actualitate<\/a><\/div>\n<div class=\"item-details\">\n<h3 class=\"entry-title td-module-title\"><a href=\"https:\/\/www.tvbuzau.ro\/dupa-viscole-se-numara-solariile-distruse\/\" rel=\"bookmark\" title=\"Dup\u0103 viscole se num\u0103r\u0103 solariile distruse\">Dup\u0103 viscole se num\u0103r\u0103 solariile distruse<\/a><\/h3>\n<\/div>\n<\/div>\n<\/div>\n<div class=\"td-related-span4\">\n<div class=\"td_module_related_posts td-animation-stack td_mod_related_posts\">\n<div class=\"td-module-image\">\n<div class=\"td-module-thumb\"><a href=\"https:\/\/www.tvbuzau.ro\/consiliul-a-facut-o-simulare-a-bugetului-pe-anul-2026\/\" rel=\"bookmark\" title=\"Consiliul a f\u0103cut o simulare a bugetului pe anul 2026\"><img loading=\"lazy\" decoding=\"async\" width=\"218\" height=\"150\" class=\"entry-thumb\" src=\"https:\/\/www.tvbuzau.ro\/wp-content\/uploads\/2026\/02\/sddefault-45-218x150.jpg\" alt title=\"Consiliul a f\u0103cut o simulare a bugetului pe anul 2026\"><span class=\"td-video-play-ico\"><img loading=\"lazy\" decoding=\"async\" width=\"40\" height=\"40\" class=\"td-retina\" src=\"https:\/\/www.tvbuzau.ro\/wp-content\/themes\/Newspaper\/images\/icons\/ico-video-large.png\" alt=\"video\"><\/span><\/a><\/div>\n<p><a href=\"https:\/\/www.tvbuzau.ro\/category\/actualitate\/\" class=\"td-post-category\">Actualitate<\/a><\/div>\n<div class=\"item-details\">\n<h3 class=\"entry-title td-module-title\"><a href=\"https:\/\/www.tvbuzau.ro\/consiliul-a-facut-o-simulare-a-bugetului-pe-anul-2026\/\" rel=\"bookmark\" title=\"Consiliul a f\u0103cut o simulare a bugetului pe anul 2026\">Consiliul a f\u0103cut o simulare a bugetului pe anul 2026<\/a><\/h3>\n<\/div>\n<\/div>\n<\/div>\n<\/div>\n<\/div>\n<\/div>\n<div class=\"comments\" id=\"comments\">\n<div id=\"respond\" class=\"comment-respond\">\n<h3 id=\"reply-title\" class=\"comment-reply-title\">L\u0102SA\u021aI UN MESAJ <small><a rel=\"nofollow\" id=\"cancel-comment-reply-link\" href=\"https:\/\/www.tvbuzau.ro\/violenta-domestica-un-fenomen-in-scadere-dar-prezent\/#respond\">Renun\u021ba\u021bi la r\u0103spuns<\/a><\/small><\/h3>\n<\/div>\n<\/div>\n<\/div>\n<div class=\"td-post-content\">\n<div class=\"td-featured-image-rec\">\n<div class=\"wpb_video_wrapper\">\n                    <iframe loading=\"lazy\" id=\"td_youtube_player\" width=\"600\" height=\"560\" src=\"https:\/\/www.youtube.com\/embed\/pov4nF2uTUI?enablejsapi=1&amp;feature=oembed&amp;wmode=opaque&amp;vq=hd720\" frameborder allowfullscreen><\/iframe><\/p><\/div>\n<\/div>\n<p>Sute de ordine de protec\u0163ie emise<br \/>\n\u00cen anul 2025 poli\u0163i\u015ftii buzoieni au r\u0103spuns la peste 6300 de cazuri de violen\u021b\u0103 domestic\u0103. \u00cen cele mai multe dintre situa\u0163ii a fost vorba despre certuri \u00een familie care riscau s\u0103 degenereze, fiind solicitat\u0103 prezen\u0163a autorit\u0103\u0163ilor.<br \/>\nDe asemenea, anul trecut cu acordul victimelor, au fost puse \u00een aplicare peste 120 de m\u0103suri de \u201dobligarea agresorului de a purta permanent un dispozitiv electronic de supraveghere\u201d. \u00cen 62 de cazuri, m\u0103sura monitoriz\u0103rii electronice a fost pus\u0103 \u00een aplicare ca urmare a emiterii de c\u0103tre poli\u021bi\u0219ti a ordinului de protec\u021bie provizoriu. \u00cen 60 de situa\u021bii, m\u0103sura a fost dispus\u0103 de instan\u021be, ca urmare a emiterii ordinelor de protec\u021bie.<br \/>\nPentru infrac\u021biunile de \u00eenc\u0103lcare a  ordinelor de protec\u021bie provizorii sau ordinelor de protec\u021bie, \u00een func\u021bie de gravitate, istoric, antecedentele penale ale agresorului, modalitatea de comitere a faptei, au fost analizate punctual toate cazurile, \u00eempreun\u0103 cu unit\u0103\u021bile de parchet, fiind dispuse 50 de m\u0103suri preventive.<\/p>\n<div class=\"post-views post-118201 entry-meta\"><span class=\"post-views-label\">Post Views: <\/span><span class=\"post-views-count\">135<\/span><\/div>\n<\/div>\n<p>[analyse_source url=&#8221;https:\/\/www.tvbuzau.ro\/violenta-domestica-un-fenomen-in-scadere-dar-prezent\/&#8221;]<\/p>\n","protected":false},"excerpt":{"rendered":"<p>[analyse_image type=&#8221;featured&#8221; src=&#8221;https:\/\/www.tvbuzau.ro\/wp-content\/uploads\/2026\/03\/hqdefault-1.jpghttps:\/\/www.tvbuzau.ro\/wp-content\/uploads\/2026\/03\/hqdefault-1.jpg&#8221;] Actualitate Violen\u0163a domestic\u0103, un fenomen \u00een sc\u0103dere dar prezent De c\u0103tre TV Buz\u0103u &#8211; martie 2, 2026 0 10 Distribui\u021bi pe Facebook Distribui\u021bi pe Twitter tweet Sute de ordine de protec\u0163ie emise \u00cen anul 2025 poli\u0163i\u015ftii buzoieni au r\u0103spuns la peste 6300 de cazuri de violen\u021b\u0103 domestic\u0103. \u00cen cele mai multe dintre [&hellip;]<\/p>\n","protected":false},"author":1,"featured_media":0,"comment_status":"open","ping_status":"","sticky":false,"template":"","format":"standard","meta":{"footnotes":""},"categories":[2],"tags":[226,116],"class_list":["post-1803174","post","type-post","status-publish","format-standard","hentry","category-politics","tag-crawlmanager","tag-tvbuzau-ro"],"_links":{"self":[{"href":"https:\/\/analyse.optim.biz\/index.php?rest_route=\/wp\/v2\/posts\/1803174","targetHints":{"allow":["GET"]}}],"collection":[{"href":"https:\/\/analyse.optim.biz\/index.php?rest_route=\/wp\/v2\/posts"}],"about":[{"href":"https:\/\/analyse.optim.biz\/index.php?rest_route=\/wp\/v2\/types\/post"}],"author":[{"embeddable":true,"href":"https:\/\/analyse.optim.biz\/index.php?rest_route=\/wp\/v2\/users\/1"}],"replies":[{"embeddable":true,"href":"https:\/\/analyse.optim.biz\/index.php?rest_route=%2Fwp%2Fv2%2Fcomments&post=1803174"}],"version-history":[{"count":0,"href":"https:\/\/analyse.optim.biz\/index.php?rest_route=\/wp\/v2\/posts\/1803174\/revisions"}],"wp:attachment":[{"href":"https:\/\/analyse.optim.biz\/index.php?rest_route=%2Fwp%2Fv2%2Fmedia&parent=1803174"}],"wp:term":[{"taxonomy":"category","embeddable":true,"href":"https:\/\/analyse.optim.biz\/index.php?rest_route=%2Fwp%2Fv2%2Fcategories&post=1803174"},{"taxonomy":"post_tag","embeddable":true,"href":"https:\/\/analyse.optim.biz\/index.php?rest_route=%2Fwp%2Fv2%2Ftags&post=1803174"}],"curies":[{"name":"wp","href":"https:\/\/api.w.org\/{rel}","templated":true}]}}