{"id":1803054,"date":"2026-03-02T10:28:47","date_gmt":"2026-03-02T07:28:47","guid":{"rendered":"https:\/\/analyse.optim.biz\/?p=1803054"},"modified":"2026-03-02T10:28:47","modified_gmt":"2026-03-02T07:28:47","slug":"premiera-in-romania-simonis-anunta-primele-doua-comune-din-timis-care-se-comaseaza","status":"publish","type":"post","link":"https:\/\/analyse.optim.biz\/?p=1803054","title":{"rendered":"Premier\u0103 \u00een Rom\u00e2nia! Simonis anun\u021b\u0103 primele dou\u0103 comune din Timi\u0219 care se comaseaz\u0103"},"content":{"rendered":"<p>[analyse_image type=&#8221;featured&#8221; src=&#8221;https:\/\/gazetadinvest.ro\/wp-content\/uploads\/2026\/03\/simonis.jpg&#8221;]<\/p>\n<div class=\"td-post-content tagdiv-type\">\n<div class=\"td-post-featured-image\"><a href=\"https:\/\/gazetadinvest.ro\/wp-content\/uploads\/2026\/03\/simonis.jpg\" data-caption><img loading=\"lazy\" decoding=\"async\" width=\"590\" height=\"394\" class=\"entry-thumb td-modal-image\" src=\"https:\/\/gazetadinvest.ro\/wp-content\/uploads\/2026\/03\/simonis.jpg\" alt title=\"simonis\"><\/a><\/div>\n<p><strong>\u00cen urma anun\u021bului f\u0103cut de pre\u0219edintele CJT Alfred Simonis, cu privire la stimulentul acordat pentru comasarea localit\u0103\u021bilor, primele dou\u0103 prim\u0103rii din jude\u021bul Timi\u0219 au decis s\u0103 fac\u0103 pasul spre fuziune. Este vorba despre Fibi\u0219 \u0219i Ma\u0219loc.<\/strong><\/p>\n<p>Ast\u0103zi, \u00een plenul Consiliului Jude\u021bean Timi\u0219, primarii celor dou\u0103 localit\u0103\u021bi \u2013 Ionel Lupu (Ma\u0219loc) \u0219i Gheorghe Carcea (Fibi\u0219), au anun\u021bat oficial inten\u021bia de a se uni \u0219i de a forma o singur\u0103 comun\u0103.<\/p>\n<p><em>\u201eComasarea celor dou\u0103 comune, conduse de primari PNL, nu reprezint\u0103 o decizie simbolic\u0103, ci un demers administrativ concret. Aceast\u0103 fuziune poate conduce la o utilizare mai eficient\u0103 a banilor publici, la optimizarea administra\u021biei locale \u0219i la cre\u0219terea capacit\u0103\u021bii de atragere a fondurilor europene. Procesul de unificare va presupune parcurgerea tuturor etapelor legale, inclusiv consultarea popula\u021biei prin referendum. Semnalul transmis ast\u0103zi este \u00eens\u0103 unul clar: exist\u0103 voin\u021b\u0103 \u0219i asumare.<\/em><\/p>\n<p><em>Suntem primul Consiliu Jude\u021bean din Rom\u00e2nia care nu doar a declarat c\u0103 sus\u021bine comasarea localit\u0103\u021bilor, ci a venit cu o ini\u021biativ\u0103 concret\u0103, acordarea de stimulente financiare din bugetul CJ Timi\u0219 pentru localit\u0103\u021bile care decid s\u0103 fac\u0103 acest pas. Pe de o parte, vorbim despre economii de milioane de lei anual, generate prin reducerea cheltuielilor administrative: un singur primar, un singur viceprimar, un singur Consiliu Local si eliminarea dubl\u0103rii unor posturi din aparatul administrativ. Pe de alt\u0103 parte, dep\u0103\u0219irea pragului de 2.000 de locuitori \u00eenseamn\u0103 acces mai usor la finan\u021b\u0103ri europene \u0219i la programe care, altfel, r\u0103m\u00e2n inaccesibile comunelor foarte mici.<\/em><\/p>\n<p><em>Este un stimulent pe care \u00eel vom sus\u021bine exclusiv din bugetul CJ Timi\u0219 \u0219i pe care consider c\u0103 Guvernul Rom\u00e2niei ar trebui s\u0103 \u00eel dubleze, dac\u0103 ne dorim rezultate la nivel na\u021bional.<\/em><\/p>\n<p><em>Vreau s\u0103 \u00eei felicit pe cei doi primari pentru c\u0103 sunt primii din jude\u021bul Timi\u0219 care au avut curajul s\u0103 ia aceast\u0103 decizie. Este un proces lung \u0219i anevoios. \u00cen toamna acestui an, cel mai probabil, atunci cand vor fi organizate referendumurile, va trebui s\u0103 mergem \u00een cele doua comune \u0219i s\u0103 explic\u0103m oamenilor avantajele acestei unific\u0103ri.<\/em><\/p>\n<p><em>Prin urmare, vorbim despre un model de succes care poate deveni \u00eenceputul unei reforme administrative ample \u00een Rom\u00e2nia, cu condi\u021bia ca aceasta s\u0103 fie aplicat\u0103 la scar\u0103 larg\u0103 \u0219i sus\u021binut\u0103 coerent la nivel na\u021bional de catre guvern\u201d<\/em>, a transmis ast\u0103zi Simonis.<\/p>\n<p>\u00a0<\/p>\n<p>\u00a0<\/p>\n<p>\u00a0<\/p>\n<\/div>\n<div class=\"td-post-content tagdiv-type\">\n<div class=\"td-post-featured-image\"><a href=\"https:\/\/gazetadinvest.ro\/wp-content\/uploads\/2026\/03\/simonis.jpg\" data-caption><img loading=\"lazy\" decoding=\"async\" width=\"590\" height=\"394\" class=\"entry-thumb td-modal-image\" src=\"https:\/\/gazetadinvest.ro\/wp-content\/uploads\/2026\/03\/simonis.jpg\" alt title=\"simonis\"><\/a><\/div>\n<p><strong>\u00cen urma anun\u021bului f\u0103cut de pre\u0219edintele CJT Alfred Simonis, cu privire la stimulentul acordat pentru comasarea localit\u0103\u021bilor, primele dou\u0103 prim\u0103rii din jude\u021bul Timi\u0219 au decis s\u0103 fac\u0103 pasul spre fuziune. Este vorba despre Fibi\u0219 \u0219i Ma\u0219loc.<\/strong><\/p>\n<p>Ast\u0103zi, \u00een plenul Consiliului Jude\u021bean Timi\u0219, primarii celor dou\u0103 localit\u0103\u021bi \u2013 Ionel Lupu (Ma\u0219loc) \u0219i Gheorghe Carcea (Fibi\u0219), au anun\u021bat oficial inten\u021bia de a se uni \u0219i de a forma o singur\u0103 comun\u0103.<\/p>\n<p><em>\u201eComasarea celor dou\u0103 comune, conduse de primari PNL, nu reprezint\u0103 o decizie simbolic\u0103, ci un demers administrativ concret. Aceast\u0103 fuziune poate conduce la o utilizare mai eficient\u0103 a banilor publici, la optimizarea administra\u021biei locale \u0219i la cre\u0219terea capacit\u0103\u021bii de atragere a fondurilor europene. Procesul de unificare va presupune parcurgerea tuturor etapelor legale, inclusiv consultarea popula\u021biei prin referendum. Semnalul transmis ast\u0103zi este \u00eens\u0103 unul clar: exist\u0103 voin\u021b\u0103 \u0219i asumare.<\/em><\/p>\n<p><em>Suntem primul Consiliu Jude\u021bean din Rom\u00e2nia care nu doar a declarat c\u0103 sus\u021bine comasarea localit\u0103\u021bilor, ci a venit cu o ini\u021biativ\u0103 concret\u0103, acordarea de stimulente financiare din bugetul CJ Timi\u0219 pentru localit\u0103\u021bile care decid s\u0103 fac\u0103 acest pas. Pe de o parte, vorbim despre economii de milioane de lei anual, generate prin reducerea cheltuielilor administrative: un singur primar, un singur viceprimar, un singur Consiliu Local si eliminarea dubl\u0103rii unor posturi din aparatul administrativ. Pe de alt\u0103 parte, dep\u0103\u0219irea pragului de 2.000 de locuitori \u00eenseamn\u0103 acces mai usor la finan\u021b\u0103ri europene \u0219i la programe care, altfel, r\u0103m\u00e2n inaccesibile comunelor foarte mici.<\/em><\/p>\n<p><em>Este un stimulent pe care \u00eel vom sus\u021bine exclusiv din bugetul CJ Timi\u0219 \u0219i pe care consider c\u0103 Guvernul Rom\u00e2niei ar trebui s\u0103 \u00eel dubleze, dac\u0103 ne dorim rezultate la nivel na\u021bional.<\/em><\/p>\n<p><em>Vreau s\u0103 \u00eei felicit pe cei doi primari pentru c\u0103 sunt primii din jude\u021bul Timi\u0219 care au avut curajul s\u0103 ia aceast\u0103 decizie. Este un proces lung \u0219i anevoios. \u00cen toamna acestui an, cel mai probabil, atunci cand vor fi organizate referendumurile, va trebui s\u0103 mergem \u00een cele doua comune \u0219i s\u0103 explic\u0103m oamenilor avantajele acestei unific\u0103ri.<\/em><\/p>\n<p><em>Prin urmare, vorbim despre un model de succes care poate deveni \u00eenceputul unei reforme administrative ample \u00een Rom\u00e2nia, cu condi\u021bia ca aceasta s\u0103 fie aplicat\u0103 la scar\u0103 larg\u0103 \u0219i sus\u021binut\u0103 coerent la nivel na\u021bional de catre guvern\u201d<\/em>, a transmis ast\u0103zi Simonis.<\/p>\n<p>\u00a0<\/p>\n<p>\u00a0<\/p>\n<p>\u00a0<\/p>\n<\/div>\n<p>[analyse_source url=&#8221;https:\/\/gazetadinvest.ro\/premiera-in-romania-simonis-anunta-primele-doua-comune-din-timis-care-se-comaseaza\/&#8221;]<\/p>\n","protected":false},"excerpt":{"rendered":"<p>[analyse_image type=&#8221;featured&#8221; src=&#8221;https:\/\/gazetadinvest.ro\/wp-content\/uploads\/2026\/03\/simonis.jpg&#8221;] \u00cen urma anun\u021bului f\u0103cut de pre\u0219edintele CJT Alfred Simonis, cu privire la stimulentul acordat pentru comasarea localit\u0103\u021bilor, primele dou\u0103 prim\u0103rii din jude\u021bul Timi\u0219 au decis s\u0103 fac\u0103 pasul spre fuziune. Este vorba despre Fibi\u0219 \u0219i Ma\u0219loc. Ast\u0103zi, \u00een plenul Consiliului Jude\u021bean Timi\u0219, primarii celor dou\u0103 localit\u0103\u021bi \u2013 Ionel Lupu (Ma\u0219loc) \u0219i Gheorghe [&hellip;]<\/p>\n","protected":false},"author":1,"featured_media":0,"comment_status":"open","ping_status":"","sticky":false,"template":"","format":"standard","meta":{"footnotes":""},"categories":[89],"tags":[226,203],"class_list":["post-1803054","post","type-post","status-publish","format-standard","hentry","category-romania","tag-crawlmanager","tag-gazetadinvest-ro"],"_links":{"self":[{"href":"https:\/\/analyse.optim.biz\/index.php?rest_route=\/wp\/v2\/posts\/1803054","targetHints":{"allow":["GET"]}}],"collection":[{"href":"https:\/\/analyse.optim.biz\/index.php?rest_route=\/wp\/v2\/posts"}],"about":[{"href":"https:\/\/analyse.optim.biz\/index.php?rest_route=\/wp\/v2\/types\/post"}],"author":[{"embeddable":true,"href":"https:\/\/analyse.optim.biz\/index.php?rest_route=\/wp\/v2\/users\/1"}],"replies":[{"embeddable":true,"href":"https:\/\/analyse.optim.biz\/index.php?rest_route=%2Fwp%2Fv2%2Fcomments&post=1803054"}],"version-history":[{"count":0,"href":"https:\/\/analyse.optim.biz\/index.php?rest_route=\/wp\/v2\/posts\/1803054\/revisions"}],"wp:attachment":[{"href":"https:\/\/analyse.optim.biz\/index.php?rest_route=%2Fwp%2Fv2%2Fmedia&parent=1803054"}],"wp:term":[{"taxonomy":"category","embeddable":true,"href":"https:\/\/analyse.optim.biz\/index.php?rest_route=%2Fwp%2Fv2%2Fcategories&post=1803054"},{"taxonomy":"post_tag","embeddable":true,"href":"https:\/\/analyse.optim.biz\/index.php?rest_route=%2Fwp%2Fv2%2Ftags&post=1803054"}],"curies":[{"name":"wp","href":"https:\/\/api.w.org\/{rel}","templated":true}]}}