{"id":1803053,"date":"2026-03-02T14:33:37","date_gmt":"2026-03-02T11:33:37","guid":{"rendered":"https:\/\/analyse.optim.biz\/?p=1803053"},"modified":"2026-03-02T14:33:37","modified_gmt":"2026-03-02T11:33:37","slug":"mithras-de-la-orientalismul-ezoteric-la-arheologia-practicilor-sociale-un-nou-eveniment-in-cadrul-conferintelor-arheotim","status":"publish","type":"post","link":"https:\/\/analyse.optim.biz\/?p=1803053","title":{"rendered":"\u201eMithras \u2013 de la orientalismul ezoteric la arheologia practicilor sociale\u201d, un nou eveniment \u00een cadrul Conferin\u021belor Arheotim"},"content":{"rendered":"<p>[analyse_image type=&#8221;featured&#8221; src=&#8221;https:\/\/gazetadinvest.ro\/wp-content\/uploads\/2026\/03\/uvt.jpg&#8221;]<\/p>\n<div class=\"td-post-content tagdiv-type\">\n<div class=\"td-post-featured-image\"><a href=\"https:\/\/gazetadinvest.ro\/wp-content\/uploads\/2026\/03\/uvt.jpg\" data-caption><img loading=\"lazy\" decoding=\"async\" width=\"696\" height=\"354\" class=\"entry-thumb td-modal-image\" src=\"https:\/\/gazetadinvest.ro\/wp-content\/uploads\/2026\/03\/uvt-696x354.jpg\" alt title=\"uvt\"><\/a><\/div>\n<p><strong>Universitatea de Vest din Timi\u0219oara (UVT), prin Facultatea de Litere, Istorie, Filosofie \u0219i Teologie, continu\u0103 seria evenimentelor dedicate publicului larg printr-o nou\u0103 \u00eent\u00e2lnire din cadrul \u201eConferin\u021belor Arheotim\u201d, proiect care aduce \u00een prim-plan teme relevante din domeniul arheologiei \u0219i istoriei antice, prezentate de speciali\u0219ti recunoscu\u021bi la nivel na\u021bional \u0219i interna\u021bional.<\/strong><\/p>\n<p>Noua conferin\u021b\u0103 propune o incursiune \u00eentr-una dintre cele mai fascinante teme ale istoriei religiilor antice: cultul lui Mithras, oferind o perspectiv\u0103 actual\u0103 \u0219i bine fundamentat\u0103 \u0219tiin\u021bific asupra unui fenomen religios care, de-a lungul timpului, a fost \u00eenconjurat de interpret\u0103ri spectaculoase, ipoteze \u00eendr\u0103zne\u021be \u0219i numeroase mituri moderne.<\/p>\n<p>Invitata evenimentului este Mariana Elena Egri, dr. habil., cercet\u0103tor \u0219tiin\u021bific II la Institutul de Arheologie \u0219i Istoria Artei al Academiei Rom\u00e2ne, filiala Cluj, \u0219i conferen\u021biar universitar la Universitatea Babe\u0219-Bolyai. Specialist\u0103 \u00een arheologia epocii t\u00e2rzii a fierului \u0219i a perioadei romane, cu studii doctorale la University of Cambridge, Mariana Egri este recunoscut\u0103 interna\u021bional pentru cercet\u0103rile sale privind interac\u021biunile culturale, practicile rituale \u0219i dinamica identit\u0103\u021bilor \u00een lumea antic\u0103.<\/p>\n<p>Conferin\u021ba, intitulat\u0103 \u201eMithras \u2013 de la orientalismul ezoteric la arheologia practicilor sociale\u201d, porne\u0219te de la istoria cercet\u0103rii acestui cult, intrat \u00een aten\u021bia mediului academic odat\u0103 cu publicarea lucr\u0103rii lui Franz Cumont la sf\u00e2r\u0219itul secolului al XIX-lea. Lipsa izvoarelor scrise, iconografia bogat\u0103 \u00een simboluri \u0219i utilizarea termenului de \u201emistere\u201d au contribuit la construirea unei aure ezoterice \u00een jurul cultului mithraic. \u00cen imaginarul modern, Mithras a fost adesea prezentat fie ca un predecesor, fie ca un rival al cre\u0219tinismului \u2013 interpret\u0103ri care sunt ast\u0103zi reevaluate critic.<\/p>\n<p>Pornind de la cercet\u0103rile arheologice interdisciplinare din ultimele dou\u0103 decenii, conferin\u021ba propune o schimbare de perspectiv\u0103: de la analiza exclusiv iconografic\u0103 \u0219i simbolic\u0103 la \u00een\u021belegerea practicilor rituale \u0219i a comunit\u0103\u021bilor care au dat via\u021b\u0103 acestui cult. Accentul cade pe analiza contextual\u0103 a materialelor arheologice \u0219i pe reconstituirea \u201ebiografiei\u201d siturilor pentru a \u00een\u021belege modul concret \u00een care ritualul structura experien\u021ba religioas\u0103 \u0219i rela\u021bia cu divinitatea.<\/p>\n<p>Evenimentul este organizat de Universitatea de Vest din Timi\u0219oara (UVT), prin Facultatea de Litere, Istorie, Filosofie \u0219i Teologie, \u00een parteneriat cu Institutul de Studii Avansate de Mediu (ICAM), \u00een cadrul seriei \u201eConferin\u021bele Arheotim\u201d, reafirm\u00e2nd angajamentul institu\u021biei pentru deschiderea universit\u0103\u021bii c\u0103tre comunitate \u0219i pentru promovarea educa\u021biei dincolo de spa\u021biul tradi\u021bional al s\u0103lilor de curs.<\/p>\n<p>Conferin\u021ba va avea loc miercuri, 5 martie 2026, de la ora 18:00, \u00een Amfiteatrul ICAM, Strada Oituz nr. 4, Timi\u0219oara, accesul fiind liber pentru to\u021bi cei interesa\u021bi.<\/p>\n<p>Prin organizarea unor asemenea \u00eent\u00e2lniri academice deschise publicului larg, UVT \u00ee\u0219i consolideaz\u0103 rolul de actor cultural activ al ora\u0219ului, facilit\u00e2nd dialogul direct dintre cercet\u0103tori \u0219i societate. Studen\u021bii, profesorii, cercet\u0103torii, dar \u0219i publicul pasionat de istorie \u0219i arheologie au ocazia de a intra \u00een contact cu cercetarea contemporan\u0103 \u0219i cu teme relevante pentru \u00een\u021belegerea patrimoniului cultural european.<\/p>\n<\/div>\n<div class=\"td-post-content tagdiv-type\">\n<div class=\"td-post-featured-image\"><a href=\"https:\/\/gazetadinvest.ro\/wp-content\/uploads\/2026\/03\/uvt.jpg\" data-caption><img loading=\"lazy\" decoding=\"async\" width=\"696\" height=\"354\" class=\"entry-thumb td-modal-image\" src=\"https:\/\/gazetadinvest.ro\/wp-content\/uploads\/2026\/03\/uvt-696x354.jpg\" alt title=\"uvt\"><\/a><\/div>\n<p><strong>Universitatea de Vest din Timi\u0219oara (UVT), prin Facultatea de Litere, Istorie, Filosofie \u0219i Teologie, continu\u0103 seria evenimentelor dedicate publicului larg printr-o nou\u0103 \u00eent\u00e2lnire din cadrul \u201eConferin\u021belor Arheotim\u201d, proiect care aduce \u00een prim-plan teme relevante din domeniul arheologiei \u0219i istoriei antice, prezentate de speciali\u0219ti recunoscu\u021bi la nivel na\u021bional \u0219i interna\u021bional.<\/strong><\/p>\n<p>Noua conferin\u021b\u0103 propune o incursiune \u00eentr-una dintre cele mai fascinante teme ale istoriei religiilor antice: cultul lui Mithras, oferind o perspectiv\u0103 actual\u0103 \u0219i bine fundamentat\u0103 \u0219tiin\u021bific asupra unui fenomen religios care, de-a lungul timpului, a fost \u00eenconjurat de interpret\u0103ri spectaculoase, ipoteze \u00eendr\u0103zne\u021be \u0219i numeroase mituri moderne.<\/p>\n<p>Invitata evenimentului este Mariana Elena Egri, dr. habil., cercet\u0103tor \u0219tiin\u021bific II la Institutul de Arheologie \u0219i Istoria Artei al Academiei Rom\u00e2ne, filiala Cluj, \u0219i conferen\u021biar universitar la Universitatea Babe\u0219-Bolyai. Specialist\u0103 \u00een arheologia epocii t\u00e2rzii a fierului \u0219i a perioadei romane, cu studii doctorale la University of Cambridge, Mariana Egri este recunoscut\u0103 interna\u021bional pentru cercet\u0103rile sale privind interac\u021biunile culturale, practicile rituale \u0219i dinamica identit\u0103\u021bilor \u00een lumea antic\u0103.<\/p>\n<p>Conferin\u021ba, intitulat\u0103 \u201eMithras \u2013 de la orientalismul ezoteric la arheologia practicilor sociale\u201d, porne\u0219te de la istoria cercet\u0103rii acestui cult, intrat \u00een aten\u021bia mediului academic odat\u0103 cu publicarea lucr\u0103rii lui Franz Cumont la sf\u00e2r\u0219itul secolului al XIX-lea. Lipsa izvoarelor scrise, iconografia bogat\u0103 \u00een simboluri \u0219i utilizarea termenului de \u201emistere\u201d au contribuit la construirea unei aure ezoterice \u00een jurul cultului mithraic. \u00cen imaginarul modern, Mithras a fost adesea prezentat fie ca un predecesor, fie ca un rival al cre\u0219tinismului \u2013 interpret\u0103ri care sunt ast\u0103zi reevaluate critic.<\/p>\n<p>Pornind de la cercet\u0103rile arheologice interdisciplinare din ultimele dou\u0103 decenii, conferin\u021ba propune o schimbare de perspectiv\u0103: de la analiza exclusiv iconografic\u0103 \u0219i simbolic\u0103 la \u00een\u021belegerea practicilor rituale \u0219i a comunit\u0103\u021bilor care au dat via\u021b\u0103 acestui cult. Accentul cade pe analiza contextual\u0103 a materialelor arheologice \u0219i pe reconstituirea \u201ebiografiei\u201d siturilor pentru a \u00een\u021belege modul concret \u00een care ritualul structura experien\u021ba religioas\u0103 \u0219i rela\u021bia cu divinitatea.<\/p>\n<p>Evenimentul este organizat de Universitatea de Vest din Timi\u0219oara (UVT), prin Facultatea de Litere, Istorie, Filosofie \u0219i Teologie, \u00een parteneriat cu Institutul de Studii Avansate de Mediu (ICAM), \u00een cadrul seriei \u201eConferin\u021bele Arheotim\u201d, reafirm\u00e2nd angajamentul institu\u021biei pentru deschiderea universit\u0103\u021bii c\u0103tre comunitate \u0219i pentru promovarea educa\u021biei dincolo de spa\u021biul tradi\u021bional al s\u0103lilor de curs.<\/p>\n<p>Conferin\u021ba va avea loc miercuri, 5 martie 2026, de la ora 18:00, \u00een Amfiteatrul ICAM, Strada Oituz nr. 4, Timi\u0219oara, accesul fiind liber pentru to\u021bi cei interesa\u021bi.<\/p>\n<p>Prin organizarea unor asemenea \u00eent\u00e2lniri academice deschise publicului larg, UVT \u00ee\u0219i consolideaz\u0103 rolul de actor cultural activ al ora\u0219ului, facilit\u00e2nd dialogul direct dintre cercet\u0103tori \u0219i societate. Studen\u021bii, profesorii, cercet\u0103torii, dar \u0219i publicul pasionat de istorie \u0219i arheologie au ocazia de a intra \u00een contact cu cercetarea contemporan\u0103 \u0219i cu teme relevante pentru \u00een\u021belegerea patrimoniului cultural european.<\/p>\n<\/div>\n<p>[analyse_source url=&#8221;https:\/\/gazetadinvest.ro\/mithras-de-la-orientalismul-ezoteric-la-arheologia-practicilor-sociale-un-nou-eveniment-in-cadrul-conferintelor-arheotim\/&#8221;]<\/p>\n","protected":false},"excerpt":{"rendered":"<p>[analyse_image type=&#8221;featured&#8221; src=&#8221;https:\/\/gazetadinvest.ro\/wp-content\/uploads\/2026\/03\/uvt.jpg&#8221;] Universitatea de Vest din Timi\u0219oara (UVT), prin Facultatea de Litere, Istorie, Filosofie \u0219i Teologie, continu\u0103 seria evenimentelor dedicate publicului larg printr-o nou\u0103 \u00eent\u00e2lnire din cadrul \u201eConferin\u021belor Arheotim\u201d, proiect care aduce \u00een prim-plan teme relevante din domeniul arheologiei \u0219i istoriei antice, prezentate de speciali\u0219ti recunoscu\u021bi la nivel na\u021bional \u0219i interna\u021bional. Noua conferin\u021b\u0103 propune [&hellip;]<\/p>\n","protected":false},"author":1,"featured_media":0,"comment_status":"open","ping_status":"","sticky":false,"template":"","format":"standard","meta":{"footnotes":""},"categories":[89],"tags":[226,203],"class_list":["post-1803053","post","type-post","status-publish","format-standard","hentry","category-romania","tag-crawlmanager","tag-gazetadinvest-ro"],"_links":{"self":[{"href":"https:\/\/analyse.optim.biz\/index.php?rest_route=\/wp\/v2\/posts\/1803053","targetHints":{"allow":["GET"]}}],"collection":[{"href":"https:\/\/analyse.optim.biz\/index.php?rest_route=\/wp\/v2\/posts"}],"about":[{"href":"https:\/\/analyse.optim.biz\/index.php?rest_route=\/wp\/v2\/types\/post"}],"author":[{"embeddable":true,"href":"https:\/\/analyse.optim.biz\/index.php?rest_route=\/wp\/v2\/users\/1"}],"replies":[{"embeddable":true,"href":"https:\/\/analyse.optim.biz\/index.php?rest_route=%2Fwp%2Fv2%2Fcomments&post=1803053"}],"version-history":[{"count":0,"href":"https:\/\/analyse.optim.biz\/index.php?rest_route=\/wp\/v2\/posts\/1803053\/revisions"}],"wp:attachment":[{"href":"https:\/\/analyse.optim.biz\/index.php?rest_route=%2Fwp%2Fv2%2Fmedia&parent=1803053"}],"wp:term":[{"taxonomy":"category","embeddable":true,"href":"https:\/\/analyse.optim.biz\/index.php?rest_route=%2Fwp%2Fv2%2Fcategories&post=1803053"},{"taxonomy":"post_tag","embeddable":true,"href":"https:\/\/analyse.optim.biz\/index.php?rest_route=%2Fwp%2Fv2%2Ftags&post=1803053"}],"curies":[{"name":"wp","href":"https:\/\/api.w.org\/{rel}","templated":true}]}}