{"id":1803050,"date":"2026-02-28T08:57:23","date_gmt":"2026-02-28T05:57:23","guid":{"rendered":"https:\/\/analyse.optim.biz\/?p=1803050"},"modified":"2026-02-28T08:57:23","modified_gmt":"2026-02-28T05:57:23","slug":"uvt-pentru-elevi-concursuri-premii-si-sansa-de-a-ti-descoperi-pasiunea","status":"publish","type":"post","link":"https:\/\/analyse.optim.biz\/?p=1803050","title":{"rendered":"UVT pentru elevi: concursuri, premii \u0219i \u0219ansa de a-\u021bi descoperi pasiunea"},"content":{"rendered":"<p>[analyse_image type=&#8221;featured&#8221; src=&#8221;https:\/\/gazetadinvest.ro\/wp-content\/uploads\/2026\/02\/uvtul-1-scaled.jpg&#8221;]<\/p>\n<div class=\"td-post-content tagdiv-type\">\n<div class=\"td-post-featured-image\"><a href=\"https:\/\/gazetadinvest.ro\/wp-content\/uploads\/2026\/02\/uvtul-1-scaled.jpg\" data-caption><img loading=\"lazy\" decoding=\"async\" width=\"696\" height=\"364\" class=\"entry-thumb td-modal-image\" src=\"https:\/\/gazetadinvest.ro\/wp-content\/uploads\/2026\/02\/uvtul-1-696x364.jpg\" alt title=\"uvtul\"><\/a><\/div>\n<p><strong>Universitatea de Vest din Timi\u0219oara (UVT) \u00ee\u0219i propune, an de an, s\u0103 fie al\u0103turi de elevi \u0219i s\u0103 le ofere sprijin real \u00een parcursul lor educa\u021bional. Printr-o varietate de activit\u0103\u021bi \u0219i evenimente, ne dorim s\u0103 \u00eencuraj\u0103m performan\u021ba, curiozitatea \u0219i dezvoltarea academic\u0103 a tinerilor.<\/strong><\/p>\n<p>\u00cen acest sens, am creat programul UVT pentru elevi, un pachet complex de oportunit\u0103\u021bi dedicate mediului preuniversitar, care include sesiuni de preg\u0103tire pentru examenul de bacalaureat, concursuri pentru elevi, webinare de dezvoltare personal\u0103 \u0219i activit\u0103\u021bi de consiliere individual\u0103 \u00een carier\u0103.<\/p>\n<p>Astfel, facult\u0103\u021bile UVT organizeaz\u0103 26 de concursuri dedicate elevilor, \u00een 16 domenii de studii diferite. Aceste competi\u021bii ofer\u0103 elevilor \u0219ansa de a c\u00e2\u0219tiga premii \u0219i inclusiv de a ob\u021bine facilit\u0103\u021bi \u00een procesul de admitere la studiile universitare de la UVT, conform prevederilor regulamentelor de organizare \u0219i desf\u0103\u0219urare a concursurilor \u0219i a procesului de admitere.<\/p>\n<p class=\"yiv6759309945default\"><strong>Lista concursurilor<\/strong> \u0219i regulamentele acestora poate fi consultat\u0103 mai jos, iar mai multe detalii se reg\u0103sesc \u0219i <a href=\"https:\/\/r.newsletterdci.e-uvt.ro\/mk\/cl\/f\/sh\/7nVU1aA2nfwFRN51LKP11F0mNmuJqeE\/P2LhJvbcIzNT\" target=\"_blank\" rel=\"nofollow noopener noreferrer\">AICI<\/a>:<\/p>\n<ul>\n<li><strong>Facultatea de Arte \u0219i Design<\/strong>\n<ul>\n<li><a href=\"https:\/\/r.newsletterdci.e-uvt.ro\/mk\/cl\/f\/sh\/7nVU1aA2nfy8QtaKJtdT3bKaY9P6aak\/Or2qaZ2sPSNA\" target=\"_blank\" rel=\"nofollow noopener noreferrer\">Concursul na\u021bional PASAJE<\/a>: \u00eenscriere p\u00e2n\u0103 \u00een data de 12.06.2026. Se adreseaz\u0103 elevilor claselor a XII-a, din licee cu profil artistic, dar \u0219i cu alte profiluri, c\u00e2t timp exist\u0103 preocuparea \u0219i aptitudinea de a crea.<\/li>\n<\/ul>\n<\/li>\n<\/ul>\n<ul>\n<li><strong>Facultatea de Chimie, Biologie, Geografie<\/strong>\n<ul>\n<li>Concursul na\u021bional\u00a0<a href=\"https:\/\/r.newsletterdci.e-uvt.ro\/mk\/cl\/f\/sh\/7nVU1aA2ng01QQ5dISrv5xeOiVttKXG\/12Na6W1_Nv4p\" target=\"_blank\" rel=\"nofollow noopener noreferrer\">BIOS<\/a>: \u00eenscriere p\u00e2n\u0103 \u00een data de 30.04.2026, iar probele de concurs se desf\u0103\u0219oar\u0103 \u00een 16.05.2026. Se adreseaz\u0103 elevilor claselor IX-XII, inclusiv, de la toate profilurile de studiu.<\/li>\n<li>Concursul na\u021bional\u00a0<a href=\"https:\/\/r.newsletterdci.e-uvt.ro\/mk\/cl\/f\/sh\/7nVU1aA2ng1uPwawH26N8JyCssOg4Tm\/NqC0lsJaYLia\" target=\"_blank\" rel=\"nofollow noopener noreferrer\">GEOMONDIS<\/a>: \u00eenscriere p\u00e2n\u0103 \u00een data de 02.03.2026 \u0219i desf\u0103\u0219urare \u00een perioada 28-29.03.2026. Se adreseaz\u0103\u00a0<strong>elevilor pasiona\u021bi de geografie din clasele IX\u2013XII<\/strong>.<\/li>\n<\/ul>\n<\/li>\n<\/ul>\n<ul>\n<li><strong>Facultatea de Economie \u0219i de Administrare a Afacerilor<\/strong>\n<ul>\n<li><a href=\"https:\/\/r.newsletterdci.e-uvt.ro\/mk\/cl\/f\/sh\/7nVU1aA2ng3nPT6FFbKpAgI13EtSoQI\/ei8PkX2_Gxi0\" target=\"_blank\" rel=\"nofollow noopener noreferrer\">FEAA ECONOMICA RIPENSIS<\/a>: \u00eenscriere p\u00e2n\u0103 \u00een data de 5.03.2026, desf\u0103\u0219urare 14 martie 2026. Se adreseaz\u0103\u00a0<strong>elevilor liceelor cu profil economic \u0219i altor elevi interesa\u021bi de economie \u0219i administrarea afacerilor<\/strong>.<\/li>\n<\/ul>\n<\/li>\n<\/ul>\n<ul>\n<li><strong>Facultatea de Fizic\u0103 \u0219i Matematic\u0103<\/strong>\n<ul>\n<li><a href=\"https:\/\/r.newsletterdci.e-uvt.ro\/mk\/cl\/f\/sh\/7nVU1aA2ng5gOzbYEAZHD2bpDbOFYMo\/VRdBUAzXBEep\" target=\"_blank\" rel=\"nofollow noopener noreferrer\">Concursul FFM<\/a> cuprinde concursul de\u00a0<strong>Fizic\u0103 \u201eConstantin S\u0103lceanu\u201d<\/strong> adresat elevilor din toate clasele de liceu (IX\u2013XII), iar pentru acesta sunt obligatorii toate subiectele din dou\u0103 arii tematice, la alegere, din urm\u0103toarele patru: mecanic\u0103, elemente de termodinamic\u0103, producerea \u0219i utilizarea curentului continuu \u0219i optic\u0103 \u0219i\u00a0<strong>concursul de Matematic\u0103\u00a0<\/strong>care se adreseaz\u0103 elevilor de liceu din clasele a XI-a \u0219i a XII-a, (denumite \u00een continuare \u201esec\u021biuni\u201d) subiectele fiind elaborate separat pentru fiecare clas\u0103, toate subiectele prezentate pe foaia de concurs a unei clase fiind obligatorii. \u00censcrierea se face p\u00e2n\u0103 la data de 15.03.2026 pentru concursul de<strong>\u00a0Fizic\u0103<\/strong> \u0219i p\u00e2n\u0103 la data de 19.04.2026 pentru\u00a0<strong>concursul de Matematic\u0103<\/strong>, iar probele se desf\u0103\u0219oar\u0103 \u00een 28.03.2026 pentru concursul de Fizic\u0103 \u0219i 25.04.2026 pentru concursul de Matematic\u0103.<\/li>\n<\/ul>\n<\/li>\n<\/ul>\n<ul>\n<li><strong>Facultatea de Litere, Istorie, Filosofie \u0219i Teologie<\/strong>\n<ul>\n<li>Domeniul\u00a0<em>Filosofie<\/em>: Concursul na\u021bional \u201e<a href=\"https:\/\/r.newsletterdci.e-uvt.ro\/mk\/cl\/f\/sh\/7nVU1aA2ng7ZOW6rCjnjFOvdNxt2IJK\/yJVKyu0xnG3E\" target=\"_blank\" rel=\"nofollow noopener noreferrer\">Din Lumea Sofiei<\/a>\u201d \u2013 perioad\u0103 de \u00eenscriere \u0219i trimitere a lucr\u0103rii p\u00e2n\u0103 \u00een data de 01.06.2026.<\/li>\n<li>Domeniul\u00a0<em>Istorie<\/em>: Concursul na\u021bional de istorie \u201e<a href=\"https:\/\/r.newsletterdci.e-uvt.ro\/mk\/cl\/f\/sh\/7nVU1aA2ng9SO2cABJ2BHlFRYKNp2Fq\/nuCViG_MvNMH\" target=\"_blank\" rel=\"nofollow noopener noreferrer\">Constantin Daicoviciu<\/a>\u201d \u2013 perioada de \u00eenscriere \u0219i de transmitere a lucr\u0103rii p\u00e2n\u0103 \u00een data de 15.05.2026.<\/li>\n<li>Domeniul\u00a0<em>Filologie<\/em>:<\/li>\n<\/ul>\n<\/li>\n<li>Concursul interna\u021bional\u00a0<a href=\"https:\/\/r.newsletterdci.e-uvt.ro\/mk\/cl\/f\/sh\/WCPzyXJTZ6vLwtCkosKduWXaITxMPBAc\/b2rLr0v3cvB3\" target=\"_blank\" rel=\"nofollow noopener noreferrer\">Shades of Meaning \u2013 for High School Students<\/a> \u2013 perioada de \u00eenscriere p\u00e2n\u0103 \u00een 20.04.2026, iar desf\u0103\u0219urarea probelor \u00een data de 25.04.2026;<\/li>\n<li>Concursul interna\u021bional de limba francez\u0103\u00a0<a href=\"https:\/\/r.newsletterdci.e-uvt.ro\/mk\/cl\/f\/sh\/WCPzyXJTZ7390vQ1AxoJgGhNRGqTesmk\/Jb38IjJSyROJ\" target=\"_blank\" rel=\"nofollow noopener noreferrer\">La Pl\u00e9iade<\/a> \u2013 perioada de \u00eenscriere \u0219i de transmitere a lucr\u0103rilor p\u00e2n\u0103 \u00een 15.03.2026;<\/li>\n<li>Concursul na\u021bional de literatur\u0103 \u0219i limb\u0103 german\u0103\u00a0<a href=\"https:\/\/r.newsletterdci.e-uvt.ro\/mk\/cl\/f\/sh\/WCPzyXJTZ7Aw4xdHX3HzS0rAa3jauaOs\/fs0cODc31F4I\" target=\"_blank\" rel=\"nofollow noopener noreferrer\">Deutsche Sprache und Kultur<\/a> \u2013 perioada de \u00eenscriere \u0219i transmitere a lucr\u0103rii p\u00e2n\u0103 \u00een data de 03.04.2026;<\/li>\n<li>Concursul na\u021bional\u00a0<a href=\"https:\/\/r.newsletterdci.e-uvt.ro\/mk\/cl\/f\/sh\/WCPzyXJTZ7Ij8zqXt8lfDl0xiqciAI10\/oBuDnwOOHzeP\" target=\"_blank\" rel=\"nofollow noopener noreferrer\">SCRIVIAMO IN ITALIANO<\/a> \u2013 perioad\u0103 de \u00eenscriere \u0219i transmitere a lucr\u0103rilor p\u00e2n\u0103 \u00een data de 30.03.2026;<\/li>\n<li>Concursul interna\u021bional\u00a0<a href=\"https:\/\/r.newsletterdci.e-uvt.ro\/mk\/cl\/f\/sh\/WCPzyXJTZ7QWD23oFEFKzVAkrdVpPzd8\/PSfy1jrFNQmM\" target=\"_blank\" rel=\"nofollow noopener noreferrer\">Japan the Cool, and I<\/a> \u2013 perioad\u0103 de \u00eenscriere p\u00e2n\u0103 la data de 20.04.2026, iar proba oral\u0103 se va desf\u0103\u0219ura \u00een data de 9.05.2026;<\/li>\n<li>Concursul na\u021bional de limbi \u0219i culturi clasice \u201e<a href=\"https:\/\/r.newsletterdci.e-uvt.ro\/mk\/cl\/f\/sh\/WCPzyXJTZ7YJH4H4bJj0lFKY0QOwfhFG\/0LBcJ2IzTc11\" target=\"_blank\" rel=\"nofollow noopener noreferrer\">Ecaterina Andreica<\/a>\u201d \u2013 perioada de \u00eenscriere \u0219i de transmitere a lucr\u0103rilor p\u00e2n\u0103 \u00een data de 24.04.2026;<\/li>\n<li>Concursul na\u021bional de limba \u0219i literatura rom\u00e2n\u0103 \u201e<a href=\"https:\/\/r.newsletterdci.e-uvt.ro\/mk\/cl\/f\/sh\/WCPzyXJTZ7g6L6UKxPCgWzUL9DI3vOrO\/HHnTeugBV1nf\" target=\"_blank\" rel=\"nofollow noopener noreferrer\">De-a cuvintele \u0219i LITerele<\/a>\u201d \u2013 perioada de \u00eenscriere \u0219i de transmitere a lucr\u0103rilor p\u00e2n\u0103 \u00een data de termen de \u00eenscriere: 29.05.2026;<\/li>\n<li>Concursul na\u021bional\u00a0<a href=\"https:\/\/r.newsletterdci.e-uvt.ro\/mk\/cl\/f\/sh\/WCPzyXJTZ7ntP8hbJUgMIje8I0BBB6TW\/rU_iTnoyXZs1\" target=\"_blank\" rel=\"nofollow noopener noreferrer\">\u0420\u043e\u0441\u0441\u0438\u044f: \u044f\u0437\u044b\u043a \u0438 \u043a\u0443\u043b\u044c\u0442\u0443\u0440\u0430<\/a> (limba rus\u0103) \u2013 perioada de \u00eenscriere \u0219i transmitere a lucr\u0103rilor p\u00e2n\u0103 \u00een data de trimitere lucrare: 07.06.2026;<\/li>\n<li>Concursul na\u021bional\u00a0<a href=\"https:\/\/r.newsletterdci.e-uvt.ro\/mk\/cl\/f\/sh\/WCPzyXJTZ7vgTAurfaA24TnvQn4IQo5e\/euQAmRQ_AVRZ\" target=\"_blank\" rel=\"nofollow noopener noreferrer\">\u0421\u0440\u043f\u0441\u043a\u0430 \u043a\u0443\u043b\u0442\u0443\u0440\u0430 \u0438 \u0446\u0438\u0432\u0438\u043b\u0438\u0437\u0430\u0446\u0438\u0458\u0430: \u043e\u0431\u0438\u0447\u0430\u0458\u0438 \u0438 \u043e\u0431\u0440\u0435\u0434\u0438<\/a> (limba s\u00e2rb\u0103) \u2013 perioada de \u00eenscriere \u0219i transmitere a lucr\u0103rilor p\u00e2n\u0103 la data de 05.06.2026;<\/li>\n<li>Concursul interna\u021bional\u00a0<a href=\"https:\/\/r.newsletterdci.e-uvt.ro\/mk\/cl\/f\/sh\/WCPzyXJTZ83TXD881fdhqDxiZZxPgVhm\/fp4vXHoooZxq\" target=\"_blank\" rel=\"nofollow noopener noreferrer\">El espa\u00f1ol y el mundo<\/a> (limba spaniol\u0103) \u2013 perioada de \u00eenscriere \u0219i transmitere a lucr\u0103rilor p\u00e2n\u0103 la data de 20.06.2026.<\/li>\n<\/ul>\n<ul>\n<li><strong>Facultatea de Informatic\u0103<\/strong>\n<ul>\n<li><a href=\"https:\/\/r.newsletterdci.e-uvt.ro\/mk\/cl\/f\/sh\/WCPzyXJTZ6vNpsjG7qtsMYtu6eJrBv78\/cTPpJ2hQyrBN\" target=\"_blank\" rel=\"nofollow noopener noreferrer\">concursul FI<\/a> este dedicat elevilor de clasa a XI-a \u0219i a XII-a, iar \u00eenscrierea se poate face p\u00e2n\u0103 la data de 19.04.2026, urm\u00e2nd ca proba la disciplina informatic\u0103 s\u0103 se desf\u0103\u0219oare \u00een data de 25.04.2026.<\/li>\n<\/ul>\n<\/li>\n<\/ul>\n<ul>\n<li><strong>Facultatea de Muzic\u0103 \u0219i Teatru<\/strong>\n<ul>\n<li>Concursul interna\u021bional\u00a0<a href=\"https:\/\/r.newsletterdci.e-uvt.ro\/mk\/cl\/f\/sh\/WCPzyXJTZ73AtuwWTwNY8J3hFRCyRcjG\/Uh3fPdOxiH-E\" target=\"_blank\" rel=\"nofollow noopener noreferrer\">ArtsOn<\/a> (muzic\u0103) \u2013 termen de \u00eenscriere 12.03.2026.<\/li>\n<li>Concursul na\u021bional\u00a0<a href=\"https:\/\/r.newsletterdci.e-uvt.ro\/mk\/cl\/f\/sh\/WCPzyXJTZ7Axxx9mq1rDu3DUOE65hKLO\/18KfLPoEbvTZ\" target=\"_blank\" rel=\"nofollow noopener noreferrer\">PepinierArt<\/a> (arta actorului) \u2013 termen de \u00eenscriere 13.03.2026.<\/li>\n<\/ul>\n<\/li>\n<\/ul>\n<ul>\n<li><strong>Facultatea de Sociologie \u0219i Asisten\u021b\u0103 Social\u0103\u00a0<\/strong>\n<ul>\n<li>Concursul<strong>\u00a0<\/strong><a href=\"https:\/\/r.newsletterdci.e-uvt.ro\/mk\/cl\/f\/sh\/WCPzyXJTZ7Il1zN3C7KtfnNHX0zCx1xW\/1VEb3StDQsKW\" target=\"_blank\" rel=\"nofollow noopener noreferrer\">Comunitatea mea \u00een imagini<\/a> \u2013 termen de \u00eenscriere 22.04.2026.<\/li>\n<li><a href=\"https:\/\/r.newsletterdci.e-uvt.ro\/mk\/cl\/f\/sh\/WCPzyXJTZ7QY61aJYCoZRXX4fnsKCjZe\/E0VhNpU8edyZ\" target=\"_blank\" rel=\"nofollow noopener noreferrer\">Olimpiada de altruism<\/a> \u2013 \u00eenscriere \u0219i trimitere lucrare p\u00e2n\u0103 \u00een data de 22.04.2026.<\/li>\n<\/ul>\n<\/li>\n<\/ul>\n<ul>\n<li><strong>Facultatea de Psihologie \u0219i \u0218tiin\u021be ale Educa\u021biei\u00a0<\/strong>\n<ul>\n<li><a href=\"https:\/\/r.newsletterdci.e-uvt.ro\/mk\/cl\/f\/sh\/WCPzyXJTZ7YLA3nZuIIFDHgroalRSRBm\/D4nmTY31-w46\" target=\"_blank\" rel=\"nofollow noopener noreferrer\">Abilit\u0103\u021bi pentru secolul XXI<\/a> \u2013 termen trimitere lucrare: 04.05.2026.<\/li>\n<li><a href=\"https:\/\/r.newsletterdci.e-uvt.ro\/mk\/cl\/f\/sh\/WCPzyXJTZ7g8E60qGNluz1qexNeYi8nu\/iTOMXk8xGWgk\" target=\"_blank\" rel=\"nofollow noopener noreferrer\">Educa\u021bie pentru secolul XXI<\/a> \u2013 termen trimitere lucrare: 04.05.2026.<strong>\u00a0<\/strong><\/li>\n<li><a href=\"https:\/\/r.newsletterdci.e-uvt.ro\/mk\/cl\/f\/sh\/WCPzyXJTZ7nvI8E6cTFakm0S6AXfxqQ2\/YR0uqTt0Wxue\" target=\"_blank\" rel=\"nofollow noopener noreferrer\">Eu \u0219i psihologia \u00een 5 minute<\/a> \u2013 termen trimitere lucrare: 04.05.2026.<\/li>\n<\/ul>\n<\/li>\n<\/ul>\n<p class=\"yiv6759309945default\">Pentru a r\u0103m\u00e2ne conecta\u021bi la toate oportunit\u0103\u021bile pe care Universitatea de Vest din Timi\u0219oara (UVT) le ofer\u0103 elevilor \u0219i profesorilor, v\u0103 invit\u0103m s\u0103 v\u0103 al\u0103tura\u021bi\u00a0<strong>comunit\u0103\u021bii de WhatsApp a UVT pentru elevi \u0219i cadre didactice<\/strong> \u2013 un canal nou \u0219i prietenos de informare despre evenimente, concursuri \u0219i activit\u0103\u021bi educa\u021bionale. Comunitatea ofer\u0103 un spa\u021biu de informare direct\u0103 cu privire la toate evenimentele de interes pentru mediul preuniversitar propuse de UVT \u0219i poate fi accesat\u0103\u00a0<a href=\"https:\/\/r.newsletterdci.e-uvt.ro\/mk\/cl\/f\/sh\/WCPzyXJTZ7viMARMyYjGWWAFExQnDY2A\/lVzjqY7mSQ8X\" target=\"_blank\" rel=\"nofollow noopener noreferrer\"><strong>AICI<\/strong><\/a>.<\/p>\n<\/div>\n<div class=\"td-post-content tagdiv-type\">\n<div class=\"td-post-featured-image\"><a href=\"https:\/\/gazetadinvest.ro\/wp-content\/uploads\/2026\/02\/uvtul-1-scaled.jpg\" data-caption><img loading=\"lazy\" decoding=\"async\" width=\"696\" height=\"364\" class=\"entry-thumb td-modal-image\" src=\"https:\/\/gazetadinvest.ro\/wp-content\/uploads\/2026\/02\/uvtul-1-696x364.jpg\" alt title=\"uvtul\"><\/a><\/div>\n<p><strong>Universitatea de Vest din Timi\u0219oara (UVT) \u00ee\u0219i propune, an de an, s\u0103 fie al\u0103turi de elevi \u0219i s\u0103 le ofere sprijin real \u00een parcursul lor educa\u021bional. Printr-o varietate de activit\u0103\u021bi \u0219i evenimente, ne dorim s\u0103 \u00eencuraj\u0103m performan\u021ba, curiozitatea \u0219i dezvoltarea academic\u0103 a tinerilor.<\/strong><\/p>\n<p>\u00cen acest sens, am creat programul UVT pentru elevi, un pachet complex de oportunit\u0103\u021bi dedicate mediului preuniversitar, care include sesiuni de preg\u0103tire pentru examenul de bacalaureat, concursuri pentru elevi, webinare de dezvoltare personal\u0103 \u0219i activit\u0103\u021bi de consiliere individual\u0103 \u00een carier\u0103.<\/p>\n<p>Astfel, facult\u0103\u021bile UVT organizeaz\u0103 26 de concursuri dedicate elevilor, \u00een 16 domenii de studii diferite. Aceste competi\u021bii ofer\u0103 elevilor \u0219ansa de a c\u00e2\u0219tiga premii \u0219i inclusiv de a ob\u021bine facilit\u0103\u021bi \u00een procesul de admitere la studiile universitare de la UVT, conform prevederilor regulamentelor de organizare \u0219i desf\u0103\u0219urare a concursurilor \u0219i a procesului de admitere.<\/p>\n<p class=\"yiv6759309945default\"><strong>Lista concursurilor<\/strong> \u0219i regulamentele acestora poate fi consultat\u0103 mai jos, iar mai multe detalii se reg\u0103sesc \u0219i <a href=\"https:\/\/r.newsletterdci.e-uvt.ro\/mk\/cl\/f\/sh\/7nVU1aA2nfwFRN51LKP11F0mNmuJqeE\/P2LhJvbcIzNT\" target=\"_blank\" rel=\"nofollow noopener noreferrer\">AICI<\/a>:<\/p>\n<ul>\n<li><strong>Facultatea de Arte \u0219i Design<\/strong>\n<ul>\n<li><a href=\"https:\/\/r.newsletterdci.e-uvt.ro\/mk\/cl\/f\/sh\/7nVU1aA2nfy8QtaKJtdT3bKaY9P6aak\/Or2qaZ2sPSNA\" target=\"_blank\" rel=\"nofollow noopener noreferrer\">Concursul na\u021bional PASAJE<\/a>: \u00eenscriere p\u00e2n\u0103 \u00een data de 12.06.2026. Se adreseaz\u0103 elevilor claselor a XII-a, din licee cu profil artistic, dar \u0219i cu alte profiluri, c\u00e2t timp exist\u0103 preocuparea \u0219i aptitudinea de a crea.<\/li>\n<\/ul>\n<\/li>\n<\/ul>\n<ul>\n<li><strong>Facultatea de Chimie, Biologie, Geografie<\/strong>\n<ul>\n<li>Concursul na\u021bional\u00a0<a href=\"https:\/\/r.newsletterdci.e-uvt.ro\/mk\/cl\/f\/sh\/7nVU1aA2ng01QQ5dISrv5xeOiVttKXG\/12Na6W1_Nv4p\" target=\"_blank\" rel=\"nofollow noopener noreferrer\">BIOS<\/a>: \u00eenscriere p\u00e2n\u0103 \u00een data de 30.04.2026, iar probele de concurs se desf\u0103\u0219oar\u0103 \u00een 16.05.2026. Se adreseaz\u0103 elevilor claselor IX-XII, inclusiv, de la toate profilurile de studiu.<\/li>\n<li>Concursul na\u021bional\u00a0<a href=\"https:\/\/r.newsletterdci.e-uvt.ro\/mk\/cl\/f\/sh\/7nVU1aA2ng1uPwawH26N8JyCssOg4Tm\/NqC0lsJaYLia\" target=\"_blank\" rel=\"nofollow noopener noreferrer\">GEOMONDIS<\/a>: \u00eenscriere p\u00e2n\u0103 \u00een data de 02.03.2026 \u0219i desf\u0103\u0219urare \u00een perioada 28-29.03.2026. Se adreseaz\u0103\u00a0<strong>elevilor pasiona\u021bi de geografie din clasele IX\u2013XII<\/strong>.<\/li>\n<\/ul>\n<\/li>\n<\/ul>\n<ul>\n<li><strong>Facultatea de Economie \u0219i de Administrare a Afacerilor<\/strong>\n<ul>\n<li><a href=\"https:\/\/r.newsletterdci.e-uvt.ro\/mk\/cl\/f\/sh\/7nVU1aA2ng3nPT6FFbKpAgI13EtSoQI\/ei8PkX2_Gxi0\" target=\"_blank\" rel=\"nofollow noopener noreferrer\">FEAA ECONOMICA RIPENSIS<\/a>: \u00eenscriere p\u00e2n\u0103 \u00een data de 5.03.2026, desf\u0103\u0219urare 14 martie 2026. Se adreseaz\u0103\u00a0<strong>elevilor liceelor cu profil economic \u0219i altor elevi interesa\u021bi de economie \u0219i administrarea afacerilor<\/strong>.<\/li>\n<\/ul>\n<\/li>\n<\/ul>\n<ul>\n<li><strong>Facultatea de Fizic\u0103 \u0219i Matematic\u0103<\/strong>\n<ul>\n<li><a href=\"https:\/\/r.newsletterdci.e-uvt.ro\/mk\/cl\/f\/sh\/7nVU1aA2ng5gOzbYEAZHD2bpDbOFYMo\/VRdBUAzXBEep\" target=\"_blank\" rel=\"nofollow noopener noreferrer\">Concursul FFM<\/a> cuprinde concursul de\u00a0<strong>Fizic\u0103 \u201eConstantin S\u0103lceanu\u201d<\/strong> adresat elevilor din toate clasele de liceu (IX\u2013XII), iar pentru acesta sunt obligatorii toate subiectele din dou\u0103 arii tematice, la alegere, din urm\u0103toarele patru: mecanic\u0103, elemente de termodinamic\u0103, producerea \u0219i utilizarea curentului continuu \u0219i optic\u0103 \u0219i\u00a0<strong>concursul de Matematic\u0103\u00a0<\/strong>care se adreseaz\u0103 elevilor de liceu din clasele a XI-a \u0219i a XII-a, (denumite \u00een continuare \u201esec\u021biuni\u201d) subiectele fiind elaborate separat pentru fiecare clas\u0103, toate subiectele prezentate pe foaia de concurs a unei clase fiind obligatorii. \u00censcrierea se face p\u00e2n\u0103 la data de 15.03.2026 pentru concursul de<strong>\u00a0Fizic\u0103<\/strong> \u0219i p\u00e2n\u0103 la data de 19.04.2026 pentru\u00a0<strong>concursul de Matematic\u0103<\/strong>, iar probele se desf\u0103\u0219oar\u0103 \u00een 28.03.2026 pentru concursul de Fizic\u0103 \u0219i 25.04.2026 pentru concursul de Matematic\u0103.<\/li>\n<\/ul>\n<\/li>\n<\/ul>\n<ul>\n<li><strong>Facultatea de Litere, Istorie, Filosofie \u0219i Teologie<\/strong>\n<ul>\n<li>Domeniul\u00a0<em>Filosofie<\/em>: Concursul na\u021bional \u201e<a href=\"https:\/\/r.newsletterdci.e-uvt.ro\/mk\/cl\/f\/sh\/7nVU1aA2ng7ZOW6rCjnjFOvdNxt2IJK\/yJVKyu0xnG3E\" target=\"_blank\" rel=\"nofollow noopener noreferrer\">Din Lumea Sofiei<\/a>\u201d \u2013 perioad\u0103 de \u00eenscriere \u0219i trimitere a lucr\u0103rii p\u00e2n\u0103 \u00een data de 01.06.2026.<\/li>\n<li>Domeniul\u00a0<em>Istorie<\/em>: Concursul na\u021bional de istorie \u201e<a href=\"https:\/\/r.newsletterdci.e-uvt.ro\/mk\/cl\/f\/sh\/7nVU1aA2ng9SO2cABJ2BHlFRYKNp2Fq\/nuCViG_MvNMH\" target=\"_blank\" rel=\"nofollow noopener noreferrer\">Constantin Daicoviciu<\/a>\u201d \u2013 perioada de \u00eenscriere \u0219i de transmitere a lucr\u0103rii p\u00e2n\u0103 \u00een data de 15.05.2026.<\/li>\n<li>Domeniul\u00a0<em>Filologie<\/em>:<\/li>\n<\/ul>\n<\/li>\n<li>Concursul interna\u021bional\u00a0<a href=\"https:\/\/r.newsletterdci.e-uvt.ro\/mk\/cl\/f\/sh\/WCPzyXJTZ6vLwtCkosKduWXaITxMPBAc\/b2rLr0v3cvB3\" target=\"_blank\" rel=\"nofollow noopener noreferrer\">Shades of Meaning \u2013 for High School Students<\/a> \u2013 perioada de \u00eenscriere p\u00e2n\u0103 \u00een 20.04.2026, iar desf\u0103\u0219urarea probelor \u00een data de 25.04.2026;<\/li>\n<li>Concursul interna\u021bional de limba francez\u0103\u00a0<a href=\"https:\/\/r.newsletterdci.e-uvt.ro\/mk\/cl\/f\/sh\/WCPzyXJTZ7390vQ1AxoJgGhNRGqTesmk\/Jb38IjJSyROJ\" target=\"_blank\" rel=\"nofollow noopener noreferrer\">La Pl\u00e9iade<\/a> \u2013 perioada de \u00eenscriere \u0219i de transmitere a lucr\u0103rilor p\u00e2n\u0103 \u00een 15.03.2026;<\/li>\n<li>Concursul na\u021bional de literatur\u0103 \u0219i limb\u0103 german\u0103\u00a0<a href=\"https:\/\/r.newsletterdci.e-uvt.ro\/mk\/cl\/f\/sh\/WCPzyXJTZ7Aw4xdHX3HzS0rAa3jauaOs\/fs0cODc31F4I\" target=\"_blank\" rel=\"nofollow noopener noreferrer\">Deutsche Sprache und Kultur<\/a> \u2013 perioada de \u00eenscriere \u0219i transmitere a lucr\u0103rii p\u00e2n\u0103 \u00een data de 03.04.2026;<\/li>\n<li>Concursul na\u021bional\u00a0<a href=\"https:\/\/r.newsletterdci.e-uvt.ro\/mk\/cl\/f\/sh\/WCPzyXJTZ7Ij8zqXt8lfDl0xiqciAI10\/oBuDnwOOHzeP\" target=\"_blank\" rel=\"nofollow noopener noreferrer\">SCRIVIAMO IN ITALIANO<\/a> \u2013 perioad\u0103 de \u00eenscriere \u0219i transmitere a lucr\u0103rilor p\u00e2n\u0103 \u00een data de 30.03.2026;<\/li>\n<li>Concursul interna\u021bional\u00a0<a href=\"https:\/\/r.newsletterdci.e-uvt.ro\/mk\/cl\/f\/sh\/WCPzyXJTZ7QWD23oFEFKzVAkrdVpPzd8\/PSfy1jrFNQmM\" target=\"_blank\" rel=\"nofollow noopener noreferrer\">Japan the Cool, and I<\/a> \u2013 perioad\u0103 de \u00eenscriere p\u00e2n\u0103 la data de 20.04.2026, iar proba oral\u0103 se va desf\u0103\u0219ura \u00een data de 9.05.2026;<\/li>\n<li>Concursul na\u021bional de limbi \u0219i culturi clasice \u201e<a href=\"https:\/\/r.newsletterdci.e-uvt.ro\/mk\/cl\/f\/sh\/WCPzyXJTZ7YJH4H4bJj0lFKY0QOwfhFG\/0LBcJ2IzTc11\" target=\"_blank\" rel=\"nofollow noopener noreferrer\">Ecaterina Andreica<\/a>\u201d \u2013 perioada de \u00eenscriere \u0219i de transmitere a lucr\u0103rilor p\u00e2n\u0103 \u00een data de 24.04.2026;<\/li>\n<li>Concursul na\u021bional de limba \u0219i literatura rom\u00e2n\u0103 \u201e<a href=\"https:\/\/r.newsletterdci.e-uvt.ro\/mk\/cl\/f\/sh\/WCPzyXJTZ7g6L6UKxPCgWzUL9DI3vOrO\/HHnTeugBV1nf\" target=\"_blank\" rel=\"nofollow noopener noreferrer\">De-a cuvintele \u0219i LITerele<\/a>\u201d \u2013 perioada de \u00eenscriere \u0219i de transmitere a lucr\u0103rilor p\u00e2n\u0103 \u00een data de termen de \u00eenscriere: 29.05.2026;<\/li>\n<li>Concursul na\u021bional\u00a0<a href=\"https:\/\/r.newsletterdci.e-uvt.ro\/mk\/cl\/f\/sh\/WCPzyXJTZ7ntP8hbJUgMIje8I0BBB6TW\/rU_iTnoyXZs1\" target=\"_blank\" rel=\"nofollow noopener noreferrer\">\u0420\u043e\u0441\u0441\u0438\u044f: \u044f\u0437\u044b\u043a \u0438 \u043a\u0443\u043b\u044c\u0442\u0443\u0440\u0430<\/a> (limba rus\u0103) \u2013 perioada de \u00eenscriere \u0219i transmitere a lucr\u0103rilor p\u00e2n\u0103 \u00een data de trimitere lucrare: 07.06.2026;<\/li>\n<li>Concursul na\u021bional\u00a0<a href=\"https:\/\/r.newsletterdci.e-uvt.ro\/mk\/cl\/f\/sh\/WCPzyXJTZ7vgTAurfaA24TnvQn4IQo5e\/euQAmRQ_AVRZ\" target=\"_blank\" rel=\"nofollow noopener noreferrer\">\u0421\u0440\u043f\u0441\u043a\u0430 \u043a\u0443\u043b\u0442\u0443\u0440\u0430 \u0438 \u0446\u0438\u0432\u0438\u043b\u0438\u0437\u0430\u0446\u0438\u0458\u0430: \u043e\u0431\u0438\u0447\u0430\u0458\u0438 \u0438 \u043e\u0431\u0440\u0435\u0434\u0438<\/a> (limba s\u00e2rb\u0103) \u2013 perioada de \u00eenscriere \u0219i transmitere a lucr\u0103rilor p\u00e2n\u0103 la data de 05.06.2026;<\/li>\n<li>Concursul interna\u021bional\u00a0<a href=\"https:\/\/r.newsletterdci.e-uvt.ro\/mk\/cl\/f\/sh\/WCPzyXJTZ83TXD881fdhqDxiZZxPgVhm\/fp4vXHoooZxq\" target=\"_blank\" rel=\"nofollow noopener noreferrer\">El espa\u00f1ol y el mundo<\/a> (limba spaniol\u0103) \u2013 perioada de \u00eenscriere \u0219i transmitere a lucr\u0103rilor p\u00e2n\u0103 la data de 20.06.2026.<\/li>\n<\/ul>\n<ul>\n<li><strong>Facultatea de Informatic\u0103<\/strong>\n<ul>\n<li><a href=\"https:\/\/r.newsletterdci.e-uvt.ro\/mk\/cl\/f\/sh\/WCPzyXJTZ6vNpsjG7qtsMYtu6eJrBv78\/cTPpJ2hQyrBN\" target=\"_blank\" rel=\"nofollow noopener noreferrer\">concursul FI<\/a> este dedicat elevilor de clasa a XI-a \u0219i a XII-a, iar \u00eenscrierea se poate face p\u00e2n\u0103 la data de 19.04.2026, urm\u00e2nd ca proba la disciplina informatic\u0103 s\u0103 se desf\u0103\u0219oare \u00een data de 25.04.2026.<\/li>\n<\/ul>\n<\/li>\n<\/ul>\n<ul>\n<li><strong>Facultatea de Muzic\u0103 \u0219i Teatru<\/strong>\n<ul>\n<li>Concursul interna\u021bional\u00a0<a href=\"https:\/\/r.newsletterdci.e-uvt.ro\/mk\/cl\/f\/sh\/WCPzyXJTZ73AtuwWTwNY8J3hFRCyRcjG\/Uh3fPdOxiH-E\" target=\"_blank\" rel=\"nofollow noopener noreferrer\">ArtsOn<\/a> (muzic\u0103) \u2013 termen de \u00eenscriere 12.03.2026.<\/li>\n<li>Concursul na\u021bional\u00a0<a href=\"https:\/\/r.newsletterdci.e-uvt.ro\/mk\/cl\/f\/sh\/WCPzyXJTZ7Axxx9mq1rDu3DUOE65hKLO\/18KfLPoEbvTZ\" target=\"_blank\" rel=\"nofollow noopener noreferrer\">PepinierArt<\/a> (arta actorului) \u2013 termen de \u00eenscriere 13.03.2026.<\/li>\n<\/ul>\n<\/li>\n<\/ul>\n<ul>\n<li><strong>Facultatea de Sociologie \u0219i Asisten\u021b\u0103 Social\u0103\u00a0<\/strong>\n<ul>\n<li>Concursul<strong>\u00a0<\/strong><a href=\"https:\/\/r.newsletterdci.e-uvt.ro\/mk\/cl\/f\/sh\/WCPzyXJTZ7Il1zN3C7KtfnNHX0zCx1xW\/1VEb3StDQsKW\" target=\"_blank\" rel=\"nofollow noopener noreferrer\">Comunitatea mea \u00een imagini<\/a> \u2013 termen de \u00eenscriere 22.04.2026.<\/li>\n<li><a href=\"https:\/\/r.newsletterdci.e-uvt.ro\/mk\/cl\/f\/sh\/WCPzyXJTZ7QY61aJYCoZRXX4fnsKCjZe\/E0VhNpU8edyZ\" target=\"_blank\" rel=\"nofollow noopener noreferrer\">Olimpiada de altruism<\/a> \u2013 \u00eenscriere \u0219i trimitere lucrare p\u00e2n\u0103 \u00een data de 22.04.2026.<\/li>\n<\/ul>\n<\/li>\n<\/ul>\n<ul>\n<li><strong>Facultatea de Psihologie \u0219i \u0218tiin\u021be ale Educa\u021biei\u00a0<\/strong>\n<ul>\n<li><a href=\"https:\/\/r.newsletterdci.e-uvt.ro\/mk\/cl\/f\/sh\/WCPzyXJTZ7YLA3nZuIIFDHgroalRSRBm\/D4nmTY31-w46\" target=\"_blank\" rel=\"nofollow noopener noreferrer\">Abilit\u0103\u021bi pentru secolul XXI<\/a> \u2013 termen trimitere lucrare: 04.05.2026.<\/li>\n<li><a href=\"https:\/\/r.newsletterdci.e-uvt.ro\/mk\/cl\/f\/sh\/WCPzyXJTZ7g8E60qGNluz1qexNeYi8nu\/iTOMXk8xGWgk\" target=\"_blank\" rel=\"nofollow noopener noreferrer\">Educa\u021bie pentru secolul XXI<\/a> \u2013 termen trimitere lucrare: 04.05.2026.<strong>\u00a0<\/strong><\/li>\n<li><a href=\"https:\/\/r.newsletterdci.e-uvt.ro\/mk\/cl\/f\/sh\/WCPzyXJTZ7nvI8E6cTFakm0S6AXfxqQ2\/YR0uqTt0Wxue\" target=\"_blank\" rel=\"nofollow noopener noreferrer\">Eu \u0219i psihologia \u00een 5 minute<\/a> \u2013 termen trimitere lucrare: 04.05.2026.<\/li>\n<\/ul>\n<\/li>\n<\/ul>\n<p class=\"yiv6759309945default\">Pentru a r\u0103m\u00e2ne conecta\u021bi la toate oportunit\u0103\u021bile pe care Universitatea de Vest din Timi\u0219oara (UVT) le ofer\u0103 elevilor \u0219i profesorilor, v\u0103 invit\u0103m s\u0103 v\u0103 al\u0103tura\u021bi\u00a0<strong>comunit\u0103\u021bii de WhatsApp a UVT pentru elevi \u0219i cadre didactice<\/strong> \u2013 un canal nou \u0219i prietenos de informare despre evenimente, concursuri \u0219i activit\u0103\u021bi educa\u021bionale. Comunitatea ofer\u0103 un spa\u021biu de informare direct\u0103 cu privire la toate evenimentele de interes pentru mediul preuniversitar propuse de UVT \u0219i poate fi accesat\u0103\u00a0<a href=\"https:\/\/r.newsletterdci.e-uvt.ro\/mk\/cl\/f\/sh\/WCPzyXJTZ7viMARMyYjGWWAFExQnDY2A\/lVzjqY7mSQ8X\" target=\"_blank\" rel=\"nofollow noopener noreferrer\"><strong>AICI<\/strong><\/a>.<\/p>\n<\/div>\n<p>[analyse_source url=&#8221;https:\/\/gazetadinvest.ro\/uvt-pentru-elevi-concursuri-premii-si-sansa-de-a-ti-descoperi-pasiunea\/&#8221;]<\/p>\n","protected":false},"excerpt":{"rendered":"<p>[analyse_image type=&#8221;featured&#8221; src=&#8221;https:\/\/gazetadinvest.ro\/wp-content\/uploads\/2026\/02\/uvtul-1-scaled.jpg&#8221;] Universitatea de Vest din Timi\u0219oara (UVT) \u00ee\u0219i propune, an de an, s\u0103 fie al\u0103turi de elevi \u0219i s\u0103 le ofere sprijin real \u00een parcursul lor educa\u021bional. Printr-o varietate de activit\u0103\u021bi \u0219i evenimente, ne dorim s\u0103 \u00eencuraj\u0103m performan\u021ba, curiozitatea \u0219i dezvoltarea academic\u0103 a tinerilor. \u00cen acest sens, am creat programul UVT pentru elevi, [&hellip;]<\/p>\n","protected":false},"author":1,"featured_media":0,"comment_status":"open","ping_status":"","sticky":false,"template":"","format":"standard","meta":{"footnotes":""},"categories":[89],"tags":[226,203],"class_list":["post-1803050","post","type-post","status-publish","format-standard","hentry","category-romania","tag-crawlmanager","tag-gazetadinvest-ro"],"_links":{"self":[{"href":"https:\/\/analyse.optim.biz\/index.php?rest_route=\/wp\/v2\/posts\/1803050","targetHints":{"allow":["GET"]}}],"collection":[{"href":"https:\/\/analyse.optim.biz\/index.php?rest_route=\/wp\/v2\/posts"}],"about":[{"href":"https:\/\/analyse.optim.biz\/index.php?rest_route=\/wp\/v2\/types\/post"}],"author":[{"embeddable":true,"href":"https:\/\/analyse.optim.biz\/index.php?rest_route=\/wp\/v2\/users\/1"}],"replies":[{"embeddable":true,"href":"https:\/\/analyse.optim.biz\/index.php?rest_route=%2Fwp%2Fv2%2Fcomments&post=1803050"}],"version-history":[{"count":0,"href":"https:\/\/analyse.optim.biz\/index.php?rest_route=\/wp\/v2\/posts\/1803050\/revisions"}],"wp:attachment":[{"href":"https:\/\/analyse.optim.biz\/index.php?rest_route=%2Fwp%2Fv2%2Fmedia&parent=1803050"}],"wp:term":[{"taxonomy":"category","embeddable":true,"href":"https:\/\/analyse.optim.biz\/index.php?rest_route=%2Fwp%2Fv2%2Fcategories&post=1803050"},{"taxonomy":"post_tag","embeddable":true,"href":"https:\/\/analyse.optim.biz\/index.php?rest_route=%2Fwp%2Fv2%2Ftags&post=1803050"}],"curies":[{"name":"wp","href":"https:\/\/api.w.org\/{rel}","templated":true}]}}