{"id":1803048,"date":"2026-02-28T07:48:20","date_gmt":"2026-02-28T04:48:20","guid":{"rendered":"https:\/\/analyse.optim.biz\/?p=1803048"},"modified":"2026-02-28T07:48:20","modified_gmt":"2026-02-28T04:48:20","slug":"doliu-la-upt-a-murit-prof-univ-dr-ing-viorel-aurel-serban","status":"publish","type":"post","link":"https:\/\/analyse.optim.biz\/?p=1803048","title":{"rendered":"Doliu la UPT! A murit prof. univ. dr. ing. Viorel-Aurel \u0218erban"},"content":{"rendered":"<p>[analyse_image type=&#8221;featured&#8221; src=&#8221;https:\/\/gazetadinvest.ro\/wp-content\/uploads\/2026\/02\/serban-1.jpg&#8221;]<\/p>\n<div class=\"td-post-content tagdiv-type\">\n<div class=\"td-post-featured-image\"><a href=\"https:\/\/gazetadinvest.ro\/wp-content\/uploads\/2026\/02\/serban-1.jpg\" data-caption><img loading=\"lazy\" decoding=\"async\" width=\"696\" height=\"464\" class=\"entry-thumb td-modal-image\" src=\"https:\/\/gazetadinvest.ro\/wp-content\/uploads\/2026\/02\/serban-1-696x464.jpg\" alt title=\"serban\"><\/a><\/div>\n<p><span class=\"html-span xdj266r x14z9mp xat24cr x1lziwak xexx8yu xyri2b x18d9i69 x1c1uobl x1hl2dhg x16tdsg8 x1vvkbs x4k7w5x x1h91t0o x1h9r5lt x1jfb8zj xv2umb2 x1beo9mf xaigb6o x12ejxvf x3igimt xarpa2k xedcshv x1lytzrv x1t2pt76 x7ja8zs x1qrby5j\"><span class=\"x193iq5w xeuugli x13faqbe x1vvkbs x1xmvt09 x1lliihq x1s928wv xhkezso x1gmr53x x1cpjm7i x1fgarty x1943h6x xudqn12 x3x7a5m x6prxxf xvq8zen xo1l8bm xzsf02u\" dir=\"auto\"><strong>Cu profund\u0103 durere, Universitatea Politehnica Timi\u0219oara anun\u021b\u0103 trecerea la cele ve\u0219nice a prof.univ.dr.ing. Viorel-Aurel \u0218erban, rector al institu\u021biei \u00een perioada 2012-2020.<\/strong><\/span><\/span><\/p>\n<p><span class=\"html-span xdj266r x14z9mp xat24cr x1lziwak xexx8yu xyri2b x18d9i69 x1c1uobl x1hl2dhg x16tdsg8 x1vvkbs x4k7w5x x1h91t0o x1h9r5lt x1jfb8zj xv2umb2 x1beo9mf xaigb6o x12ejxvf x3igimt xarpa2k xedcshv x1lytzrv x1t2pt76 x7ja8zs x1qrby5j\"><span class=\"x193iq5w xeuugli x13faqbe x1vvkbs x1xmvt09 x1lliihq x1s928wv xhkezso x1gmr53x x1cpjm7i x1fgarty x1943h6x xudqn12 x3x7a5m x6prxxf xvq8zen xo1l8bm xzsf02u\" dir=\"auto\">\u00centreaga comunitate academic\u0103 a Universit\u0103\u021bii Politehnica Timi\u0219oara depl\u00e2nge pierderea unuia dintre cei mai distin\u0219i membri ai s\u0103i, devotat comunit\u0103\u021bii politehniste timp de peste cinci decenii, care a condus cu d\u0103ruire \u0219i viziune institu\u021bia noastr\u0103 \u00eentr-un moment istoric \u2013 trecerea pragului centenarului. <\/span><\/span><\/p>\n<p><span class=\"html-span xdj266r x14z9mp xat24cr x1lziwak xexx8yu xyri2b x18d9i69 x1c1uobl x1hl2dhg x16tdsg8 x1vvkbs x4k7w5x x1h91t0o x1h9r5lt x1jfb8zj xv2umb2 x1beo9mf xaigb6o x12ejxvf x3igimt xarpa2k xedcshv x1lytzrv x1t2pt76 x7ja8zs x1qrby5j\"><span class=\"x193iq5w xeuugli x13faqbe x1vvkbs x1xmvt09 x1lliihq x1s928wv xhkezso x1gmr53x x1cpjm7i x1fgarty x1943h6x xudqn12 x3x7a5m x6prxxf xvq8zen xo1l8bm xzsf02u\" dir=\"auto\">N\u0103scut \u00een anul 1954, la Chi\u0219ineu-Cri\u0219, prof. Viorel-Aurel \u0218erban \u0219i-a legat destinul profesional de Politehnica timi\u0219orean\u0103 \u00eenc\u0103 din anii studen\u021biei la Facultatea de Mecanic\u0103 a Institutului Politehnic \u201eTraian Vuia\u201d. Dup\u0103 o scurt\u0103 perioad\u0103 \u00een industrie \u0219i cercetare, a revenit \u00een universitate \u00een 1982, parcurg\u00e2nd, prin munc\u0103, rigoare \u0219i voca\u021bie, toate treptele carierei didactice: de la cadru didactic asociat la profesor universitar \u0219i conduc\u0103tor de doctorat. Cercet\u0103tor de prestigiu \u00een domeniul ingineriei materialelor, cu contribu\u021bii remarcabile \u00een studiul \u0219i caracterizarea materialelor metalice amorfe \u0219i nanocristaline, a fost autor \u0219i coautor a peste 250 de lucr\u0103ri \u0219tiin\u021bifice \u0219i 9 inven\u021bii, coordon\u00e2nd zeci de proiecte de cercetare \u0219i form\u00e2nd genera\u021bii de ingineri \u0219i doctori \u00een \u0219tiin\u021b\u0103. <\/span><\/span><\/p>\n<p><span class=\"html-span xdj266r x14z9mp xat24cr x1lziwak xexx8yu xyri2b x18d9i69 x1c1uobl x1hl2dhg x16tdsg8 x1vvkbs x4k7w5x x1h91t0o x1h9r5lt x1jfb8zj xv2umb2 x1beo9mf xaigb6o x12ejxvf x3igimt xarpa2k xedcshv x1lytzrv x1t2pt76 x7ja8zs x1qrby5j\"><span class=\"x193iq5w xeuugli x13faqbe x1vvkbs x1xmvt09 x1lliihq x1s928wv xhkezso x1gmr53x x1cpjm7i x1fgarty x1943h6x xudqn12 x3x7a5m x6prxxf xvq8zen xo1l8bm xzsf02u\" dir=\"auto\">A ocupat func\u021bii importante \u00een structuri na\u021bionale de evaluare academic\u0103 \u0219i a fost un sus\u021bin\u0103tor activ al calit\u0103\u021bii \u0219i coeren\u021bei sistemului de \u00eenv\u0103\u021b\u0103m\u00e2nt superior tehnic din Rom\u00e2nia. \u00cen plan managerial, a fost prodecan al Facult\u0103\u021bii de Mecanic\u0103, prorector (2004\u20132012), iar apoi rector al Universit\u0103\u021bii Politehnica Timi\u0219oara pentru dou\u0103 mandate (2012\u20132020). A fost ultimul rector al primului secol de existen\u021b\u0103 al universit\u0103\u021bii, av\u00e2nd un rol esen\u021bial \u00een preg\u0103tirea \u0219i marcarea Centenarului \u0219i \u00een conturarea direc\u021biilor strategice pentru \u201ePolitehnica noului secol\u201d. \u00cen calitate de rector, profesorul \u0218erban a l\u0103sat o amprent\u0103 de ne\u0219ters asupra universit\u0103\u021bii . \u00cen timpul mandatelor sale au fost inaugurate Biblioteca \u0219i Centrul de Conferin\u021be UPT, a fost ob\u021binut\u0103 licen\u021ba de emisie pentru TeleUniversitatea, au fost \u00eenfiin\u021bate Funda\u021bia Politehnica \u0219i Comitetul Director al UPT \u0219i a fost consolidat\u0103 cooperarea interna\u021bional\u0103 cu universit\u0103\u021bi \u0219i centre de cercetare de prestigiu din Europa.<\/span><\/span><\/p>\n<p><span class=\"html-span xdj266r x14z9mp xat24cr x1lziwak xexx8yu xyri2b x18d9i69 x1c1uobl x1hl2dhg x16tdsg8 x1vvkbs x4k7w5x x1h91t0o x1h9r5lt x1jfb8zj xv2umb2 x1beo9mf xaigb6o x12ejxvf x3igimt xarpa2k xedcshv x1lytzrv x1t2pt76 x7ja8zs x1qrby5j\"><span class=\"x193iq5w xeuugli x13faqbe x1vvkbs x1xmvt09 x1lliihq x1s928wv xhkezso x1gmr53x x1cpjm7i x1fgarty x1943h6x xudqn12 x3x7a5m x6prxxf xvq8zen xo1l8bm xzsf02u\" dir=\"auto\"> \u00cen anul 2016, a fost ini\u021biator \u0219i prim pre\u0219edinte al Alian\u021bei Rom\u00e2ne a Universit\u0103\u021bilor Tehnice, structur\u0103 menit\u0103 s\u0103 reprezinte unitar interesele universit\u0103\u021bilor tehnice din Rom\u00e2nia. Prof. Viorel-Aurel \u0218erban a fost, de asemenea, un sus\u021bin\u0103tor dedicat al sportului universitar. A contribuit decisiv la revitalizarea mi\u0219c\u0103rii sportive politehniste, a \u00eenfiin\u021bat clubul de fotbal ASU Politehnica Timi\u0219oara \u0219i a sprijinit activitatea structurilor sportive ale CSU Politehnica Timi\u0219oara, implic\u00e2ndu-se direct \u00een dezvoltarea handbalului \u0219i fotbalului universitar. Pentru \u00eentreaga sa activitate i-au fost conferite numeroase distinc\u021bii academice, \u00eentre care titluri de Doctor Honoris Causa \u0219i diploma \u201eMeritul Academic\u201d a Academiei Rom\u00e2ne, fiind din 2022 membru corespondent al Academiei Rom\u00e2ne de \u0218tiin\u021be Tehnice. <\/span><\/span><\/p>\n<p><span class=\"html-span xdj266r x14z9mp xat24cr x1lziwak xexx8yu xyri2b x18d9i69 x1c1uobl x1hl2dhg x16tdsg8 x1vvkbs x4k7w5x x1h91t0o x1h9r5lt x1jfb8zj xv2umb2 x1beo9mf xaigb6o x12ejxvf x3igimt xarpa2k xedcshv x1lytzrv x1t2pt76 x7ja8zs x1qrby5j\"><span class=\"x193iq5w xeuugli x13faqbe x1vvkbs x1xmvt09 x1lliihq x1s928wv xhkezso x1gmr53x x1cpjm7i x1fgarty x1943h6x xudqn12 x3x7a5m x6prxxf xvq8zen xo1l8bm xzsf02u\" dir=\"auto\">Timp de peste jum\u0103tate de secol, profesorul Viorel-Aurel \u0218erban a slujit cu devotament Universitatea Politehnica Timi\u0219oara, l\u0103s\u00e2nd \u00een urm\u0103 nu doar cl\u0103diri \u0219i structuri institu\u021bionale, ci mai ales o viziune despre ce \u00eenseamn\u0103 excelen\u021ba academic\u0103, integritatea \u0219i d\u0103ruirea fa\u021b\u0103 de educa\u021bie. Prin \u00eentreaga sa carier\u0103, prof. Viorel-Aurel \u0218erban a \u00eentruchipat valorile fundamentale ale Politehnicii: competen\u021b\u0103, rigoare, responsabilitate \u0219i loialitate fa\u021b\u0103 de institu\u021bie. A fost un lider echilibrat, un profesor respectat \u0219i un coleg generos, care a pus \u00eentotdeauna pe primul loc dezvoltarea universit\u0103\u021bii \u0219i binele comunit\u0103\u021bii academice. <\/span><\/span><\/p>\n<p><span class=\"html-span xdj266r x14z9mp xat24cr x1lziwak xexx8yu xyri2b x18d9i69 x1c1uobl x1hl2dhg x16tdsg8 x1vvkbs x4k7w5x x1h91t0o x1h9r5lt x1jfb8zj xv2umb2 x1beo9mf xaigb6o x12ejxvf x3igimt xarpa2k xedcshv x1lytzrv x1t2pt76 x7ja8zs x1qrby5j\"><span class=\"x193iq5w xeuugli x13faqbe x1vvkbs x1xmvt09 x1lliihq x1s928wv xhkezso x1gmr53x x1cpjm7i x1fgarty x1943h6x xudqn12 x3x7a5m x6prxxf xvq8zen xo1l8bm xzsf02u\" dir=\"auto\">Plecarea sa las\u0103 un gol imens \u00een inimile noastre \u0219i \u00een via\u021ba Universit\u0103\u021bii Politehnica Timi\u0219oara. Comunitatea academic\u0103 a Universit\u0103\u021bii Politehnica Timi\u0219oara transmite sincere condolean\u021be familiei \u00eendoliate \u0219i tuturor celor care i-au fost aproape. Amintirea sa va d\u0103inui \u00een inimile noastre \u0219i \u00een istoria acestei institu\u021bii centenare pe care a servit-o cu at\u00e2ta devotament. <\/span><\/span><\/p>\n<p><span class=\"html-span xdj266r x14z9mp xat24cr x1lziwak xexx8yu xyri2b x18d9i69 x1c1uobl x1hl2dhg x16tdsg8 x1vvkbs x4k7w5x x1h91t0o x1h9r5lt x1jfb8zj xv2umb2 x1beo9mf xaigb6o x12ejxvf x3igimt xarpa2k xedcshv x1lytzrv x1t2pt76 x7ja8zs x1qrby5j\"><span class=\"x193iq5w xeuugli x13faqbe x1vvkbs x1xmvt09 x1lliihq x1s928wv xhkezso x1gmr53x x1cpjm7i x1fgarty x1943h6x xudqn12 x3x7a5m x6prxxf xvq8zen xo1l8bm xzsf02u\" dir=\"auto\">Dumnezeu s\u0103-l odihneasc\u0103 \u00een pace!<\/span><\/span><\/p>\n<\/div>\n<div class=\"td-post-content tagdiv-type\">\n<div class=\"td-post-featured-image\"><a href=\"https:\/\/gazetadinvest.ro\/wp-content\/uploads\/2026\/02\/serban-1.jpg\" data-caption><img loading=\"lazy\" decoding=\"async\" width=\"696\" height=\"464\" class=\"entry-thumb td-modal-image\" src=\"https:\/\/gazetadinvest.ro\/wp-content\/uploads\/2026\/02\/serban-1-696x464.jpg\" alt title=\"serban\"><\/a><\/div>\n<p><span class=\"html-span xdj266r x14z9mp xat24cr x1lziwak xexx8yu xyri2b x18d9i69 x1c1uobl x1hl2dhg x16tdsg8 x1vvkbs x4k7w5x x1h91t0o x1h9r5lt x1jfb8zj xv2umb2 x1beo9mf xaigb6o x12ejxvf x3igimt xarpa2k xedcshv x1lytzrv x1t2pt76 x7ja8zs x1qrby5j\"><span class=\"x193iq5w xeuugli x13faqbe x1vvkbs x1xmvt09 x1lliihq x1s928wv xhkezso x1gmr53x x1cpjm7i x1fgarty x1943h6x xudqn12 x3x7a5m x6prxxf xvq8zen xo1l8bm xzsf02u\" dir=\"auto\"><strong>Cu profund\u0103 durere, Universitatea Politehnica Timi\u0219oara anun\u021b\u0103 trecerea la cele ve\u0219nice a prof.univ.dr.ing. Viorel-Aurel \u0218erban, rector al institu\u021biei \u00een perioada 2012-2020.<\/strong><\/span><\/span><\/p>\n<p><span class=\"html-span xdj266r x14z9mp xat24cr x1lziwak xexx8yu xyri2b x18d9i69 x1c1uobl x1hl2dhg x16tdsg8 x1vvkbs x4k7w5x x1h91t0o x1h9r5lt x1jfb8zj xv2umb2 x1beo9mf xaigb6o x12ejxvf x3igimt xarpa2k xedcshv x1lytzrv x1t2pt76 x7ja8zs x1qrby5j\"><span class=\"x193iq5w xeuugli x13faqbe x1vvkbs x1xmvt09 x1lliihq x1s928wv xhkezso x1gmr53x x1cpjm7i x1fgarty x1943h6x xudqn12 x3x7a5m x6prxxf xvq8zen xo1l8bm xzsf02u\" dir=\"auto\">\u00centreaga comunitate academic\u0103 a Universit\u0103\u021bii Politehnica Timi\u0219oara depl\u00e2nge pierderea unuia dintre cei mai distin\u0219i membri ai s\u0103i, devotat comunit\u0103\u021bii politehniste timp de peste cinci decenii, care a condus cu d\u0103ruire \u0219i viziune institu\u021bia noastr\u0103 \u00eentr-un moment istoric \u2013 trecerea pragului centenarului. <\/span><\/span><\/p>\n<p><span class=\"html-span xdj266r x14z9mp xat24cr x1lziwak xexx8yu xyri2b x18d9i69 x1c1uobl x1hl2dhg x16tdsg8 x1vvkbs x4k7w5x x1h91t0o x1h9r5lt x1jfb8zj xv2umb2 x1beo9mf xaigb6o x12ejxvf x3igimt xarpa2k xedcshv x1lytzrv x1t2pt76 x7ja8zs x1qrby5j\"><span class=\"x193iq5w xeuugli x13faqbe x1vvkbs x1xmvt09 x1lliihq x1s928wv xhkezso x1gmr53x x1cpjm7i x1fgarty x1943h6x xudqn12 x3x7a5m x6prxxf xvq8zen xo1l8bm xzsf02u\" dir=\"auto\">N\u0103scut \u00een anul 1954, la Chi\u0219ineu-Cri\u0219, prof. Viorel-Aurel \u0218erban \u0219i-a legat destinul profesional de Politehnica timi\u0219orean\u0103 \u00eenc\u0103 din anii studen\u021biei la Facultatea de Mecanic\u0103 a Institutului Politehnic \u201eTraian Vuia\u201d. Dup\u0103 o scurt\u0103 perioad\u0103 \u00een industrie \u0219i cercetare, a revenit \u00een universitate \u00een 1982, parcurg\u00e2nd, prin munc\u0103, rigoare \u0219i voca\u021bie, toate treptele carierei didactice: de la cadru didactic asociat la profesor universitar \u0219i conduc\u0103tor de doctorat. Cercet\u0103tor de prestigiu \u00een domeniul ingineriei materialelor, cu contribu\u021bii remarcabile \u00een studiul \u0219i caracterizarea materialelor metalice amorfe \u0219i nanocristaline, a fost autor \u0219i coautor a peste 250 de lucr\u0103ri \u0219tiin\u021bifice \u0219i 9 inven\u021bii, coordon\u00e2nd zeci de proiecte de cercetare \u0219i form\u00e2nd genera\u021bii de ingineri \u0219i doctori \u00een \u0219tiin\u021b\u0103. <\/span><\/span><\/p>\n<p><span class=\"html-span xdj266r x14z9mp xat24cr x1lziwak xexx8yu xyri2b x18d9i69 x1c1uobl x1hl2dhg x16tdsg8 x1vvkbs x4k7w5x x1h91t0o x1h9r5lt x1jfb8zj xv2umb2 x1beo9mf xaigb6o x12ejxvf x3igimt xarpa2k xedcshv x1lytzrv x1t2pt76 x7ja8zs x1qrby5j\"><span class=\"x193iq5w xeuugli x13faqbe x1vvkbs x1xmvt09 x1lliihq x1s928wv xhkezso x1gmr53x x1cpjm7i x1fgarty x1943h6x xudqn12 x3x7a5m x6prxxf xvq8zen xo1l8bm xzsf02u\" dir=\"auto\">A ocupat func\u021bii importante \u00een structuri na\u021bionale de evaluare academic\u0103 \u0219i a fost un sus\u021bin\u0103tor activ al calit\u0103\u021bii \u0219i coeren\u021bei sistemului de \u00eenv\u0103\u021b\u0103m\u00e2nt superior tehnic din Rom\u00e2nia. \u00cen plan managerial, a fost prodecan al Facult\u0103\u021bii de Mecanic\u0103, prorector (2004\u20132012), iar apoi rector al Universit\u0103\u021bii Politehnica Timi\u0219oara pentru dou\u0103 mandate (2012\u20132020). A fost ultimul rector al primului secol de existen\u021b\u0103 al universit\u0103\u021bii, av\u00e2nd un rol esen\u021bial \u00een preg\u0103tirea \u0219i marcarea Centenarului \u0219i \u00een conturarea direc\u021biilor strategice pentru \u201ePolitehnica noului secol\u201d. \u00cen calitate de rector, profesorul \u0218erban a l\u0103sat o amprent\u0103 de ne\u0219ters asupra universit\u0103\u021bii . \u00cen timpul mandatelor sale au fost inaugurate Biblioteca \u0219i Centrul de Conferin\u021be UPT, a fost ob\u021binut\u0103 licen\u021ba de emisie pentru TeleUniversitatea, au fost \u00eenfiin\u021bate Funda\u021bia Politehnica \u0219i Comitetul Director al UPT \u0219i a fost consolidat\u0103 cooperarea interna\u021bional\u0103 cu universit\u0103\u021bi \u0219i centre de cercetare de prestigiu din Europa.<\/span><\/span><\/p>\n<p><span class=\"html-span xdj266r x14z9mp xat24cr x1lziwak xexx8yu xyri2b x18d9i69 x1c1uobl x1hl2dhg x16tdsg8 x1vvkbs x4k7w5x x1h91t0o x1h9r5lt x1jfb8zj xv2umb2 x1beo9mf xaigb6o x12ejxvf x3igimt xarpa2k xedcshv x1lytzrv x1t2pt76 x7ja8zs x1qrby5j\"><span class=\"x193iq5w xeuugli x13faqbe x1vvkbs x1xmvt09 x1lliihq x1s928wv xhkezso x1gmr53x x1cpjm7i x1fgarty x1943h6x xudqn12 x3x7a5m x6prxxf xvq8zen xo1l8bm xzsf02u\" dir=\"auto\"> \u00cen anul 2016, a fost ini\u021biator \u0219i prim pre\u0219edinte al Alian\u021bei Rom\u00e2ne a Universit\u0103\u021bilor Tehnice, structur\u0103 menit\u0103 s\u0103 reprezinte unitar interesele universit\u0103\u021bilor tehnice din Rom\u00e2nia. Prof. Viorel-Aurel \u0218erban a fost, de asemenea, un sus\u021bin\u0103tor dedicat al sportului universitar. A contribuit decisiv la revitalizarea mi\u0219c\u0103rii sportive politehniste, a \u00eenfiin\u021bat clubul de fotbal ASU Politehnica Timi\u0219oara \u0219i a sprijinit activitatea structurilor sportive ale CSU Politehnica Timi\u0219oara, implic\u00e2ndu-se direct \u00een dezvoltarea handbalului \u0219i fotbalului universitar. Pentru \u00eentreaga sa activitate i-au fost conferite numeroase distinc\u021bii academice, \u00eentre care titluri de Doctor Honoris Causa \u0219i diploma \u201eMeritul Academic\u201d a Academiei Rom\u00e2ne, fiind din 2022 membru corespondent al Academiei Rom\u00e2ne de \u0218tiin\u021be Tehnice. <\/span><\/span><\/p>\n<p><span class=\"html-span xdj266r x14z9mp xat24cr x1lziwak xexx8yu xyri2b x18d9i69 x1c1uobl x1hl2dhg x16tdsg8 x1vvkbs x4k7w5x x1h91t0o x1h9r5lt x1jfb8zj xv2umb2 x1beo9mf xaigb6o x12ejxvf x3igimt xarpa2k xedcshv x1lytzrv x1t2pt76 x7ja8zs x1qrby5j\"><span class=\"x193iq5w xeuugli x13faqbe x1vvkbs x1xmvt09 x1lliihq x1s928wv xhkezso x1gmr53x x1cpjm7i x1fgarty x1943h6x xudqn12 x3x7a5m x6prxxf xvq8zen xo1l8bm xzsf02u\" dir=\"auto\">Timp de peste jum\u0103tate de secol, profesorul Viorel-Aurel \u0218erban a slujit cu devotament Universitatea Politehnica Timi\u0219oara, l\u0103s\u00e2nd \u00een urm\u0103 nu doar cl\u0103diri \u0219i structuri institu\u021bionale, ci mai ales o viziune despre ce \u00eenseamn\u0103 excelen\u021ba academic\u0103, integritatea \u0219i d\u0103ruirea fa\u021b\u0103 de educa\u021bie. Prin \u00eentreaga sa carier\u0103, prof. Viorel-Aurel \u0218erban a \u00eentruchipat valorile fundamentale ale Politehnicii: competen\u021b\u0103, rigoare, responsabilitate \u0219i loialitate fa\u021b\u0103 de institu\u021bie. A fost un lider echilibrat, un profesor respectat \u0219i un coleg generos, care a pus \u00eentotdeauna pe primul loc dezvoltarea universit\u0103\u021bii \u0219i binele comunit\u0103\u021bii academice. <\/span><\/span><\/p>\n<p><span class=\"html-span xdj266r x14z9mp xat24cr x1lziwak xexx8yu xyri2b x18d9i69 x1c1uobl x1hl2dhg x16tdsg8 x1vvkbs x4k7w5x x1h91t0o x1h9r5lt x1jfb8zj xv2umb2 x1beo9mf xaigb6o x12ejxvf x3igimt xarpa2k xedcshv x1lytzrv x1t2pt76 x7ja8zs x1qrby5j\"><span class=\"x193iq5w xeuugli x13faqbe x1vvkbs x1xmvt09 x1lliihq x1s928wv xhkezso x1gmr53x x1cpjm7i x1fgarty x1943h6x xudqn12 x3x7a5m x6prxxf xvq8zen xo1l8bm xzsf02u\" dir=\"auto\">Plecarea sa las\u0103 un gol imens \u00een inimile noastre \u0219i \u00een via\u021ba Universit\u0103\u021bii Politehnica Timi\u0219oara. Comunitatea academic\u0103 a Universit\u0103\u021bii Politehnica Timi\u0219oara transmite sincere condolean\u021be familiei \u00eendoliate \u0219i tuturor celor care i-au fost aproape. Amintirea sa va d\u0103inui \u00een inimile noastre \u0219i \u00een istoria acestei institu\u021bii centenare pe care a servit-o cu at\u00e2ta devotament. <\/span><\/span><\/p>\n<p><span class=\"html-span xdj266r x14z9mp xat24cr x1lziwak xexx8yu xyri2b x18d9i69 x1c1uobl x1hl2dhg x16tdsg8 x1vvkbs x4k7w5x x1h91t0o x1h9r5lt x1jfb8zj xv2umb2 x1beo9mf xaigb6o x12ejxvf x3igimt xarpa2k xedcshv x1lytzrv x1t2pt76 x7ja8zs x1qrby5j\"><span class=\"x193iq5w xeuugli x13faqbe x1vvkbs x1xmvt09 x1lliihq x1s928wv xhkezso x1gmr53x x1cpjm7i x1fgarty x1943h6x xudqn12 x3x7a5m x6prxxf xvq8zen xo1l8bm xzsf02u\" dir=\"auto\">Dumnezeu s\u0103-l odihneasc\u0103 \u00een pace!<\/span><\/span><\/p>\n<\/div>\n<p>[analyse_source url=&#8221;https:\/\/gazetadinvest.ro\/doliu-la-upt-a-murit-prof-univ-dr-ing-viorel-aurel-serban\/&#8221;]<\/p>\n","protected":false},"excerpt":{"rendered":"<p>[analyse_image type=&#8221;featured&#8221; src=&#8221;https:\/\/gazetadinvest.ro\/wp-content\/uploads\/2026\/02\/serban-1.jpg&#8221;] Cu profund\u0103 durere, Universitatea Politehnica Timi\u0219oara anun\u021b\u0103 trecerea la cele ve\u0219nice a prof.univ.dr.ing. Viorel-Aurel \u0218erban, rector al institu\u021biei \u00een perioada 2012-2020. \u00centreaga comunitate academic\u0103 a Universit\u0103\u021bii Politehnica Timi\u0219oara depl\u00e2nge pierderea unuia dintre cei mai distin\u0219i membri ai s\u0103i, devotat comunit\u0103\u021bii politehniste timp de peste cinci decenii, care a condus cu d\u0103ruire \u0219i [&hellip;]<\/p>\n","protected":false},"author":1,"featured_media":0,"comment_status":"open","ping_status":"","sticky":false,"template":"","format":"standard","meta":{"footnotes":""},"categories":[89],"tags":[226,203],"class_list":["post-1803048","post","type-post","status-publish","format-standard","hentry","category-romania","tag-crawlmanager","tag-gazetadinvest-ro"],"_links":{"self":[{"href":"https:\/\/analyse.optim.biz\/index.php?rest_route=\/wp\/v2\/posts\/1803048","targetHints":{"allow":["GET"]}}],"collection":[{"href":"https:\/\/analyse.optim.biz\/index.php?rest_route=\/wp\/v2\/posts"}],"about":[{"href":"https:\/\/analyse.optim.biz\/index.php?rest_route=\/wp\/v2\/types\/post"}],"author":[{"embeddable":true,"href":"https:\/\/analyse.optim.biz\/index.php?rest_route=\/wp\/v2\/users\/1"}],"replies":[{"embeddable":true,"href":"https:\/\/analyse.optim.biz\/index.php?rest_route=%2Fwp%2Fv2%2Fcomments&post=1803048"}],"version-history":[{"count":0,"href":"https:\/\/analyse.optim.biz\/index.php?rest_route=\/wp\/v2\/posts\/1803048\/revisions"}],"wp:attachment":[{"href":"https:\/\/analyse.optim.biz\/index.php?rest_route=%2Fwp%2Fv2%2Fmedia&parent=1803048"}],"wp:term":[{"taxonomy":"category","embeddable":true,"href":"https:\/\/analyse.optim.biz\/index.php?rest_route=%2Fwp%2Fv2%2Fcategories&post=1803048"},{"taxonomy":"post_tag","embeddable":true,"href":"https:\/\/analyse.optim.biz\/index.php?rest_route=%2Fwp%2Fv2%2Ftags&post=1803048"}],"curies":[{"name":"wp","href":"https:\/\/api.w.org\/{rel}","templated":true}]}}