{"id":1802910,"date":"2026-03-02T17:47:58","date_gmt":"2026-03-02T14:47:58","guid":{"rendered":"https:\/\/analyse.optim.biz\/?p=1802910"},"modified":"2026-03-02T17:47:58","modified_gmt":"2026-03-02T14:47:58","slug":"rectorul-usv-mihai-dimian-propus-ministru-al-educatiei-decizia-a-fost-luata-de-conducerea-pnl-suceavalive","status":"publish","type":"post","link":"https:\/\/analyse.optim.biz\/?p=1802910","title":{"rendered":"RECTORUL USV, MIHAI DIMIAN, PROPUS MINISTRU AL EDUCA\u021aIEI. Decizia a fost luat\u0103 de conducerea PNL &#8211; SuceavaLIVE"},"content":{"rendered":"<p>[analyse_image type=&#8221;featured&#8221; src=&#8221;https:\/\/suceavalive.ro\/wp-content\/uploads\/2017\/05\/314396114_544632374167610_4856171585493678025_n-1024&#215;769.jpghttps:\/\/suceavalive.ro\/wp-content\/uploads\/2017\/05\/314396114_544632374167610_4856171585493678025_n.jpg&#8221;]<\/p>\n<article id=\"post-288288\" class=\"clearfix post-288288 post type-post status-publish format-standard has-post-thumbnail hentry category-slide category-categoria-social\">\n<header id=\"cb-standard-featured\">\n<div id=\"cb-fis-wrap\" class=\"cb-entry-header cb-fis cb-style-standard\"><span class=\"cb-title-fi\"><\/p>\n<h1 class=\"entry-title cb-entry-title cb-single-title\">RECTORUL USV, MIHAI DIMIAN, PROPUS MINISTRU AL EDUCA\u021aIEI. Decizia a fost luat\u0103 de conducerea PNL<\/h1>\n<div class=\"cb-byline cb-font-header\">\n<div class=\"cb-date cb-byline-element\"><time datetime=\"2026-03-02\">2 martie 2026<\/time><\/div>\n<\/div>\n<p><\/span><\/div>\n<\/header>\n<section class=\"cb-entry-content entry-content clearfix\">\n<p data-path-to-node=\"3\">Universitatea \u201e\u0218tefan cel Mare\u201d din Suceava (USV) ofer\u0103, \u00een premier\u0103, un ministru al Educa\u021biei. Rectorul institu\u021biei, <b data-path-to-node=\"3\" data-index-in-node=\"118\">prof. univ. dr. Mihai Dimian<\/b>, a fost validat oficial de c\u0103tre conducerea PNL pentru a prelua portofoliul Educa\u021biei \u0219i Cercet\u0103rii, \u00een urma unei \u0219edin\u021be a Biroului Politic Na\u021bional care a avut loc luni, 2 martie 2026.<\/p>\n<h3 data-path-to-node=\"4\">Drumul de la Suceava la Guvern: Sus\u021binut ca independent<\/h3>\n<p data-path-to-node=\"5\">Propunerea a venit direct din partea premierului <b data-path-to-node=\"5\" data-index-in-node=\"49\">Ilie Bolojan<\/b>, care a ocupat interimar func\u021bia de ministru al Educa\u021biei dup\u0103 demisia lui Daniel David. Mihai Dimian va activa \u00een Guvern ca <b data-path-to-node=\"5\" data-index-in-node=\"187\">independent<\/b>, beneficiind de sprijinul politic al PNL pentru a implementa o viziune de reform\u0103 axat\u0103 pe eficien\u021b\u0103.<\/p>\n<blockquote data-path-to-node=\"6\">\n<p data-path-to-node=\"6,0\">\u201eMihai Dimian are misiunea de a contribui la dezvoltarea sistemului de \u00eenv\u0103\u021b\u0103m\u00e2nt \u00een acord cu programul de guvernare, continu\u00e2nd eforturile de eficientizare a domeniului educa\u021biei \u00een contextul m\u0103surilor de austeritate\u201d, se arat\u0103 \u00een comunicatul oficial al partidului.<\/p>\n<\/blockquote>\n<h3 data-path-to-node=\"7\">Cine este Mihai Dimian: Un parcurs academic de excep\u021bie<\/h3>\n<p data-path-to-node=\"8\">Actualul rector al USV (func\u021bie ocupat\u0103 din 2024) aduce la Bucure\u0219ti un CV impresionant, marcat de o vast\u0103 experien\u021b\u0103 interna\u021bional\u0103:<\/p>\n<ul data-path-to-node=\"9\">\n<li>\n<p data-path-to-node=\"9,0,0\"><b data-path-to-node=\"9,0,0\" data-index-in-node=\"0\">Studii:<\/b> Dublu licen\u021biat \u00een Fizic\u0103 \u0219i Matematic\u0103 la Universitatea \u201eAlexandru Ioan Cuza\u201d din Ia\u0219i.<\/p>\n<\/li>\n<li>\n<p data-path-to-node=\"9,1,0\"><b data-path-to-node=\"9,1,0\" data-index-in-node=\"0\">Doctorat:<\/b> Titlu de doctor \u00een inginerie electric\u0103 \u0219i electronic\u0103 ob\u021binut la <b data-path-to-node=\"9,1,0\" data-index-in-node=\"75\">University of Maryland, SUA<\/b>.<\/p>\n<\/li>\n<li>\n<p data-path-to-node=\"9,2,0\"><b data-path-to-node=\"9,2,0\" data-index-in-node=\"0\">Experien\u021b\u0103 Extern\u0103:<\/b> Cercet\u0103tor la Institutul Max Planck (Germania) \u0219i profesor asociat la Howard University (Washington DC).<\/p>\n<\/li>\n<li>\n<p data-path-to-node=\"9,3,0\"><b data-path-to-node=\"9,3,0\" data-index-in-node=\"0\">Carier\u0103 local\u0103:<\/b> A fost un pilon central \u00een dezvoltarea infrastructurii de cercetare a Universit\u0103\u021bii din Suceava \u00eenainte de a deveni rector.<\/p>\n<\/li>\n<\/ul>\n<h3 data-path-to-node=\"10\">Provoc\u0103rile mandatului<\/h3>\n<p data-path-to-node=\"11\">Nominalizarea vine \u00eentr-un moment critic, dup\u0103 ce interimatul de 45 de zile la Ministerul Educa\u021biei a expirat pe 27 februarie. Noul ministru va trebui s\u0103 echilibreze nevoia de modernizare a \u0219colilor cu programul strict de administrare a resurselor impus de guvernul Bolojan.<\/p>\n<p data-path-to-node=\"12\">Premierul urmeaz\u0103 s\u0103 transmit\u0103 oficial propunerea c\u0103tre Palatul Cotroceni pentru semnarea decretului de numire de c\u0103tre pre\u0219edintele Rom\u00e2niei.<\/p>\n<\/section>\n<footer class=\"article-footer\">\n<div class=\"cb-social-sharing cb-post-footer-block cb-beside clearfix\">\n<div class=\"cb-title-subtle\">Share On:<\/div>\n<div class=\"cb-twitter\"><a href=\"https:\/\/twitter.com\/share\" class=\"twitter-share-button\" data-dnt=\"true\" data-count=\"horizontal\">Tweet<\/a><\/div>\n<\/div>\n<div id=\"cb-previous-next-links\" class=\"cb-post-footer-block clearfix\">\n<div id=\"cb-previous-link\"><a href=\"https:\/\/suceavalive.ro\/draga-turistule-de-pasiii-te-vor-purta-in-bucovina-nu-uita-de-manastirea-sucevita-2\/\" rel=\"prev\">Drag\u0103 turistule, de pa\u0219ii te vor purta \u00een Bucovina, nu uita de M\u0103n\u0103stirea Sucevi\u021ba<\/a><\/div>\n<div class=\"cb-empty\">No More Stories<\/div>\n<\/div>\n<div id=\"cb-author-box\" class=\"clearfix\">\n<h3 class=\"cb-block-title\">Despre autor<\/h3>\n<div class=\"cb-meta\">\n<div class=\"cb-info\">\n<div class=\"cb-author-title vcard\"><a href=\"https:\/\/suceavalive.ro\/author\/suceavalive\/\"><span class=\"fn\">SuceavaLive<\/span><\/a><\/div>\n<\/div>\n<\/div>\n<\/div>\n<div id=\"cb-related-posts\" class=\"cb-related-posts-block cb-post-end-block clearfix\">\n<h3 class=\"cb-block-title\">Postari asemanatoare<\/h3>\n<ul>\n<li class=\"cb-style-overlay cb-grid-entry cb-related-post no-1\">\n<div class=\"cb-meta cb-article-meta\">\n<h4 class=\"h3 cb-post-title\"><a href=\"https:\/\/suceavalive.ro\/draga-turistule-de-pasiii-te-vor-purta-in-bucovina-nu-uita-de-manastirea-sucevita-2\/\">Drag\u0103 turistule, de pa\u0219ii te vor purta \u00een Bucovina, nu uita de M\u0103n\u0103stirea Sucevi\u021ba<\/a><\/h4>\n<div class=\"cb-byline cb-font-header\">\n<div class=\"cb-date cb-byline-element\"><time datetime=\"2026-03-02\">2 martie 2026<\/time><\/div>\n<\/div>\n<\/div>\n<\/li>\n<li class=\"cb-style-overlay cb-grid-entry cb-related-post no-2\">\n<div class=\"cb-meta cb-article-meta\">\n<h4 class=\"h3 cb-post-title\"><a href=\"https:\/\/suceavalive.ro\/stiati-ca-daniil-sihastrul-a-prezis-domnia-lui-stefan-cel-mare-si-a-influentat-construirea-manastirii-putna\/\">\u0218tia\u021bi c\u0103 Daniil Sihastrul a prezis domnia lui \u0218tefan cel Mare \u0219i a influen\u021bat construirea M\u0103n\u0103stirii Putna?<\/a><\/h4>\n<div class=\"cb-byline cb-font-header\">\n<div class=\"cb-date cb-byline-element\"><time datetime=\"2026-03-02\">2 martie 2026<\/time><\/div>\n<\/div>\n<\/div>\n<\/li>\n<\/ul>\n<\/div>\n<\/footer>\n<div id=\"respond\" class=\"comment-respond\">\n<h3 id=\"reply-title\" class=\"comment-reply-title\">Lasa un raspuns <small><a rel=\"nofollow\" id=\"cancel-comment-reply-link\" href=\"https:\/\/suceavalive.ro\/rectorul-usv-mihai-dimian-propus-ministru-al-educatiei-decizia-a-fost-luata-de-conducerea-pnl\/#respond\">Anuleaza raspunsul<\/a><\/small><\/h3>\n<p class=\"comment-notes\">Adresa ta de email nu va fi publicat\u0103.<\/p>\n<\/div>\n<\/article>\n<section class=\"cb-entry-content entry-content clearfix\">\n<p data-path-to-node=\"3\">Universitatea \u201e\u0218tefan cel Mare\u201d din Suceava (USV) ofer\u0103, \u00een premier\u0103, un ministru al Educa\u021biei. Rectorul institu\u021biei, <b data-path-to-node=\"3\" data-index-in-node=\"118\">prof. univ. dr. Mihai Dimian<\/b>, a fost validat oficial de c\u0103tre conducerea PNL pentru a prelua portofoliul Educa\u021biei \u0219i Cercet\u0103rii, \u00een urma unei \u0219edin\u021be a Biroului Politic Na\u021bional care a avut loc luni, 2 martie 2026.<\/p>\n<h3 data-path-to-node=\"4\">Drumul de la Suceava la Guvern: Sus\u021binut ca independent<\/h3>\n<p data-path-to-node=\"5\">Propunerea a venit direct din partea premierului <b data-path-to-node=\"5\" data-index-in-node=\"49\">Ilie Bolojan<\/b>, care a ocupat interimar func\u021bia de ministru al Educa\u021biei dup\u0103 demisia lui Daniel David. Mihai Dimian va activa \u00een Guvern ca <b data-path-to-node=\"5\" data-index-in-node=\"187\">independent<\/b>, beneficiind de sprijinul politic al PNL pentru a implementa o viziune de reform\u0103 axat\u0103 pe eficien\u021b\u0103.<\/p>\n<blockquote data-path-to-node=\"6\">\n<p data-path-to-node=\"6,0\">\u201eMihai Dimian are misiunea de a contribui la dezvoltarea sistemului de \u00eenv\u0103\u021b\u0103m\u00e2nt \u00een acord cu programul de guvernare, continu\u00e2nd eforturile de eficientizare a domeniului educa\u021biei \u00een contextul m\u0103surilor de austeritate\u201d, se arat\u0103 \u00een comunicatul oficial al partidului.<\/p>\n<\/blockquote>\n<h3 data-path-to-node=\"7\">Cine este Mihai Dimian: Un parcurs academic de excep\u021bie<\/h3>\n<p data-path-to-node=\"8\">Actualul rector al USV (func\u021bie ocupat\u0103 din 2024) aduce la Bucure\u0219ti un CV impresionant, marcat de o vast\u0103 experien\u021b\u0103 interna\u021bional\u0103:<\/p>\n<ul data-path-to-node=\"9\">\n<li>\n<p data-path-to-node=\"9,0,0\"><b data-path-to-node=\"9,0,0\" data-index-in-node=\"0\">Studii:<\/b> Dublu licen\u021biat \u00een Fizic\u0103 \u0219i Matematic\u0103 la Universitatea \u201eAlexandru Ioan Cuza\u201d din Ia\u0219i.<\/p>\n<\/li>\n<li>\n<p data-path-to-node=\"9,1,0\"><b data-path-to-node=\"9,1,0\" data-index-in-node=\"0\">Doctorat:<\/b> Titlu de doctor \u00een inginerie electric\u0103 \u0219i electronic\u0103 ob\u021binut la <b data-path-to-node=\"9,1,0\" data-index-in-node=\"75\">University of Maryland, SUA<\/b>.<\/p>\n<\/li>\n<li>\n<p data-path-to-node=\"9,2,0\"><b data-path-to-node=\"9,2,0\" data-index-in-node=\"0\">Experien\u021b\u0103 Extern\u0103:<\/b> Cercet\u0103tor la Institutul Max Planck (Germania) \u0219i profesor asociat la Howard University (Washington DC).<\/p>\n<\/li>\n<li>\n<p data-path-to-node=\"9,3,0\"><b data-path-to-node=\"9,3,0\" data-index-in-node=\"0\">Carier\u0103 local\u0103:<\/b> A fost un pilon central \u00een dezvoltarea infrastructurii de cercetare a Universit\u0103\u021bii din Suceava \u00eenainte de a deveni rector.<\/p>\n<\/li>\n<\/ul>\n<h3 data-path-to-node=\"10\">Provoc\u0103rile mandatului<\/h3>\n<p data-path-to-node=\"11\">Nominalizarea vine \u00eentr-un moment critic, dup\u0103 ce interimatul de 45 de zile la Ministerul Educa\u021biei a expirat pe 27 februarie. Noul ministru va trebui s\u0103 echilibreze nevoia de modernizare a \u0219colilor cu programul strict de administrare a resurselor impus de guvernul Bolojan.<\/p>\n<p data-path-to-node=\"12\">Premierul urmeaz\u0103 s\u0103 transmit\u0103 oficial propunerea c\u0103tre Palatul Cotroceni pentru semnarea decretului de numire de c\u0103tre pre\u0219edintele Rom\u00e2niei.<\/p>\n<\/section>\n<section class=\"cb-entry-content entry-content clearfix\">\n<p data-path-to-node=\"3\">Universitatea \u201e\u0218tefan cel Mare\u201d din Suceava (USV) ofer\u0103, \u00een premier\u0103, un ministru al Educa\u021biei. Rectorul institu\u021biei, <b data-path-to-node=\"3\" data-index-in-node=\"118\">prof. univ. dr. Mihai Dimian<\/b>, a fost validat oficial de c\u0103tre conducerea PNL pentru a prelua portofoliul Educa\u021biei \u0219i Cercet\u0103rii, \u00een urma unei \u0219edin\u021be a Biroului Politic Na\u021bional care a avut loc luni, 2 martie 2026.<\/p>\n<h3 data-path-to-node=\"4\">Drumul de la Suceava la Guvern: Sus\u021binut ca independent<\/h3>\n<p data-path-to-node=\"5\">Propunerea a venit direct din partea premierului <b data-path-to-node=\"5\" data-index-in-node=\"49\">Ilie Bolojan<\/b>, care a ocupat interimar func\u021bia de ministru al Educa\u021biei dup\u0103 demisia lui Daniel David. Mihai Dimian va activa \u00een Guvern ca <b data-path-to-node=\"5\" data-index-in-node=\"187\">independent<\/b>, beneficiind de sprijinul politic al PNL pentru a implementa o viziune de reform\u0103 axat\u0103 pe eficien\u021b\u0103.<\/p>\n<blockquote data-path-to-node=\"6\">\n<p data-path-to-node=\"6,0\">\u201eMihai Dimian are misiunea de a contribui la dezvoltarea sistemului de \u00eenv\u0103\u021b\u0103m\u00e2nt \u00een acord cu programul de guvernare, continu\u00e2nd eforturile de eficientizare a domeniului educa\u021biei \u00een contextul m\u0103surilor de austeritate\u201d, se arat\u0103 \u00een comunicatul oficial al partidului.<\/p>\n<\/blockquote>\n<h3 data-path-to-node=\"7\">Cine este Mihai Dimian: Un parcurs academic de excep\u021bie<\/h3>\n<p data-path-to-node=\"8\">Actualul rector al USV (func\u021bie ocupat\u0103 din 2024) aduce la Bucure\u0219ti un CV impresionant, marcat de o vast\u0103 experien\u021b\u0103 interna\u021bional\u0103:<\/p>\n<ul data-path-to-node=\"9\">\n<li>\n<p data-path-to-node=\"9,0,0\"><b data-path-to-node=\"9,0,0\" data-index-in-node=\"0\">Studii:<\/b> Dublu licen\u021biat \u00een Fizic\u0103 \u0219i Matematic\u0103 la Universitatea \u201eAlexandru Ioan Cuza\u201d din Ia\u0219i.<\/p>\n<\/li>\n<li>\n<p data-path-to-node=\"9,1,0\"><b data-path-to-node=\"9,1,0\" data-index-in-node=\"0\">Doctorat:<\/b> Titlu de doctor \u00een inginerie electric\u0103 \u0219i electronic\u0103 ob\u021binut la <b data-path-to-node=\"9,1,0\" data-index-in-node=\"75\">University of Maryland, SUA<\/b>.<\/p>\n<\/li>\n<li>\n<p data-path-to-node=\"9,2,0\"><b data-path-to-node=\"9,2,0\" data-index-in-node=\"0\">Experien\u021b\u0103 Extern\u0103:<\/b> Cercet\u0103tor la Institutul Max Planck (Germania) \u0219i profesor asociat la Howard University (Washington DC).<\/p>\n<\/li>\n<li>\n<p data-path-to-node=\"9,3,0\"><b data-path-to-node=\"9,3,0\" data-index-in-node=\"0\">Carier\u0103 local\u0103:<\/b> A fost un pilon central \u00een dezvoltarea infrastructurii de cercetare a Universit\u0103\u021bii din Suceava \u00eenainte de a deveni rector.<\/p>\n<\/li>\n<\/ul>\n<h3 data-path-to-node=\"10\">Provoc\u0103rile mandatului<\/h3>\n<p data-path-to-node=\"11\">Nominalizarea vine \u00eentr-un moment critic, dup\u0103 ce interimatul de 45 de zile la Ministerul Educa\u021biei a expirat pe 27 februarie. Noul ministru va trebui s\u0103 echilibreze nevoia de modernizare a \u0219colilor cu programul strict de administrare a resurselor impus de guvernul Bolojan.<\/p>\n<p data-path-to-node=\"12\">Premierul urmeaz\u0103 s\u0103 transmit\u0103 oficial propunerea c\u0103tre Palatul Cotroceni pentru semnarea decretului de numire de c\u0103tre pre\u0219edintele Rom\u00e2niei.<\/p>\n<\/section>\n<p>[analyse_source url=&#8221;https:\/\/suceavalive.ro\/rectorul-usv-mihai-dimian-propus-ministru-al-educatiei-decizia-a-fost-luata-de-conducerea-pnl\/&#8221;]<\/p>\n","protected":false},"excerpt":{"rendered":"<p>[analyse_image type=&#8221;featured&#8221; src=&#8221;https:\/\/suceavalive.ro\/wp-content\/uploads\/2017\/05\/314396114_544632374167610_4856171585493678025_n-1024&#215;769.jpghttps:\/\/suceavalive.ro\/wp-content\/uploads\/2017\/05\/314396114_544632374167610_4856171585493678025_n.jpg&#8221;] RECTORUL USV, MIHAI DIMIAN, PROPUS MINISTRU AL EDUCA\u021aIEI. Decizia a fost luat\u0103 de conducerea PNL 2 martie 2026 Universitatea \u201e\u0218tefan cel Mare\u201d din Suceava (USV) ofer\u0103, \u00een premier\u0103, un ministru al Educa\u021biei. Rectorul institu\u021biei, prof. univ. dr. Mihai Dimian, a fost validat oficial de c\u0103tre conducerea PNL pentru a prelua portofoliul Educa\u021biei [&hellip;]<\/p>\n","protected":false},"author":1,"featured_media":0,"comment_status":"open","ping_status":"","sticky":false,"template":"","format":"standard","meta":{"footnotes":""},"categories":[89],"tags":[226,173],"class_list":["post-1802910","post","type-post","status-publish","format-standard","hentry","category-romania","tag-crawlmanager","tag-suceavalive-ro"],"_links":{"self":[{"href":"https:\/\/analyse.optim.biz\/index.php?rest_route=\/wp\/v2\/posts\/1802910","targetHints":{"allow":["GET"]}}],"collection":[{"href":"https:\/\/analyse.optim.biz\/index.php?rest_route=\/wp\/v2\/posts"}],"about":[{"href":"https:\/\/analyse.optim.biz\/index.php?rest_route=\/wp\/v2\/types\/post"}],"author":[{"embeddable":true,"href":"https:\/\/analyse.optim.biz\/index.php?rest_route=\/wp\/v2\/users\/1"}],"replies":[{"embeddable":true,"href":"https:\/\/analyse.optim.biz\/index.php?rest_route=%2Fwp%2Fv2%2Fcomments&post=1802910"}],"version-history":[{"count":0,"href":"https:\/\/analyse.optim.biz\/index.php?rest_route=\/wp\/v2\/posts\/1802910\/revisions"}],"wp:attachment":[{"href":"https:\/\/analyse.optim.biz\/index.php?rest_route=%2Fwp%2Fv2%2Fmedia&parent=1802910"}],"wp:term":[{"taxonomy":"category","embeddable":true,"href":"https:\/\/analyse.optim.biz\/index.php?rest_route=%2Fwp%2Fv2%2Fcategories&post=1802910"},{"taxonomy":"post_tag","embeddable":true,"href":"https:\/\/analyse.optim.biz\/index.php?rest_route=%2Fwp%2Fv2%2Ftags&post=1802910"}],"curies":[{"name":"wp","href":"https:\/\/api.w.org\/{rel}","templated":true}]}}