{"id":1802909,"date":"2026-03-02T16:00:57","date_gmt":"2026-03-02T13:00:57","guid":{"rendered":"https:\/\/analyse.optim.biz\/?p=1802909"},"modified":"2026-03-02T16:00:57","modified_gmt":"2026-03-02T13:00:57","slug":"stiati-ca-daniil-sihastrul-a-prezis-domnia-lui-stefan-cel-mare-si-a-influentat-construirea-manastirii-putna","status":"publish","type":"post","link":"https:\/\/analyse.optim.biz\/?p=1802909","title":{"rendered":"\u0218tia\u021bi c\u0103 Daniil Sihastrul a prezis domnia lui \u0218tefan cel Mare \u0219i a influen\u021bat construirea M\u0103n\u0103stirii Putna?"},"content":{"rendered":"<p>[analyse_image type=&#8221;featured&#8221; src=&#8221;https:\/\/suceavalive.ro\/wp-content\/uploads\/2026\/03\/chilia_lui_daniil_sihastrul_1.jpghttps:\/\/suceavalive.ro\/wp-content\/uploads\/2026\/03\/chilia_lui_daniil_sihastrul_1.jpg&#8221;]<\/p>\n<article id=\"post-288244\" class=\"clearfix post-288244 post type-post status-publish format-standard has-post-thumbnail hentry category-slide category-categoria-social\">\n<header id=\"cb-standard-featured\">\n<div id=\"cb-fis-wrap\" class=\"cb-entry-header cb-fis cb-style-standard\"><span class=\"cb-title-fi\"><\/p>\n<h1 class=\"entry-title cb-entry-title cb-single-title\">\u0218tia\u021bi c\u0103 Daniil Sihastrul a prezis domnia lui \u0218tefan cel Mare \u0219i a influen\u021bat construirea M\u0103n\u0103stirii Putna?<\/h1>\n<div class=\"cb-byline cb-font-header\">\n<div class=\"cb-date cb-byline-element\"><time datetime=\"2026-03-02\">2 martie 2026<\/time><\/div>\n<\/div>\n<p><\/span><\/div>\n<\/header>\n<section class=\"cb-entry-content entry-content clearfix\">\n<p data-start=\"76\" data-end=\"307\"><span>\u0218tia\u021bi c\u0103 Chilia lui Daniil Sihastrul este o grot\u0103 s\u0103pat\u0103 \u00een st\u00e2nc\u0103 pe valea <strong data-start=\"153\" data-end=\"171\">p\u00e2r\u00e2ului Vi\u021b\u0103u<\/strong>, l\u00e2ng\u0103 <strong data-start=\"179\" data-end=\"199\">M\u0103n\u0103stirea Putna<\/strong> din jude\u021bul Suceava, unde sihastrul \u0219i\u2011a petrecut via\u021ba ca pustnic.<\/span><\/p>\n<p data-start=\"309\" data-end=\"508\"><span>\u0218tia\u021bi c\u0103 Daniil Sihastrul s\u2011a n\u0103scut la \u00eenceputul secolului al XV\u2011lea \u00eentr\u2011un sat din apropierea ora\u0219ului <strong data-start=\"416\" data-end=\"427\">R\u0103d\u0103u\u021bi<\/strong> \u0219i a primit numele de botez <strong data-start=\"456\" data-end=\"467\">Dumitru<\/strong>.<\/span><\/p>\n<p data-start=\"510\" data-end=\"712\"><span>\u0218tia\u021bi c\u0103 el a devenit c\u0103lug\u0103r la 16 ani la <strong data-start=\"554\" data-end=\"598\">M\u0103n\u0103stirea \u201eSf\u00e2ntul Nicolae\u201d din R\u0103d\u0103u\u021bi<\/strong> \u0219i apoi s\u2011a retras \u00een p\u0103dure pentru o via\u021b\u0103 plin\u0103 de rug\u0103ciune \u0219i ascez\u0103.<\/span><\/p>\n<p data-start=\"714\" data-end=\"908\"><span>\u0218tia\u021bi c\u0103 Daniil Sihastrul a d\u0103ltuit \u00een st\u00e2nc\u0103 nu doar locuin\u021ba sa, ci \u0219i un mic paraclis, unde se v\u0103d \u00eenc\u0103 pronaosul, naosul \u0219i altarul vechii chilii.<\/span><\/p>\n<p data-start=\"910\" data-end=\"1140\"><span>\u0218tia\u021bi c\u0103 domnitorul <strong data-start=\"931\" data-end=\"950\">\u0218tefan cel Mare<\/strong> l\u2011a vizitat la aceast\u0103 chilie \u00een 1451 dup\u0103 uciderea tat\u0103lui s\u0103u \u0219i Daniil i\u2011a prezis c\u0103 va deveni voievod al Moldovei, ceea ce s\u2011a \u00eent\u00e2mplat \u00een 1457.<\/span><\/p>\n<p data-start=\"1142\" data-end=\"1310\"><span>\u0218tia\u021bi c\u0103 la \u00eendemnul s\u0103u \u0218tefan cel Mare a ctitorit <strong data-start=\"1195\" data-end=\"1215\">M\u0103n\u0103stirea Putna<\/strong> \u00een 1466, un simbol al Bisericii \u0219i culturii rom\u00e2ne\u0219ti.<\/span><\/p>\n<p data-start=\"1312\" data-end=\"1510\"><span>\u0218tia\u021bi c\u0103 dup\u0103 sfin\u021birea Putnei Daniil Sihastrul s\u2011a retras la <strong data-start=\"1375\" data-end=\"1397\">M\u0103n\u0103stirea Vorone\u021b<\/strong>, unde \u0219i\u2011a continuat via\u021ba monahal\u0103 \u0219i a fost ales egumen al m\u0103n\u0103stirii.<\/span><\/p>\n<p data-start=\"1512\" data-end=\"1671\"><span>\u0218tia\u021bi c\u0103 el a murit \u00een anul <strong data-start=\"1541\" data-end=\"1549\">1496<\/strong> \u0219i a fost \u00eenmorm\u00e2ntat \u00een biserica M\u0103n\u0103stirii Vorone\u021b, unde se afl\u0103 morm\u00e2ntul s\u0103u.<\/span><\/p>\n<p data-start=\"1673\" data-end=\"1831\"><span>\u0218tia\u021bi c\u0103 <strong data-start=\"1683\" data-end=\"1724\">Biserica Ortodox\u0103 Rom\u00e2n\u0103 l-a canonizat<\/strong> ca sf\u00e2nt \u00een 1992, iar ziua lui de pr\u0103znuire este <strong data-start=\"1774\" data-end=\"1790\">18 decembrie<\/strong>.<\/span><\/p>\n<p data-start=\"1833\" data-end=\"2024\"><span>\u0218tia\u021bi c\u0103 locul chiliei a fost \u00eenscris \u00een <strong data-start=\"1875\" data-end=\"1906\">Lista monumentelor istorice<\/strong> din jude\u021bul Suceava din 2004, datorit\u0103 valorii sale istorice \u0219i religioase.<\/span><\/p>\n<p data-start=\"2026\" data-end=\"2231\"><span>\u0218tia\u021bi c\u0103 ast\u0103zi Chilia lui Daniil este un loc vizitat de pelerini \u0219i turi\u0219ti care caut\u0103 lini\u0219te, apropiere spiritual\u0103 \u0219i leg\u0103tura cu trecutul ortodox al Moldovei.<\/span><\/p>\n<p data-start=\"2233\" data-end=\"2376\"><span>Chilia lui Daniil Sihastrul r\u0103m\u00e2ne un punct de interes istoric \u0219i spiritual pentru Bucovina \u0219i Rom\u00e2nia<\/span><\/p>\n<\/section>\n<footer class=\"article-footer\">\n<div class=\"cb-social-sharing cb-post-footer-block cb-beside clearfix\">\n<div class=\"cb-title-subtle\">Share On:<\/div>\n<div class=\"cb-twitter\"><a href=\"https:\/\/twitter.com\/share\" class=\"twitter-share-button\" data-dnt=\"true\" data-count=\"horizontal\">Tweet<\/a><\/div>\n<\/div>\n<div id=\"cb-previous-next-links\" class=\"cb-post-footer-block clearfix\">\n<div id=\"cb-previous-link\"><a href=\"https:\/\/suceavalive.ro\/zeci-de-elevi-si-profesori-suceveni-blocati-in-strainatate-vezi-ce-masuri-a-luat-inspectoratul-scolar\/\" rel=\"prev\">Zeci de elevi \u0219i profesori suceveni, bloca\u021bi \u00een str\u0103in\u0103tate: Vezi ce m\u0103suri a luat Inspectoratul \u0218colar<\/a><\/div>\n<div id=\"cb-next-link\"><a href=\"https:\/\/suceavalive.ro\/draga-turistule-de-pasiii-te-vor-purta-in-bucovina-nu-uita-de-manastirea-sucevita-2\/\" rel=\"next\">Drag\u0103 turistule, de pa\u0219ii te vor purta \u00een Bucovina, nu uita de M\u0103n\u0103stirea Sucevi\u021ba<\/a><\/div>\n<\/div>\n<div id=\"cb-author-box\" class=\"clearfix\">\n<h3 class=\"cb-block-title\">Despre autor<\/h3>\n<div class=\"cb-meta\">\n<div class=\"cb-info\">\n<div class=\"cb-author-title vcard\"><a href=\"https:\/\/suceavalive.ro\/author\/suceavalive\/\"><span class=\"fn\">SuceavaLive<\/span><\/a><\/div>\n<\/div>\n<\/div>\n<\/div>\n<div id=\"cb-related-posts\" class=\"cb-related-posts-block cb-post-end-block clearfix\">\n<h3 class=\"cb-block-title\">Postari asemanatoare<\/h3>\n<ul>\n<li class=\"cb-style-overlay cb-grid-entry cb-related-post no-1\">\n<div class=\"cb-meta cb-article-meta\">\n<h4 class=\"h3 cb-post-title\"><a href=\"https:\/\/suceavalive.ro\/rectorul-usv-mihai-dimian-propus-ministru-al-educatiei-decizia-a-fost-luata-de-conducerea-pnl\/\">RECTORUL USV, MIHAI DIMIAN, PROPUS MINISTRU AL EDUCA\u021aIEI. Decizia a fost luat\u0103 de conducerea PNL<\/a><\/h4>\n<div class=\"cb-byline cb-font-header\">\n<div class=\"cb-date cb-byline-element\"><time datetime=\"2026-03-02\">2 martie 2026<\/time><\/div>\n<\/div>\n<\/div>\n<\/li>\n<li class=\"cb-style-overlay cb-grid-entry cb-related-post no-2\">\n<div class=\"cb-meta cb-article-meta\">\n<h4 class=\"h3 cb-post-title\"><a href=\"https:\/\/suceavalive.ro\/draga-turistule-de-pasiii-te-vor-purta-in-bucovina-nu-uita-de-manastirea-sucevita-2\/\">Drag\u0103 turistule, de pa\u0219ii te vor purta \u00een Bucovina, nu uita de M\u0103n\u0103stirea Sucevi\u021ba<\/a><\/h4>\n<div class=\"cb-byline cb-font-header\">\n<div class=\"cb-date cb-byline-element\"><time datetime=\"2026-03-02\">2 martie 2026<\/time><\/div>\n<\/div>\n<\/div>\n<\/li>\n<\/ul>\n<\/div>\n<\/footer>\n<div id=\"respond\" class=\"comment-respond\">\n<h3 id=\"reply-title\" class=\"comment-reply-title\">Lasa un raspuns <small><a rel=\"nofollow\" id=\"cancel-comment-reply-link\" href=\"https:\/\/suceavalive.ro\/stiati-ca-daniil-sihastrul-a-prezis-domnia-lui-stefan-cel-mare-si-a-influentat-construirea-manastirii-putna\/#respond\">Anuleaza raspunsul<\/a><\/small><\/h3>\n<p class=\"comment-notes\">Adresa ta de email nu va fi publicat\u0103.<\/p>\n<\/div>\n<\/article>\n<section class=\"cb-entry-content entry-content clearfix\">\n<p data-start=\"76\" data-end=\"307\"><span>\u0218tia\u021bi c\u0103 Chilia lui Daniil Sihastrul este o grot\u0103 s\u0103pat\u0103 \u00een st\u00e2nc\u0103 pe valea <strong data-start=\"153\" data-end=\"171\">p\u00e2r\u00e2ului Vi\u021b\u0103u<\/strong>, l\u00e2ng\u0103 <strong data-start=\"179\" data-end=\"199\">M\u0103n\u0103stirea Putna<\/strong> din jude\u021bul Suceava, unde sihastrul \u0219i\u2011a petrecut via\u021ba ca pustnic.<\/span><\/p>\n<p data-start=\"309\" data-end=\"508\"><span>\u0218tia\u021bi c\u0103 Daniil Sihastrul s\u2011a n\u0103scut la \u00eenceputul secolului al XV\u2011lea \u00eentr\u2011un sat din apropierea ora\u0219ului <strong data-start=\"416\" data-end=\"427\">R\u0103d\u0103u\u021bi<\/strong> \u0219i a primit numele de botez <strong data-start=\"456\" data-end=\"467\">Dumitru<\/strong>.<\/span><\/p>\n<p data-start=\"510\" data-end=\"712\"><span>\u0218tia\u021bi c\u0103 el a devenit c\u0103lug\u0103r la 16 ani la <strong data-start=\"554\" data-end=\"598\">M\u0103n\u0103stirea \u201eSf\u00e2ntul Nicolae\u201d din R\u0103d\u0103u\u021bi<\/strong> \u0219i apoi s\u2011a retras \u00een p\u0103dure pentru o via\u021b\u0103 plin\u0103 de rug\u0103ciune \u0219i ascez\u0103.<\/span><\/p>\n<p data-start=\"714\" data-end=\"908\"><span>\u0218tia\u021bi c\u0103 Daniil Sihastrul a d\u0103ltuit \u00een st\u00e2nc\u0103 nu doar locuin\u021ba sa, ci \u0219i un mic paraclis, unde se v\u0103d \u00eenc\u0103 pronaosul, naosul \u0219i altarul vechii chilii.<\/span><\/p>\n<p data-start=\"910\" data-end=\"1140\"><span>\u0218tia\u021bi c\u0103 domnitorul <strong data-start=\"931\" data-end=\"950\">\u0218tefan cel Mare<\/strong> l\u2011a vizitat la aceast\u0103 chilie \u00een 1451 dup\u0103 uciderea tat\u0103lui s\u0103u \u0219i Daniil i\u2011a prezis c\u0103 va deveni voievod al Moldovei, ceea ce s\u2011a \u00eent\u00e2mplat \u00een 1457.<\/span><\/p>\n<p data-start=\"1142\" data-end=\"1310\"><span>\u0218tia\u021bi c\u0103 la \u00eendemnul s\u0103u \u0218tefan cel Mare a ctitorit <strong data-start=\"1195\" data-end=\"1215\">M\u0103n\u0103stirea Putna<\/strong> \u00een 1466, un simbol al Bisericii \u0219i culturii rom\u00e2ne\u0219ti.<\/span><\/p>\n<p data-start=\"1312\" data-end=\"1510\"><span>\u0218tia\u021bi c\u0103 dup\u0103 sfin\u021birea Putnei Daniil Sihastrul s\u2011a retras la <strong data-start=\"1375\" data-end=\"1397\">M\u0103n\u0103stirea Vorone\u021b<\/strong>, unde \u0219i\u2011a continuat via\u021ba monahal\u0103 \u0219i a fost ales egumen al m\u0103n\u0103stirii.<\/span><\/p>\n<p data-start=\"1512\" data-end=\"1671\"><span>\u0218tia\u021bi c\u0103 el a murit \u00een anul <strong data-start=\"1541\" data-end=\"1549\">1496<\/strong> \u0219i a fost \u00eenmorm\u00e2ntat \u00een biserica M\u0103n\u0103stirii Vorone\u021b, unde se afl\u0103 morm\u00e2ntul s\u0103u.<\/span><\/p>\n<p data-start=\"1673\" data-end=\"1831\"><span>\u0218tia\u021bi c\u0103 <strong data-start=\"1683\" data-end=\"1724\">Biserica Ortodox\u0103 Rom\u00e2n\u0103 l-a canonizat<\/strong> ca sf\u00e2nt \u00een 1992, iar ziua lui de pr\u0103znuire este <strong data-start=\"1774\" data-end=\"1790\">18 decembrie<\/strong>.<\/span><\/p>\n<p data-start=\"1833\" data-end=\"2024\"><span>\u0218tia\u021bi c\u0103 locul chiliei a fost \u00eenscris \u00een <strong data-start=\"1875\" data-end=\"1906\">Lista monumentelor istorice<\/strong> din jude\u021bul Suceava din 2004, datorit\u0103 valorii sale istorice \u0219i religioase.<\/span><\/p>\n<p data-start=\"2026\" data-end=\"2231\"><span>\u0218tia\u021bi c\u0103 ast\u0103zi Chilia lui Daniil este un loc vizitat de pelerini \u0219i turi\u0219ti care caut\u0103 lini\u0219te, apropiere spiritual\u0103 \u0219i leg\u0103tura cu trecutul ortodox al Moldovei.<\/span><\/p>\n<p data-start=\"2233\" data-end=\"2376\"><span>Chilia lui Daniil Sihastrul r\u0103m\u00e2ne un punct de interes istoric \u0219i spiritual pentru Bucovina \u0219i Rom\u00e2nia<\/span><\/p>\n<\/section>\n<section class=\"cb-entry-content entry-content clearfix\">\n<p data-start=\"76\" data-end=\"307\"><span>\u0218tia\u021bi c\u0103 Chilia lui Daniil Sihastrul este o grot\u0103 s\u0103pat\u0103 \u00een st\u00e2nc\u0103 pe valea <strong data-start=\"153\" data-end=\"171\">p\u00e2r\u00e2ului Vi\u021b\u0103u<\/strong>, l\u00e2ng\u0103 <strong data-start=\"179\" data-end=\"199\">M\u0103n\u0103stirea Putna<\/strong> din jude\u021bul Suceava, unde sihastrul \u0219i\u2011a petrecut via\u021ba ca pustnic.<\/span><\/p>\n<p data-start=\"309\" data-end=\"508\"><span>\u0218tia\u021bi c\u0103 Daniil Sihastrul s\u2011a n\u0103scut la \u00eenceputul secolului al XV\u2011lea \u00eentr\u2011un sat din apropierea ora\u0219ului <strong data-start=\"416\" data-end=\"427\">R\u0103d\u0103u\u021bi<\/strong> \u0219i a primit numele de botez <strong data-start=\"456\" data-end=\"467\">Dumitru<\/strong>.<\/span><\/p>\n<p data-start=\"510\" data-end=\"712\"><span>\u0218tia\u021bi c\u0103 el a devenit c\u0103lug\u0103r la 16 ani la <strong data-start=\"554\" data-end=\"598\">M\u0103n\u0103stirea \u201eSf\u00e2ntul Nicolae\u201d din R\u0103d\u0103u\u021bi<\/strong> \u0219i apoi s\u2011a retras \u00een p\u0103dure pentru o via\u021b\u0103 plin\u0103 de rug\u0103ciune \u0219i ascez\u0103.<\/span><\/p>\n<p data-start=\"714\" data-end=\"908\"><span>\u0218tia\u021bi c\u0103 Daniil Sihastrul a d\u0103ltuit \u00een st\u00e2nc\u0103 nu doar locuin\u021ba sa, ci \u0219i un mic paraclis, unde se v\u0103d \u00eenc\u0103 pronaosul, naosul \u0219i altarul vechii chilii.<\/span><\/p>\n<p data-start=\"910\" data-end=\"1140\"><span>\u0218tia\u021bi c\u0103 domnitorul <strong data-start=\"931\" data-end=\"950\">\u0218tefan cel Mare<\/strong> l\u2011a vizitat la aceast\u0103 chilie \u00een 1451 dup\u0103 uciderea tat\u0103lui s\u0103u \u0219i Daniil i\u2011a prezis c\u0103 va deveni voievod al Moldovei, ceea ce s\u2011a \u00eent\u00e2mplat \u00een 1457.<\/span><\/p>\n<p data-start=\"1142\" data-end=\"1310\"><span>\u0218tia\u021bi c\u0103 la \u00eendemnul s\u0103u \u0218tefan cel Mare a ctitorit <strong data-start=\"1195\" data-end=\"1215\">M\u0103n\u0103stirea Putna<\/strong> \u00een 1466, un simbol al Bisericii \u0219i culturii rom\u00e2ne\u0219ti.<\/span><\/p>\n<p data-start=\"1312\" data-end=\"1510\"><span>\u0218tia\u021bi c\u0103 dup\u0103 sfin\u021birea Putnei Daniil Sihastrul s\u2011a retras la <strong data-start=\"1375\" data-end=\"1397\">M\u0103n\u0103stirea Vorone\u021b<\/strong>, unde \u0219i\u2011a continuat via\u021ba monahal\u0103 \u0219i a fost ales egumen al m\u0103n\u0103stirii.<\/span><\/p>\n<p data-start=\"1512\" data-end=\"1671\"><span>\u0218tia\u021bi c\u0103 el a murit \u00een anul <strong data-start=\"1541\" data-end=\"1549\">1496<\/strong> \u0219i a fost \u00eenmorm\u00e2ntat \u00een biserica M\u0103n\u0103stirii Vorone\u021b, unde se afl\u0103 morm\u00e2ntul s\u0103u.<\/span><\/p>\n<p data-start=\"1673\" data-end=\"1831\"><span>\u0218tia\u021bi c\u0103 <strong data-start=\"1683\" data-end=\"1724\">Biserica Ortodox\u0103 Rom\u00e2n\u0103 l-a canonizat<\/strong> ca sf\u00e2nt \u00een 1992, iar ziua lui de pr\u0103znuire este <strong data-start=\"1774\" data-end=\"1790\">18 decembrie<\/strong>.<\/span><\/p>\n<p data-start=\"1833\" data-end=\"2024\"><span>\u0218tia\u021bi c\u0103 locul chiliei a fost \u00eenscris \u00een <strong data-start=\"1875\" data-end=\"1906\">Lista monumentelor istorice<\/strong> din jude\u021bul Suceava din 2004, datorit\u0103 valorii sale istorice \u0219i religioase.<\/span><\/p>\n<p data-start=\"2026\" data-end=\"2231\"><span>\u0218tia\u021bi c\u0103 ast\u0103zi Chilia lui Daniil este un loc vizitat de pelerini \u0219i turi\u0219ti care caut\u0103 lini\u0219te, apropiere spiritual\u0103 \u0219i leg\u0103tura cu trecutul ortodox al Moldovei.<\/span><\/p>\n<p data-start=\"2233\" data-end=\"2376\"><span>Chilia lui Daniil Sihastrul r\u0103m\u00e2ne un punct de interes istoric \u0219i spiritual pentru Bucovina \u0219i Rom\u00e2nia<\/span><\/p>\n<\/section>\n<p>[analyse_source url=&#8221;https:\/\/suceavalive.ro\/stiati-ca-daniil-sihastrul-a-prezis-domnia-lui-stefan-cel-mare-si-a-influentat-construirea-manastirii-putna\/&#8221;]<\/p>\n","protected":false},"excerpt":{"rendered":"<p>[analyse_image type=&#8221;featured&#8221; src=&#8221;https:\/\/suceavalive.ro\/wp-content\/uploads\/2026\/03\/chilia_lui_daniil_sihastrul_1.jpghttps:\/\/suceavalive.ro\/wp-content\/uploads\/2026\/03\/chilia_lui_daniil_sihastrul_1.jpg&#8221;] \u0218tia\u021bi c\u0103 Daniil Sihastrul a prezis domnia lui \u0218tefan cel Mare \u0219i a influen\u021bat construirea M\u0103n\u0103stirii Putna? 2 martie 2026 \u0218tia\u021bi c\u0103 Chilia lui Daniil Sihastrul este o grot\u0103 s\u0103pat\u0103 \u00een st\u00e2nc\u0103 pe valea p\u00e2r\u00e2ului Vi\u021b\u0103u, l\u00e2ng\u0103 M\u0103n\u0103stirea Putna din jude\u021bul Suceava, unde sihastrul \u0219i\u2011a petrecut via\u021ba ca pustnic. \u0218tia\u021bi c\u0103 Daniil [&hellip;]<\/p>\n","protected":false},"author":1,"featured_media":0,"comment_status":"open","ping_status":"","sticky":false,"template":"","format":"standard","meta":{"footnotes":""},"categories":[89],"tags":[226,173],"class_list":["post-1802909","post","type-post","status-publish","format-standard","hentry","category-romania","tag-crawlmanager","tag-suceavalive-ro"],"_links":{"self":[{"href":"https:\/\/analyse.optim.biz\/index.php?rest_route=\/wp\/v2\/posts\/1802909","targetHints":{"allow":["GET"]}}],"collection":[{"href":"https:\/\/analyse.optim.biz\/index.php?rest_route=\/wp\/v2\/posts"}],"about":[{"href":"https:\/\/analyse.optim.biz\/index.php?rest_route=\/wp\/v2\/types\/post"}],"author":[{"embeddable":true,"href":"https:\/\/analyse.optim.biz\/index.php?rest_route=\/wp\/v2\/users\/1"}],"replies":[{"embeddable":true,"href":"https:\/\/analyse.optim.biz\/index.php?rest_route=%2Fwp%2Fv2%2Fcomments&post=1802909"}],"version-history":[{"count":0,"href":"https:\/\/analyse.optim.biz\/index.php?rest_route=\/wp\/v2\/posts\/1802909\/revisions"}],"wp:attachment":[{"href":"https:\/\/analyse.optim.biz\/index.php?rest_route=%2Fwp%2Fv2%2Fmedia&parent=1802909"}],"wp:term":[{"taxonomy":"category","embeddable":true,"href":"https:\/\/analyse.optim.biz\/index.php?rest_route=%2Fwp%2Fv2%2Fcategories&post=1802909"},{"taxonomy":"post_tag","embeddable":true,"href":"https:\/\/analyse.optim.biz\/index.php?rest_route=%2Fwp%2Fv2%2Ftags&post=1802909"}],"curies":[{"name":"wp","href":"https:\/\/api.w.org\/{rel}","templated":true}]}}