{"id":1802907,"date":"2026-03-02T15:41:57","date_gmt":"2026-03-02T12:41:57","guid":{"rendered":"https:\/\/analyse.optim.biz\/?p=1802907"},"modified":"2026-03-02T15:41:57","modified_gmt":"2026-03-02T12:41:57","slug":"zeci-de-elevi-si-profesori-suceveni-blocati-in-strainatate-vezi-ce-masuri-a-luat-inspectoratul-scolar","status":"publish","type":"post","link":"https:\/\/analyse.optim.biz\/?p=1802907","title":{"rendered":"Zeci de elevi \u0219i profesori suceveni, bloca\u021bi \u00een str\u0103in\u0103tate: Vezi ce m\u0103suri a luat Inspectoratul \u0218colar &#8211;"},"content":{"rendered":"<p>[analyse_image type=&#8221;featured&#8221; src=&#8221;https:\/\/suceavalive.ro\/wp-content\/uploads\/2025\/10\/isj-1.jpeghttps:\/\/suceavalive.ro\/wp-content\/uploads\/2025\/10\/isj-1.jpeg&#8221;]<\/p>\n<article id=\"post-288284\" class=\"clearfix post-288284 post type-post status-publish format-standard has-post-thumbnail hentry category-categoria-social\">\n<header id=\"cb-standard-featured\">\n<div id=\"cb-fis-wrap\" class=\"cb-entry-header cb-fis cb-style-standard\"><span class=\"cb-title-fi\"><\/p>\n<h1 class=\"entry-title cb-entry-title cb-single-title\">Zeci de elevi \u0219i profesori suceveni, bloca\u021bi \u00een str\u0103in\u0103tate: Vezi ce m\u0103suri a luat Inspectoratul \u0218colar<\/h1>\n<div class=\"cb-byline cb-font-header\">\n<div class=\"cb-date cb-byline-element\"><time datetime=\"2026-03-02\">2 martie 2026<\/time><\/div>\n<\/div>\n<p><\/span><\/div>\n<\/header>\n<section class=\"cb-entry-content entry-content clearfix\">\n<p data-path-to-node=\"3\"><span><b data-path-to-node=\"3\" data-index-in-node=\"0\">Tensiunile recente din Orientul Mijlociu au creat o situa\u021bie de criz\u0103 pentru mai multe grupuri de elevi \u0219i cadre didactice din jude\u021bul Suceava, care se afl\u0103 \u00een imposibilitatea de a reveni \u00een \u021bar\u0103 la finalul vacan\u021bei dintre modulele III \u0219i IV. Decizia autorit\u0103\u021bilor din Emiratele Arabe Unite de a \u00eenchide complet spa\u021biul aerian a surprins 59 de elevi \u0219i 14 profesori suceveni departe de cas\u0103, \u00eentr-un moment \u00een care cursurile \u0219colare trebuiau s\u0103 fie reluate.<\/b><\/span><\/p>\n<p data-path-to-node=\"4\"><span>Conducerea Inspectoratului \u0218colar Jude\u021bean Suceava monitorizeaz\u0103 situa\u021bia \u00eentr-o dinamic\u0103 permanent\u0103, cifrele fiind actualizate constant pentru a reflecta realitatea din teren. \u00cen acest context, inspectorul \u0219colar general a convocat o \u0219edin\u021b\u0103 de urgen\u021b\u0103 cu directorii unit\u0103\u021bilor de \u00eenv\u0103\u021b\u0103m\u00e2nt implicate pentru a identifica rapid nevoile de cazare \u0219i subzisten\u021b\u0103 ale celor bloca\u021bi \u00een str\u0103in\u0103tate, dar \u0219i pentru a stabili modalit\u0103\u021bile de deplasare imediat ce zborurile vor fi reluate \u00een condi\u021bii de siguran\u021b\u0103.<\/span><\/p>\n<p data-path-to-node=\"5\"><span>Pentru a diminua impactul asupra procesului educa\u021bional, autorit\u0103\u021bile \u0219colare au decis ca elevii afla\u021bi \u00een imposibilitatea de a reveni \u00een \u021bar\u0103 s\u0103 participe la cursuri \u00een regim online. \u00cen paralel, la nivelul \u0219colilor din jude\u021b, s-au luat m\u0103suri pentru suplinirea celor 14 cadre didactice r\u0103mase peste hotare, astfel \u00eenc\u00e2t activitatea la clas\u0103 pentru elevii afla\u021bi acas\u0103 s\u0103 nu fie \u00eentrerupt\u0103.<\/span><\/p>\n<p data-path-to-node=\"6\"><span>\u00cen str\u00e2ns\u0103 leg\u0103tur\u0103 cu Ministerul Afacerilor Externe, I.\u0218.J. Suceava a transmis instruc\u021biuni clare c\u0103tre elevi, profesori \u0219i p\u0103rin\u021bi. Ace\u0219tia sunt sf\u0103tui\u021bi s\u0103 r\u0103m\u00e2n\u0103 \u00een spa\u021bii sigure, s\u0103 evite orice deplasare care nu este esen\u021bial\u0103 \u0219i s\u0103 urm\u0103reasc\u0103 \u00een permanen\u021b\u0103 anun\u021burile oficiale transmise de Ambasad\u0103 \u0219i de Consulatul General. Autorit\u0103\u021bile rom\u00e2ne sunt \u00een contact permanent cu grupurile afectate \u0219i monitorizeaz\u0103 evolu\u021bia evenimentelor pentru a organiza repatrierea tuturor cet\u0103\u021benilor \u00een deplin\u0103 siguran\u021b\u0103.<\/span><\/p>\n<\/section>\n<footer class=\"article-footer\">\n<div class=\"cb-social-sharing cb-post-footer-block cb-beside clearfix\">\n<div class=\"cb-title-subtle\">Share On:<\/div>\n<div class=\"cb-twitter\"><a href=\"https:\/\/twitter.com\/share\" class=\"twitter-share-button\" data-dnt=\"true\" data-count=\"horizontal\">Tweet<\/a><\/div>\n<\/div>\n<div id=\"cb-previous-next-links\" class=\"cb-post-footer-block clearfix\">\n<div id=\"cb-previous-link\"><a href=\"https:\/\/suceavalive.ro\/primarul-radu-reziuc-plasat-in-arest-la-domiciliu-tribunalul-suceava-a-desfiintat-decizia-de-arestare-preventiva\/\" rel=\"prev\">Primarul Radu Reziuc, plasat \u00een arest la domiciliu. Tribunalul Suceava a desfiin\u021bat decizia de arestare preventiv\u0103<\/a><\/div>\n<div id=\"cb-next-link\"><a href=\"https:\/\/suceavalive.ro\/stiati-ca-daniil-sihastrul-a-prezis-domnia-lui-stefan-cel-mare-si-a-influentat-construirea-manastirii-putna\/\" rel=\"next\">\u0218tia\u021bi c\u0103 Daniil Sihastrul a prezis domnia lui \u0218tefan cel Mare \u0219i a influen\u021bat construirea M\u0103n\u0103stirii Putna?<\/a><\/div>\n<\/div>\n<div id=\"cb-author-box\" class=\"clearfix\">\n<h3 class=\"cb-block-title\">Despre autor<\/h3>\n<div class=\"cb-meta\">\n<div class=\"cb-info\">\n<div class=\"cb-author-title vcard\"><a href=\"https:\/\/suceavalive.ro\/author\/suceavalive\/\"><span class=\"fn\">SuceavaLive<\/span><\/a><\/div>\n<\/div>\n<\/div>\n<\/div>\n<div id=\"cb-related-posts\" class=\"cb-related-posts-block cb-post-end-block clearfix\">\n<h3 class=\"cb-block-title\">Postari asemanatoare<\/h3>\n<ul>\n<li class=\"cb-style-overlay cb-grid-entry cb-related-post no-1\">\n<div class=\"cb-meta cb-article-meta\">\n<h4 class=\"h3 cb-post-title\"><a href=\"https:\/\/suceavalive.ro\/rectorul-usv-mihai-dimian-propus-ministru-al-educatiei-decizia-a-fost-luata-de-conducerea-pnl\/\">RECTORUL USV, MIHAI DIMIAN, PROPUS MINISTRU AL EDUCA\u021aIEI. Decizia a fost luat\u0103 de conducerea PNL<\/a><\/h4>\n<div class=\"cb-byline cb-font-header\">\n<div class=\"cb-date cb-byline-element\"><time datetime=\"2026-03-02\">2 martie 2026<\/time><\/div>\n<\/div>\n<\/div>\n<\/li>\n<li class=\"cb-style-overlay cb-grid-entry cb-related-post no-2\">\n<div class=\"cb-meta cb-article-meta\">\n<h4 class=\"h3 cb-post-title\"><a href=\"https:\/\/suceavalive.ro\/draga-turistule-de-pasiii-te-vor-purta-in-bucovina-nu-uita-de-manastirea-sucevita-2\/\">Drag\u0103 turistule, de pa\u0219ii te vor purta \u00een Bucovina, nu uita de M\u0103n\u0103stirea Sucevi\u021ba<\/a><\/h4>\n<div class=\"cb-byline cb-font-header\">\n<div class=\"cb-date cb-byline-element\"><time datetime=\"2026-03-02\">2 martie 2026<\/time><\/div>\n<\/div>\n<\/div>\n<\/li>\n<\/ul>\n<\/div>\n<\/footer>\n<div id=\"respond\" class=\"comment-respond\">\n<h3 id=\"reply-title\" class=\"comment-reply-title\">Lasa un raspuns <small><a rel=\"nofollow\" id=\"cancel-comment-reply-link\" href=\"https:\/\/suceavalive.ro\/zeci-de-elevi-si-profesori-suceveni-blocati-in-strainatate-vezi-ce-masuri-a-luat-inspectoratul-scolar\/#respond\">Anuleaza raspunsul<\/a><\/small><\/h3>\n<p class=\"comment-notes\">Adresa ta de email nu va fi publicat\u0103.<\/p>\n<\/div>\n<\/article>\n<section class=\"cb-entry-content entry-content clearfix\">\n<p data-path-to-node=\"3\"><span><b data-path-to-node=\"3\" data-index-in-node=\"0\">Tensiunile recente din Orientul Mijlociu au creat o situa\u021bie de criz\u0103 pentru mai multe grupuri de elevi \u0219i cadre didactice din jude\u021bul Suceava, care se afl\u0103 \u00een imposibilitatea de a reveni \u00een \u021bar\u0103 la finalul vacan\u021bei dintre modulele III \u0219i IV. Decizia autorit\u0103\u021bilor din Emiratele Arabe Unite de a \u00eenchide complet spa\u021biul aerian a surprins 59 de elevi \u0219i 14 profesori suceveni departe de cas\u0103, \u00eentr-un moment \u00een care cursurile \u0219colare trebuiau s\u0103 fie reluate.<\/b><\/span><\/p>\n<p data-path-to-node=\"4\"><span>Conducerea Inspectoratului \u0218colar Jude\u021bean Suceava monitorizeaz\u0103 situa\u021bia \u00eentr-o dinamic\u0103 permanent\u0103, cifrele fiind actualizate constant pentru a reflecta realitatea din teren. \u00cen acest context, inspectorul \u0219colar general a convocat o \u0219edin\u021b\u0103 de urgen\u021b\u0103 cu directorii unit\u0103\u021bilor de \u00eenv\u0103\u021b\u0103m\u00e2nt implicate pentru a identifica rapid nevoile de cazare \u0219i subzisten\u021b\u0103 ale celor bloca\u021bi \u00een str\u0103in\u0103tate, dar \u0219i pentru a stabili modalit\u0103\u021bile de deplasare imediat ce zborurile vor fi reluate \u00een condi\u021bii de siguran\u021b\u0103.<\/span><\/p>\n<p data-path-to-node=\"5\"><span>Pentru a diminua impactul asupra procesului educa\u021bional, autorit\u0103\u021bile \u0219colare au decis ca elevii afla\u021bi \u00een imposibilitatea de a reveni \u00een \u021bar\u0103 s\u0103 participe la cursuri \u00een regim online. \u00cen paralel, la nivelul \u0219colilor din jude\u021b, s-au luat m\u0103suri pentru suplinirea celor 14 cadre didactice r\u0103mase peste hotare, astfel \u00eenc\u00e2t activitatea la clas\u0103 pentru elevii afla\u021bi acas\u0103 s\u0103 nu fie \u00eentrerupt\u0103.<\/span><\/p>\n<p data-path-to-node=\"6\"><span>\u00cen str\u00e2ns\u0103 leg\u0103tur\u0103 cu Ministerul Afacerilor Externe, I.\u0218.J. Suceava a transmis instruc\u021biuni clare c\u0103tre elevi, profesori \u0219i p\u0103rin\u021bi. Ace\u0219tia sunt sf\u0103tui\u021bi s\u0103 r\u0103m\u00e2n\u0103 \u00een spa\u021bii sigure, s\u0103 evite orice deplasare care nu este esen\u021bial\u0103 \u0219i s\u0103 urm\u0103reasc\u0103 \u00een permanen\u021b\u0103 anun\u021burile oficiale transmise de Ambasad\u0103 \u0219i de Consulatul General. Autorit\u0103\u021bile rom\u00e2ne sunt \u00een contact permanent cu grupurile afectate \u0219i monitorizeaz\u0103 evolu\u021bia evenimentelor pentru a organiza repatrierea tuturor cet\u0103\u021benilor \u00een deplin\u0103 siguran\u021b\u0103.<\/span><\/p>\n<\/section>\n<section class=\"cb-entry-content entry-content clearfix\">\n<p data-path-to-node=\"3\"><span><b data-path-to-node=\"3\" data-index-in-node=\"0\">Tensiunile recente din Orientul Mijlociu au creat o situa\u021bie de criz\u0103 pentru mai multe grupuri de elevi \u0219i cadre didactice din jude\u021bul Suceava, care se afl\u0103 \u00een imposibilitatea de a reveni \u00een \u021bar\u0103 la finalul vacan\u021bei dintre modulele III \u0219i IV. Decizia autorit\u0103\u021bilor din Emiratele Arabe Unite de a \u00eenchide complet spa\u021biul aerian a surprins 59 de elevi \u0219i 14 profesori suceveni departe de cas\u0103, \u00eentr-un moment \u00een care cursurile \u0219colare trebuiau s\u0103 fie reluate.<\/b><\/span><\/p>\n<p data-path-to-node=\"4\"><span>Conducerea Inspectoratului \u0218colar Jude\u021bean Suceava monitorizeaz\u0103 situa\u021bia \u00eentr-o dinamic\u0103 permanent\u0103, cifrele fiind actualizate constant pentru a reflecta realitatea din teren. \u00cen acest context, inspectorul \u0219colar general a convocat o \u0219edin\u021b\u0103 de urgen\u021b\u0103 cu directorii unit\u0103\u021bilor de \u00eenv\u0103\u021b\u0103m\u00e2nt implicate pentru a identifica rapid nevoile de cazare \u0219i subzisten\u021b\u0103 ale celor bloca\u021bi \u00een str\u0103in\u0103tate, dar \u0219i pentru a stabili modalit\u0103\u021bile de deplasare imediat ce zborurile vor fi reluate \u00een condi\u021bii de siguran\u021b\u0103.<\/span><\/p>\n<p data-path-to-node=\"5\"><span>Pentru a diminua impactul asupra procesului educa\u021bional, autorit\u0103\u021bile \u0219colare au decis ca elevii afla\u021bi \u00een imposibilitatea de a reveni \u00een \u021bar\u0103 s\u0103 participe la cursuri \u00een regim online. \u00cen paralel, la nivelul \u0219colilor din jude\u021b, s-au luat m\u0103suri pentru suplinirea celor 14 cadre didactice r\u0103mase peste hotare, astfel \u00eenc\u00e2t activitatea la clas\u0103 pentru elevii afla\u021bi acas\u0103 s\u0103 nu fie \u00eentrerupt\u0103.<\/span><\/p>\n<p data-path-to-node=\"6\"><span>\u00cen str\u00e2ns\u0103 leg\u0103tur\u0103 cu Ministerul Afacerilor Externe, I.\u0218.J. Suceava a transmis instruc\u021biuni clare c\u0103tre elevi, profesori \u0219i p\u0103rin\u021bi. Ace\u0219tia sunt sf\u0103tui\u021bi s\u0103 r\u0103m\u00e2n\u0103 \u00een spa\u021bii sigure, s\u0103 evite orice deplasare care nu este esen\u021bial\u0103 \u0219i s\u0103 urm\u0103reasc\u0103 \u00een permanen\u021b\u0103 anun\u021burile oficiale transmise de Ambasad\u0103 \u0219i de Consulatul General. Autorit\u0103\u021bile rom\u00e2ne sunt \u00een contact permanent cu grupurile afectate \u0219i monitorizeaz\u0103 evolu\u021bia evenimentelor pentru a organiza repatrierea tuturor cet\u0103\u021benilor \u00een deplin\u0103 siguran\u021b\u0103.<\/span><\/p>\n<\/section>\n<p>[analyse_source url=&#8221;https:\/\/suceavalive.ro\/zeci-de-elevi-si-profesori-suceveni-blocati-in-strainatate-vezi-ce-masuri-a-luat-inspectoratul-scolar\/&#8221;]<\/p>\n","protected":false},"excerpt":{"rendered":"<p>[analyse_image type=&#8221;featured&#8221; src=&#8221;https:\/\/suceavalive.ro\/wp-content\/uploads\/2025\/10\/isj-1.jpeghttps:\/\/suceavalive.ro\/wp-content\/uploads\/2025\/10\/isj-1.jpeg&#8221;] Zeci de elevi \u0219i profesori suceveni, bloca\u021bi \u00een str\u0103in\u0103tate: Vezi ce m\u0103suri a luat Inspectoratul \u0218colar 2 martie 2026 Tensiunile recente din Orientul Mijlociu au creat o situa\u021bie de criz\u0103 pentru mai multe grupuri de elevi \u0219i cadre didactice din jude\u021bul Suceava, care se afl\u0103 \u00een imposibilitatea de a reveni \u00een \u021bar\u0103 [&hellip;]<\/p>\n","protected":false},"author":1,"featured_media":0,"comment_status":"open","ping_status":"","sticky":false,"template":"","format":"standard","meta":{"footnotes":""},"categories":[89],"tags":[226,173],"class_list":["post-1802907","post","type-post","status-publish","format-standard","hentry","category-romania","tag-crawlmanager","tag-suceavalive-ro"],"_links":{"self":[{"href":"https:\/\/analyse.optim.biz\/index.php?rest_route=\/wp\/v2\/posts\/1802907","targetHints":{"allow":["GET"]}}],"collection":[{"href":"https:\/\/analyse.optim.biz\/index.php?rest_route=\/wp\/v2\/posts"}],"about":[{"href":"https:\/\/analyse.optim.biz\/index.php?rest_route=\/wp\/v2\/types\/post"}],"author":[{"embeddable":true,"href":"https:\/\/analyse.optim.biz\/index.php?rest_route=\/wp\/v2\/users\/1"}],"replies":[{"embeddable":true,"href":"https:\/\/analyse.optim.biz\/index.php?rest_route=%2Fwp%2Fv2%2Fcomments&post=1802907"}],"version-history":[{"count":0,"href":"https:\/\/analyse.optim.biz\/index.php?rest_route=\/wp\/v2\/posts\/1802907\/revisions"}],"wp:attachment":[{"href":"https:\/\/analyse.optim.biz\/index.php?rest_route=%2Fwp%2Fv2%2Fmedia&parent=1802907"}],"wp:term":[{"taxonomy":"category","embeddable":true,"href":"https:\/\/analyse.optim.biz\/index.php?rest_route=%2Fwp%2Fv2%2Fcategories&post=1802907"},{"taxonomy":"post_tag","embeddable":true,"href":"https:\/\/analyse.optim.biz\/index.php?rest_route=%2Fwp%2Fv2%2Ftags&post=1802907"}],"curies":[{"name":"wp","href":"https:\/\/api.w.org\/{rel}","templated":true}]}}