{"id":1802906,"date":"2026-03-02T13:00:04","date_gmt":"2026-03-02T10:00:04","guid":{"rendered":"https:\/\/analyse.optim.biz\/?p=1802906"},"modified":"2026-03-02T13:00:04","modified_gmt":"2026-03-02T10:00:04","slug":"minune-semn-neasteptat-la-mormantul-parintelui-iustin-parvu-suceavalive","status":"publish","type":"post","link":"https:\/\/analyse.optim.biz\/?p=1802906","title":{"rendered":"Minune? Semn nea\u0219teptat la morm\u00e2ntul P\u0103rintelui Iustin P\u00e2rvu &#8211; SuceavaLIVE"},"content":{"rendered":"<p>[analyse_image type=&#8221;featured&#8221; src=&#8221;https:\/\/suceavalive.ro\/wp-content\/uploads\/2026\/03\/mormant-parintele-iustin.pnghttps:\/\/suceavalive.ro\/wp-content\/uploads\/2026\/03\/mormant-parintele-iustin.png&#8221;]<\/p>\n<article id=\"post-288257\" class=\"clearfix post-288257 post type-post status-publish format-standard has-post-thumbnail hentry category-slide category-categoria-social\">\n<header id=\"cb-standard-featured\">\n<div id=\"cb-fis-wrap\" class=\"cb-entry-header cb-fis cb-style-standard\"><span class=\"cb-title-fi\"><\/p>\n<h1 class=\"entry-title cb-entry-title cb-single-title\">Minune? Semn nea\u0219teptat la morm\u00e2ntul P\u0103rintelui Iustin P\u00e2rvu<\/h1>\n<div class=\"cb-byline cb-font-header\">\n<div class=\"cb-date cb-byline-element\"><time datetime=\"2026-03-02\">2 martie 2026<\/time><\/div>\n<\/div>\n<p><\/span><\/div>\n<\/header>\n<section class=\"cb-entry-content entry-content clearfix\">\n<p><span>La morm\u00e2ntul P\u0103rintele Iustin P\u00e2rvu, lini\u0219tea a c\u0103p\u0103tat, pentru c\u00e2teva clipe, un contur aparte. <\/span><span>\u00centr-o zi obi\u0219nuit\u0103, sub lumina bl\u00e2nd\u0103 care se a\u0219terne peste locul de odihn\u0103 al duhovnicului, pe sticla a\u0219ezat\u0103 deasupra morm\u00e2ntului a ap\u0103rut o cruce limpede, aburind\u0103, ca \u0219i cum ar fi fost desenat\u0103 de o m\u00e2n\u0103 nev\u0103zut\u0103. Martorii spun c\u0103 imaginea s-a conturat treptat, clar\u0103 \u0219i propor\u021bionat\u0103, r\u0103m\u00e2n\u00e2nd vizibil\u0103 suficient timp c\u00e2t s\u0103 fie fotografiat\u0103.<\/span><\/p>\n<p><span>Crucea, simbol al credin\u021bei \u0219i al jertfei, a fost perceput\u0103 de cei prezen\u021bi ca un semn plin de \u00eenc\u0103rc\u0103tur\u0103 spiritual\u0103. Oamenii au privit \u00eendelung sticla pe care se a\u0219ternuse acel desen vaporos, ca o respira\u021bie a cerului peste locul unde odihne\u0219te unul dintre cei mai cunoscu\u021bi duhovnici ai vremurilor noastre.<\/span><\/p>\n<p><span>Fotografia surprins\u0103 de Ghiat\u0103 Lauren\u021biu a \u00eenceput s\u0103 circule rapid, st\u00e2rnind reac\u021bii \u0219i comentarii. Pentru unii, imaginea reprezint\u0103 o \u00eent\u00e2mplare cu explica\u021bii naturale, legate de diferen\u021bele de temperatur\u0103 \u0219i condens. Pentru al\u021bii, \u00eens\u0103, apari\u021bia crucii este un semn care \u00eent\u0103re\u0219te leg\u0103tura spiritual\u0103 dintre p\u0103rintele Iustin \u0219i credincio\u0219ii care \u00eei trec pragul morm\u00e2ntului cu rug\u0103ciune \u0219i dor.<\/span><\/p>\n<p><span>Indiferent de interpretare, momentul r\u0103m\u00e2ne unul care a mi\u0219cat suflete. La morm\u00e2ntul p\u0103rintelui, unde pa\u0219ii pelerinilor nu contenesc, credin\u021ba \u0219i memoria sa continu\u0103 s\u0103 adune oameni din toate col\u021burile \u021b\u0103rii. Iar crucea aburind\u0103, ivit\u0103 pe sticl\u0103 ca o pecete de lumin\u0103, a ad\u0103ugat \u00eenc\u0103 o fil\u0103 discret\u0103 la povestea unei vie\u021bi tr\u0103ite \u00een slujba lui Dumnezeu \u0219i a neamului, relateaz\u0103 <a href=\"https:\/\/www.ziarbicaz.ro\/minune-semn-neasteptat-la-mormantul-parintelui-iustin-parvu?fbclid=IwY2xjawQSaENleHRuA2FlbQIxMABicmlkETA2aFIzQ2xwUk5Vem1UMGh3c3J0YwZhcHBfaWQQMjIyMDM5MTc4ODIwMDg5MgABHmnwqd0X0LItcKpqQLcYNgov33-LSYplcvVGU93o_eAMgBV5-_6cg_MJLudw_aem_eVC--oB8MgA4IC_sVu6EMg\" target=\"_blank\" rel=\"noopener\">ziarbicaz.ro<\/a>.<\/span><\/p>\n<\/section>\n<footer class=\"article-footer\">\n<div class=\"cb-social-sharing cb-post-footer-block cb-beside clearfix\">\n<div class=\"cb-title-subtle\">Share On:<\/div>\n<div class=\"cb-twitter\"><a href=\"https:\/\/twitter.com\/share\" class=\"twitter-share-button\" data-dnt=\"true\" data-count=\"horizontal\">Tweet<\/a><\/div>\n<\/div>\n<div id=\"cb-previous-next-links\" class=\"cb-post-footer-block clearfix\">\n<div id=\"cb-previous-link\"><a href=\"https:\/\/suceavalive.ro\/un-biciclist-de-72-de-ani-din-moldovita-a-ajuns-la-spital-dupa-ce-s-a-prabusit-pe-sosea-era-prea-baut-pentru-a-putea-fi-testat\/\" rel=\"prev\">Un biciclist de 72 de ani din Moldovi\u021ba a ajuns la spital dup\u0103 ce s-a pr\u0103bu\u0219it pe \u0219osea. Era prea b\u0103ut pentru a putea fi testat<\/a><\/div>\n<div id=\"cb-next-link\"><a href=\"https:\/\/suceavalive.ro\/trei-prieteni-bauti-si-fara-permis-au-condus-pe-rand-aceeasi-masina-pana-cand-au-fost-opriti-de-politie\/\" rel=\"next\">Trei prieteni b\u0103u\u021bi \u0219i f\u0103r\u0103 permis au condus pe r\u00e2nd aceea\u0219i ma\u0219in\u0103 p\u00e2n\u0103 c\u00e2nd au fost opri\u021bi de poli\u021bie<\/a><\/div>\n<\/div>\n<div id=\"cb-author-box\" class=\"clearfix\">\n<h3 class=\"cb-block-title\">Despre autor<\/h3>\n<div class=\"cb-meta\">\n<div class=\"cb-info\">\n<div class=\"cb-author-title vcard\"><a href=\"https:\/\/suceavalive.ro\/author\/suceavalive\/\"><span class=\"fn\">SuceavaLive<\/span><\/a><\/div>\n<\/div>\n<\/div>\n<\/div>\n<div id=\"cb-related-posts\" class=\"cb-related-posts-block cb-post-end-block clearfix\">\n<h3 class=\"cb-block-title\">Postari asemanatoare<\/h3>\n<ul>\n<li class=\"cb-style-overlay cb-grid-entry cb-related-post no-1\">\n<div class=\"cb-meta cb-article-meta\">\n<h4 class=\"h3 cb-post-title\"><a href=\"https:\/\/suceavalive.ro\/rectorul-usv-mihai-dimian-propus-ministru-al-educatiei-decizia-a-fost-luata-de-conducerea-pnl\/\">RECTORUL USV, MIHAI DIMIAN, PROPUS MINISTRU AL EDUCA\u021aIEI. Decizia a fost luat\u0103 de conducerea PNL<\/a><\/h4>\n<div class=\"cb-byline cb-font-header\">\n<div class=\"cb-date cb-byline-element\"><time datetime=\"2026-03-02\">2 martie 2026<\/time><\/div>\n<\/div>\n<\/div>\n<\/li>\n<li class=\"cb-style-overlay cb-grid-entry cb-related-post no-2\">\n<div class=\"cb-meta cb-article-meta\">\n<h4 class=\"h3 cb-post-title\"><a href=\"https:\/\/suceavalive.ro\/draga-turistule-de-pasiii-te-vor-purta-in-bucovina-nu-uita-de-manastirea-sucevita-2\/\">Drag\u0103 turistule, de pa\u0219ii te vor purta \u00een Bucovina, nu uita de M\u0103n\u0103stirea Sucevi\u021ba<\/a><\/h4>\n<div class=\"cb-byline cb-font-header\">\n<div class=\"cb-date cb-byline-element\"><time datetime=\"2026-03-02\">2 martie 2026<\/time><\/div>\n<\/div>\n<\/div>\n<\/li>\n<\/ul>\n<\/div>\n<\/footer>\n<div id=\"respond\" class=\"comment-respond\">\n<h3 id=\"reply-title\" class=\"comment-reply-title\">Lasa un raspuns <small><a rel=\"nofollow\" id=\"cancel-comment-reply-link\" href=\"https:\/\/suceavalive.ro\/minune-semn-neasteptat-la-mormantul-parintelui-iustin-parvu\/?fbclid=IwY2xjawQSsHxleHRuA2FlbQIxMABicmlkETE4WUlXVzB2QUhJY3pRSEJJc3J0YwZhcHBfaWQQMjIyMDM5MTc4ODIwMDg5MgABHpvDLB8ItcyowfaBYM2aasyGMFS77iFWhCkZl0aXaMyxLVrYjXjDFSNR0ACy_aem_wbGpl9XLbsoD8MJaxcYWQw#respond\">Anuleaza raspunsul<\/a><\/small><\/h3>\n<p class=\"comment-notes\">Adresa ta de email nu va fi publicat\u0103.<\/p>\n<\/div>\n<\/article>\n<section class=\"cb-entry-content entry-content clearfix\">\n<p><span>La morm\u00e2ntul P\u0103rintele Iustin P\u00e2rvu, lini\u0219tea a c\u0103p\u0103tat, pentru c\u00e2teva clipe, un contur aparte. <\/span><span>\u00centr-o zi obi\u0219nuit\u0103, sub lumina bl\u00e2nd\u0103 care se a\u0219terne peste locul de odihn\u0103 al duhovnicului, pe sticla a\u0219ezat\u0103 deasupra morm\u00e2ntului a ap\u0103rut o cruce limpede, aburind\u0103, ca \u0219i cum ar fi fost desenat\u0103 de o m\u00e2n\u0103 nev\u0103zut\u0103. Martorii spun c\u0103 imaginea s-a conturat treptat, clar\u0103 \u0219i propor\u021bionat\u0103, r\u0103m\u00e2n\u00e2nd vizibil\u0103 suficient timp c\u00e2t s\u0103 fie fotografiat\u0103.<\/span><\/p>\n<p><span>Crucea, simbol al credin\u021bei \u0219i al jertfei, a fost perceput\u0103 de cei prezen\u021bi ca un semn plin de \u00eenc\u0103rc\u0103tur\u0103 spiritual\u0103. Oamenii au privit \u00eendelung sticla pe care se a\u0219ternuse acel desen vaporos, ca o respira\u021bie a cerului peste locul unde odihne\u0219te unul dintre cei mai cunoscu\u021bi duhovnici ai vremurilor noastre.<\/span><\/p>\n<p><span>Fotografia surprins\u0103 de Ghiat\u0103 Lauren\u021biu a \u00eenceput s\u0103 circule rapid, st\u00e2rnind reac\u021bii \u0219i comentarii. Pentru unii, imaginea reprezint\u0103 o \u00eent\u00e2mplare cu explica\u021bii naturale, legate de diferen\u021bele de temperatur\u0103 \u0219i condens. Pentru al\u021bii, \u00eens\u0103, apari\u021bia crucii este un semn care \u00eent\u0103re\u0219te leg\u0103tura spiritual\u0103 dintre p\u0103rintele Iustin \u0219i credincio\u0219ii care \u00eei trec pragul morm\u00e2ntului cu rug\u0103ciune \u0219i dor.<\/span><\/p>\n<p><span>Indiferent de interpretare, momentul r\u0103m\u00e2ne unul care a mi\u0219cat suflete. La morm\u00e2ntul p\u0103rintelui, unde pa\u0219ii pelerinilor nu contenesc, credin\u021ba \u0219i memoria sa continu\u0103 s\u0103 adune oameni din toate col\u021burile \u021b\u0103rii. Iar crucea aburind\u0103, ivit\u0103 pe sticl\u0103 ca o pecete de lumin\u0103, a ad\u0103ugat \u00eenc\u0103 o fil\u0103 discret\u0103 la povestea unei vie\u021bi tr\u0103ite \u00een slujba lui Dumnezeu \u0219i a neamului, relateaz\u0103 <a href=\"https:\/\/www.ziarbicaz.ro\/minune-semn-neasteptat-la-mormantul-parintelui-iustin-parvu?fbclid=IwY2xjawQSaENleHRuA2FlbQIxMABicmlkETA2aFIzQ2xwUk5Vem1UMGh3c3J0YwZhcHBfaWQQMjIyMDM5MTc4ODIwMDg5MgABHmnwqd0X0LItcKpqQLcYNgov33-LSYplcvVGU93o_eAMgBV5-_6cg_MJLudw_aem_eVC--oB8MgA4IC_sVu6EMg\" target=\"_blank\" rel=\"noopener\">ziarbicaz.ro<\/a>.<\/span><\/p>\n<\/section>\n<section class=\"cb-entry-content entry-content clearfix\">\n<p><span>La morm\u00e2ntul P\u0103rintele Iustin P\u00e2rvu, lini\u0219tea a c\u0103p\u0103tat, pentru c\u00e2teva clipe, un contur aparte. <\/span><span>\u00centr-o zi obi\u0219nuit\u0103, sub lumina bl\u00e2nd\u0103 care se a\u0219terne peste locul de odihn\u0103 al duhovnicului, pe sticla a\u0219ezat\u0103 deasupra morm\u00e2ntului a ap\u0103rut o cruce limpede, aburind\u0103, ca \u0219i cum ar fi fost desenat\u0103 de o m\u00e2n\u0103 nev\u0103zut\u0103. Martorii spun c\u0103 imaginea s-a conturat treptat, clar\u0103 \u0219i propor\u021bionat\u0103, r\u0103m\u00e2n\u00e2nd vizibil\u0103 suficient timp c\u00e2t s\u0103 fie fotografiat\u0103.<\/span><\/p>\n<p><span>Crucea, simbol al credin\u021bei \u0219i al jertfei, a fost perceput\u0103 de cei prezen\u021bi ca un semn plin de \u00eenc\u0103rc\u0103tur\u0103 spiritual\u0103. Oamenii au privit \u00eendelung sticla pe care se a\u0219ternuse acel desen vaporos, ca o respira\u021bie a cerului peste locul unde odihne\u0219te unul dintre cei mai cunoscu\u021bi duhovnici ai vremurilor noastre.<\/span><\/p>\n<p><span>Fotografia surprins\u0103 de Ghiat\u0103 Lauren\u021biu a \u00eenceput s\u0103 circule rapid, st\u00e2rnind reac\u021bii \u0219i comentarii. Pentru unii, imaginea reprezint\u0103 o \u00eent\u00e2mplare cu explica\u021bii naturale, legate de diferen\u021bele de temperatur\u0103 \u0219i condens. Pentru al\u021bii, \u00eens\u0103, apari\u021bia crucii este un semn care \u00eent\u0103re\u0219te leg\u0103tura spiritual\u0103 dintre p\u0103rintele Iustin \u0219i credincio\u0219ii care \u00eei trec pragul morm\u00e2ntului cu rug\u0103ciune \u0219i dor.<\/span><\/p>\n<p><span>Indiferent de interpretare, momentul r\u0103m\u00e2ne unul care a mi\u0219cat suflete. La morm\u00e2ntul p\u0103rintelui, unde pa\u0219ii pelerinilor nu contenesc, credin\u021ba \u0219i memoria sa continu\u0103 s\u0103 adune oameni din toate col\u021burile \u021b\u0103rii. Iar crucea aburind\u0103, ivit\u0103 pe sticl\u0103 ca o pecete de lumin\u0103, a ad\u0103ugat \u00eenc\u0103 o fil\u0103 discret\u0103 la povestea unei vie\u021bi tr\u0103ite \u00een slujba lui Dumnezeu \u0219i a neamului, relateaz\u0103 <a href=\"https:\/\/www.ziarbicaz.ro\/minune-semn-neasteptat-la-mormantul-parintelui-iustin-parvu?fbclid=IwY2xjawQSaENleHRuA2FlbQIxMABicmlkETA2aFIzQ2xwUk5Vem1UMGh3c3J0YwZhcHBfaWQQMjIyMDM5MTc4ODIwMDg5MgABHmnwqd0X0LItcKpqQLcYNgov33-LSYplcvVGU93o_eAMgBV5-_6cg_MJLudw_aem_eVC--oB8MgA4IC_sVu6EMg\" target=\"_blank\" rel=\"noopener\">ziarbicaz.ro<\/a>.<\/span><\/p>\n<\/section>\n<p>[analyse_source url=&#8221;https:\/\/suceavalive.ro\/minune-semn-neasteptat-la-mormantul-parintelui-iustin-parvu\/&#8221;]<\/p>\n","protected":false},"excerpt":{"rendered":"<p>[analyse_image type=&#8221;featured&#8221; src=&#8221;https:\/\/suceavalive.ro\/wp-content\/uploads\/2026\/03\/mormant-parintele-iustin.pnghttps:\/\/suceavalive.ro\/wp-content\/uploads\/2026\/03\/mormant-parintele-iustin.png&#8221;] Minune? Semn nea\u0219teptat la morm\u00e2ntul P\u0103rintelui Iustin P\u00e2rvu 2 martie 2026 La morm\u00e2ntul P\u0103rintele Iustin P\u00e2rvu, lini\u0219tea a c\u0103p\u0103tat, pentru c\u00e2teva clipe, un contur aparte. \u00centr-o zi obi\u0219nuit\u0103, sub lumina bl\u00e2nd\u0103 care se a\u0219terne peste locul de odihn\u0103 al duhovnicului, pe sticla a\u0219ezat\u0103 deasupra morm\u00e2ntului a ap\u0103rut o cruce limpede, aburind\u0103, ca [&hellip;]<\/p>\n","protected":false},"author":1,"featured_media":0,"comment_status":"open","ping_status":"","sticky":false,"template":"","format":"standard","meta":{"footnotes":""},"categories":[89],"tags":[226,173],"class_list":["post-1802906","post","type-post","status-publish","format-standard","hentry","category-romania","tag-crawlmanager","tag-suceavalive-ro"],"_links":{"self":[{"href":"https:\/\/analyse.optim.biz\/index.php?rest_route=\/wp\/v2\/posts\/1802906","targetHints":{"allow":["GET"]}}],"collection":[{"href":"https:\/\/analyse.optim.biz\/index.php?rest_route=\/wp\/v2\/posts"}],"about":[{"href":"https:\/\/analyse.optim.biz\/index.php?rest_route=\/wp\/v2\/types\/post"}],"author":[{"embeddable":true,"href":"https:\/\/analyse.optim.biz\/index.php?rest_route=\/wp\/v2\/users\/1"}],"replies":[{"embeddable":true,"href":"https:\/\/analyse.optim.biz\/index.php?rest_route=%2Fwp%2Fv2%2Fcomments&post=1802906"}],"version-history":[{"count":0,"href":"https:\/\/analyse.optim.biz\/index.php?rest_route=\/wp\/v2\/posts\/1802906\/revisions"}],"wp:attachment":[{"href":"https:\/\/analyse.optim.biz\/index.php?rest_route=%2Fwp%2Fv2%2Fmedia&parent=1802906"}],"wp:term":[{"taxonomy":"category","embeddable":true,"href":"https:\/\/analyse.optim.biz\/index.php?rest_route=%2Fwp%2Fv2%2Fcategories&post=1802906"},{"taxonomy":"post_tag","embeddable":true,"href":"https:\/\/analyse.optim.biz\/index.php?rest_route=%2Fwp%2Fv2%2Ftags&post=1802906"}],"curies":[{"name":"wp","href":"https:\/\/api.w.org\/{rel}","templated":true}]}}