{"id":1802905,"date":"2026-03-02T17:00:03","date_gmt":"2026-03-02T14:00:03","guid":{"rendered":"https:\/\/analyse.optim.biz\/?p=1802905"},"modified":"2026-03-02T17:00:03","modified_gmt":"2026-03-02T14:00:03","slug":"draga-turistule-de-pasii-te-vor-purta-in-bucovina-nu-uita-de-manastirea-sucevita-suceavalive","status":"publish","type":"post","link":"https:\/\/analyse.optim.biz\/?p=1802905","title":{"rendered":"Drag\u0103 turistule, de pa\u0219ii te vor purta \u00een Bucovina, nu uita de M\u0103n\u0103stirea Sucevi\u021ba &#8211; SuceavaLIVE"},"content":{"rendered":"<p>[analyse_image type=&#8221;featured&#8221; src=&#8221;https:\/\/suceavalive.ro\/wp-content\/uploads\/2026\/03\/Sucevita-Totale.jpghttps:\/\/suceavalive.ro\/wp-content\/uploads\/2026\/03\/Sucevita-Totale.jpg&#8221;]<\/p>\n<article id=\"post-288223\" class=\"clearfix post-288223 post type-post status-publish format-standard has-post-thumbnail hentry category-slide category-categoria-social\">\n<header id=\"cb-standard-featured\">\n<div id=\"cb-fis-wrap\" class=\"cb-entry-header cb-fis cb-style-standard\"><span class=\"cb-title-fi\"><\/p>\n<h1 class=\"entry-title cb-entry-title cb-single-title\">Drag\u0103 turistule, de pa\u0219ii te vor purta \u00een Bucovina, nu uita de M\u0103n\u0103stirea Sucevi\u021ba<\/h1>\n<div class=\"cb-byline cb-font-header\">\n<div class=\"cb-date cb-byline-element\"><time datetime=\"2026-03-02\">2 martie 2026<\/time><\/div>\n<\/div>\n<p><\/span><\/div>\n<\/header>\n<section class=\"cb-entry-content entry-content clearfix\">\n<header id=\"cb-standard-featured\">\n<div id=\"cb-fis-wrap\" class=\"cb-entry-header cb-fis cb-style-standard\">\n<div class=\"cb-byline cb-font-header\">\n<div class=\"cb-date cb-byline-element\"><span><strong>Bucovina nu este doar o zon\u0103 geografic\u0103, Bucovina este o stare de spirit pe care o simt to\u021bi locuitorii jude\u021bului Suceava, indiferent dac\u0103 localit\u0103\u021bile lor au apar\u021binut Regatului sau Bucovinei mam\u0103.<\/strong><\/span><\/div>\n<\/div>\n<\/div>\n<\/header>\n<section class=\"cb-entry-content entry-content clearfix\">\n<section class=\"cb-entry-content entry-content clearfix\">\n<section class=\"cb-entry-content entry-content clearfix\">\n<section class=\"cb-entry-content entry-content clearfix\">\n<section class=\"cb-entry-content entry-content clearfix\">\n<section class=\"cb-entry-content entry-content clearfix\">\n<section class=\"cb-entry-content entry-content clearfix\">\n<section class=\"cb-entry-content entry-content clearfix\">\n<section class=\"cb-entry-content entry-content clearfix\">\n<section class=\"cb-entry-content entry-content clearfix\">\n<section class=\"cb-entry-content entry-content clearfix\">\n<section class=\"cb-entry-content entry-content clearfix\">\n<p data-start=\"106\" data-end=\"317\"><span>M\u0103n\u0103stirea <strong data-start=\"117\" data-end=\"129\">Sucevi\u021ba<\/strong> se afl\u0103 \u00een satul Sucevi\u021ba, la aproximativ 30\u202fkm nord de municipiul Suceava. A fost ctitorit\u0103 \u00een secolul al XVI\u2011lea de familia <strong data-start=\"256\" data-end=\"266\">Movil\u0103<\/strong>, domnitori ai Moldovei, \u00eentre anii 1581 \u0219i 1601.<\/span><\/p>\n<p data-start=\"319\" data-end=\"679\"><span>Biserica principal\u0103 are hramul <strong data-start=\"350\" data-end=\"378\">Sf\u00e2ntul Ioan Botez\u0103torul<\/strong>. Construc\u021bia respect\u0103 stilul moldovenesc cu influen\u021be gotice \u0219i renascentiste. Este cunoscut\u0103 pentru <strong data-start=\"480\" data-end=\"503\">frescele exterioare<\/strong>, realizate \u00eentre 1595\u20111601, care ilustreaz\u0103 scene biblice \u0219i Judecata de Apoi. Culorile predominante sunt ro\u0219u, albastru \u0219i ocru, iar picturile au fost p\u0103strate foarte bine.<\/span><\/p>\n<p data-start=\"681\" data-end=\"967\"><span>Ansamblul include biserica, <strong data-start=\"709\" data-end=\"740\">zidul de incint\u0103 cu turnuri<\/strong>, chilii \u0219i o moar\u0103. Zidurile groase aveau rol defensiv, m\u0103n\u0103stirea fiind construit\u0103 \u00eentr\u2011o perioad\u0103 cu numeroase conflicte. Turnurile de ap\u0103rare \u0219i por\u021bile erau concepute pentru protec\u021bia c\u0103lug\u0103rilor \u0219i a obiectelor de cult.<\/span><\/p>\n<p data-start=\"969\" data-end=\"1201\"><span>Interiorul p\u0103streaz\u0103 <strong data-start=\"990\" data-end=\"1035\">icoane, obiecte de cult \u0219i mobilier vechi<\/strong>, iar c\u0103lug\u0103rii au continuat tradi\u021bia picturii \u0219i a manuscriselor. M\u0103n\u0103stirea a avut rol \u0219i cultural, fiind un centru de educa\u021bie religioas\u0103 \u0219i de copie a c\u0103r\u021bilor.<\/span><\/p>\n<p data-start=\"1203\" data-end=\"1457\"><span>Sucevi\u021ba face parte din grupul <strong data-start=\"1234\" data-end=\"1277\">Bisericilor pictate din nordul Moldovei<\/strong>, inclus pe lista <strong data-start=\"1295\" data-end=\"1305\">UNESCO<\/strong> din 1993. Este unul dintre cele mai vizitate monumente din Bucovina, atr\u0103g\u00e2nd turi\u0219ti \u0219i pelerini pentru frumuse\u021bea frescelor \u0219i importan\u021ba istoric\u0103.<\/span><\/p>\n<p data-start=\"1459\" data-end=\"1684\" data-is-last-node data-is-only-node><span>Vizitatorii pot vedea at\u00e2t picturile exterioare, c\u00e2t \u0219i elementele de ap\u0103rare ale incintei \u0219i pot explora zona chiliilor \u0219i a muzeului monahal. M\u0103n\u0103stirea Sucevi\u021ba r\u0103m\u00e2ne un reper al credin\u021bei \u0219i artei medievale moldovene\u0219ti.<\/span><\/p>\n<section class=\"cb-entry-content entry-content clearfix\">\n<section class=\"cb-entry-content entry-content clearfix\">\n<section class=\"cb-entry-content entry-content clearfix\">\n<section class=\"cb-entry-content entry-content clearfix\">\n<p data-start=\"2135\" data-end=\"2458\"><span><strong>Drag\u0103 turistule, aceea\u0219i Bucovin\u0103 de odinioar\u0103 te a\u0219teapt\u0103 s\u0103 \u00ee\u021bi \u00eencarci din nou bateriile din acest loc plin de istorie \u0219i spiritualitate.<\/strong><\/span><\/p>\n<\/section>\n<\/section>\n<\/section>\n<\/section>\n<\/section>\n<\/section>\n<\/section>\n<\/section>\n<\/section>\n<\/section>\n<\/section>\n<\/section>\n<\/section>\n<\/section>\n<\/section>\n<\/section>\n<\/section>\n<footer class=\"article-footer\">\n<div class=\"cb-social-sharing cb-post-footer-block cb-beside clearfix\">\n<div class=\"cb-title-subtle\">Share On:<\/div>\n<div class=\"cb-twitter\"><a href=\"https:\/\/twitter.com\/share\" class=\"twitter-share-button\" data-dnt=\"true\" data-count=\"horizontal\">Tweet<\/a><\/div>\n<\/div>\n<div id=\"cb-previous-next-links\" class=\"cb-post-footer-block clearfix\">\n<div id=\"cb-previous-link\"><a href=\"https:\/\/suceavalive.ro\/stiati-ca-daniil-sihastrul-a-prezis-domnia-lui-stefan-cel-mare-si-a-influentat-construirea-manastirii-putna\/\" rel=\"prev\">\u0218tia\u021bi c\u0103 Daniil Sihastrul a prezis domnia lui \u0218tefan cel Mare \u0219i a influen\u021bat construirea M\u0103n\u0103stirii Putna?<\/a><\/div>\n<div id=\"cb-next-link\"><a href=\"https:\/\/suceavalive.ro\/rectorul-usv-mihai-dimian-propus-ministru-al-educatiei-decizia-a-fost-luata-de-conducerea-pnl\/\" rel=\"next\">RECTORUL USV, MIHAI DIMIAN, PROPUS MINISTRU AL EDUCA\u021aIEI. Decizia a fost luat\u0103 de conducerea PNL<\/a><\/div>\n<\/div>\n<div id=\"cb-author-box\" class=\"clearfix\">\n<h3 class=\"cb-block-title\">Despre autor<\/h3>\n<div class=\"cb-meta\">\n<div class=\"cb-info\">\n<div class=\"cb-author-title vcard\"><a href=\"https:\/\/suceavalive.ro\/author\/suceavalive\/\"><span class=\"fn\">SuceavaLive<\/span><\/a><\/div>\n<\/div>\n<\/div>\n<\/div>\n<div id=\"cb-related-posts\" class=\"cb-related-posts-block cb-post-end-block clearfix\">\n<h3 class=\"cb-block-title\">Postari asemanatoare<\/h3>\n<ul>\n<li class=\"cb-style-overlay cb-grid-entry cb-related-post no-1\">\n<div class=\"cb-meta cb-article-meta\">\n<h4 class=\"h3 cb-post-title\"><a href=\"https:\/\/suceavalive.ro\/rectorul-usv-mihai-dimian-propus-ministru-al-educatiei-decizia-a-fost-luata-de-conducerea-pnl\/\">RECTORUL USV, MIHAI DIMIAN, PROPUS MINISTRU AL EDUCA\u021aIEI. Decizia a fost luat\u0103 de conducerea PNL<\/a><\/h4>\n<div class=\"cb-byline cb-font-header\">\n<div class=\"cb-date cb-byline-element\"><time datetime=\"2026-03-02\">2 martie 2026<\/time><\/div>\n<\/div>\n<\/div>\n<\/li>\n<li class=\"cb-style-overlay cb-grid-entry cb-related-post no-2\">\n<div class=\"cb-meta cb-article-meta\">\n<h4 class=\"h3 cb-post-title\"><a href=\"https:\/\/suceavalive.ro\/stiati-ca-daniil-sihastrul-a-prezis-domnia-lui-stefan-cel-mare-si-a-influentat-construirea-manastirii-putna\/\">\u0218tia\u021bi c\u0103 Daniil Sihastrul a prezis domnia lui \u0218tefan cel Mare \u0219i a influen\u021bat construirea M\u0103n\u0103stirii Putna?<\/a><\/h4>\n<div class=\"cb-byline cb-font-header\">\n<div class=\"cb-date cb-byline-element\"><time datetime=\"2026-03-02\">2 martie 2026<\/time><\/div>\n<\/div>\n<\/div>\n<\/li>\n<\/ul>\n<\/div>\n<\/footer>\n<div id=\"respond\" class=\"comment-respond\">\n<h3 id=\"reply-title\" class=\"comment-reply-title\">Lasa un raspuns <small><a rel=\"nofollow\" id=\"cancel-comment-reply-link\" href=\"https:\/\/suceavalive.ro\/draga-turistule-de-pasiii-te-vor-purta-in-bucovina-nu-uita-de-manastirea-sucevita-2\/?fbclid=IwY2xjawQSsYdleHRuA2FlbQIxMQBzcnRjBmFwcF9pZBAyMjIwMzkxNzg4MjAwODkyAAEeMSDDbrF2_0FqpwyyYT0iareVtTFgHOHFA_mm7-CQAmQpP_hnQTQ3WMpqbEE_aem_Rb7748y3A-tL1YJsVAGmww#respond\">Anuleaza raspunsul<\/a><\/small><\/h3>\n<p class=\"comment-notes\">Adresa ta de email nu va fi publicat\u0103.<\/p>\n<\/div>\n<\/article>\n<section class=\"cb-entry-content entry-content clearfix\">\n<header id=\"cb-standard-featured\">\n<div id=\"cb-fis-wrap\" class=\"cb-entry-header cb-fis cb-style-standard\">\n<div class=\"cb-byline cb-font-header\">\n<div class=\"cb-date cb-byline-element\"><span><strong>Bucovina nu este doar o zon\u0103 geografic\u0103, Bucovina este o stare de spirit pe care o simt to\u021bi locuitorii jude\u021bului Suceava, indiferent dac\u0103 localit\u0103\u021bile lor au apar\u021binut Regatului sau Bucovinei mam\u0103.<\/strong><\/span><\/div>\n<\/div>\n<\/div>\n<\/header>\n<section class=\"cb-entry-content entry-content clearfix\">\n<section class=\"cb-entry-content entry-content clearfix\">\n<section class=\"cb-entry-content entry-content clearfix\">\n<section class=\"cb-entry-content entry-content clearfix\">\n<section class=\"cb-entry-content entry-content clearfix\">\n<section class=\"cb-entry-content entry-content clearfix\">\n<section class=\"cb-entry-content entry-content clearfix\">\n<section class=\"cb-entry-content entry-content clearfix\">\n<section class=\"cb-entry-content entry-content clearfix\">\n<section class=\"cb-entry-content entry-content clearfix\">\n<section class=\"cb-entry-content entry-content clearfix\">\n<section class=\"cb-entry-content entry-content clearfix\">\n<p data-start=\"106\" data-end=\"317\"><span>M\u0103n\u0103stirea <strong data-start=\"117\" data-end=\"129\">Sucevi\u021ba<\/strong> se afl\u0103 \u00een satul Sucevi\u021ba, la aproximativ 30\u202fkm nord de municipiul Suceava. A fost ctitorit\u0103 \u00een secolul al XVI\u2011lea de familia <strong data-start=\"256\" data-end=\"266\">Movil\u0103<\/strong>, domnitori ai Moldovei, \u00eentre anii 1581 \u0219i 1601.<\/span><\/p>\n<p data-start=\"319\" data-end=\"679\"><span>Biserica principal\u0103 are hramul <strong data-start=\"350\" data-end=\"378\">Sf\u00e2ntul Ioan Botez\u0103torul<\/strong>. Construc\u021bia respect\u0103 stilul moldovenesc cu influen\u021be gotice \u0219i renascentiste. Este cunoscut\u0103 pentru <strong data-start=\"480\" data-end=\"503\">frescele exterioare<\/strong>, realizate \u00eentre 1595\u20111601, care ilustreaz\u0103 scene biblice \u0219i Judecata de Apoi. Culorile predominante sunt ro\u0219u, albastru \u0219i ocru, iar picturile au fost p\u0103strate foarte bine.<\/span><\/p>\n<p data-start=\"681\" data-end=\"967\"><span>Ansamblul include biserica, <strong data-start=\"709\" data-end=\"740\">zidul de incint\u0103 cu turnuri<\/strong>, chilii \u0219i o moar\u0103. Zidurile groase aveau rol defensiv, m\u0103n\u0103stirea fiind construit\u0103 \u00eentr\u2011o perioad\u0103 cu numeroase conflicte. Turnurile de ap\u0103rare \u0219i por\u021bile erau concepute pentru protec\u021bia c\u0103lug\u0103rilor \u0219i a obiectelor de cult.<\/span><\/p>\n<p data-start=\"969\" data-end=\"1201\"><span>Interiorul p\u0103streaz\u0103 <strong data-start=\"990\" data-end=\"1035\">icoane, obiecte de cult \u0219i mobilier vechi<\/strong>, iar c\u0103lug\u0103rii au continuat tradi\u021bia picturii \u0219i a manuscriselor. M\u0103n\u0103stirea a avut rol \u0219i cultural, fiind un centru de educa\u021bie religioas\u0103 \u0219i de copie a c\u0103r\u021bilor.<\/span><\/p>\n<p data-start=\"1203\" data-end=\"1457\"><span>Sucevi\u021ba face parte din grupul <strong data-start=\"1234\" data-end=\"1277\">Bisericilor pictate din nordul Moldovei<\/strong>, inclus pe lista <strong data-start=\"1295\" data-end=\"1305\">UNESCO<\/strong> din 1993. Este unul dintre cele mai vizitate monumente din Bucovina, atr\u0103g\u00e2nd turi\u0219ti \u0219i pelerini pentru frumuse\u021bea frescelor \u0219i importan\u021ba istoric\u0103.<\/span><\/p>\n<p data-start=\"1459\" data-end=\"1684\" data-is-last-node data-is-only-node><span>Vizitatorii pot vedea at\u00e2t picturile exterioare, c\u00e2t \u0219i elementele de ap\u0103rare ale incintei \u0219i pot explora zona chiliilor \u0219i a muzeului monahal. M\u0103n\u0103stirea Sucevi\u021ba r\u0103m\u00e2ne un reper al credin\u021bei \u0219i artei medievale moldovene\u0219ti.<\/span><\/p>\n<section class=\"cb-entry-content entry-content clearfix\">\n<section class=\"cb-entry-content entry-content clearfix\">\n<section class=\"cb-entry-content entry-content clearfix\">\n<section class=\"cb-entry-content entry-content clearfix\">\n<p data-start=\"2135\" data-end=\"2458\"><span><strong>Drag\u0103 turistule, aceea\u0219i Bucovin\u0103 de odinioar\u0103 te a\u0219teapt\u0103 s\u0103 \u00ee\u021bi \u00eencarci din nou bateriile din acest loc plin de istorie \u0219i spiritualitate.<\/strong><\/span><\/p>\n<\/section>\n<\/section>\n<\/section>\n<\/section>\n<\/section>\n<\/section>\n<\/section>\n<\/section>\n<\/section>\n<\/section>\n<\/section>\n<\/section>\n<\/section>\n<\/section>\n<\/section>\n<\/section>\n<\/section>\n<section class=\"cb-entry-content entry-content clearfix\">\n<header id=\"cb-standard-featured\">\n<div id=\"cb-fis-wrap\" class=\"cb-entry-header cb-fis cb-style-standard\">\n<div class=\"cb-byline cb-font-header\">\n<div class=\"cb-date cb-byline-element\"><span><strong>Bucovina nu este doar o zon\u0103 geografic\u0103, Bucovina este o stare de spirit pe care o simt to\u021bi locuitorii jude\u021bului Suceava, indiferent dac\u0103 localit\u0103\u021bile lor au apar\u021binut Regatului sau Bucovinei mam\u0103.<\/strong><\/span><\/div>\n<\/div>\n<\/div>\n<\/header>\n<section class=\"cb-entry-content entry-content clearfix\">\n<section class=\"cb-entry-content entry-content clearfix\">\n<section class=\"cb-entry-content entry-content clearfix\">\n<section class=\"cb-entry-content entry-content clearfix\">\n<section class=\"cb-entry-content entry-content clearfix\">\n<section class=\"cb-entry-content entry-content clearfix\">\n<section class=\"cb-entry-content entry-content clearfix\">\n<section class=\"cb-entry-content entry-content clearfix\">\n<section class=\"cb-entry-content entry-content clearfix\">\n<section class=\"cb-entry-content entry-content clearfix\">\n<section class=\"cb-entry-content entry-content clearfix\">\n<section class=\"cb-entry-content entry-content clearfix\">\n<p data-start=\"106\" data-end=\"317\"><span>M\u0103n\u0103stirea <strong data-start=\"117\" data-end=\"129\">Sucevi\u021ba<\/strong> se afl\u0103 \u00een satul Sucevi\u021ba, la aproximativ 30\u202fkm nord de municipiul Suceava. A fost ctitorit\u0103 \u00een secolul al XVI\u2011lea de familia <strong data-start=\"256\" data-end=\"266\">Movil\u0103<\/strong>, domnitori ai Moldovei, \u00eentre anii 1581 \u0219i 1601.<\/span><\/p>\n<p data-start=\"319\" data-end=\"679\"><span>Biserica principal\u0103 are hramul <strong data-start=\"350\" data-end=\"378\">Sf\u00e2ntul Ioan Botez\u0103torul<\/strong>. Construc\u021bia respect\u0103 stilul moldovenesc cu influen\u021be gotice \u0219i renascentiste. Este cunoscut\u0103 pentru <strong data-start=\"480\" data-end=\"503\">frescele exterioare<\/strong>, realizate \u00eentre 1595\u20111601, care ilustreaz\u0103 scene biblice \u0219i Judecata de Apoi. Culorile predominante sunt ro\u0219u, albastru \u0219i ocru, iar picturile au fost p\u0103strate foarte bine.<\/span><\/p>\n<p data-start=\"681\" data-end=\"967\"><span>Ansamblul include biserica, <strong data-start=\"709\" data-end=\"740\">zidul de incint\u0103 cu turnuri<\/strong>, chilii \u0219i o moar\u0103. Zidurile groase aveau rol defensiv, m\u0103n\u0103stirea fiind construit\u0103 \u00eentr\u2011o perioad\u0103 cu numeroase conflicte. Turnurile de ap\u0103rare \u0219i por\u021bile erau concepute pentru protec\u021bia c\u0103lug\u0103rilor \u0219i a obiectelor de cult.<\/span><\/p>\n<p data-start=\"969\" data-end=\"1201\"><span>Interiorul p\u0103streaz\u0103 <strong data-start=\"990\" data-end=\"1035\">icoane, obiecte de cult \u0219i mobilier vechi<\/strong>, iar c\u0103lug\u0103rii au continuat tradi\u021bia picturii \u0219i a manuscriselor. M\u0103n\u0103stirea a avut rol \u0219i cultural, fiind un centru de educa\u021bie religioas\u0103 \u0219i de copie a c\u0103r\u021bilor.<\/span><\/p>\n<p data-start=\"1203\" data-end=\"1457\"><span>Sucevi\u021ba face parte din grupul <strong data-start=\"1234\" data-end=\"1277\">Bisericilor pictate din nordul Moldovei<\/strong>, inclus pe lista <strong data-start=\"1295\" data-end=\"1305\">UNESCO<\/strong> din 1993. Este unul dintre cele mai vizitate monumente din Bucovina, atr\u0103g\u00e2nd turi\u0219ti \u0219i pelerini pentru frumuse\u021bea frescelor \u0219i importan\u021ba istoric\u0103.<\/span><\/p>\n<p data-start=\"1459\" data-end=\"1684\" data-is-last-node data-is-only-node><span>Vizitatorii pot vedea at\u00e2t picturile exterioare, c\u00e2t \u0219i elementele de ap\u0103rare ale incintei \u0219i pot explora zona chiliilor \u0219i a muzeului monahal. M\u0103n\u0103stirea Sucevi\u021ba r\u0103m\u00e2ne un reper al credin\u021bei \u0219i artei medievale moldovene\u0219ti.<\/span><\/p>\n<section class=\"cb-entry-content entry-content clearfix\">\n<section class=\"cb-entry-content entry-content clearfix\">\n<section class=\"cb-entry-content entry-content clearfix\">\n<section class=\"cb-entry-content entry-content clearfix\">\n<p data-start=\"2135\" data-end=\"2458\"><span><strong>Drag\u0103 turistule, aceea\u0219i Bucovin\u0103 de odinioar\u0103 te a\u0219teapt\u0103 s\u0103 \u00ee\u021bi \u00eencarci din nou bateriile din acest loc plin de istorie \u0219i spiritualitate.<\/strong><\/span><\/p>\n<\/section>\n<\/section>\n<\/section>\n<\/section>\n<\/section>\n<\/section>\n<\/section>\n<\/section>\n<\/section>\n<\/section>\n<\/section>\n<\/section>\n<\/section>\n<\/section>\n<\/section>\n<\/section>\n<\/section>\n<section class=\"cb-entry-content entry-content clearfix\">\n<section class=\"cb-entry-content entry-content clearfix\">\n<section class=\"cb-entry-content entry-content clearfix\">\n<section class=\"cb-entry-content entry-content clearfix\">\n<section class=\"cb-entry-content entry-content clearfix\">\n<section class=\"cb-entry-content entry-content clearfix\">\n<section class=\"cb-entry-content entry-content clearfix\">\n<section class=\"cb-entry-content entry-content clearfix\">\n<section class=\"cb-entry-content entry-content clearfix\">\n<section class=\"cb-entry-content entry-content clearfix\">\n<section class=\"cb-entry-content entry-content clearfix\">\n<section class=\"cb-entry-content entry-content clearfix\">\n<p data-start=\"106\" data-end=\"317\"><span>M\u0103n\u0103stirea <strong data-start=\"117\" data-end=\"129\">Sucevi\u021ba<\/strong> se afl\u0103 \u00een satul Sucevi\u021ba, la aproximativ 30\u202fkm nord de municipiul Suceava. A fost ctitorit\u0103 \u00een secolul al XVI\u2011lea de familia <strong data-start=\"256\" data-end=\"266\">Movil\u0103<\/strong>, domnitori ai Moldovei, \u00eentre anii 1581 \u0219i 1601.<\/span><\/p>\n<p data-start=\"319\" data-end=\"679\"><span>Biserica principal\u0103 are hramul <strong data-start=\"350\" data-end=\"378\">Sf\u00e2ntul Ioan Botez\u0103torul<\/strong>. Construc\u021bia respect\u0103 stilul moldovenesc cu influen\u021be gotice \u0219i renascentiste. Este cunoscut\u0103 pentru <strong data-start=\"480\" data-end=\"503\">frescele exterioare<\/strong>, realizate \u00eentre 1595\u20111601, care ilustreaz\u0103 scene biblice \u0219i Judecata de Apoi. Culorile predominante sunt ro\u0219u, albastru \u0219i ocru, iar picturile au fost p\u0103strate foarte bine.<\/span><\/p>\n<p data-start=\"681\" data-end=\"967\"><span>Ansamblul include biserica, <strong data-start=\"709\" data-end=\"740\">zidul de incint\u0103 cu turnuri<\/strong>, chilii \u0219i o moar\u0103. Zidurile groase aveau rol defensiv, m\u0103n\u0103stirea fiind construit\u0103 \u00eentr\u2011o perioad\u0103 cu numeroase conflicte. Turnurile de ap\u0103rare \u0219i por\u021bile erau concepute pentru protec\u021bia c\u0103lug\u0103rilor \u0219i a obiectelor de cult.<\/span><\/p>\n<p data-start=\"969\" data-end=\"1201\"><span>Interiorul p\u0103streaz\u0103 <strong data-start=\"990\" data-end=\"1035\">icoane, obiecte de cult \u0219i mobilier vechi<\/strong>, iar c\u0103lug\u0103rii au continuat tradi\u021bia picturii \u0219i a manuscriselor. M\u0103n\u0103stirea a avut rol \u0219i cultural, fiind un centru de educa\u021bie religioas\u0103 \u0219i de copie a c\u0103r\u021bilor.<\/span><\/p>\n<p data-start=\"1203\" data-end=\"1457\"><span>Sucevi\u021ba face parte din grupul <strong data-start=\"1234\" data-end=\"1277\">Bisericilor pictate din nordul Moldovei<\/strong>, inclus pe lista <strong data-start=\"1295\" data-end=\"1305\">UNESCO<\/strong> din 1993. Este unul dintre cele mai vizitate monumente din Bucovina, atr\u0103g\u00e2nd turi\u0219ti \u0219i pelerini pentru frumuse\u021bea frescelor \u0219i importan\u021ba istoric\u0103.<\/span><\/p>\n<p data-start=\"1459\" data-end=\"1684\" data-is-last-node data-is-only-node><span>Vizitatorii pot vedea at\u00e2t picturile exterioare, c\u00e2t \u0219i elementele de ap\u0103rare ale incintei \u0219i pot explora zona chiliilor \u0219i a muzeului monahal. M\u0103n\u0103stirea Sucevi\u021ba r\u0103m\u00e2ne un reper al credin\u021bei \u0219i artei medievale moldovene\u0219ti.<\/span><\/p>\n<section class=\"cb-entry-content entry-content clearfix\">\n<section class=\"cb-entry-content entry-content clearfix\">\n<section class=\"cb-entry-content entry-content clearfix\">\n<section class=\"cb-entry-content entry-content clearfix\">\n<p data-start=\"2135\" data-end=\"2458\"><span><strong>Drag\u0103 turistule, aceea\u0219i Bucovin\u0103 de odinioar\u0103 te a\u0219teapt\u0103 s\u0103 \u00ee\u021bi \u00eencarci din nou bateriile din acest loc plin de istorie \u0219i spiritualitate.<\/strong><\/span><\/p>\n<\/section>\n<\/section>\n<\/section>\n<\/section>\n<\/section>\n<\/section>\n<\/section>\n<\/section>\n<\/section>\n<\/section>\n<\/section>\n<\/section>\n<\/section>\n<\/section>\n<\/section>\n<\/section>\n<section class=\"cb-entry-content entry-content clearfix\">\n<section class=\"cb-entry-content entry-content clearfix\">\n<section class=\"cb-entry-content entry-content clearfix\">\n<section class=\"cb-entry-content entry-content clearfix\">\n<section class=\"cb-entry-content entry-content clearfix\">\n<section class=\"cb-entry-content entry-content clearfix\">\n<section class=\"cb-entry-content entry-content clearfix\">\n<section class=\"cb-entry-content entry-content clearfix\">\n<section class=\"cb-entry-content entry-content clearfix\">\n<section class=\"cb-entry-content entry-content clearfix\">\n<section class=\"cb-entry-content entry-content clearfix\">\n<section class=\"cb-entry-content entry-content clearfix\">\n<p data-start=\"106\" data-end=\"317\"><span>M\u0103n\u0103stirea <strong data-start=\"117\" data-end=\"129\">Sucevi\u021ba<\/strong> se afl\u0103 \u00een satul Sucevi\u021ba, la aproximativ 30\u202fkm nord de municipiul Suceava. A fost ctitorit\u0103 \u00een secolul al XVI\u2011lea de familia <strong data-start=\"256\" data-end=\"266\">Movil\u0103<\/strong>, domnitori ai Moldovei, \u00eentre anii 1581 \u0219i 1601.<\/span><\/p>\n<p data-start=\"319\" data-end=\"679\"><span>Biserica principal\u0103 are hramul <strong data-start=\"350\" data-end=\"378\">Sf\u00e2ntul Ioan Botez\u0103torul<\/strong>. Construc\u021bia respect\u0103 stilul moldovenesc cu influen\u021be gotice \u0219i renascentiste. Este cunoscut\u0103 pentru <strong data-start=\"480\" data-end=\"503\">frescele exterioare<\/strong>, realizate \u00eentre 1595\u20111601, care ilustreaz\u0103 scene biblice \u0219i Judecata de Apoi. Culorile predominante sunt ro\u0219u, albastru \u0219i ocru, iar picturile au fost p\u0103strate foarte bine.<\/span><\/p>\n<p data-start=\"681\" data-end=\"967\"><span>Ansamblul include biserica, <strong data-start=\"709\" data-end=\"740\">zidul de incint\u0103 cu turnuri<\/strong>, chilii \u0219i o moar\u0103. Zidurile groase aveau rol defensiv, m\u0103n\u0103stirea fiind construit\u0103 \u00eentr\u2011o perioad\u0103 cu numeroase conflicte. Turnurile de ap\u0103rare \u0219i por\u021bile erau concepute pentru protec\u021bia c\u0103lug\u0103rilor \u0219i a obiectelor de cult.<\/span><\/p>\n<p data-start=\"969\" data-end=\"1201\"><span>Interiorul p\u0103streaz\u0103 <strong data-start=\"990\" data-end=\"1035\">icoane, obiecte de cult \u0219i mobilier vechi<\/strong>, iar c\u0103lug\u0103rii au continuat tradi\u021bia picturii \u0219i a manuscriselor. M\u0103n\u0103stirea a avut rol \u0219i cultural, fiind un centru de educa\u021bie religioas\u0103 \u0219i de copie a c\u0103r\u021bilor.<\/span><\/p>\n<p data-start=\"1203\" data-end=\"1457\"><span>Sucevi\u021ba face parte din grupul <strong data-start=\"1234\" data-end=\"1277\">Bisericilor pictate din nordul Moldovei<\/strong>, inclus pe lista <strong data-start=\"1295\" data-end=\"1305\">UNESCO<\/strong> din 1993. Este unul dintre cele mai vizitate monumente din Bucovina, atr\u0103g\u00e2nd turi\u0219ti \u0219i pelerini pentru frumuse\u021bea frescelor \u0219i importan\u021ba istoric\u0103.<\/span><\/p>\n<p data-start=\"1459\" data-end=\"1684\" data-is-last-node data-is-only-node><span>Vizitatorii pot vedea at\u00e2t picturile exterioare, c\u00e2t \u0219i elementele de ap\u0103rare ale incintei \u0219i pot explora zona chiliilor \u0219i a muzeului monahal. M\u0103n\u0103stirea Sucevi\u021ba r\u0103m\u00e2ne un reper al credin\u021bei \u0219i artei medievale moldovene\u0219ti.<\/span><\/p>\n<section class=\"cb-entry-content entry-content clearfix\">\n<section class=\"cb-entry-content entry-content clearfix\">\n<section class=\"cb-entry-content entry-content clearfix\">\n<section class=\"cb-entry-content entry-content clearfix\">\n<p data-start=\"2135\" data-end=\"2458\"><span><strong>Drag\u0103 turistule, aceea\u0219i Bucovin\u0103 de odinioar\u0103 te a\u0219teapt\u0103 s\u0103 \u00ee\u021bi \u00eencarci din nou bateriile din acest loc plin de istorie \u0219i spiritualitate.<\/strong><\/span><\/p>\n<\/section>\n<\/section>\n<\/section>\n<\/section>\n<\/section>\n<\/section>\n<\/section>\n<\/section>\n<\/section>\n<\/section>\n<\/section>\n<\/section>\n<\/section>\n<\/section>\n<\/section>\n<\/section>\n<section class=\"cb-entry-content entry-content clearfix\">\n<section class=\"cb-entry-content entry-content clearfix\">\n<section class=\"cb-entry-content entry-content clearfix\">\n<section class=\"cb-entry-content entry-content clearfix\">\n<section class=\"cb-entry-content entry-content clearfix\">\n<section class=\"cb-entry-content entry-content clearfix\">\n<section class=\"cb-entry-content entry-content clearfix\">\n<section class=\"cb-entry-content entry-content clearfix\">\n<section class=\"cb-entry-content entry-content clearfix\">\n<section class=\"cb-entry-content entry-content clearfix\">\n<section class=\"cb-entry-content entry-content clearfix\">\n<p data-start=\"106\" data-end=\"317\"><span>M\u0103n\u0103stirea <strong data-start=\"117\" data-end=\"129\">Sucevi\u021ba<\/strong> se afl\u0103 \u00een satul Sucevi\u021ba, la aproximativ 30\u202fkm nord de municipiul Suceava. A fost ctitorit\u0103 \u00een secolul al XVI\u2011lea de familia <strong data-start=\"256\" data-end=\"266\">Movil\u0103<\/strong>, domnitori ai Moldovei, \u00eentre anii 1581 \u0219i 1601.<\/span><\/p>\n<p data-start=\"319\" data-end=\"679\"><span>Biserica principal\u0103 are hramul <strong data-start=\"350\" data-end=\"378\">Sf\u00e2ntul Ioan Botez\u0103torul<\/strong>. Construc\u021bia respect\u0103 stilul moldovenesc cu influen\u021be gotice \u0219i renascentiste. Este cunoscut\u0103 pentru <strong data-start=\"480\" data-end=\"503\">frescele exterioare<\/strong>, realizate \u00eentre 1595\u20111601, care ilustreaz\u0103 scene biblice \u0219i Judecata de Apoi. Culorile predominante sunt ro\u0219u, albastru \u0219i ocru, iar picturile au fost p\u0103strate foarte bine.<\/span><\/p>\n<p data-start=\"681\" data-end=\"967\"><span>Ansamblul include biserica, <strong data-start=\"709\" data-end=\"740\">zidul de incint\u0103 cu turnuri<\/strong>, chilii \u0219i o moar\u0103. Zidurile groase aveau rol defensiv, m\u0103n\u0103stirea fiind construit\u0103 \u00eentr\u2011o perioad\u0103 cu numeroase conflicte. Turnurile de ap\u0103rare \u0219i por\u021bile erau concepute pentru protec\u021bia c\u0103lug\u0103rilor \u0219i a obiectelor de cult.<\/span><\/p>\n<p data-start=\"969\" data-end=\"1201\"><span>Interiorul p\u0103streaz\u0103 <strong data-start=\"990\" data-end=\"1035\">icoane, obiecte de cult \u0219i mobilier vechi<\/strong>, iar c\u0103lug\u0103rii au continuat tradi\u021bia picturii \u0219i a manuscriselor. M\u0103n\u0103stirea a avut rol \u0219i cultural, fiind un centru de educa\u021bie religioas\u0103 \u0219i de copie a c\u0103r\u021bilor.<\/span><\/p>\n<p data-start=\"1203\" data-end=\"1457\"><span>Sucevi\u021ba face parte din grupul <strong data-start=\"1234\" data-end=\"1277\">Bisericilor pictate din nordul Moldovei<\/strong>, inclus pe lista <strong data-start=\"1295\" data-end=\"1305\">UNESCO<\/strong> din 1993. Este unul dintre cele mai vizitate monumente din Bucovina, atr\u0103g\u00e2nd turi\u0219ti \u0219i pelerini pentru frumuse\u021bea frescelor \u0219i importan\u021ba istoric\u0103.<\/span><\/p>\n<p data-start=\"1459\" data-end=\"1684\" data-is-last-node data-is-only-node><span>Vizitatorii pot vedea at\u00e2t picturile exterioare, c\u00e2t \u0219i elementele de ap\u0103rare ale incintei \u0219i pot explora zona chiliilor \u0219i a muzeului monahal. M\u0103n\u0103stirea Sucevi\u021ba r\u0103m\u00e2ne un reper al credin\u021bei \u0219i artei medievale moldovene\u0219ti.<\/span><\/p>\n<section class=\"cb-entry-content entry-content clearfix\">\n<section class=\"cb-entry-content entry-content clearfix\">\n<section class=\"cb-entry-content entry-content clearfix\">\n<section class=\"cb-entry-content entry-content clearfix\">\n<p data-start=\"2135\" data-end=\"2458\"><span><strong>Drag\u0103 turistule, aceea\u0219i Bucovin\u0103 de odinioar\u0103 te a\u0219teapt\u0103 s\u0103 \u00ee\u021bi \u00eencarci din nou bateriile din acest loc plin de istorie \u0219i spiritualitate.<\/strong><\/span><\/p>\n<\/section>\n<\/section>\n<\/section>\n<\/section>\n<\/section>\n<\/section>\n<\/section>\n<\/section>\n<\/section>\n<\/section>\n<\/section>\n<\/section>\n<\/section>\n<\/section>\n<\/section>\n<section class=\"cb-entry-content entry-content clearfix\">\n<section class=\"cb-entry-content entry-content clearfix\">\n<section class=\"cb-entry-content entry-content clearfix\">\n<section class=\"cb-entry-content entry-content clearfix\">\n<section class=\"cb-entry-content entry-content clearfix\">\n<section class=\"cb-entry-content entry-content clearfix\">\n<section class=\"cb-entry-content entry-content clearfix\">\n<section class=\"cb-entry-content entry-content clearfix\">\n<section class=\"cb-entry-content entry-content clearfix\">\n<section class=\"cb-entry-content entry-content clearfix\">\n<section class=\"cb-entry-content entry-content clearfix\">\n<p data-start=\"106\" data-end=\"317\"><span>M\u0103n\u0103stirea <strong data-start=\"117\" data-end=\"129\">Sucevi\u021ba<\/strong> se afl\u0103 \u00een satul Sucevi\u021ba, la aproximativ 30\u202fkm nord de municipiul Suceava. A fost ctitorit\u0103 \u00een secolul al XVI\u2011lea de familia <strong data-start=\"256\" data-end=\"266\">Movil\u0103<\/strong>, domnitori ai Moldovei, \u00eentre anii 1581 \u0219i 1601.<\/span><\/p>\n<p data-start=\"319\" data-end=\"679\"><span>Biserica principal\u0103 are hramul <strong data-start=\"350\" data-end=\"378\">Sf\u00e2ntul Ioan Botez\u0103torul<\/strong>. Construc\u021bia respect\u0103 stilul moldovenesc cu influen\u021be gotice \u0219i renascentiste. Este cunoscut\u0103 pentru <strong data-start=\"480\" data-end=\"503\">frescele exterioare<\/strong>, realizate \u00eentre 1595\u20111601, care ilustreaz\u0103 scene biblice \u0219i Judecata de Apoi. Culorile predominante sunt ro\u0219u, albastru \u0219i ocru, iar picturile au fost p\u0103strate foarte bine.<\/span><\/p>\n<p data-start=\"681\" data-end=\"967\"><span>Ansamblul include biserica, <strong data-start=\"709\" data-end=\"740\">zidul de incint\u0103 cu turnuri<\/strong>, chilii \u0219i o moar\u0103. Zidurile groase aveau rol defensiv, m\u0103n\u0103stirea fiind construit\u0103 \u00eentr\u2011o perioad\u0103 cu numeroase conflicte. Turnurile de ap\u0103rare \u0219i por\u021bile erau concepute pentru protec\u021bia c\u0103lug\u0103rilor \u0219i a obiectelor de cult.<\/span><\/p>\n<p data-start=\"969\" data-end=\"1201\"><span>Interiorul p\u0103streaz\u0103 <strong data-start=\"990\" data-end=\"1035\">icoane, obiecte de cult \u0219i mobilier vechi<\/strong>, iar c\u0103lug\u0103rii au continuat tradi\u021bia picturii \u0219i a manuscriselor. M\u0103n\u0103stirea a avut rol \u0219i cultural, fiind un centru de educa\u021bie religioas\u0103 \u0219i de copie a c\u0103r\u021bilor.<\/span><\/p>\n<p data-start=\"1203\" data-end=\"1457\"><span>Sucevi\u021ba face parte din grupul <strong data-start=\"1234\" data-end=\"1277\">Bisericilor pictate din nordul Moldovei<\/strong>, inclus pe lista <strong data-start=\"1295\" data-end=\"1305\">UNESCO<\/strong> din 1993. Este unul dintre cele mai vizitate monumente din Bucovina, atr\u0103g\u00e2nd turi\u0219ti \u0219i pelerini pentru frumuse\u021bea frescelor \u0219i importan\u021ba istoric\u0103.<\/span><\/p>\n<p data-start=\"1459\" data-end=\"1684\" data-is-last-node data-is-only-node><span>Vizitatorii pot vedea at\u00e2t picturile exterioare, c\u00e2t \u0219i elementele de ap\u0103rare ale incintei \u0219i pot explora zona chiliilor \u0219i a muzeului monahal. M\u0103n\u0103stirea Sucevi\u021ba r\u0103m\u00e2ne un reper al credin\u021bei \u0219i artei medievale moldovene\u0219ti.<\/span><\/p>\n<section class=\"cb-entry-content entry-content clearfix\">\n<section class=\"cb-entry-content entry-content clearfix\">\n<section class=\"cb-entry-content entry-content clearfix\">\n<section class=\"cb-entry-content entry-content clearfix\">\n<p data-start=\"2135\" data-end=\"2458\"><span><strong>Drag\u0103 turistule, aceea\u0219i Bucovin\u0103 de odinioar\u0103 te a\u0219teapt\u0103 s\u0103 \u00ee\u021bi \u00eencarci din nou bateriile din acest loc plin de istorie \u0219i spiritualitate.<\/strong><\/span><\/p>\n<\/section>\n<\/section>\n<\/section>\n<\/section>\n<\/section>\n<\/section>\n<\/section>\n<\/section>\n<\/section>\n<\/section>\n<\/section>\n<\/section>\n<\/section>\n<\/section>\n<\/section>\n<section class=\"cb-entry-content entry-content clearfix\">\n<section class=\"cb-entry-content entry-content clearfix\">\n<section class=\"cb-entry-content entry-content clearfix\">\n<section class=\"cb-entry-content entry-content clearfix\">\n<section class=\"cb-entry-content entry-content clearfix\">\n<section class=\"cb-entry-content entry-content clearfix\">\n<section class=\"cb-entry-content entry-content clearfix\">\n<section class=\"cb-entry-content entry-content clearfix\">\n<section class=\"cb-entry-content entry-content clearfix\">\n<section class=\"cb-entry-content entry-content clearfix\">\n<p data-start=\"106\" data-end=\"317\"><span>M\u0103n\u0103stirea <strong data-start=\"117\" data-end=\"129\">Sucevi\u021ba<\/strong> se afl\u0103 \u00een satul Sucevi\u021ba, la aproximativ 30\u202fkm nord de municipiul Suceava. A fost ctitorit\u0103 \u00een secolul al XVI\u2011lea de familia <strong data-start=\"256\" data-end=\"266\">Movil\u0103<\/strong>, domnitori ai Moldovei, \u00eentre anii 1581 \u0219i 1601.<\/span><\/p>\n<p data-start=\"319\" data-end=\"679\"><span>Biserica principal\u0103 are hramul <strong data-start=\"350\" data-end=\"378\">Sf\u00e2ntul Ioan Botez\u0103torul<\/strong>. Construc\u021bia respect\u0103 stilul moldovenesc cu influen\u021be gotice \u0219i renascentiste. Este cunoscut\u0103 pentru <strong data-start=\"480\" data-end=\"503\">frescele exterioare<\/strong>, realizate \u00eentre 1595\u20111601, care ilustreaz\u0103 scene biblice \u0219i Judecata de Apoi. Culorile predominante sunt ro\u0219u, albastru \u0219i ocru, iar picturile au fost p\u0103strate foarte bine.<\/span><\/p>\n<p data-start=\"681\" data-end=\"967\"><span>Ansamblul include biserica, <strong data-start=\"709\" data-end=\"740\">zidul de incint\u0103 cu turnuri<\/strong>, chilii \u0219i o moar\u0103. Zidurile groase aveau rol defensiv, m\u0103n\u0103stirea fiind construit\u0103 \u00eentr\u2011o perioad\u0103 cu numeroase conflicte. Turnurile de ap\u0103rare \u0219i por\u021bile erau concepute pentru protec\u021bia c\u0103lug\u0103rilor \u0219i a obiectelor de cult.<\/span><\/p>\n<p data-start=\"969\" data-end=\"1201\"><span>Interiorul p\u0103streaz\u0103 <strong data-start=\"990\" data-end=\"1035\">icoane, obiecte de cult \u0219i mobilier vechi<\/strong>, iar c\u0103lug\u0103rii au continuat tradi\u021bia picturii \u0219i a manuscriselor. M\u0103n\u0103stirea a avut rol \u0219i cultural, fiind un centru de educa\u021bie religioas\u0103 \u0219i de copie a c\u0103r\u021bilor.<\/span><\/p>\n<p data-start=\"1203\" data-end=\"1457\"><span>Sucevi\u021ba face parte din grupul <strong data-start=\"1234\" data-end=\"1277\">Bisericilor pictate din nordul Moldovei<\/strong>, inclus pe lista <strong data-start=\"1295\" data-end=\"1305\">UNESCO<\/strong> din 1993. Este unul dintre cele mai vizitate monumente din Bucovina, atr\u0103g\u00e2nd turi\u0219ti \u0219i pelerini pentru frumuse\u021bea frescelor \u0219i importan\u021ba istoric\u0103.<\/span><\/p>\n<p data-start=\"1459\" data-end=\"1684\" data-is-last-node data-is-only-node><span>Vizitatorii pot vedea at\u00e2t picturile exterioare, c\u00e2t \u0219i elementele de ap\u0103rare ale incintei \u0219i pot explora zona chiliilor \u0219i a muzeului monahal. M\u0103n\u0103stirea Sucevi\u021ba r\u0103m\u00e2ne un reper al credin\u021bei \u0219i artei medievale moldovene\u0219ti.<\/span><\/p>\n<section class=\"cb-entry-content entry-content clearfix\">\n<section class=\"cb-entry-content entry-content clearfix\">\n<section class=\"cb-entry-content entry-content clearfix\">\n<section class=\"cb-entry-content entry-content clearfix\">\n<p data-start=\"2135\" data-end=\"2458\"><span><strong>Drag\u0103 turistule, aceea\u0219i Bucovin\u0103 de odinioar\u0103 te a\u0219teapt\u0103 s\u0103 \u00ee\u021bi \u00eencarci din nou bateriile din acest loc plin de istorie \u0219i spiritualitate.<\/strong><\/span><\/p>\n<\/section>\n<\/section>\n<\/section>\n<\/section>\n<\/section>\n<\/section>\n<\/section>\n<\/section>\n<\/section>\n<\/section>\n<\/section>\n<\/section>\n<\/section>\n<\/section>\n<section class=\"cb-entry-content entry-content clearfix\">\n<section class=\"cb-entry-content entry-content clearfix\">\n<section class=\"cb-entry-content entry-content clearfix\">\n<section class=\"cb-entry-content entry-content clearfix\">\n<section class=\"cb-entry-content entry-content clearfix\">\n<section class=\"cb-entry-content entry-content clearfix\">\n<section class=\"cb-entry-content entry-content clearfix\">\n<section class=\"cb-entry-content entry-content clearfix\">\n<section class=\"cb-entry-content entry-content clearfix\">\n<section class=\"cb-entry-content entry-content clearfix\">\n<p data-start=\"106\" data-end=\"317\"><span>M\u0103n\u0103stirea <strong data-start=\"117\" data-end=\"129\">Sucevi\u021ba<\/strong> se afl\u0103 \u00een satul Sucevi\u021ba, la aproximativ 30\u202fkm nord de municipiul Suceava. A fost ctitorit\u0103 \u00een secolul al XVI\u2011lea de familia <strong data-start=\"256\" data-end=\"266\">Movil\u0103<\/strong>, domnitori ai Moldovei, \u00eentre anii 1581 \u0219i 1601.<\/span><\/p>\n<p data-start=\"319\" data-end=\"679\"><span>Biserica principal\u0103 are hramul <strong data-start=\"350\" data-end=\"378\">Sf\u00e2ntul Ioan Botez\u0103torul<\/strong>. Construc\u021bia respect\u0103 stilul moldovenesc cu influen\u021be gotice \u0219i renascentiste. Este cunoscut\u0103 pentru <strong data-start=\"480\" data-end=\"503\">frescele exterioare<\/strong>, realizate \u00eentre 1595\u20111601, care ilustreaz\u0103 scene biblice \u0219i Judecata de Apoi. Culorile predominante sunt ro\u0219u, albastru \u0219i ocru, iar picturile au fost p\u0103strate foarte bine.<\/span><\/p>\n<p data-start=\"681\" data-end=\"967\"><span>Ansamblul include biserica, <strong data-start=\"709\" data-end=\"740\">zidul de incint\u0103 cu turnuri<\/strong>, chilii \u0219i o moar\u0103. Zidurile groase aveau rol defensiv, m\u0103n\u0103stirea fiind construit\u0103 \u00eentr\u2011o perioad\u0103 cu numeroase conflicte. Turnurile de ap\u0103rare \u0219i por\u021bile erau concepute pentru protec\u021bia c\u0103lug\u0103rilor \u0219i a obiectelor de cult.<\/span><\/p>\n<p data-start=\"969\" data-end=\"1201\"><span>Interiorul p\u0103streaz\u0103 <strong data-start=\"990\" data-end=\"1035\">icoane, obiecte de cult \u0219i mobilier vechi<\/strong>, iar c\u0103lug\u0103rii au continuat tradi\u021bia picturii \u0219i a manuscriselor. M\u0103n\u0103stirea a avut rol \u0219i cultural, fiind un centru de educa\u021bie religioas\u0103 \u0219i de copie a c\u0103r\u021bilor.<\/span><\/p>\n<p data-start=\"1203\" data-end=\"1457\"><span>Sucevi\u021ba face parte din grupul <strong data-start=\"1234\" data-end=\"1277\">Bisericilor pictate din nordul Moldovei<\/strong>, inclus pe lista <strong data-start=\"1295\" data-end=\"1305\">UNESCO<\/strong> din 1993. Este unul dintre cele mai vizitate monumente din Bucovina, atr\u0103g\u00e2nd turi\u0219ti \u0219i pelerini pentru frumuse\u021bea frescelor \u0219i importan\u021ba istoric\u0103.<\/span><\/p>\n<p data-start=\"1459\" data-end=\"1684\" data-is-last-node data-is-only-node><span>Vizitatorii pot vedea at\u00e2t picturile exterioare, c\u00e2t \u0219i elementele de ap\u0103rare ale incintei \u0219i pot explora zona chiliilor \u0219i a muzeului monahal. M\u0103n\u0103stirea Sucevi\u021ba r\u0103m\u00e2ne un reper al credin\u021bei \u0219i artei medievale moldovene\u0219ti.<\/span><\/p>\n<section class=\"cb-entry-content entry-content clearfix\">\n<section class=\"cb-entry-content entry-content clearfix\">\n<section class=\"cb-entry-content entry-content clearfix\">\n<section class=\"cb-entry-content entry-content clearfix\">\n<p data-start=\"2135\" data-end=\"2458\"><span><strong>Drag\u0103 turistule, aceea\u0219i Bucovin\u0103 de odinioar\u0103 te a\u0219teapt\u0103 s\u0103 \u00ee\u021bi \u00eencarci din nou bateriile din acest loc plin de istorie \u0219i spiritualitate.<\/strong><\/span><\/p>\n<\/section>\n<\/section>\n<\/section>\n<\/section>\n<\/section>\n<\/section>\n<\/section>\n<\/section>\n<\/section>\n<\/section>\n<\/section>\n<\/section>\n<\/section>\n<\/section>\n<section class=\"cb-entry-content entry-content clearfix\">\n<section class=\"cb-entry-content entry-content clearfix\">\n<section class=\"cb-entry-content entry-content clearfix\">\n<section class=\"cb-entry-content entry-content clearfix\">\n<section class=\"cb-entry-content entry-content clearfix\">\n<section class=\"cb-entry-content entry-content clearfix\">\n<section class=\"cb-entry-content entry-content clearfix\">\n<section class=\"cb-entry-content entry-content clearfix\">\n<section class=\"cb-entry-content entry-content clearfix\">\n<p data-start=\"106\" data-end=\"317\"><span>M\u0103n\u0103stirea <strong data-start=\"117\" data-end=\"129\">Sucevi\u021ba<\/strong> se afl\u0103 \u00een satul Sucevi\u021ba, la aproximativ 30\u202fkm nord de municipiul Suceava. A fost ctitorit\u0103 \u00een secolul al XVI\u2011lea de familia <strong data-start=\"256\" data-end=\"266\">Movil\u0103<\/strong>, domnitori ai Moldovei, \u00eentre anii 1581 \u0219i 1601.<\/span><\/p>\n<p data-start=\"319\" data-end=\"679\"><span>Biserica principal\u0103 are hramul <strong data-start=\"350\" data-end=\"378\">Sf\u00e2ntul Ioan Botez\u0103torul<\/strong>. Construc\u021bia respect\u0103 stilul moldovenesc cu influen\u021be gotice \u0219i renascentiste. Este cunoscut\u0103 pentru <strong data-start=\"480\" data-end=\"503\">frescele exterioare<\/strong>, realizate \u00eentre 1595\u20111601, care ilustreaz\u0103 scene biblice \u0219i Judecata de Apoi. Culorile predominante sunt ro\u0219u, albastru \u0219i ocru, iar picturile au fost p\u0103strate foarte bine.<\/span><\/p>\n<p data-start=\"681\" data-end=\"967\"><span>Ansamblul include biserica, <strong data-start=\"709\" data-end=\"740\">zidul de incint\u0103 cu turnuri<\/strong>, chilii \u0219i o moar\u0103. Zidurile groase aveau rol defensiv, m\u0103n\u0103stirea fiind construit\u0103 \u00eentr\u2011o perioad\u0103 cu numeroase conflicte. Turnurile de ap\u0103rare \u0219i por\u021bile erau concepute pentru protec\u021bia c\u0103lug\u0103rilor \u0219i a obiectelor de cult.<\/span><\/p>\n<p data-start=\"969\" data-end=\"1201\"><span>Interiorul p\u0103streaz\u0103 <strong data-start=\"990\" data-end=\"1035\">icoane, obiecte de cult \u0219i mobilier vechi<\/strong>, iar c\u0103lug\u0103rii au continuat tradi\u021bia picturii \u0219i a manuscriselor. M\u0103n\u0103stirea a avut rol \u0219i cultural, fiind un centru de educa\u021bie religioas\u0103 \u0219i de copie a c\u0103r\u021bilor.<\/span><\/p>\n<p data-start=\"1203\" data-end=\"1457\"><span>Sucevi\u021ba face parte din grupul <strong data-start=\"1234\" data-end=\"1277\">Bisericilor pictate din nordul Moldovei<\/strong>, inclus pe lista <strong data-start=\"1295\" data-end=\"1305\">UNESCO<\/strong> din 1993. Este unul dintre cele mai vizitate monumente din Bucovina, atr\u0103g\u00e2nd turi\u0219ti \u0219i pelerini pentru frumuse\u021bea frescelor \u0219i importan\u021ba istoric\u0103.<\/span><\/p>\n<p data-start=\"1459\" data-end=\"1684\" data-is-last-node data-is-only-node><span>Vizitatorii pot vedea at\u00e2t picturile exterioare, c\u00e2t \u0219i elementele de ap\u0103rare ale incintei \u0219i pot explora zona chiliilor \u0219i a muzeului monahal. M\u0103n\u0103stirea Sucevi\u021ba r\u0103m\u00e2ne un reper al credin\u021bei \u0219i artei medievale moldovene\u0219ti.<\/span><\/p>\n<section class=\"cb-entry-content entry-content clearfix\">\n<section class=\"cb-entry-content entry-content clearfix\">\n<section class=\"cb-entry-content entry-content clearfix\">\n<section class=\"cb-entry-content entry-content clearfix\">\n<p data-start=\"2135\" data-end=\"2458\"><span><strong>Drag\u0103 turistule, aceea\u0219i Bucovin\u0103 de odinioar\u0103 te a\u0219teapt\u0103 s\u0103 \u00ee\u021bi \u00eencarci din nou bateriile din acest loc plin de istorie \u0219i spiritualitate.<\/strong><\/span><\/p>\n<\/section>\n<\/section>\n<\/section>\n<\/section>\n<\/section>\n<\/section>\n<\/section>\n<\/section>\n<\/section>\n<\/section>\n<\/section>\n<\/section>\n<\/section>\n<section class=\"cb-entry-content entry-content clearfix\">\n<section class=\"cb-entry-content entry-content clearfix\">\n<section class=\"cb-entry-content entry-content clearfix\">\n<section class=\"cb-entry-content entry-content clearfix\">\n<section class=\"cb-entry-content entry-content clearfix\">\n<section class=\"cb-entry-content entry-content clearfix\">\n<section class=\"cb-entry-content entry-content clearfix\">\n<section class=\"cb-entry-content entry-content clearfix\">\n<section class=\"cb-entry-content entry-content clearfix\">\n<p data-start=\"106\" data-end=\"317\"><span>M\u0103n\u0103stirea <strong data-start=\"117\" data-end=\"129\">Sucevi\u021ba<\/strong> se afl\u0103 \u00een satul Sucevi\u021ba, la aproximativ 30\u202fkm nord de municipiul Suceava. A fost ctitorit\u0103 \u00een secolul al XVI\u2011lea de familia <strong data-start=\"256\" data-end=\"266\">Movil\u0103<\/strong>, domnitori ai Moldovei, \u00eentre anii 1581 \u0219i 1601.<\/span><\/p>\n<p data-start=\"319\" data-end=\"679\"><span>Biserica principal\u0103 are hramul <strong data-start=\"350\" data-end=\"378\">Sf\u00e2ntul Ioan Botez\u0103torul<\/strong>. Construc\u021bia respect\u0103 stilul moldovenesc cu influen\u021be gotice \u0219i renascentiste. Este cunoscut\u0103 pentru <strong data-start=\"480\" data-end=\"503\">frescele exterioare<\/strong>, realizate \u00eentre 1595\u20111601, care ilustreaz\u0103 scene biblice \u0219i Judecata de Apoi. Culorile predominante sunt ro\u0219u, albastru \u0219i ocru, iar picturile au fost p\u0103strate foarte bine.<\/span><\/p>\n<p data-start=\"681\" data-end=\"967\"><span>Ansamblul include biserica, <strong data-start=\"709\" data-end=\"740\">zidul de incint\u0103 cu turnuri<\/strong>, chilii \u0219i o moar\u0103. Zidurile groase aveau rol defensiv, m\u0103n\u0103stirea fiind construit\u0103 \u00eentr\u2011o perioad\u0103 cu numeroase conflicte. Turnurile de ap\u0103rare \u0219i por\u021bile erau concepute pentru protec\u021bia c\u0103lug\u0103rilor \u0219i a obiectelor de cult.<\/span><\/p>\n<p data-start=\"969\" data-end=\"1201\"><span>Interiorul p\u0103streaz\u0103 <strong data-start=\"990\" data-end=\"1035\">icoane, obiecte de cult \u0219i mobilier vechi<\/strong>, iar c\u0103lug\u0103rii au continuat tradi\u021bia picturii \u0219i a manuscriselor. M\u0103n\u0103stirea a avut rol \u0219i cultural, fiind un centru de educa\u021bie religioas\u0103 \u0219i de copie a c\u0103r\u021bilor.<\/span><\/p>\n<p data-start=\"1203\" data-end=\"1457\"><span>Sucevi\u021ba face parte din grupul <strong data-start=\"1234\" data-end=\"1277\">Bisericilor pictate din nordul Moldovei<\/strong>, inclus pe lista <strong data-start=\"1295\" data-end=\"1305\">UNESCO<\/strong> din 1993. Este unul dintre cele mai vizitate monumente din Bucovina, atr\u0103g\u00e2nd turi\u0219ti \u0219i pelerini pentru frumuse\u021bea frescelor \u0219i importan\u021ba istoric\u0103.<\/span><\/p>\n<p data-start=\"1459\" data-end=\"1684\" data-is-last-node data-is-only-node><span>Vizitatorii pot vedea at\u00e2t picturile exterioare, c\u00e2t \u0219i elementele de ap\u0103rare ale incintei \u0219i pot explora zona chiliilor \u0219i a muzeului monahal. M\u0103n\u0103stirea Sucevi\u021ba r\u0103m\u00e2ne un reper al credin\u021bei \u0219i artei medievale moldovene\u0219ti.<\/span><\/p>\n<section class=\"cb-entry-content entry-content clearfix\">\n<section class=\"cb-entry-content entry-content clearfix\">\n<section class=\"cb-entry-content entry-content clearfix\">\n<section class=\"cb-entry-content entry-content clearfix\">\n<p data-start=\"2135\" data-end=\"2458\"><span><strong>Drag\u0103 turistule, aceea\u0219i Bucovin\u0103 de odinioar\u0103 te a\u0219teapt\u0103 s\u0103 \u00ee\u021bi \u00eencarci din nou bateriile din acest loc plin de istorie \u0219i spiritualitate.<\/strong><\/span><\/p>\n<\/section>\n<\/section>\n<\/section>\n<\/section>\n<\/section>\n<\/section>\n<\/section>\n<\/section>\n<\/section>\n<\/section>\n<\/section>\n<\/section>\n<\/section>\n<section class=\"cb-entry-content entry-content clearfix\">\n<section class=\"cb-entry-content entry-content clearfix\">\n<section class=\"cb-entry-content entry-content clearfix\">\n<section class=\"cb-entry-content entry-content clearfix\">\n<section class=\"cb-entry-content entry-content clearfix\">\n<section class=\"cb-entry-content entry-content clearfix\">\n<section class=\"cb-entry-content entry-content clearfix\">\n<section class=\"cb-entry-content entry-content clearfix\">\n<p data-start=\"106\" data-end=\"317\"><span>M\u0103n\u0103stirea <strong data-start=\"117\" data-end=\"129\">Sucevi\u021ba<\/strong> se afl\u0103 \u00een satul Sucevi\u021ba, la aproximativ 30\u202fkm nord de municipiul Suceava. A fost ctitorit\u0103 \u00een secolul al XVI\u2011lea de familia <strong data-start=\"256\" data-end=\"266\">Movil\u0103<\/strong>, domnitori ai Moldovei, \u00eentre anii 1581 \u0219i 1601.<\/span><\/p>\n<p data-start=\"319\" data-end=\"679\"><span>Biserica principal\u0103 are hramul <strong data-start=\"350\" data-end=\"378\">Sf\u00e2ntul Ioan Botez\u0103torul<\/strong>. Construc\u021bia respect\u0103 stilul moldovenesc cu influen\u021be gotice \u0219i renascentiste. Este cunoscut\u0103 pentru <strong data-start=\"480\" data-end=\"503\">frescele exterioare<\/strong>, realizate \u00eentre 1595\u20111601, care ilustreaz\u0103 scene biblice \u0219i Judecata de Apoi. Culorile predominante sunt ro\u0219u, albastru \u0219i ocru, iar picturile au fost p\u0103strate foarte bine.<\/span><\/p>\n<p data-start=\"681\" data-end=\"967\"><span>Ansamblul include biserica, <strong data-start=\"709\" data-end=\"740\">zidul de incint\u0103 cu turnuri<\/strong>, chilii \u0219i o moar\u0103. Zidurile groase aveau rol defensiv, m\u0103n\u0103stirea fiind construit\u0103 \u00eentr\u2011o perioad\u0103 cu numeroase conflicte. Turnurile de ap\u0103rare \u0219i por\u021bile erau concepute pentru protec\u021bia c\u0103lug\u0103rilor \u0219i a obiectelor de cult.<\/span><\/p>\n<p data-start=\"969\" data-end=\"1201\"><span>Interiorul p\u0103streaz\u0103 <strong data-start=\"990\" data-end=\"1035\">icoane, obiecte de cult \u0219i mobilier vechi<\/strong>, iar c\u0103lug\u0103rii au continuat tradi\u021bia picturii \u0219i a manuscriselor. M\u0103n\u0103stirea a avut rol \u0219i cultural, fiind un centru de educa\u021bie religioas\u0103 \u0219i de copie a c\u0103r\u021bilor.<\/span><\/p>\n<p data-start=\"1203\" data-end=\"1457\"><span>Sucevi\u021ba face parte din grupul <strong data-start=\"1234\" data-end=\"1277\">Bisericilor pictate din nordul Moldovei<\/strong>, inclus pe lista <strong data-start=\"1295\" data-end=\"1305\">UNESCO<\/strong> din 1993. Este unul dintre cele mai vizitate monumente din Bucovina, atr\u0103g\u00e2nd turi\u0219ti \u0219i pelerini pentru frumuse\u021bea frescelor \u0219i importan\u021ba istoric\u0103.<\/span><\/p>\n<p data-start=\"1459\" data-end=\"1684\" data-is-last-node data-is-only-node><span>Vizitatorii pot vedea at\u00e2t picturile exterioare, c\u00e2t \u0219i elementele de ap\u0103rare ale incintei \u0219i pot explora zona chiliilor \u0219i a muzeului monahal. M\u0103n\u0103stirea Sucevi\u021ba r\u0103m\u00e2ne un reper al credin\u021bei \u0219i artei medievale moldovene\u0219ti.<\/span><\/p>\n<section class=\"cb-entry-content entry-content clearfix\">\n<section class=\"cb-entry-content entry-content clearfix\">\n<section class=\"cb-entry-content entry-content clearfix\">\n<section class=\"cb-entry-content entry-content clearfix\">\n<p data-start=\"2135\" data-end=\"2458\"><span><strong>Drag\u0103 turistule, aceea\u0219i Bucovin\u0103 de odinioar\u0103 te a\u0219teapt\u0103 s\u0103 \u00ee\u021bi \u00eencarci din nou bateriile din acest loc plin de istorie \u0219i spiritualitate.<\/strong><\/span><\/p>\n<\/section>\n<\/section>\n<\/section>\n<\/section>\n<\/section>\n<\/section>\n<\/section>\n<\/section>\n<\/section>\n<\/section>\n<\/section>\n<\/section>\n<section class=\"cb-entry-content entry-content clearfix\">\n<section class=\"cb-entry-content entry-content clearfix\">\n<section class=\"cb-entry-content entry-content clearfix\">\n<section class=\"cb-entry-content entry-content clearfix\">\n<section class=\"cb-entry-content entry-content clearfix\">\n<section class=\"cb-entry-content entry-content clearfix\">\n<section class=\"cb-entry-content entry-content clearfix\">\n<section class=\"cb-entry-content entry-content clearfix\">\n<p data-start=\"106\" data-end=\"317\"><span>M\u0103n\u0103stirea <strong data-start=\"117\" data-end=\"129\">Sucevi\u021ba<\/strong> se afl\u0103 \u00een satul Sucevi\u021ba, la aproximativ 30\u202fkm nord de municipiul Suceava. A fost ctitorit\u0103 \u00een secolul al XVI\u2011lea de familia <strong data-start=\"256\" data-end=\"266\">Movil\u0103<\/strong>, domnitori ai Moldovei, \u00eentre anii 1581 \u0219i 1601.<\/span><\/p>\n<p data-start=\"319\" data-end=\"679\"><span>Biserica principal\u0103 are hramul <strong data-start=\"350\" data-end=\"378\">Sf\u00e2ntul Ioan Botez\u0103torul<\/strong>. Construc\u021bia respect\u0103 stilul moldovenesc cu influen\u021be gotice \u0219i renascentiste. Este cunoscut\u0103 pentru <strong data-start=\"480\" data-end=\"503\">frescele exterioare<\/strong>, realizate \u00eentre 1595\u20111601, care ilustreaz\u0103 scene biblice \u0219i Judecata de Apoi. Culorile predominante sunt ro\u0219u, albastru \u0219i ocru, iar picturile au fost p\u0103strate foarte bine.<\/span><\/p>\n<p data-start=\"681\" data-end=\"967\"><span>Ansamblul include biserica, <strong data-start=\"709\" data-end=\"740\">zidul de incint\u0103 cu turnuri<\/strong>, chilii \u0219i o moar\u0103. Zidurile groase aveau rol defensiv, m\u0103n\u0103stirea fiind construit\u0103 \u00eentr\u2011o perioad\u0103 cu numeroase conflicte. Turnurile de ap\u0103rare \u0219i por\u021bile erau concepute pentru protec\u021bia c\u0103lug\u0103rilor \u0219i a obiectelor de cult.<\/span><\/p>\n<p data-start=\"969\" data-end=\"1201\"><span>Interiorul p\u0103streaz\u0103 <strong data-start=\"990\" data-end=\"1035\">icoane, obiecte de cult \u0219i mobilier vechi<\/strong>, iar c\u0103lug\u0103rii au continuat tradi\u021bia picturii \u0219i a manuscriselor. M\u0103n\u0103stirea a avut rol \u0219i cultural, fiind un centru de educa\u021bie religioas\u0103 \u0219i de copie a c\u0103r\u021bilor.<\/span><\/p>\n<p data-start=\"1203\" data-end=\"1457\"><span>Sucevi\u021ba face parte din grupul <strong data-start=\"1234\" data-end=\"1277\">Bisericilor pictate din nordul Moldovei<\/strong>, inclus pe lista <strong data-start=\"1295\" data-end=\"1305\">UNESCO<\/strong> din 1993. Este unul dintre cele mai vizitate monumente din Bucovina, atr\u0103g\u00e2nd turi\u0219ti \u0219i pelerini pentru frumuse\u021bea frescelor \u0219i importan\u021ba istoric\u0103.<\/span><\/p>\n<p data-start=\"1459\" data-end=\"1684\" data-is-last-node data-is-only-node><span>Vizitatorii pot vedea at\u00e2t picturile exterioare, c\u00e2t \u0219i elementele de ap\u0103rare ale incintei \u0219i pot explora zona chiliilor \u0219i a muzeului monahal. M\u0103n\u0103stirea Sucevi\u021ba r\u0103m\u00e2ne un reper al credin\u021bei \u0219i artei medievale moldovene\u0219ti.<\/span><\/p>\n<section class=\"cb-entry-content entry-content clearfix\">\n<section class=\"cb-entry-content entry-content clearfix\">\n<section class=\"cb-entry-content entry-content clearfix\">\n<section class=\"cb-entry-content entry-content clearfix\">\n<p data-start=\"2135\" data-end=\"2458\"><span><strong>Drag\u0103 turistule, aceea\u0219i Bucovin\u0103 de odinioar\u0103 te a\u0219teapt\u0103 s\u0103 \u00ee\u021bi \u00eencarci din nou bateriile din acest loc plin de istorie \u0219i spiritualitate.<\/strong><\/span><\/p>\n<\/section>\n<\/section>\n<\/section>\n<\/section>\n<\/section>\n<\/section>\n<\/section>\n<\/section>\n<\/section>\n<\/section>\n<\/section>\n<\/section>\n<section class=\"cb-entry-content entry-content clearfix\">\n<section class=\"cb-entry-content entry-content clearfix\">\n<section class=\"cb-entry-content entry-content clearfix\">\n<section class=\"cb-entry-content entry-content clearfix\">\n<section class=\"cb-entry-content entry-content clearfix\">\n<section class=\"cb-entry-content entry-content clearfix\">\n<section class=\"cb-entry-content entry-content clearfix\">\n<p data-start=\"106\" data-end=\"317\"><span>M\u0103n\u0103stirea <strong data-start=\"117\" data-end=\"129\">Sucevi\u021ba<\/strong> se afl\u0103 \u00een satul Sucevi\u021ba, la aproximativ 30\u202fkm nord de municipiul Suceava. A fost ctitorit\u0103 \u00een secolul al XVI\u2011lea de familia <strong data-start=\"256\" data-end=\"266\">Movil\u0103<\/strong>, domnitori ai Moldovei, \u00eentre anii 1581 \u0219i 1601.<\/span><\/p>\n<p data-start=\"319\" data-end=\"679\"><span>Biserica principal\u0103 are hramul <strong data-start=\"350\" data-end=\"378\">Sf\u00e2ntul Ioan Botez\u0103torul<\/strong>. Construc\u021bia respect\u0103 stilul moldovenesc cu influen\u021be gotice \u0219i renascentiste. Este cunoscut\u0103 pentru <strong data-start=\"480\" data-end=\"503\">frescele exterioare<\/strong>, realizate \u00eentre 1595\u20111601, care ilustreaz\u0103 scene biblice \u0219i Judecata de Apoi. Culorile predominante sunt ro\u0219u, albastru \u0219i ocru, iar picturile au fost p\u0103strate foarte bine.<\/span><\/p>\n<p data-start=\"681\" data-end=\"967\"><span>Ansamblul include biserica, <strong data-start=\"709\" data-end=\"740\">zidul de incint\u0103 cu turnuri<\/strong>, chilii \u0219i o moar\u0103. Zidurile groase aveau rol defensiv, m\u0103n\u0103stirea fiind construit\u0103 \u00eentr\u2011o perioad\u0103 cu numeroase conflicte. Turnurile de ap\u0103rare \u0219i por\u021bile erau concepute pentru protec\u021bia c\u0103lug\u0103rilor \u0219i a obiectelor de cult.<\/span><\/p>\n<p data-start=\"969\" data-end=\"1201\"><span>Interiorul p\u0103streaz\u0103 <strong data-start=\"990\" data-end=\"1035\">icoane, obiecte de cult \u0219i mobilier vechi<\/strong>, iar c\u0103lug\u0103rii au continuat tradi\u021bia picturii \u0219i a manuscriselor. M\u0103n\u0103stirea a avut rol \u0219i cultural, fiind un centru de educa\u021bie religioas\u0103 \u0219i de copie a c\u0103r\u021bilor.<\/span><\/p>\n<p data-start=\"1203\" data-end=\"1457\"><span>Sucevi\u021ba face parte din grupul <strong data-start=\"1234\" data-end=\"1277\">Bisericilor pictate din nordul Moldovei<\/strong>, inclus pe lista <strong data-start=\"1295\" data-end=\"1305\">UNESCO<\/strong> din 1993. Este unul dintre cele mai vizitate monumente din Bucovina, atr\u0103g\u00e2nd turi\u0219ti \u0219i pelerini pentru frumuse\u021bea frescelor \u0219i importan\u021ba istoric\u0103.<\/span><\/p>\n<p data-start=\"1459\" data-end=\"1684\" data-is-last-node data-is-only-node><span>Vizitatorii pot vedea at\u00e2t picturile exterioare, c\u00e2t \u0219i elementele de ap\u0103rare ale incintei \u0219i pot explora zona chiliilor \u0219i a muzeului monahal. M\u0103n\u0103stirea Sucevi\u021ba r\u0103m\u00e2ne un reper al credin\u021bei \u0219i artei medievale moldovene\u0219ti.<\/span><\/p>\n<section class=\"cb-entry-content entry-content clearfix\">\n<section class=\"cb-entry-content entry-content clearfix\">\n<section class=\"cb-entry-content entry-content clearfix\">\n<section class=\"cb-entry-content entry-content clearfix\">\n<p data-start=\"2135\" data-end=\"2458\"><span><strong>Drag\u0103 turistule, aceea\u0219i Bucovin\u0103 de odinioar\u0103 te a\u0219teapt\u0103 s\u0103 \u00ee\u021bi \u00eencarci din nou bateriile din acest loc plin de istorie \u0219i spiritualitate.<\/strong><\/span><\/p>\n<\/section>\n<\/section>\n<\/section>\n<\/section>\n<\/section>\n<\/section>\n<\/section>\n<\/section>\n<\/section>\n<\/section>\n<\/section>\n<section class=\"cb-entry-content entry-content clearfix\">\n<section class=\"cb-entry-content entry-content clearfix\">\n<section class=\"cb-entry-content entry-content clearfix\">\n<section class=\"cb-entry-content entry-content clearfix\">\n<section class=\"cb-entry-content entry-content clearfix\">\n<section class=\"cb-entry-content entry-content clearfix\">\n<section class=\"cb-entry-content entry-content clearfix\">\n<p data-start=\"106\" data-end=\"317\"><span>M\u0103n\u0103stirea <strong data-start=\"117\" data-end=\"129\">Sucevi\u021ba<\/strong> se afl\u0103 \u00een satul Sucevi\u021ba, la aproximativ 30\u202fkm nord de municipiul Suceava. A fost ctitorit\u0103 \u00een secolul al XVI\u2011lea de familia <strong data-start=\"256\" data-end=\"266\">Movil\u0103<\/strong>, domnitori ai Moldovei, \u00eentre anii 1581 \u0219i 1601.<\/span><\/p>\n<p data-start=\"319\" data-end=\"679\"><span>Biserica principal\u0103 are hramul <strong data-start=\"350\" data-end=\"378\">Sf\u00e2ntul Ioan Botez\u0103torul<\/strong>. Construc\u021bia respect\u0103 stilul moldovenesc cu influen\u021be gotice \u0219i renascentiste. Este cunoscut\u0103 pentru <strong data-start=\"480\" data-end=\"503\">frescele exterioare<\/strong>, realizate \u00eentre 1595\u20111601, care ilustreaz\u0103 scene biblice \u0219i Judecata de Apoi. Culorile predominante sunt ro\u0219u, albastru \u0219i ocru, iar picturile au fost p\u0103strate foarte bine.<\/span><\/p>\n<p data-start=\"681\" data-end=\"967\"><span>Ansamblul include biserica, <strong data-start=\"709\" data-end=\"740\">zidul de incint\u0103 cu turnuri<\/strong>, chilii \u0219i o moar\u0103. Zidurile groase aveau rol defensiv, m\u0103n\u0103stirea fiind construit\u0103 \u00eentr\u2011o perioad\u0103 cu numeroase conflicte. Turnurile de ap\u0103rare \u0219i por\u021bile erau concepute pentru protec\u021bia c\u0103lug\u0103rilor \u0219i a obiectelor de cult.<\/span><\/p>\n<p data-start=\"969\" data-end=\"1201\"><span>Interiorul p\u0103streaz\u0103 <strong data-start=\"990\" data-end=\"1035\">icoane, obiecte de cult \u0219i mobilier vechi<\/strong>, iar c\u0103lug\u0103rii au continuat tradi\u021bia picturii \u0219i a manuscriselor. M\u0103n\u0103stirea a avut rol \u0219i cultural, fiind un centru de educa\u021bie religioas\u0103 \u0219i de copie a c\u0103r\u021bilor.<\/span><\/p>\n<p data-start=\"1203\" data-end=\"1457\"><span>Sucevi\u021ba face parte din grupul <strong data-start=\"1234\" data-end=\"1277\">Bisericilor pictate din nordul Moldovei<\/strong>, inclus pe lista <strong data-start=\"1295\" data-end=\"1305\">UNESCO<\/strong> din 1993. Este unul dintre cele mai vizitate monumente din Bucovina, atr\u0103g\u00e2nd turi\u0219ti \u0219i pelerini pentru frumuse\u021bea frescelor \u0219i importan\u021ba istoric\u0103.<\/span><\/p>\n<p data-start=\"1459\" data-end=\"1684\" data-is-last-node data-is-only-node><span>Vizitatorii pot vedea at\u00e2t picturile exterioare, c\u00e2t \u0219i elementele de ap\u0103rare ale incintei \u0219i pot explora zona chiliilor \u0219i a muzeului monahal. M\u0103n\u0103stirea Sucevi\u021ba r\u0103m\u00e2ne un reper al credin\u021bei \u0219i artei medievale moldovene\u0219ti.<\/span><\/p>\n<section class=\"cb-entry-content entry-content clearfix\">\n<section class=\"cb-entry-content entry-content clearfix\">\n<section class=\"cb-entry-content entry-content clearfix\">\n<section class=\"cb-entry-content entry-content clearfix\">\n<p data-start=\"2135\" data-end=\"2458\"><span><strong>Drag\u0103 turistule, aceea\u0219i Bucovin\u0103 de odinioar\u0103 te a\u0219teapt\u0103 s\u0103 \u00ee\u021bi \u00eencarci din nou bateriile din acest loc plin de istorie \u0219i spiritualitate.<\/strong><\/span><\/p>\n<\/section>\n<\/section>\n<\/section>\n<\/section>\n<\/section>\n<\/section>\n<\/section>\n<\/section>\n<\/section>\n<\/section>\n<\/section>\n<section class=\"cb-entry-content entry-content clearfix\">\n<section class=\"cb-entry-content entry-content clearfix\">\n<section class=\"cb-entry-content entry-content clearfix\">\n<section class=\"cb-entry-content entry-content clearfix\">\n<section class=\"cb-entry-content entry-content clearfix\">\n<section class=\"cb-entry-content entry-content clearfix\">\n<p data-start=\"106\" data-end=\"317\"><span>M\u0103n\u0103stirea <strong data-start=\"117\" data-end=\"129\">Sucevi\u021ba<\/strong> se afl\u0103 \u00een satul Sucevi\u021ba, la aproximativ 30\u202fkm nord de municipiul Suceava. A fost ctitorit\u0103 \u00een secolul al XVI\u2011lea de familia <strong data-start=\"256\" data-end=\"266\">Movil\u0103<\/strong>, domnitori ai Moldovei, \u00eentre anii 1581 \u0219i 1601.<\/span><\/p>\n<p data-start=\"319\" data-end=\"679\"><span>Biserica principal\u0103 are hramul <strong data-start=\"350\" data-end=\"378\">Sf\u00e2ntul Ioan Botez\u0103torul<\/strong>. Construc\u021bia respect\u0103 stilul moldovenesc cu influen\u021be gotice \u0219i renascentiste. Este cunoscut\u0103 pentru <strong data-start=\"480\" data-end=\"503\">frescele exterioare<\/strong>, realizate \u00eentre 1595\u20111601, care ilustreaz\u0103 scene biblice \u0219i Judecata de Apoi. Culorile predominante sunt ro\u0219u, albastru \u0219i ocru, iar picturile au fost p\u0103strate foarte bine.<\/span><\/p>\n<p data-start=\"681\" data-end=\"967\"><span>Ansamblul include biserica, <strong data-start=\"709\" data-end=\"740\">zidul de incint\u0103 cu turnuri<\/strong>, chilii \u0219i o moar\u0103. Zidurile groase aveau rol defensiv, m\u0103n\u0103stirea fiind construit\u0103 \u00eentr\u2011o perioad\u0103 cu numeroase conflicte. Turnurile de ap\u0103rare \u0219i por\u021bile erau concepute pentru protec\u021bia c\u0103lug\u0103rilor \u0219i a obiectelor de cult.<\/span><\/p>\n<p data-start=\"969\" data-end=\"1201\"><span>Interiorul p\u0103streaz\u0103 <strong data-start=\"990\" data-end=\"1035\">icoane, obiecte de cult \u0219i mobilier vechi<\/strong>, iar c\u0103lug\u0103rii au continuat tradi\u021bia picturii \u0219i a manuscriselor. M\u0103n\u0103stirea a avut rol \u0219i cultural, fiind un centru de educa\u021bie religioas\u0103 \u0219i de copie a c\u0103r\u021bilor.<\/span><\/p>\n<p data-start=\"1203\" data-end=\"1457\"><span>Sucevi\u021ba face parte din grupul <strong data-start=\"1234\" data-end=\"1277\">Bisericilor pictate din nordul Moldovei<\/strong>, inclus pe lista <strong data-start=\"1295\" data-end=\"1305\">UNESCO<\/strong> din 1993. Este unul dintre cele mai vizitate monumente din Bucovina, atr\u0103g\u00e2nd turi\u0219ti \u0219i pelerini pentru frumuse\u021bea frescelor \u0219i importan\u021ba istoric\u0103.<\/span><\/p>\n<p data-start=\"1459\" data-end=\"1684\" data-is-last-node data-is-only-node><span>Vizitatorii pot vedea at\u00e2t picturile exterioare, c\u00e2t \u0219i elementele de ap\u0103rare ale incintei \u0219i pot explora zona chiliilor \u0219i a muzeului monahal. M\u0103n\u0103stirea Sucevi\u021ba r\u0103m\u00e2ne un reper al credin\u021bei \u0219i artei medievale moldovene\u0219ti.<\/span><\/p>\n<section class=\"cb-entry-content entry-content clearfix\">\n<section class=\"cb-entry-content entry-content clearfix\">\n<section class=\"cb-entry-content entry-content clearfix\">\n<section class=\"cb-entry-content entry-content clearfix\">\n<p data-start=\"2135\" data-end=\"2458\"><span><strong>Drag\u0103 turistule, aceea\u0219i Bucovin\u0103 de odinioar\u0103 te a\u0219teapt\u0103 s\u0103 \u00ee\u021bi \u00eencarci din nou bateriile din acest loc plin de istorie \u0219i spiritualitate.<\/strong><\/span><\/p>\n<\/section>\n<\/section>\n<\/section>\n<\/section>\n<\/section>\n<\/section>\n<\/section>\n<\/section>\n<\/section>\n<\/section>\n<section class=\"cb-entry-content entry-content clearfix\">\n<section class=\"cb-entry-content entry-content clearfix\">\n<section class=\"cb-entry-content entry-content clearfix\">\n<section class=\"cb-entry-content entry-content clearfix\">\n<section class=\"cb-entry-content entry-content clearfix\">\n<section class=\"cb-entry-content entry-content clearfix\">\n<p data-start=\"106\" data-end=\"317\"><span>M\u0103n\u0103stirea <strong data-start=\"117\" data-end=\"129\">Sucevi\u021ba<\/strong> se afl\u0103 \u00een satul Sucevi\u021ba, la aproximativ 30\u202fkm nord de municipiul Suceava. A fost ctitorit\u0103 \u00een secolul al XVI\u2011lea de familia <strong data-start=\"256\" data-end=\"266\">Movil\u0103<\/strong>, domnitori ai Moldovei, \u00eentre anii 1581 \u0219i 1601.<\/span><\/p>\n<p data-start=\"319\" data-end=\"679\"><span>Biserica principal\u0103 are hramul <strong data-start=\"350\" data-end=\"378\">Sf\u00e2ntul Ioan Botez\u0103torul<\/strong>. Construc\u021bia respect\u0103 stilul moldovenesc cu influen\u021be gotice \u0219i renascentiste. Este cunoscut\u0103 pentru <strong data-start=\"480\" data-end=\"503\">frescele exterioare<\/strong>, realizate \u00eentre 1595\u20111601, care ilustreaz\u0103 scene biblice \u0219i Judecata de Apoi. Culorile predominante sunt ro\u0219u, albastru \u0219i ocru, iar picturile au fost p\u0103strate foarte bine.<\/span><\/p>\n<p data-start=\"681\" data-end=\"967\"><span>Ansamblul include biserica, <strong data-start=\"709\" data-end=\"740\">zidul de incint\u0103 cu turnuri<\/strong>, chilii \u0219i o moar\u0103. Zidurile groase aveau rol defensiv, m\u0103n\u0103stirea fiind construit\u0103 \u00eentr\u2011o perioad\u0103 cu numeroase conflicte. Turnurile de ap\u0103rare \u0219i por\u021bile erau concepute pentru protec\u021bia c\u0103lug\u0103rilor \u0219i a obiectelor de cult.<\/span><\/p>\n<p data-start=\"969\" data-end=\"1201\"><span>Interiorul p\u0103streaz\u0103 <strong data-start=\"990\" data-end=\"1035\">icoane, obiecte de cult \u0219i mobilier vechi<\/strong>, iar c\u0103lug\u0103rii au continuat tradi\u021bia picturii \u0219i a manuscriselor. M\u0103n\u0103stirea a avut rol \u0219i cultural, fiind un centru de educa\u021bie religioas\u0103 \u0219i de copie a c\u0103r\u021bilor.<\/span><\/p>\n<p data-start=\"1203\" data-end=\"1457\"><span>Sucevi\u021ba face parte din grupul <strong data-start=\"1234\" data-end=\"1277\">Bisericilor pictate din nordul Moldovei<\/strong>, inclus pe lista <strong data-start=\"1295\" data-end=\"1305\">UNESCO<\/strong> din 1993. Este unul dintre cele mai vizitate monumente din Bucovina, atr\u0103g\u00e2nd turi\u0219ti \u0219i pelerini pentru frumuse\u021bea frescelor \u0219i importan\u021ba istoric\u0103.<\/span><\/p>\n<p data-start=\"1459\" data-end=\"1684\" data-is-last-node data-is-only-node><span>Vizitatorii pot vedea at\u00e2t picturile exterioare, c\u00e2t \u0219i elementele de ap\u0103rare ale incintei \u0219i pot explora zona chiliilor \u0219i a muzeului monahal. M\u0103n\u0103stirea Sucevi\u021ba r\u0103m\u00e2ne un reper al credin\u021bei \u0219i artei medievale moldovene\u0219ti.<\/span><\/p>\n<section class=\"cb-entry-content entry-content clearfix\">\n<section class=\"cb-entry-content entry-content clearfix\">\n<section class=\"cb-entry-content entry-content clearfix\">\n<section class=\"cb-entry-content entry-content clearfix\">\n<p data-start=\"2135\" data-end=\"2458\"><span><strong>Drag\u0103 turistule, aceea\u0219i Bucovin\u0103 de odinioar\u0103 te a\u0219teapt\u0103 s\u0103 \u00ee\u021bi \u00eencarci din nou bateriile din acest loc plin de istorie \u0219i spiritualitate.<\/strong><\/span><\/p>\n<\/section>\n<\/section>\n<\/section>\n<\/section>\n<\/section>\n<\/section>\n<\/section>\n<\/section>\n<\/section>\n<\/section>\n<section class=\"cb-entry-content entry-content clearfix\">\n<section class=\"cb-entry-content entry-content clearfix\">\n<section class=\"cb-entry-content entry-content clearfix\">\n<section class=\"cb-entry-content entry-content clearfix\">\n<section class=\"cb-entry-content entry-content clearfix\">\n<p data-start=\"106\" data-end=\"317\"><span>M\u0103n\u0103stirea <strong data-start=\"117\" data-end=\"129\">Sucevi\u021ba<\/strong> se afl\u0103 \u00een satul Sucevi\u021ba, la aproximativ 30\u202fkm nord de municipiul Suceava. A fost ctitorit\u0103 \u00een secolul al XVI\u2011lea de familia <strong data-start=\"256\" data-end=\"266\">Movil\u0103<\/strong>, domnitori ai Moldovei, \u00eentre anii 1581 \u0219i 1601.<\/span><\/p>\n<p data-start=\"319\" data-end=\"679\"><span>Biserica principal\u0103 are hramul <strong data-start=\"350\" data-end=\"378\">Sf\u00e2ntul Ioan Botez\u0103torul<\/strong>. Construc\u021bia respect\u0103 stilul moldovenesc cu influen\u021be gotice \u0219i renascentiste. Este cunoscut\u0103 pentru <strong data-start=\"480\" data-end=\"503\">frescele exterioare<\/strong>, realizate \u00eentre 1595\u20111601, care ilustreaz\u0103 scene biblice \u0219i Judecata de Apoi. Culorile predominante sunt ro\u0219u, albastru \u0219i ocru, iar picturile au fost p\u0103strate foarte bine.<\/span><\/p>\n<p data-start=\"681\" data-end=\"967\"><span>Ansamblul include biserica, <strong data-start=\"709\" data-end=\"740\">zidul de incint\u0103 cu turnuri<\/strong>, chilii \u0219i o moar\u0103. Zidurile groase aveau rol defensiv, m\u0103n\u0103stirea fiind construit\u0103 \u00eentr\u2011o perioad\u0103 cu numeroase conflicte. Turnurile de ap\u0103rare \u0219i por\u021bile erau concepute pentru protec\u021bia c\u0103lug\u0103rilor \u0219i a obiectelor de cult.<\/span><\/p>\n<p data-start=\"969\" data-end=\"1201\"><span>Interiorul p\u0103streaz\u0103 <strong data-start=\"990\" data-end=\"1035\">icoane, obiecte de cult \u0219i mobilier vechi<\/strong>, iar c\u0103lug\u0103rii au continuat tradi\u021bia picturii \u0219i a manuscriselor. M\u0103n\u0103stirea a avut rol \u0219i cultural, fiind un centru de educa\u021bie religioas\u0103 \u0219i de copie a c\u0103r\u021bilor.<\/span><\/p>\n<p data-start=\"1203\" data-end=\"1457\"><span>Sucevi\u021ba face parte din grupul <strong data-start=\"1234\" data-end=\"1277\">Bisericilor pictate din nordul Moldovei<\/strong>, inclus pe lista <strong data-start=\"1295\" data-end=\"1305\">UNESCO<\/strong> din 1993. Este unul dintre cele mai vizitate monumente din Bucovina, atr\u0103g\u00e2nd turi\u0219ti \u0219i pelerini pentru frumuse\u021bea frescelor \u0219i importan\u021ba istoric\u0103.<\/span><\/p>\n<p data-start=\"1459\" data-end=\"1684\" data-is-last-node data-is-only-node><span>Vizitatorii pot vedea at\u00e2t picturile exterioare, c\u00e2t \u0219i elementele de ap\u0103rare ale incintei \u0219i pot explora zona chiliilor \u0219i a muzeului monahal. M\u0103n\u0103stirea Sucevi\u021ba r\u0103m\u00e2ne un reper al credin\u021bei \u0219i artei medievale moldovene\u0219ti.<\/span><\/p>\n<section class=\"cb-entry-content entry-content clearfix\">\n<section class=\"cb-entry-content entry-content clearfix\">\n<section class=\"cb-entry-content entry-content clearfix\">\n<section class=\"cb-entry-content entry-content clearfix\">\n<p data-start=\"2135\" data-end=\"2458\"><span><strong>Drag\u0103 turistule, aceea\u0219i Bucovin\u0103 de odinioar\u0103 te a\u0219teapt\u0103 s\u0103 \u00ee\u021bi \u00eencarci din nou bateriile din acest loc plin de istorie \u0219i spiritualitate.<\/strong><\/span><\/p>\n<\/section>\n<\/section>\n<\/section>\n<\/section>\n<\/section>\n<\/section>\n<\/section>\n<\/section>\n<\/section>\n<section class=\"cb-entry-content entry-content clearfix\">\n<section class=\"cb-entry-content entry-content clearfix\">\n<section class=\"cb-entry-content entry-content clearfix\">\n<section class=\"cb-entry-content entry-content clearfix\">\n<section class=\"cb-entry-content entry-content clearfix\">\n<p data-start=\"106\" data-end=\"317\"><span>M\u0103n\u0103stirea <strong data-start=\"117\" data-end=\"129\">Sucevi\u021ba<\/strong> se afl\u0103 \u00een satul Sucevi\u021ba, la aproximativ 30\u202fkm nord de municipiul Suceava. A fost ctitorit\u0103 \u00een secolul al XVI\u2011lea de familia <strong data-start=\"256\" data-end=\"266\">Movil\u0103<\/strong>, domnitori ai Moldovei, \u00eentre anii 1581 \u0219i 1601.<\/span><\/p>\n<p data-start=\"319\" data-end=\"679\"><span>Biserica principal\u0103 are hramul <strong data-start=\"350\" data-end=\"378\">Sf\u00e2ntul Ioan Botez\u0103torul<\/strong>. Construc\u021bia respect\u0103 stilul moldovenesc cu influen\u021be gotice \u0219i renascentiste. Este cunoscut\u0103 pentru <strong data-start=\"480\" data-end=\"503\">frescele exterioare<\/strong>, realizate \u00eentre 1595\u20111601, care ilustreaz\u0103 scene biblice \u0219i Judecata de Apoi. Culorile predominante sunt ro\u0219u, albastru \u0219i ocru, iar picturile au fost p\u0103strate foarte bine.<\/span><\/p>\n<p data-start=\"681\" data-end=\"967\"><span>Ansamblul include biserica, <strong data-start=\"709\" data-end=\"740\">zidul de incint\u0103 cu turnuri<\/strong>, chilii \u0219i o moar\u0103. Zidurile groase aveau rol defensiv, m\u0103n\u0103stirea fiind construit\u0103 \u00eentr\u2011o perioad\u0103 cu numeroase conflicte. Turnurile de ap\u0103rare \u0219i por\u021bile erau concepute pentru protec\u021bia c\u0103lug\u0103rilor \u0219i a obiectelor de cult.<\/span><\/p>\n<p data-start=\"969\" data-end=\"1201\"><span>Interiorul p\u0103streaz\u0103 <strong data-start=\"990\" data-end=\"1035\">icoane, obiecte de cult \u0219i mobilier vechi<\/strong>, iar c\u0103lug\u0103rii au continuat tradi\u021bia picturii \u0219i a manuscriselor. M\u0103n\u0103stirea a avut rol \u0219i cultural, fiind un centru de educa\u021bie religioas\u0103 \u0219i de copie a c\u0103r\u021bilor.<\/span><\/p>\n<p data-start=\"1203\" data-end=\"1457\"><span>Sucevi\u021ba face parte din grupul <strong data-start=\"1234\" data-end=\"1277\">Bisericilor pictate din nordul Moldovei<\/strong>, inclus pe lista <strong data-start=\"1295\" data-end=\"1305\">UNESCO<\/strong> din 1993. Este unul dintre cele mai vizitate monumente din Bucovina, atr\u0103g\u00e2nd turi\u0219ti \u0219i pelerini pentru frumuse\u021bea frescelor \u0219i importan\u021ba istoric\u0103.<\/span><\/p>\n<p data-start=\"1459\" data-end=\"1684\" data-is-last-node data-is-only-node><span>Vizitatorii pot vedea at\u00e2t picturile exterioare, c\u00e2t \u0219i elementele de ap\u0103rare ale incintei \u0219i pot explora zona chiliilor \u0219i a muzeului monahal. M\u0103n\u0103stirea Sucevi\u021ba r\u0103m\u00e2ne un reper al credin\u021bei \u0219i artei medievale moldovene\u0219ti.<\/span><\/p>\n<section class=\"cb-entry-content entry-content clearfix\">\n<section class=\"cb-entry-content entry-content clearfix\">\n<section class=\"cb-entry-content entry-content clearfix\">\n<section class=\"cb-entry-content entry-content clearfix\">\n<p data-start=\"2135\" data-end=\"2458\"><span><strong>Drag\u0103 turistule, aceea\u0219i Bucovin\u0103 de odinioar\u0103 te a\u0219teapt\u0103 s\u0103 \u00ee\u021bi \u00eencarci din nou bateriile din acest loc plin de istorie \u0219i spiritualitate.<\/strong><\/span><\/p>\n<\/section>\n<\/section>\n<\/section>\n<\/section>\n<\/section>\n<\/section>\n<\/section>\n<\/section>\n<\/section>\n<section class=\"cb-entry-content entry-content clearfix\">\n<section class=\"cb-entry-content entry-content clearfix\">\n<section class=\"cb-entry-content entry-content clearfix\">\n<section class=\"cb-entry-content entry-content clearfix\">\n<p data-start=\"106\" data-end=\"317\"><span>M\u0103n\u0103stirea <strong data-start=\"117\" data-end=\"129\">Sucevi\u021ba<\/strong> se afl\u0103 \u00een satul Sucevi\u021ba, la aproximativ 30\u202fkm nord de municipiul Suceava. A fost ctitorit\u0103 \u00een secolul al XVI\u2011lea de familia <strong data-start=\"256\" data-end=\"266\">Movil\u0103<\/strong>, domnitori ai Moldovei, \u00eentre anii 1581 \u0219i 1601.<\/span><\/p>\n<p data-start=\"319\" data-end=\"679\"><span>Biserica principal\u0103 are hramul <strong data-start=\"350\" data-end=\"378\">Sf\u00e2ntul Ioan Botez\u0103torul<\/strong>. Construc\u021bia respect\u0103 stilul moldovenesc cu influen\u021be gotice \u0219i renascentiste. Este cunoscut\u0103 pentru <strong data-start=\"480\" data-end=\"503\">frescele exterioare<\/strong>, realizate \u00eentre 1595\u20111601, care ilustreaz\u0103 scene biblice \u0219i Judecata de Apoi. Culorile predominante sunt ro\u0219u, albastru \u0219i ocru, iar picturile au fost p\u0103strate foarte bine.<\/span><\/p>\n<p data-start=\"681\" data-end=\"967\"><span>Ansamblul include biserica, <strong data-start=\"709\" data-end=\"740\">zidul de incint\u0103 cu turnuri<\/strong>, chilii \u0219i o moar\u0103. Zidurile groase aveau rol defensiv, m\u0103n\u0103stirea fiind construit\u0103 \u00eentr\u2011o perioad\u0103 cu numeroase conflicte. Turnurile de ap\u0103rare \u0219i por\u021bile erau concepute pentru protec\u021bia c\u0103lug\u0103rilor \u0219i a obiectelor de cult.<\/span><\/p>\n<p data-start=\"969\" data-end=\"1201\"><span>Interiorul p\u0103streaz\u0103 <strong data-start=\"990\" data-end=\"1035\">icoane, obiecte de cult \u0219i mobilier vechi<\/strong>, iar c\u0103lug\u0103rii au continuat tradi\u021bia picturii \u0219i a manuscriselor. M\u0103n\u0103stirea a avut rol \u0219i cultural, fiind un centru de educa\u021bie religioas\u0103 \u0219i de copie a c\u0103r\u021bilor.<\/span><\/p>\n<p data-start=\"1203\" data-end=\"1457\"><span>Sucevi\u021ba face parte din grupul <strong data-start=\"1234\" data-end=\"1277\">Bisericilor pictate din nordul Moldovei<\/strong>, inclus pe lista <strong data-start=\"1295\" data-end=\"1305\">UNESCO<\/strong> din 1993. Este unul dintre cele mai vizitate monumente din Bucovina, atr\u0103g\u00e2nd turi\u0219ti \u0219i pelerini pentru frumuse\u021bea frescelor \u0219i importan\u021ba istoric\u0103.<\/span><\/p>\n<p data-start=\"1459\" data-end=\"1684\" data-is-last-node data-is-only-node><span>Vizitatorii pot vedea at\u00e2t picturile exterioare, c\u00e2t \u0219i elementele de ap\u0103rare ale incintei \u0219i pot explora zona chiliilor \u0219i a muzeului monahal. M\u0103n\u0103stirea Sucevi\u021ba r\u0103m\u00e2ne un reper al credin\u021bei \u0219i artei medievale moldovene\u0219ti.<\/span><\/p>\n<section class=\"cb-entry-content entry-content clearfix\">\n<section class=\"cb-entry-content entry-content clearfix\">\n<section class=\"cb-entry-content entry-content clearfix\">\n<section class=\"cb-entry-content entry-content clearfix\">\n<p data-start=\"2135\" data-end=\"2458\"><span><strong>Drag\u0103 turistule, aceea\u0219i Bucovin\u0103 de odinioar\u0103 te a\u0219teapt\u0103 s\u0103 \u00ee\u021bi \u00eencarci din nou bateriile din acest loc plin de istorie \u0219i spiritualitate.<\/strong><\/span><\/p>\n<\/section>\n<\/section>\n<\/section>\n<\/section>\n<\/section>\n<\/section>\n<\/section>\n<\/section>\n<section class=\"cb-entry-content entry-content clearfix\">\n<section class=\"cb-entry-content entry-content clearfix\">\n<section class=\"cb-entry-content entry-content clearfix\">\n<section class=\"cb-entry-content entry-content clearfix\">\n<p data-start=\"106\" data-end=\"317\"><span>M\u0103n\u0103stirea <strong data-start=\"117\" data-end=\"129\">Sucevi\u021ba<\/strong> se afl\u0103 \u00een satul Sucevi\u021ba, la aproximativ 30\u202fkm nord de municipiul Suceava. A fost ctitorit\u0103 \u00een secolul al XVI\u2011lea de familia <strong data-start=\"256\" data-end=\"266\">Movil\u0103<\/strong>, domnitori ai Moldovei, \u00eentre anii 1581 \u0219i 1601.<\/span><\/p>\n<p data-start=\"319\" data-end=\"679\"><span>Biserica principal\u0103 are hramul <strong data-start=\"350\" data-end=\"378\">Sf\u00e2ntul Ioan Botez\u0103torul<\/strong>. Construc\u021bia respect\u0103 stilul moldovenesc cu influen\u021be gotice \u0219i renascentiste. Este cunoscut\u0103 pentru <strong data-start=\"480\" data-end=\"503\">frescele exterioare<\/strong>, realizate \u00eentre 1595\u20111601, care ilustreaz\u0103 scene biblice \u0219i Judecata de Apoi. Culorile predominante sunt ro\u0219u, albastru \u0219i ocru, iar picturile au fost p\u0103strate foarte bine.<\/span><\/p>\n<p data-start=\"681\" data-end=\"967\"><span>Ansamblul include biserica, <strong data-start=\"709\" data-end=\"740\">zidul de incint\u0103 cu turnuri<\/strong>, chilii \u0219i o moar\u0103. Zidurile groase aveau rol defensiv, m\u0103n\u0103stirea fiind construit\u0103 \u00eentr\u2011o perioad\u0103 cu numeroase conflicte. Turnurile de ap\u0103rare \u0219i por\u021bile erau concepute pentru protec\u021bia c\u0103lug\u0103rilor \u0219i a obiectelor de cult.<\/span><\/p>\n<p data-start=\"969\" data-end=\"1201\"><span>Interiorul p\u0103streaz\u0103 <strong data-start=\"990\" data-end=\"1035\">icoane, obiecte de cult \u0219i mobilier vechi<\/strong>, iar c\u0103lug\u0103rii au continuat tradi\u021bia picturii \u0219i a manuscriselor. M\u0103n\u0103stirea a avut rol \u0219i cultural, fiind un centru de educa\u021bie religioas\u0103 \u0219i de copie a c\u0103r\u021bilor.<\/span><\/p>\n<p data-start=\"1203\" data-end=\"1457\"><span>Sucevi\u021ba face parte din grupul <strong data-start=\"1234\" data-end=\"1277\">Bisericilor pictate din nordul Moldovei<\/strong>, inclus pe lista <strong data-start=\"1295\" data-end=\"1305\">UNESCO<\/strong> din 1993. Este unul dintre cele mai vizitate monumente din Bucovina, atr\u0103g\u00e2nd turi\u0219ti \u0219i pelerini pentru frumuse\u021bea frescelor \u0219i importan\u021ba istoric\u0103.<\/span><\/p>\n<p data-start=\"1459\" data-end=\"1684\" data-is-last-node data-is-only-node><span>Vizitatorii pot vedea at\u00e2t picturile exterioare, c\u00e2t \u0219i elementele de ap\u0103rare ale incintei \u0219i pot explora zona chiliilor \u0219i a muzeului monahal. M\u0103n\u0103stirea Sucevi\u021ba r\u0103m\u00e2ne un reper al credin\u021bei \u0219i artei medievale moldovene\u0219ti.<\/span><\/p>\n<section class=\"cb-entry-content entry-content clearfix\">\n<section class=\"cb-entry-content entry-content clearfix\">\n<section class=\"cb-entry-content entry-content clearfix\">\n<section class=\"cb-entry-content entry-content clearfix\">\n<p data-start=\"2135\" data-end=\"2458\"><span><strong>Drag\u0103 turistule, aceea\u0219i Bucovin\u0103 de odinioar\u0103 te a\u0219teapt\u0103 s\u0103 \u00ee\u021bi \u00eencarci din nou bateriile din acest loc plin de istorie \u0219i spiritualitate.<\/strong><\/span><\/p>\n<\/section>\n<\/section>\n<\/section>\n<\/section>\n<\/section>\n<\/section>\n<\/section>\n<\/section>\n<section class=\"cb-entry-content entry-content clearfix\">\n<section class=\"cb-entry-content entry-content clearfix\">\n<section class=\"cb-entry-content entry-content clearfix\">\n<p data-start=\"106\" data-end=\"317\"><span>M\u0103n\u0103stirea <strong data-start=\"117\" data-end=\"129\">Sucevi\u021ba<\/strong> se afl\u0103 \u00een satul Sucevi\u021ba, la aproximativ 30\u202fkm nord de municipiul Suceava. A fost ctitorit\u0103 \u00een secolul al XVI\u2011lea de familia <strong data-start=\"256\" data-end=\"266\">Movil\u0103<\/strong>, domnitori ai Moldovei, \u00eentre anii 1581 \u0219i 1601.<\/span><\/p>\n<p data-start=\"319\" data-end=\"679\"><span>Biserica principal\u0103 are hramul <strong data-start=\"350\" data-end=\"378\">Sf\u00e2ntul Ioan Botez\u0103torul<\/strong>. Construc\u021bia respect\u0103 stilul moldovenesc cu influen\u021be gotice \u0219i renascentiste. Este cunoscut\u0103 pentru <strong data-start=\"480\" data-end=\"503\">frescele exterioare<\/strong>, realizate \u00eentre 1595\u20111601, care ilustreaz\u0103 scene biblice \u0219i Judecata de Apoi. Culorile predominante sunt ro\u0219u, albastru \u0219i ocru, iar picturile au fost p\u0103strate foarte bine.<\/span><\/p>\n<p data-start=\"681\" data-end=\"967\"><span>Ansamblul include biserica, <strong data-start=\"709\" data-end=\"740\">zidul de incint\u0103 cu turnuri<\/strong>, chilii \u0219i o moar\u0103. Zidurile groase aveau rol defensiv, m\u0103n\u0103stirea fiind construit\u0103 \u00eentr\u2011o perioad\u0103 cu numeroase conflicte. Turnurile de ap\u0103rare \u0219i por\u021bile erau concepute pentru protec\u021bia c\u0103lug\u0103rilor \u0219i a obiectelor de cult.<\/span><\/p>\n<p data-start=\"969\" data-end=\"1201\"><span>Interiorul p\u0103streaz\u0103 <strong data-start=\"990\" data-end=\"1035\">icoane, obiecte de cult \u0219i mobilier vechi<\/strong>, iar c\u0103lug\u0103rii au continuat tradi\u021bia picturii \u0219i a manuscriselor. M\u0103n\u0103stirea a avut rol \u0219i cultural, fiind un centru de educa\u021bie religioas\u0103 \u0219i de copie a c\u0103r\u021bilor.<\/span><\/p>\n<p data-start=\"1203\" data-end=\"1457\"><span>Sucevi\u021ba face parte din grupul <strong data-start=\"1234\" data-end=\"1277\">Bisericilor pictate din nordul Moldovei<\/strong>, inclus pe lista <strong data-start=\"1295\" data-end=\"1305\">UNESCO<\/strong> din 1993. Este unul dintre cele mai vizitate monumente din Bucovina, atr\u0103g\u00e2nd turi\u0219ti \u0219i pelerini pentru frumuse\u021bea frescelor \u0219i importan\u021ba istoric\u0103.<\/span><\/p>\n<p data-start=\"1459\" data-end=\"1684\" data-is-last-node data-is-only-node><span>Vizitatorii pot vedea at\u00e2t picturile exterioare, c\u00e2t \u0219i elementele de ap\u0103rare ale incintei \u0219i pot explora zona chiliilor \u0219i a muzeului monahal. M\u0103n\u0103stirea Sucevi\u021ba r\u0103m\u00e2ne un reper al credin\u021bei \u0219i artei medievale moldovene\u0219ti.<\/span><\/p>\n<section class=\"cb-entry-content entry-content clearfix\">\n<section class=\"cb-entry-content entry-content clearfix\">\n<section class=\"cb-entry-content entry-content clearfix\">\n<section class=\"cb-entry-content entry-content clearfix\">\n<p data-start=\"2135\" data-end=\"2458\"><span><strong>Drag\u0103 turistule, aceea\u0219i Bucovin\u0103 de odinioar\u0103 te a\u0219teapt\u0103 s\u0103 \u00ee\u021bi \u00eencarci din nou bateriile din acest loc plin de istorie \u0219i spiritualitate.<\/strong><\/span><\/p>\n<\/section>\n<\/section>\n<\/section>\n<\/section>\n<\/section>\n<\/section>\n<\/section>\n<section class=\"cb-entry-content entry-content clearfix\">\n<section class=\"cb-entry-content entry-content clearfix\">\n<section class=\"cb-entry-content entry-content clearfix\">\n<p data-start=\"106\" data-end=\"317\"><span>M\u0103n\u0103stirea <strong data-start=\"117\" data-end=\"129\">Sucevi\u021ba<\/strong> se afl\u0103 \u00een satul Sucevi\u021ba, la aproximativ 30\u202fkm nord de municipiul Suceava. A fost ctitorit\u0103 \u00een secolul al XVI\u2011lea de familia <strong data-start=\"256\" data-end=\"266\">Movil\u0103<\/strong>, domnitori ai Moldovei, \u00eentre anii 1581 \u0219i 1601.<\/span><\/p>\n<p data-start=\"319\" data-end=\"679\"><span>Biserica principal\u0103 are hramul <strong data-start=\"350\" data-end=\"378\">Sf\u00e2ntul Ioan Botez\u0103torul<\/strong>. Construc\u021bia respect\u0103 stilul moldovenesc cu influen\u021be gotice \u0219i renascentiste. Este cunoscut\u0103 pentru <strong data-start=\"480\" data-end=\"503\">frescele exterioare<\/strong>, realizate \u00eentre 1595\u20111601, care ilustreaz\u0103 scene biblice \u0219i Judecata de Apoi. Culorile predominante sunt ro\u0219u, albastru \u0219i ocru, iar picturile au fost p\u0103strate foarte bine.<\/span><\/p>\n<p data-start=\"681\" data-end=\"967\"><span>Ansamblul include biserica, <strong data-start=\"709\" data-end=\"740\">zidul de incint\u0103 cu turnuri<\/strong>, chilii \u0219i o moar\u0103. Zidurile groase aveau rol defensiv, m\u0103n\u0103stirea fiind construit\u0103 \u00eentr\u2011o perioad\u0103 cu numeroase conflicte. Turnurile de ap\u0103rare \u0219i por\u021bile erau concepute pentru protec\u021bia c\u0103lug\u0103rilor \u0219i a obiectelor de cult.<\/span><\/p>\n<p data-start=\"969\" data-end=\"1201\"><span>Interiorul p\u0103streaz\u0103 <strong data-start=\"990\" data-end=\"1035\">icoane, obiecte de cult \u0219i mobilier vechi<\/strong>, iar c\u0103lug\u0103rii au continuat tradi\u021bia picturii \u0219i a manuscriselor. M\u0103n\u0103stirea a avut rol \u0219i cultural, fiind un centru de educa\u021bie religioas\u0103 \u0219i de copie a c\u0103r\u021bilor.<\/span><\/p>\n<p data-start=\"1203\" data-end=\"1457\"><span>Sucevi\u021ba face parte din grupul <strong data-start=\"1234\" data-end=\"1277\">Bisericilor pictate din nordul Moldovei<\/strong>, inclus pe lista <strong data-start=\"1295\" data-end=\"1305\">UNESCO<\/strong> din 1993. Este unul dintre cele mai vizitate monumente din Bucovina, atr\u0103g\u00e2nd turi\u0219ti \u0219i pelerini pentru frumuse\u021bea frescelor \u0219i importan\u021ba istoric\u0103.<\/span><\/p>\n<p data-start=\"1459\" data-end=\"1684\" data-is-last-node data-is-only-node><span>Vizitatorii pot vedea at\u00e2t picturile exterioare, c\u00e2t \u0219i elementele de ap\u0103rare ale incintei \u0219i pot explora zona chiliilor \u0219i a muzeului monahal. M\u0103n\u0103stirea Sucevi\u021ba r\u0103m\u00e2ne un reper al credin\u021bei \u0219i artei medievale moldovene\u0219ti.<\/span><\/p>\n<section class=\"cb-entry-content entry-content clearfix\">\n<section class=\"cb-entry-content entry-content clearfix\">\n<section class=\"cb-entry-content entry-content clearfix\">\n<section class=\"cb-entry-content entry-content clearfix\">\n<p data-start=\"2135\" data-end=\"2458\"><span><strong>Drag\u0103 turistule, aceea\u0219i Bucovin\u0103 de odinioar\u0103 te a\u0219teapt\u0103 s\u0103 \u00ee\u021bi \u00eencarci din nou bateriile din acest loc plin de istorie \u0219i spiritualitate.<\/strong><\/span><\/p>\n<\/section>\n<\/section>\n<\/section>\n<\/section>\n<\/section>\n<\/section>\n<\/section>\n<section class=\"cb-entry-content entry-content clearfix\">\n<section class=\"cb-entry-content entry-content clearfix\">\n<p data-start=\"106\" data-end=\"317\"><span>M\u0103n\u0103stirea <strong data-start=\"117\" data-end=\"129\">Sucevi\u021ba<\/strong> se afl\u0103 \u00een satul Sucevi\u021ba, la aproximativ 30\u202fkm nord de municipiul Suceava. A fost ctitorit\u0103 \u00een secolul al XVI\u2011lea de familia <strong data-start=\"256\" data-end=\"266\">Movil\u0103<\/strong>, domnitori ai Moldovei, \u00eentre anii 1581 \u0219i 1601.<\/span><\/p>\n<p data-start=\"319\" data-end=\"679\"><span>Biserica principal\u0103 are hramul <strong data-start=\"350\" data-end=\"378\">Sf\u00e2ntul Ioan Botez\u0103torul<\/strong>. Construc\u021bia respect\u0103 stilul moldovenesc cu influen\u021be gotice \u0219i renascentiste. Este cunoscut\u0103 pentru <strong data-start=\"480\" data-end=\"503\">frescele exterioare<\/strong>, realizate \u00eentre 1595\u20111601, care ilustreaz\u0103 scene biblice \u0219i Judecata de Apoi. Culorile predominante sunt ro\u0219u, albastru \u0219i ocru, iar picturile au fost p\u0103strate foarte bine.<\/span><\/p>\n<p data-start=\"681\" data-end=\"967\"><span>Ansamblul include biserica, <strong data-start=\"709\" data-end=\"740\">zidul de incint\u0103 cu turnuri<\/strong>, chilii \u0219i o moar\u0103. Zidurile groase aveau rol defensiv, m\u0103n\u0103stirea fiind construit\u0103 \u00eentr\u2011o perioad\u0103 cu numeroase conflicte. Turnurile de ap\u0103rare \u0219i por\u021bile erau concepute pentru protec\u021bia c\u0103lug\u0103rilor \u0219i a obiectelor de cult.<\/span><\/p>\n<p data-start=\"969\" data-end=\"1201\"><span>Interiorul p\u0103streaz\u0103 <strong data-start=\"990\" data-end=\"1035\">icoane, obiecte de cult \u0219i mobilier vechi<\/strong>, iar c\u0103lug\u0103rii au continuat tradi\u021bia picturii \u0219i a manuscriselor. M\u0103n\u0103stirea a avut rol \u0219i cultural, fiind un centru de educa\u021bie religioas\u0103 \u0219i de copie a c\u0103r\u021bilor.<\/span><\/p>\n<p data-start=\"1203\" data-end=\"1457\"><span>Sucevi\u021ba face parte din grupul <strong data-start=\"1234\" data-end=\"1277\">Bisericilor pictate din nordul Moldovei<\/strong>, inclus pe lista <strong data-start=\"1295\" data-end=\"1305\">UNESCO<\/strong> din 1993. Este unul dintre cele mai vizitate monumente din Bucovina, atr\u0103g\u00e2nd turi\u0219ti \u0219i pelerini pentru frumuse\u021bea frescelor \u0219i importan\u021ba istoric\u0103.<\/span><\/p>\n<p data-start=\"1459\" data-end=\"1684\" data-is-last-node data-is-only-node><span>Vizitatorii pot vedea at\u00e2t picturile exterioare, c\u00e2t \u0219i elementele de ap\u0103rare ale incintei \u0219i pot explora zona chiliilor \u0219i a muzeului monahal. M\u0103n\u0103stirea Sucevi\u021ba r\u0103m\u00e2ne un reper al credin\u021bei \u0219i artei medievale moldovene\u0219ti.<\/span><\/p>\n<section class=\"cb-entry-content entry-content clearfix\">\n<section class=\"cb-entry-content entry-content clearfix\">\n<section class=\"cb-entry-content entry-content clearfix\">\n<section class=\"cb-entry-content entry-content clearfix\">\n<p data-start=\"2135\" data-end=\"2458\"><span><strong>Drag\u0103 turistule, aceea\u0219i Bucovin\u0103 de odinioar\u0103 te a\u0219teapt\u0103 s\u0103 \u00ee\u021bi \u00eencarci din nou bateriile din acest loc plin de istorie \u0219i spiritualitate.<\/strong><\/span><\/p>\n<\/section>\n<\/section>\n<\/section>\n<\/section>\n<\/section>\n<\/section>\n<section class=\"cb-entry-content entry-content clearfix\">\n<section class=\"cb-entry-content entry-content clearfix\">\n<p data-start=\"106\" data-end=\"317\"><span>M\u0103n\u0103stirea <strong data-start=\"117\" data-end=\"129\">Sucevi\u021ba<\/strong> se afl\u0103 \u00een satul Sucevi\u021ba, la aproximativ 30\u202fkm nord de municipiul Suceava. A fost ctitorit\u0103 \u00een secolul al XVI\u2011lea de familia <strong data-start=\"256\" data-end=\"266\">Movil\u0103<\/strong>, domnitori ai Moldovei, \u00eentre anii 1581 \u0219i 1601.<\/span><\/p>\n<p data-start=\"319\" data-end=\"679\"><span>Biserica principal\u0103 are hramul <strong data-start=\"350\" data-end=\"378\">Sf\u00e2ntul Ioan Botez\u0103torul<\/strong>. Construc\u021bia respect\u0103 stilul moldovenesc cu influen\u021be gotice \u0219i renascentiste. Este cunoscut\u0103 pentru <strong data-start=\"480\" data-end=\"503\">frescele exterioare<\/strong>, realizate \u00eentre 1595\u20111601, care ilustreaz\u0103 scene biblice \u0219i Judecata de Apoi. Culorile predominante sunt ro\u0219u, albastru \u0219i ocru, iar picturile au fost p\u0103strate foarte bine.<\/span><\/p>\n<p data-start=\"681\" data-end=\"967\"><span>Ansamblul include biserica, <strong data-start=\"709\" data-end=\"740\">zidul de incint\u0103 cu turnuri<\/strong>, chilii \u0219i o moar\u0103. Zidurile groase aveau rol defensiv, m\u0103n\u0103stirea fiind construit\u0103 \u00eentr\u2011o perioad\u0103 cu numeroase conflicte. Turnurile de ap\u0103rare \u0219i por\u021bile erau concepute pentru protec\u021bia c\u0103lug\u0103rilor \u0219i a obiectelor de cult.<\/span><\/p>\n<p data-start=\"969\" data-end=\"1201\"><span>Interiorul p\u0103streaz\u0103 <strong data-start=\"990\" data-end=\"1035\">icoane, obiecte de cult \u0219i mobilier vechi<\/strong>, iar c\u0103lug\u0103rii au continuat tradi\u021bia picturii \u0219i a manuscriselor. M\u0103n\u0103stirea a avut rol \u0219i cultural, fiind un centru de educa\u021bie religioas\u0103 \u0219i de copie a c\u0103r\u021bilor.<\/span><\/p>\n<p data-start=\"1203\" data-end=\"1457\"><span>Sucevi\u021ba face parte din grupul <strong data-start=\"1234\" data-end=\"1277\">Bisericilor pictate din nordul Moldovei<\/strong>, inclus pe lista <strong data-start=\"1295\" data-end=\"1305\">UNESCO<\/strong> din 1993. Este unul dintre cele mai vizitate monumente din Bucovina, atr\u0103g\u00e2nd turi\u0219ti \u0219i pelerini pentru frumuse\u021bea frescelor \u0219i importan\u021ba istoric\u0103.<\/span><\/p>\n<p data-start=\"1459\" data-end=\"1684\" data-is-last-node data-is-only-node><span>Vizitatorii pot vedea at\u00e2t picturile exterioare, c\u00e2t \u0219i elementele de ap\u0103rare ale incintei \u0219i pot explora zona chiliilor \u0219i a muzeului monahal. M\u0103n\u0103stirea Sucevi\u021ba r\u0103m\u00e2ne un reper al credin\u021bei \u0219i artei medievale moldovene\u0219ti.<\/span><\/p>\n<section class=\"cb-entry-content entry-content clearfix\">\n<section class=\"cb-entry-content entry-content clearfix\">\n<section class=\"cb-entry-content entry-content clearfix\">\n<section class=\"cb-entry-content entry-content clearfix\">\n<p data-start=\"2135\" data-end=\"2458\"><span><strong>Drag\u0103 turistule, aceea\u0219i Bucovin\u0103 de odinioar\u0103 te a\u0219teapt\u0103 s\u0103 \u00ee\u021bi \u00eencarci din nou bateriile din acest loc plin de istorie \u0219i spiritualitate.<\/strong><\/span><\/p>\n<\/section>\n<\/section>\n<\/section>\n<\/section>\n<\/section>\n<\/section>\n<section class=\"cb-entry-content entry-content clearfix\">\n<p data-start=\"106\" data-end=\"317\"><span>M\u0103n\u0103stirea <strong data-start=\"117\" data-end=\"129\">Sucevi\u021ba<\/strong> se afl\u0103 \u00een satul Sucevi\u021ba, la aproximativ 30\u202fkm nord de municipiul Suceava. A fost ctitorit\u0103 \u00een secolul al XVI\u2011lea de familia <strong data-start=\"256\" data-end=\"266\">Movil\u0103<\/strong>, domnitori ai Moldovei, \u00eentre anii 1581 \u0219i 1601.<\/span><\/p>\n<p data-start=\"319\" data-end=\"679\"><span>Biserica principal\u0103 are hramul <strong data-start=\"350\" data-end=\"378\">Sf\u00e2ntul Ioan Botez\u0103torul<\/strong>. Construc\u021bia respect\u0103 stilul moldovenesc cu influen\u021be gotice \u0219i renascentiste. Este cunoscut\u0103 pentru <strong data-start=\"480\" data-end=\"503\">frescele exterioare<\/strong>, realizate \u00eentre 1595\u20111601, care ilustreaz\u0103 scene biblice \u0219i Judecata de Apoi. Culorile predominante sunt ro\u0219u, albastru \u0219i ocru, iar picturile au fost p\u0103strate foarte bine.<\/span><\/p>\n<p data-start=\"681\" data-end=\"967\"><span>Ansamblul include biserica, <strong data-start=\"709\" data-end=\"740\">zidul de incint\u0103 cu turnuri<\/strong>, chilii \u0219i o moar\u0103. Zidurile groase aveau rol defensiv, m\u0103n\u0103stirea fiind construit\u0103 \u00eentr\u2011o perioad\u0103 cu numeroase conflicte. Turnurile de ap\u0103rare \u0219i por\u021bile erau concepute pentru protec\u021bia c\u0103lug\u0103rilor \u0219i a obiectelor de cult.<\/span><\/p>\n<p data-start=\"969\" data-end=\"1201\"><span>Interiorul p\u0103streaz\u0103 <strong data-start=\"990\" data-end=\"1035\">icoane, obiecte de cult \u0219i mobilier vechi<\/strong>, iar c\u0103lug\u0103rii au continuat tradi\u021bia picturii \u0219i a manuscriselor. M\u0103n\u0103stirea a avut rol \u0219i cultural, fiind un centru de educa\u021bie religioas\u0103 \u0219i de copie a c\u0103r\u021bilor.<\/span><\/p>\n<p data-start=\"1203\" data-end=\"1457\"><span>Sucevi\u021ba face parte din grupul <strong data-start=\"1234\" data-end=\"1277\">Bisericilor pictate din nordul Moldovei<\/strong>, inclus pe lista <strong data-start=\"1295\" data-end=\"1305\">UNESCO<\/strong> din 1993. Este unul dintre cele mai vizitate monumente din Bucovina, atr\u0103g\u00e2nd turi\u0219ti \u0219i pelerini pentru frumuse\u021bea frescelor \u0219i importan\u021ba istoric\u0103.<\/span><\/p>\n<p data-start=\"1459\" data-end=\"1684\" data-is-last-node data-is-only-node><span>Vizitatorii pot vedea at\u00e2t picturile exterioare, c\u00e2t \u0219i elementele de ap\u0103rare ale incintei \u0219i pot explora zona chiliilor \u0219i a muzeului monahal. M\u0103n\u0103stirea Sucevi\u021ba r\u0103m\u00e2ne un reper al credin\u021bei \u0219i artei medievale moldovene\u0219ti.<\/span><\/p>\n<section class=\"cb-entry-content entry-content clearfix\">\n<section class=\"cb-entry-content entry-content clearfix\">\n<section class=\"cb-entry-content entry-content clearfix\">\n<section class=\"cb-entry-content entry-content clearfix\">\n<p data-start=\"2135\" data-end=\"2458\"><span><strong>Drag\u0103 turistule, aceea\u0219i Bucovin\u0103 de odinioar\u0103 te a\u0219teapt\u0103 s\u0103 \u00ee\u021bi \u00eencarci din nou bateriile din acest loc plin de istorie \u0219i spiritualitate.<\/strong><\/span><\/p>\n<\/section>\n<\/section>\n<\/section>\n<\/section>\n<\/section>\n<section class=\"cb-entry-content entry-content clearfix\">\n<p data-start=\"106\" data-end=\"317\"><span>M\u0103n\u0103stirea <strong data-start=\"117\" data-end=\"129\">Sucevi\u021ba<\/strong> se afl\u0103 \u00een satul Sucevi\u021ba, la aproximativ 30\u202fkm nord de municipiul Suceava. A fost ctitorit\u0103 \u00een secolul al XVI\u2011lea de familia <strong data-start=\"256\" data-end=\"266\">Movil\u0103<\/strong>, domnitori ai Moldovei, \u00eentre anii 1581 \u0219i 1601.<\/span><\/p>\n<p data-start=\"319\" data-end=\"679\"><span>Biserica principal\u0103 are hramul <strong data-start=\"350\" data-end=\"378\">Sf\u00e2ntul Ioan Botez\u0103torul<\/strong>. Construc\u021bia respect\u0103 stilul moldovenesc cu influen\u021be gotice \u0219i renascentiste. Este cunoscut\u0103 pentru <strong data-start=\"480\" data-end=\"503\">frescele exterioare<\/strong>, realizate \u00eentre 1595\u20111601, care ilustreaz\u0103 scene biblice \u0219i Judecata de Apoi. Culorile predominante sunt ro\u0219u, albastru \u0219i ocru, iar picturile au fost p\u0103strate foarte bine.<\/span><\/p>\n<p data-start=\"681\" data-end=\"967\"><span>Ansamblul include biserica, <strong data-start=\"709\" data-end=\"740\">zidul de incint\u0103 cu turnuri<\/strong>, chilii \u0219i o moar\u0103. Zidurile groase aveau rol defensiv, m\u0103n\u0103stirea fiind construit\u0103 \u00eentr\u2011o perioad\u0103 cu numeroase conflicte. Turnurile de ap\u0103rare \u0219i por\u021bile erau concepute pentru protec\u021bia c\u0103lug\u0103rilor \u0219i a obiectelor de cult.<\/span><\/p>\n<p data-start=\"969\" data-end=\"1201\"><span>Interiorul p\u0103streaz\u0103 <strong data-start=\"990\" data-end=\"1035\">icoane, obiecte de cult \u0219i mobilier vechi<\/strong>, iar c\u0103lug\u0103rii au continuat tradi\u021bia picturii \u0219i a manuscriselor. M\u0103n\u0103stirea a avut rol \u0219i cultural, fiind un centru de educa\u021bie religioas\u0103 \u0219i de copie a c\u0103r\u021bilor.<\/span><\/p>\n<p data-start=\"1203\" data-end=\"1457\"><span>Sucevi\u021ba face parte din grupul <strong data-start=\"1234\" data-end=\"1277\">Bisericilor pictate din nordul Moldovei<\/strong>, inclus pe lista <strong data-start=\"1295\" data-end=\"1305\">UNESCO<\/strong> din 1993. Este unul dintre cele mai vizitate monumente din Bucovina, atr\u0103g\u00e2nd turi\u0219ti \u0219i pelerini pentru frumuse\u021bea frescelor \u0219i importan\u021ba istoric\u0103.<\/span><\/p>\n<p data-start=\"1459\" data-end=\"1684\" data-is-last-node data-is-only-node><span>Vizitatorii pot vedea at\u00e2t picturile exterioare, c\u00e2t \u0219i elementele de ap\u0103rare ale incintei \u0219i pot explora zona chiliilor \u0219i a muzeului monahal. M\u0103n\u0103stirea Sucevi\u021ba r\u0103m\u00e2ne un reper al credin\u021bei \u0219i artei medievale moldovene\u0219ti.<\/span><\/p>\n<section class=\"cb-entry-content entry-content clearfix\">\n<section class=\"cb-entry-content entry-content clearfix\">\n<section class=\"cb-entry-content entry-content clearfix\">\n<section class=\"cb-entry-content entry-content clearfix\">\n<p data-start=\"2135\" data-end=\"2458\"><span><strong>Drag\u0103 turistule, aceea\u0219i Bucovin\u0103 de odinioar\u0103 te a\u0219teapt\u0103 s\u0103 \u00ee\u021bi \u00eencarci din nou bateriile din acest loc plin de istorie \u0219i spiritualitate.<\/strong><\/span><\/p>\n<\/section>\n<\/section>\n<\/section>\n<\/section>\n<\/section>\n<section class=\"cb-entry-content entry-content clearfix\">\n<section class=\"cb-entry-content entry-content clearfix\">\n<section class=\"cb-entry-content entry-content clearfix\">\n<section class=\"cb-entry-content entry-content clearfix\">\n<p data-start=\"2135\" data-end=\"2458\"><span><strong>Drag\u0103 turistule, aceea\u0219i Bucovin\u0103 de odinioar\u0103 te a\u0219teapt\u0103 s\u0103 \u00ee\u021bi \u00eencarci din nou bateriile din acest loc plin de istorie \u0219i spiritualitate.<\/strong><\/span><\/p>\n<\/section>\n<\/section>\n<\/section>\n<\/section>\n<section class=\"cb-entry-content entry-content clearfix\">\n<section class=\"cb-entry-content entry-content clearfix\">\n<section class=\"cb-entry-content entry-content clearfix\">\n<section class=\"cb-entry-content entry-content clearfix\">\n<p data-start=\"2135\" data-end=\"2458\"><span><strong>Drag\u0103 turistule, aceea\u0219i Bucovin\u0103 de odinioar\u0103 te a\u0219teapt\u0103 s\u0103 \u00ee\u021bi \u00eencarci din nou bateriile din acest loc plin de istorie \u0219i spiritualitate.<\/strong><\/span><\/p>\n<\/section>\n<\/section>\n<\/section>\n<\/section>\n<section class=\"cb-entry-content entry-content clearfix\">\n<section class=\"cb-entry-content entry-content clearfix\">\n<section class=\"cb-entry-content entry-content clearfix\">\n<p data-start=\"2135\" data-end=\"2458\"><span><strong>Drag\u0103 turistule, aceea\u0219i Bucovin\u0103 de odinioar\u0103 te a\u0219teapt\u0103 s\u0103 \u00ee\u021bi \u00eencarci din nou bateriile din acest loc plin de istorie \u0219i spiritualitate.<\/strong><\/span><\/p>\n<\/section>\n<\/section>\n<\/section>\n<section class=\"cb-entry-content entry-content clearfix\">\n<section class=\"cb-entry-content entry-content clearfix\">\n<section class=\"cb-entry-content entry-content clearfix\">\n<p data-start=\"2135\" data-end=\"2458\"><span><strong>Drag\u0103 turistule, aceea\u0219i Bucovin\u0103 de odinioar\u0103 te a\u0219teapt\u0103 s\u0103 \u00ee\u021bi \u00eencarci din nou bateriile din acest loc plin de istorie \u0219i spiritualitate.<\/strong><\/span><\/p>\n<\/section>\n<\/section>\n<\/section>\n<section class=\"cb-entry-content entry-content clearfix\">\n<section class=\"cb-entry-content entry-content clearfix\">\n<p data-start=\"2135\" data-end=\"2458\"><span><strong>Drag\u0103 turistule, aceea\u0219i Bucovin\u0103 de odinioar\u0103 te a\u0219teapt\u0103 s\u0103 \u00ee\u021bi \u00eencarci din nou bateriile din acest loc plin de istorie \u0219i spiritualitate.<\/strong><\/span><\/p>\n<\/section>\n<\/section>\n<section class=\"cb-entry-content entry-content clearfix\">\n<section class=\"cb-entry-content entry-content clearfix\">\n<p data-start=\"2135\" data-end=\"2458\"><span><strong>Drag\u0103 turistule, aceea\u0219i Bucovin\u0103 de odinioar\u0103 te a\u0219teapt\u0103 s\u0103 \u00ee\u021bi \u00eencarci din nou bateriile din acest loc plin de istorie \u0219i spiritualitate.<\/strong><\/span><\/p>\n<\/section>\n<\/section>\n<section class=\"cb-entry-content entry-content clearfix\">\n<p data-start=\"2135\" data-end=\"2458\"><span><strong>Drag\u0103 turistule, aceea\u0219i Bucovin\u0103 de odinioar\u0103 te a\u0219teapt\u0103 s\u0103 \u00ee\u021bi \u00eencarci din nou bateriile din acest loc plin de istorie \u0219i spiritualitate.<\/strong><\/span><\/p>\n<\/section>\n<section class=\"cb-entry-content entry-content clearfix\">\n<p data-start=\"2135\" data-end=\"2458\"><span><strong>Drag\u0103 turistule, aceea\u0219i Bucovin\u0103 de odinioar\u0103 te a\u0219teapt\u0103 s\u0103 \u00ee\u021bi \u00eencarci din nou bateriile din acest loc plin de istorie \u0219i spiritualitate.<\/strong><\/span><\/p>\n<\/section>\n<p>[analyse_source url=&#8221;https:\/\/suceavalive.ro\/draga-turistule-de-pasiii-te-vor-purta-in-bucovina-nu-uita-de-manastirea-sucevita-2\/&#8221;]<\/p>\n","protected":false},"excerpt":{"rendered":"<p>[analyse_image type=&#8221;featured&#8221; src=&#8221;https:\/\/suceavalive.ro\/wp-content\/uploads\/2026\/03\/Sucevita-Totale.jpghttps:\/\/suceavalive.ro\/wp-content\/uploads\/2026\/03\/Sucevita-Totale.jpg&#8221;] Drag\u0103 turistule, de pa\u0219ii te vor purta \u00een Bucovina, nu uita de M\u0103n\u0103stirea Sucevi\u021ba 2 martie 2026 Bucovina nu este doar o zon\u0103 geografic\u0103, Bucovina este o stare de spirit pe care o simt to\u021bi locuitorii jude\u021bului Suceava, indiferent dac\u0103 localit\u0103\u021bile lor au apar\u021binut Regatului sau Bucovinei mam\u0103. M\u0103n\u0103stirea Sucevi\u021ba se afl\u0103 [&hellip;]<\/p>\n","protected":false},"author":1,"featured_media":0,"comment_status":"open","ping_status":"","sticky":false,"template":"","format":"standard","meta":{"footnotes":""},"categories":[89],"tags":[226,173],"class_list":["post-1802905","post","type-post","status-publish","format-standard","hentry","category-romania","tag-crawlmanager","tag-suceavalive-ro"],"_links":{"self":[{"href":"https:\/\/analyse.optim.biz\/index.php?rest_route=\/wp\/v2\/posts\/1802905","targetHints":{"allow":["GET"]}}],"collection":[{"href":"https:\/\/analyse.optim.biz\/index.php?rest_route=\/wp\/v2\/posts"}],"about":[{"href":"https:\/\/analyse.optim.biz\/index.php?rest_route=\/wp\/v2\/types\/post"}],"author":[{"embeddable":true,"href":"https:\/\/analyse.optim.biz\/index.php?rest_route=\/wp\/v2\/users\/1"}],"replies":[{"embeddable":true,"href":"https:\/\/analyse.optim.biz\/index.php?rest_route=%2Fwp%2Fv2%2Fcomments&post=1802905"}],"version-history":[{"count":0,"href":"https:\/\/analyse.optim.biz\/index.php?rest_route=\/wp\/v2\/posts\/1802905\/revisions"}],"wp:attachment":[{"href":"https:\/\/analyse.optim.biz\/index.php?rest_route=%2Fwp%2Fv2%2Fmedia&parent=1802905"}],"wp:term":[{"taxonomy":"category","embeddable":true,"href":"https:\/\/analyse.optim.biz\/index.php?rest_route=%2Fwp%2Fv2%2Fcategories&post=1802905"},{"taxonomy":"post_tag","embeddable":true,"href":"https:\/\/analyse.optim.biz\/index.php?rest_route=%2Fwp%2Fv2%2Ftags&post=1802905"}],"curies":[{"name":"wp","href":"https:\/\/api.w.org\/{rel}","templated":true}]}}