{"id":1802416,"date":"2026-03-01T14:46:15","date_gmt":"2026-03-01T11:46:15","guid":{"rendered":"https:\/\/analyse.optim.biz\/?p=1802416"},"modified":"2026-03-01T14:46:15","modified_gmt":"2026-03-01T11:46:15","slug":"circulatie-cu-probleme-pe-dn7","status":"publish","type":"post","link":"https:\/\/analyse.optim.biz\/?p=1802416","title":{"rendered":"Circula\u021bie cu probleme pe DN7"},"content":{"rendered":"<p>[analyse_image type=&#8221;featured&#8221; src=&#8221;https:\/\/www.curierul.ro\/wp-content\/uploads\/2026\/03\/IMG-20260301-WA0025.jpghttps:\/\/i0.wp.com\/www.curierul.ro\/wp-content\/uploads\/2026\/03\/IMG-20260301-WA0025.jpg?fit=1200%2C676&amp;ssl=1&#8243;]<\/p>\n<article id=\"196460\" class=\"post-196460 post type-post status-publish format-standard has-post-thumbnail hentry category-actualitate category-ceasul-rau category-eveniment-social category-headlines category-isu category-politie category-social\">\n<header class=\"post-header\">\n<ul class=\"breadcrumbs\">\n<li><a href=\"https:\/\/www.curierul.ro\">Home<\/a><\/li>\n<li class=\"breadcrumbs-active .category-actualitate\"><a href=\"https:\/\/www.curierul.ro\/index.php?cat=1615\">Actualitate<\/a><\/li>\n<li class=\"breadcrumbs-active .category-actualitate\">Circula\u021bie cu probleme pe DN7<\/li>\n<\/ul>\n<div class=\"featured-photo\"><img loading=\"lazy\" decoding=\"async\" width=\"2000\" height=\"1126\" src=\"https:\/\/i0.wp.com\/www.curierul.ro\/wp-content\/uploads\/2026\/03\/IMG-20260301-WA0025.jpg?fit=300%2C169&amp;ssl=1\" class=\"attachment-single size-single wp-post-image\" alt><\/div>\n<h1 class=\"headline\">Circula\u021bie cu probleme pe DN7<\/h1>\n<p class=\"byline\">\n\t\tScris de<a href=\"https:\/\/www.curierul.ro\/author\/comunicat-de-presa\/\">Comunicat de pres\u0103<\/a>, \t\t1 martie 2026\t\t\t\t<\/p>\n<hr>\n<\/header>\n<p>Poli\u021bi\u0219tii Serviciului Rutier \u0219i pompierii ISU au fost solicita\u021bi s\u0103 intervin\u0103, \u00een urm\u0103 cu pu\u021bin timp, la un accident rutier produs pe Drumul Na\u021bional 7, pe raza localit\u0103\u021bii Proieni, la kilometrul 211.<\/p>\n<p>O autoutilitar\u0103, condus\u0103 de un b\u0103rbat \u00een v\u00e2rst\u0103 de 45 de ani, cet\u0103\u021bean str\u0103in, a p\u0103r\u0103sit partea carosabil\u0103 \u0219i a intrat \u00een \u0219an\u021b.<\/p>\n<p>\u00cen urma accidentului, conduc\u0103torul auto a fost r\u0103nit \u0219i transportat la spital pentru acordarea de \u00eengrijiri medicale.<\/p>\n<p>\u0218oferul a fost testat cu aparatul etilotest, rezultatul fiind negativ.<\/p>\n<p>Traficul rutier \u00een zona evenimentului s-a desf\u0103\u0219urat alternativ.<\/p>\n<div class=\"sharedaddy sd-sharing-enabled\">\n<div class=\"robots-nocontent sd-block sd-social sd-social-official sd-sharing\">\n<h3 class=\"sd-title\">Distribuie pe:<\/h3>\n<div class=\"sd-content\">\n<ul>\n<li class=\"share-facebook\">\n<li class=\"share-twitter\"><a href=\"https:\/\/twitter.com\/share\" class=\"twitter-share-button\" data-url=\"https:\/\/www.curierul.ro\/circulatie-cu-probleme-pe-dn7\/\" data-text=\"Circula\u021bie cu probleme pe DN7\" data-via=\"curierulvl\">Tweet<\/a><\/li>\n<li class=\"share-jetpack-whatsapp\"><a rel=\"nofollow noopener noreferrer\" data-shared=\"sharing-whatsapp-196460\" class=\"share-jetpack-whatsapp sd-button\" href=\"https:\/\/www.curierul.ro\/circulatie-cu-probleme-pe-dn7\/?share=jetpack-whatsapp\" target=\"_blank\" aria-labelledby=\"sharing-whatsapp-196460\"><span id=\"sharing-whatsapp-196460\" hidden>Partajeaz\u0103 prin WhatsApp(Se deschide \u00eentr-o fereastr\u0103 nou\u0103)<\/span><span>WhatsApp<\/span><\/a><\/li>\n<li><a href=\"https:\/\/www.curierul.ro\/circulatie-cu-probleme-pe-dn7\/\" class=\"sharing-anchor sd-button share-more\"><span>Mai mult<\/span><\/a><\/li>\n<li class=\"share-end\"><\/ul>\n<div class=\"sharing-hidden\">\n<div class=\"inner\">\n<ul>\n<li class=\"share-email\"><a rel=\"nofollow noopener noreferrer\" data-shared=\"sharing-email-196460\" class=\"share-email sd-button\" href=\"mailto:?subject=%5BArticol%20partajat%5D%20Circula%C8%9Bie%20cu%20probleme%20pe%20DN7&amp;body=https%3A%2F%2Fwww.curierul.ro%2Fcirculatie-cu-probleme-pe-dn7%2F&amp;share=email\" target=\"_blank\" aria-labelledby=\"sharing-email-196460\" data-email-share-error-title=\"\u021ai-ai configurat emailul?\" data-email-share-error-text=\"Dac\u0103 ai probleme la partajarea prin email, probabil nu ai configurat emailul pentru navigator. Poate trebuie s\u0103 creezi singur un email nou.\" data-email-share-nonce=\"74850febd6\" data-email-share-track-url=\"https:\/\/www.curierul.ro\/circulatie-cu-probleme-pe-dn7\/?share=email\"><span id=\"sharing-email-196460\" hidden>Trimite unui prieten un email cu o leg\u0103tur\u0103(Se deschide \u00eentr-o fereastr\u0103 nou\u0103)<\/span><span>Email<\/span><\/a><\/li>\n<li class=\"share-print\"><a rel=\"nofollow noopener noreferrer\" data-shared=\"sharing-print-196460\" class=\"share-print sd-button\" href=\"https:\/\/www.curierul.ro\/circulatie-cu-probleme-pe-dn7\/#print?share=print\" target=\"_blank\" aria-labelledby=\"sharing-print-196460\"><span id=\"sharing-print-196460\" hidden>Imprimare(Se deschide \u00eentr-o fereastr\u0103 nou\u0103)<\/span><span>Imprimare<\/span><\/a><\/li>\n<li class=\"share-end\"><\/ul>\n<\/div>\n<\/div>\n<\/div>\n<\/div>\n<\/div>\n<div id=\"jp-relatedposts\" class=\"jp-relatedposts\">\n<h3 class=\"jp-relatedposts-headline\"><em>Similare<\/em><\/h3>\n<\/div>\n<footer class=\"post-footer\">\n<div class=\"post-navigation clearfix\">\n<div class=\"previous-post\">\n<div class=\"featured-photo\"><img loading=\"lazy\" decoding=\"async\" width=\"1219\" height=\"1205\" src=\"https:\/\/i0.wp.com\/www.curierul.ro\/wp-content\/uploads\/2026\/03\/SCM-CSM-29-31.jpeg?fit=300%2C297&amp;ssl=1\" class=\"attachment-post-thumbnail size-post-thumbnail wp-post-image\" alt><\/div>\n<p class=\"paginate-title\">\u00ab\u00ab <a href=\"https:\/\/www.curierul.ro\/liga-florilorscm-ramnicu-valcea-csm-bucuresti-29-31\/\" rel=\"prev\">LIGA FLORILOR:<br \/>SCM R\u00c2MNICU V\u00c2LCEA \u2013 CSM BUCURE\u0218TI 29-31<\/a><\/p>\n<\/div>\n<div class=\"next-post\">\n<div class=\"featured-photo\"><img decoding=\"async\" width=\"2560\" height=\"1708\" src=\"https:\/\/i0.wp.com\/www.curierul.ro\/wp-content\/uploads\/2026\/02\/Dispensarul-TBC-scaled.jpg?fit=300%2C200&amp;ssl=1\" class=\"attachment-post-thumbnail size-post-thumbnail wp-post-image\" alt loading=\"lazy\"><\/div>\n<p class=\"paginate-title\"><a href=\"https:\/\/www.curierul.ro\/primaria-municipiului-reabiliteaza-cu-fonduri-nerambursabile-cinci-cladiri-istorice-din-patrimoniul-public-al-ramnicului\/\" rel=\"next\">Prim\u0103ria Municipiului reabiliteaz\u0103 cu fonduri nerambursabile cinci cl\u0103diri istorice din patrimoniul public al R\u00e2mnicului<\/a> \u00bb\u00bb<\/p>\n<\/div>\n<\/div>\n<div id=\"comments\" class=\"comments-area\">\n<div id=\"respond\" class=\"comment-respond\">\n<h3 id=\"reply-title\" class=\"comment-reply-title\">Po\u021bi comenta aici<small><a rel=\"nofollow\" id=\"cancel-comment-reply-link\" href=\"https:\/\/www.curierul.ro\/circulatie-cu-probleme-pe-dn7\/#respond\">Anuleaz\u0103 r\u0103spunsul<\/a><\/small><\/h3>\n<\/div>\n<p class=\"akismet_comment_form_privacy_notice\">Acest site folose\u0219te Akismet pentru a reduce spamul. <a href=\"https:\/\/akismet.com\/privacy\/\" target=\"_blank\" rel=\"nofollow noopener\">Afl\u0103 cum sunt procesate datele comentariilor tale<\/a>.<\/p>\n<\/div>\n<section class=\"latest-category clearfix\">\n<h2 class=\"title\">More Stories From Actualitate<\/h2>\n<div class=\"stories-container\">\n<article id=\"related-196485\" class=\"story post-196485 post type-post status-publish format-standard has-post-thumbnail hentry category-actualitate category-anunturi category-publicitate\">\n<div class=\"photo\"><img decoding=\"async\" width=\"735\" height=\"440\" src=\"https:\/\/i0.wp.com\/www.curierul.ro\/wp-content\/uploads\/2026\/03\/izolatiinaturalelandscape6_wp.png?fit=300%2C157&amp;ssl=1\" class=\"attachment-giornalismo-single size-giornalismo-single wp-post-image\" alt loading=\"lazy\"><\/div>\n<p class=\"headline\"><a href=\"https:\/\/www.curierul.ro\/casa-calduroasa-familie-linistita-confortul-incepe-de-la-acoperis\/\">Cas\u0103 c\u0103lduroas\u0103, familie lini\u0219tit\u0103: confortul \u00eencepe de la acoperi\u0219<\/a><\/p>\n<\/article>\n<article id=\"related-196472\" class=\"story post-196472 post type-post status-publish format-standard has-post-thumbnail hentry category-actualitate category-eveniment-social category-isu category-social\">\n<div class=\"photo\"><img decoding=\"async\" width=\"735\" height=\"440\" src=\"https:\/\/i0.wp.com\/www.curierul.ro\/wp-content\/uploads\/2026\/03\/incendiu-2-02.03.2026.jpeg?fit=300%2C225&amp;ssl=1\" class=\"attachment-giornalismo-single size-giornalismo-single wp-post-image\" alt loading=\"lazy\"><\/div>\n<p class=\"headline\"><a href=\"https:\/\/www.curierul.ro\/196472-2\/\">A luat foc o ser\u0103!<\/a><\/p>\n<\/article>\n<article id=\"related-196469\" class=\"story post-196469 post type-post status-publish format-standard has-post-thumbnail hentry category-actualitate category-atletism category-headlines category-sport\">\n<div class=\"photo\"><img decoding=\"async\" width=\"735\" height=\"440\" src=\"https:\/\/i0.wp.com\/www.curierul.ro\/wp-content\/uploads\/2026\/03\/IMG-20260302-WA0003.jpg?fit=244%2C300&amp;ssl=1\" class=\"attachment-giornalismo-single size-giornalismo-single wp-post-image\" alt loading=\"lazy\"><\/div>\n<p class=\"headline\"><a href=\"https:\/\/www.curierul.ro\/echipa-de-stafeta-4x400-metri-plat-de-la-clubul-cs-valcea-1924-campioana-nationala\/\">ECHIPA DE \u0218TAFET\u0102 4\u00d7400 METRI PLAT DE LA CLUBUL CS V\u00c2LCEA 1924, CAMPIOAN\u0102 NA\u021aIONAL\u0102<\/a><\/p>\n<\/article>\n<\/div>\n<\/section>\n<section class=\"author-bio clearfix\">\n<div class=\"mug-shot\"><img decoding=\"async\" alt src=\"https:\/\/secure.gravatar.com\/avatar\/99cb5dc553c194226db8ff81883aeb68584791e67c78fb655bb3c37b83324715?s=96&amp;d=mm&amp;r=g\" class=\"avatar avatar-96 photo\" height=\"96\" width=\"96\" loading=\"lazy\"><\/div>\n<div class=\"author-info\">\n<p class=\"title\">About Comunicat de pres\u0103, <\/p>\n<div class=\"author-social-area\"><a href=\"mailto:redactie@curierul.ro\"><span class=\"fal fa-envelope\"><span class=\"screen-reader-text\">Email the Author<\/span><\/span><\/a><\/div>\n<\/div>\n<\/section>\n<\/footer>\n<\/article>\n<article id=\"196460\" class=\"post-196460 post type-post status-publish format-standard has-post-thumbnail hentry category-actualitate category-ceasul-rau category-eveniment-social category-headlines category-isu category-politie category-social\">\n<header class=\"post-header\">\n<ul class=\"breadcrumbs\">\n<li><a href=\"https:\/\/www.curierul.ro\">Home<\/a><\/li>\n<li class=\"breadcrumbs-active .category-actualitate\"><a href=\"https:\/\/www.curierul.ro\/index.php?cat=1615\">Actualitate<\/a><\/li>\n<li class=\"breadcrumbs-active .category-actualitate\">Circula\u021bie cu probleme pe DN7<\/li>\n<\/ul>\n<div class=\"featured-photo\"><img loading=\"lazy\" decoding=\"async\" width=\"2000\" height=\"1126\" src=\"https:\/\/i0.wp.com\/www.curierul.ro\/wp-content\/uploads\/2026\/03\/IMG-20260301-WA0025.jpg?fit=300%2C169&amp;ssl=1\" class=\"attachment-single size-single wp-post-image\" alt><\/div>\n<h1 class=\"headline\">Circula\u021bie cu probleme pe DN7<\/h1>\n<p class=\"byline\">\n\t\tScris de<a href=\"https:\/\/www.curierul.ro\/author\/comunicat-de-presa\/\">Comunicat de pres\u0103<\/a>, \t\t1 martie 2026\t\t\t\t<\/p>\n<hr>\n<\/header>\n<p>Poli\u021bi\u0219tii Serviciului Rutier \u0219i pompierii ISU au fost solicita\u021bi s\u0103 intervin\u0103, \u00een urm\u0103 cu pu\u021bin timp, la un accident rutier produs pe Drumul Na\u021bional 7, pe raza localit\u0103\u021bii Proieni, la kilometrul 211.<\/p>\n<p>O autoutilitar\u0103, condus\u0103 de un b\u0103rbat \u00een v\u00e2rst\u0103 de 45 de ani, cet\u0103\u021bean str\u0103in, a p\u0103r\u0103sit partea carosabil\u0103 \u0219i a intrat \u00een \u0219an\u021b.<\/p>\n<p>\u00cen urma accidentului, conduc\u0103torul auto a fost r\u0103nit \u0219i transportat la spital pentru acordarea de \u00eengrijiri medicale.<\/p>\n<p>\u0218oferul a fost testat cu aparatul etilotest, rezultatul fiind negativ.<\/p>\n<p>Traficul rutier \u00een zona evenimentului s-a desf\u0103\u0219urat alternativ.<\/p>\n<div class=\"sharedaddy sd-sharing-enabled\">\n<div class=\"robots-nocontent sd-block sd-social sd-social-official sd-sharing\">\n<h3 class=\"sd-title\">Distribuie pe:<\/h3>\n<div class=\"sd-content\">\n<ul>\n<li class=\"share-facebook\">\n<li class=\"share-twitter\"><a href=\"https:\/\/twitter.com\/share\" class=\"twitter-share-button\" data-url=\"https:\/\/www.curierul.ro\/circulatie-cu-probleme-pe-dn7\/\" data-text=\"Circula\u021bie cu probleme pe DN7\" data-via=\"curierulvl\">Tweet<\/a><\/li>\n<li class=\"share-jetpack-whatsapp\"><a rel=\"nofollow noopener noreferrer\" data-shared=\"sharing-whatsapp-196460\" class=\"share-jetpack-whatsapp sd-button\" href=\"https:\/\/www.curierul.ro\/circulatie-cu-probleme-pe-dn7\/?share=jetpack-whatsapp\" target=\"_blank\" aria-labelledby=\"sharing-whatsapp-196460\"><span id=\"sharing-whatsapp-196460\" hidden>Partajeaz\u0103 prin WhatsApp(Se deschide \u00eentr-o fereastr\u0103 nou\u0103)<\/span><span>WhatsApp<\/span><\/a><\/li>\n<li><a href=\"https:\/\/www.curierul.ro\/circulatie-cu-probleme-pe-dn7\/\" class=\"sharing-anchor sd-button share-more\"><span>Mai mult<\/span><\/a><\/li>\n<li class=\"share-end\"><\/ul>\n<div class=\"sharing-hidden\">\n<div class=\"inner\">\n<ul>\n<li class=\"share-email\"><a rel=\"nofollow noopener noreferrer\" data-shared=\"sharing-email-196460\" class=\"share-email sd-button\" href=\"mailto:?subject=%5BArticol%20partajat%5D%20Circula%C8%9Bie%20cu%20probleme%20pe%20DN7&amp;body=https%3A%2F%2Fwww.curierul.ro%2Fcirculatie-cu-probleme-pe-dn7%2F&amp;share=email\" target=\"_blank\" aria-labelledby=\"sharing-email-196460\" data-email-share-error-title=\"\u021ai-ai configurat emailul?\" data-email-share-error-text=\"Dac\u0103 ai probleme la partajarea prin email, probabil nu ai configurat emailul pentru navigator. Poate trebuie s\u0103 creezi singur un email nou.\" data-email-share-nonce=\"74850febd6\" data-email-share-track-url=\"https:\/\/www.curierul.ro\/circulatie-cu-probleme-pe-dn7\/?share=email\"><span id=\"sharing-email-196460\" hidden>Trimite unui prieten un email cu o leg\u0103tur\u0103(Se deschide \u00eentr-o fereastr\u0103 nou\u0103)<\/span><span>Email<\/span><\/a><\/li>\n<li class=\"share-print\"><a rel=\"nofollow noopener noreferrer\" data-shared=\"sharing-print-196460\" class=\"share-print sd-button\" href=\"https:\/\/www.curierul.ro\/circulatie-cu-probleme-pe-dn7\/#print?share=print\" target=\"_blank\" aria-labelledby=\"sharing-print-196460\"><span id=\"sharing-print-196460\" hidden>Imprimare(Se deschide \u00eentr-o fereastr\u0103 nou\u0103)<\/span><span>Imprimare<\/span><\/a><\/li>\n<li class=\"share-end\"><\/ul>\n<\/div>\n<\/div>\n<\/div>\n<\/div>\n<\/div>\n<div id=\"jp-relatedposts\" class=\"jp-relatedposts\">\n<h3 class=\"jp-relatedposts-headline\"><em>Similare<\/em><\/h3>\n<\/div>\n<footer class=\"post-footer\">\n<div class=\"post-navigation clearfix\">\n<div class=\"previous-post\">\n<div class=\"featured-photo\"><img loading=\"lazy\" decoding=\"async\" width=\"1219\" height=\"1205\" src=\"https:\/\/i0.wp.com\/www.curierul.ro\/wp-content\/uploads\/2026\/03\/SCM-CSM-29-31.jpeg?fit=300%2C297&amp;ssl=1\" class=\"attachment-post-thumbnail size-post-thumbnail wp-post-image\" alt><\/div>\n<p class=\"paginate-title\">\u00ab\u00ab <a href=\"https:\/\/www.curierul.ro\/liga-florilorscm-ramnicu-valcea-csm-bucuresti-29-31\/\" rel=\"prev\">LIGA FLORILOR:<br \/>SCM R\u00c2MNICU V\u00c2LCEA \u2013 CSM BUCURE\u0218TI 29-31<\/a><\/p>\n<\/div>\n<div class=\"next-post\">\n<div class=\"featured-photo\"><img decoding=\"async\" width=\"2560\" height=\"1708\" src=\"https:\/\/i0.wp.com\/www.curierul.ro\/wp-content\/uploads\/2026\/02\/Dispensarul-TBC-scaled.jpg?fit=300%2C200&amp;ssl=1\" class=\"attachment-post-thumbnail size-post-thumbnail wp-post-image\" alt loading=\"lazy\"><\/div>\n<p class=\"paginate-title\"><a href=\"https:\/\/www.curierul.ro\/primaria-municipiului-reabiliteaza-cu-fonduri-nerambursabile-cinci-cladiri-istorice-din-patrimoniul-public-al-ramnicului\/\" rel=\"next\">Prim\u0103ria Municipiului reabiliteaz\u0103 cu fonduri nerambursabile cinci cl\u0103diri istorice din patrimoniul public al R\u00e2mnicului<\/a> \u00bb\u00bb<\/p>\n<\/div>\n<\/div>\n<div id=\"comments\" class=\"comments-area\">\n<div id=\"respond\" class=\"comment-respond\">\n<h3 id=\"reply-title\" class=\"comment-reply-title\">Po\u021bi comenta aici<small><a rel=\"nofollow\" id=\"cancel-comment-reply-link\" href=\"https:\/\/www.curierul.ro\/circulatie-cu-probleme-pe-dn7\/#respond\">Anuleaz\u0103 r\u0103spunsul<\/a><\/small><\/h3>\n<\/div>\n<p class=\"akismet_comment_form_privacy_notice\">Acest site folose\u0219te Akismet pentru a reduce spamul. <a href=\"https:\/\/akismet.com\/privacy\/\" target=\"_blank\" rel=\"nofollow noopener\">Afl\u0103 cum sunt procesate datele comentariilor tale<\/a>.<\/p>\n<\/div>\n<section class=\"latest-category clearfix\">\n<h2 class=\"title\">More Stories From Actualitate<\/h2>\n<div class=\"stories-container\">\n<article id=\"related-196485\" class=\"story post-196485 post type-post status-publish format-standard has-post-thumbnail hentry category-actualitate category-anunturi category-publicitate\">\n<div class=\"photo\"><img decoding=\"async\" width=\"735\" height=\"440\" src=\"https:\/\/i0.wp.com\/www.curierul.ro\/wp-content\/uploads\/2026\/03\/izolatiinaturalelandscape6_wp.png?fit=300%2C157&amp;ssl=1\" class=\"attachment-giornalismo-single size-giornalismo-single wp-post-image\" alt loading=\"lazy\"><\/div>\n<p class=\"headline\"><a href=\"https:\/\/www.curierul.ro\/casa-calduroasa-familie-linistita-confortul-incepe-de-la-acoperis\/\">Cas\u0103 c\u0103lduroas\u0103, familie lini\u0219tit\u0103: confortul \u00eencepe de la acoperi\u0219<\/a><\/p>\n<\/article>\n<article id=\"related-196472\" class=\"story post-196472 post type-post status-publish format-standard has-post-thumbnail hentry category-actualitate category-eveniment-social category-isu category-social\">\n<div class=\"photo\"><img decoding=\"async\" width=\"735\" height=\"440\" src=\"https:\/\/i0.wp.com\/www.curierul.ro\/wp-content\/uploads\/2026\/03\/incendiu-2-02.03.2026.jpeg?fit=300%2C225&amp;ssl=1\" class=\"attachment-giornalismo-single size-giornalismo-single wp-post-image\" alt loading=\"lazy\"><\/div>\n<p class=\"headline\"><a href=\"https:\/\/www.curierul.ro\/196472-2\/\">A luat foc o ser\u0103!<\/a><\/p>\n<\/article>\n<article id=\"related-196469\" class=\"story post-196469 post type-post status-publish format-standard has-post-thumbnail hentry category-actualitate category-atletism category-headlines category-sport\">\n<div class=\"photo\"><img decoding=\"async\" width=\"735\" height=\"440\" src=\"https:\/\/i0.wp.com\/www.curierul.ro\/wp-content\/uploads\/2026\/03\/IMG-20260302-WA0003.jpg?fit=244%2C300&amp;ssl=1\" class=\"attachment-giornalismo-single size-giornalismo-single wp-post-image\" alt loading=\"lazy\"><\/div>\n<p class=\"headline\"><a href=\"https:\/\/www.curierul.ro\/echipa-de-stafeta-4x400-metri-plat-de-la-clubul-cs-valcea-1924-campioana-nationala\/\">ECHIPA DE \u0218TAFET\u0102 4\u00d7400 METRI PLAT DE LA CLUBUL CS V\u00c2LCEA 1924, CAMPIOAN\u0102 NA\u021aIONAL\u0102<\/a><\/p>\n<\/article>\n<\/div>\n<\/section>\n<section class=\"author-bio clearfix\">\n<div class=\"mug-shot\"><img decoding=\"async\" alt src=\"https:\/\/secure.gravatar.com\/avatar\/99cb5dc553c194226db8ff81883aeb68584791e67c78fb655bb3c37b83324715?s=96&amp;d=mm&amp;r=g\" class=\"avatar avatar-96 photo\" height=\"96\" width=\"96\" loading=\"lazy\"><\/div>\n<div class=\"author-info\">\n<p class=\"title\">About Comunicat de pres\u0103, <\/p>\n<div class=\"author-social-area\"><a href=\"mailto:redactie@curierul.ro\"><span class=\"fal fa-envelope\"><span class=\"screen-reader-text\">Email the Author<\/span><\/span><\/a><\/div>\n<\/div>\n<\/section>\n<\/footer>\n<\/article>\n<article id=\"related-196485\" class=\"story post-196485 post type-post status-publish format-standard has-post-thumbnail hentry category-actualitate category-anunturi category-publicitate\">\n<div class=\"photo\"><img decoding=\"async\" width=\"735\" height=\"440\" src=\"https:\/\/i0.wp.com\/www.curierul.ro\/wp-content\/uploads\/2026\/03\/izolatiinaturalelandscape6_wp.png?fit=300%2C157&amp;ssl=1\" class=\"attachment-giornalismo-single size-giornalismo-single wp-post-image\" alt loading=\"lazy\"><\/div>\n<p class=\"headline\"><a href=\"https:\/\/www.curierul.ro\/casa-calduroasa-familie-linistita-confortul-incepe-de-la-acoperis\/\">Cas\u0103 c\u0103lduroas\u0103, familie lini\u0219tit\u0103: confortul \u00eencepe de la acoperi\u0219<\/a><\/p>\n<\/article>\n<article id=\"related-196472\" class=\"story post-196472 post type-post status-publish format-standard has-post-thumbnail hentry category-actualitate category-eveniment-social category-isu category-social\">\n<div class=\"photo\"><img decoding=\"async\" width=\"735\" height=\"440\" src=\"https:\/\/i0.wp.com\/www.curierul.ro\/wp-content\/uploads\/2026\/03\/incendiu-2-02.03.2026.jpeg?fit=300%2C225&amp;ssl=1\" class=\"attachment-giornalismo-single size-giornalismo-single wp-post-image\" alt loading=\"lazy\"><\/div>\n<p class=\"headline\"><a href=\"https:\/\/www.curierul.ro\/196472-2\/\">A luat foc o ser\u0103!<\/a><\/p>\n<\/article>\n<article id=\"related-196469\" class=\"story post-196469 post type-post status-publish format-standard has-post-thumbnail hentry category-actualitate category-atletism category-headlines category-sport\">\n<div class=\"photo\"><img decoding=\"async\" width=\"735\" height=\"440\" src=\"https:\/\/i0.wp.com\/www.curierul.ro\/wp-content\/uploads\/2026\/03\/IMG-20260302-WA0003.jpg?fit=244%2C300&amp;ssl=1\" class=\"attachment-giornalismo-single size-giornalismo-single wp-post-image\" alt loading=\"lazy\"><\/div>\n<p class=\"headline\"><a href=\"https:\/\/www.curierul.ro\/echipa-de-stafeta-4x400-metri-plat-de-la-clubul-cs-valcea-1924-campioana-nationala\/\">ECHIPA DE \u0218TAFET\u0102 4\u00d7400 METRI PLAT DE LA CLUBUL CS V\u00c2LCEA 1924, CAMPIOAN\u0102 NA\u021aIONAL\u0102<\/a><\/p>\n<\/article>\n<p>[analyse_source url=&#8221;https:\/\/www.curierul.ro\/circulatie-cu-probleme-pe-dn7\/&#8221;]<\/p>\n","protected":false},"excerpt":{"rendered":"<p>[analyse_image type=&#8221;featured&#8221; src=&#8221;https:\/\/www.curierul.ro\/wp-content\/uploads\/2026\/03\/IMG-20260301-WA0025.jpghttps:\/\/i0.wp.com\/www.curierul.ro\/wp-content\/uploads\/2026\/03\/IMG-20260301-WA0025.jpg?fit=1200%2C676&amp;ssl=1&#8243;] Home Actualitate Circula\u021bie cu probleme pe DN7 Circula\u021bie cu probleme pe DN7 Scris deComunicat de pres\u0103, 1 martie 2026 Poli\u021bi\u0219tii Serviciului Rutier \u0219i pompierii ISU au fost solicita\u021bi s\u0103 intervin\u0103, \u00een urm\u0103 cu pu\u021bin timp, la un accident rutier produs pe Drumul Na\u021bional 7, pe raza localit\u0103\u021bii Proieni, la kilometrul 211. O [&hellip;]<\/p>\n","protected":false},"author":1,"featured_media":0,"comment_status":"open","ping_status":"","sticky":false,"template":"","format":"standard","meta":{"footnotes":""},"categories":[89],"tags":[226,213],"class_list":["post-1802416","post","type-post","status-publish","format-standard","hentry","category-romania","tag-crawlmanager","tag-curierul-ro"],"_links":{"self":[{"href":"https:\/\/analyse.optim.biz\/index.php?rest_route=\/wp\/v2\/posts\/1802416","targetHints":{"allow":["GET"]}}],"collection":[{"href":"https:\/\/analyse.optim.biz\/index.php?rest_route=\/wp\/v2\/posts"}],"about":[{"href":"https:\/\/analyse.optim.biz\/index.php?rest_route=\/wp\/v2\/types\/post"}],"author":[{"embeddable":true,"href":"https:\/\/analyse.optim.biz\/index.php?rest_route=\/wp\/v2\/users\/1"}],"replies":[{"embeddable":true,"href":"https:\/\/analyse.optim.biz\/index.php?rest_route=%2Fwp%2Fv2%2Fcomments&post=1802416"}],"version-history":[{"count":0,"href":"https:\/\/analyse.optim.biz\/index.php?rest_route=\/wp\/v2\/posts\/1802416\/revisions"}],"wp:attachment":[{"href":"https:\/\/analyse.optim.biz\/index.php?rest_route=%2Fwp%2Fv2%2Fmedia&parent=1802416"}],"wp:term":[{"taxonomy":"category","embeddable":true,"href":"https:\/\/analyse.optim.biz\/index.php?rest_route=%2Fwp%2Fv2%2Fcategories&post=1802416"},{"taxonomy":"post_tag","embeddable":true,"href":"https:\/\/analyse.optim.biz\/index.php?rest_route=%2Fwp%2Fv2%2Ftags&post=1802416"}],"curies":[{"name":"wp","href":"https:\/\/api.w.org\/{rel}","templated":true}]}}