{"id":1802410,"date":"2026-03-02T16:27:35","date_gmt":"2026-03-02T13:27:35","guid":{"rendered":"https:\/\/analyse.optim.biz\/?p=1802410"},"modified":"2026-03-02T16:27:35","modified_gmt":"2026-03-02T13:27:35","slug":"scoala-si-familia-impreuna-de-martisor","status":"publish","type":"post","link":"https:\/\/analyse.optim.biz\/?p=1802410","title":{"rendered":"\u0218coala \u0219i familia, \u00eempreun\u0103 de M\u0103r\u021bi\u0219or"},"content":{"rendered":"<p>[analyse_image type=&#8221;featured&#8221; src=&#8221;https:\/\/www.banatulazi.ro\/wp-content\/uploads\/2026\/03\/radio-martisor.jpeg&#8221;]<\/p>\n<div class=\"td-post-content tagdiv-type\">\n<div class=\"td-post-featured-image\"><a href=\"https:\/\/www.banatulazi.ro\/wp-content\/uploads\/2026\/03\/radio-martisor.jpeg\" data-caption><img loading=\"lazy\" decoding=\"async\" width=\"696\" height=\"541\" class=\"entry-thumb td-modal-image\" src=\"https:\/\/www.banatulazi.ro\/wp-content\/uploads\/2026\/03\/radio-martisor-696x541.jpeg\" alt title=\"radio martisor\"><\/a><\/div>\n<p><strong> M\u0103r\u021bi\u0219orul a adus \u00eempreun\u0103 \u00eentr-un mod cu totul special, p\u0103rin\u021bi, elevi \u0219i \u00eenv\u0103\u021b\u0103toarea lor, \u00eentr-un cadru plin de emo\u021bie \u0219i lumin\u0103, la un post radio din Timi\u0219oara.<\/strong><\/p>\n<p>Elevii clasei preg\u0103titoare de la \u0218coala Gimnazial\u0103 Nr 18 au fost cei care au dat glas prim\u0103verii, recit\u00e2nd poezii dedicate m\u0103r\u021bi\u0219orului \u0219i acestui anotimp al rena\u0219terii. Am cunoscut oameni noi, am tr\u0103it emo\u021bii autentice \u0219i ne-am bucurat de o zi senin\u0103 de \u00eenceput de martie, \u00een care inocen\u021ba \u0219i curajul copiilor au str\u0103lucit.<\/p>\n<p>O parte dintre elevi au adus \u00een sufletele noastre farmecul graiului b\u0103n\u0103\u021bean. Au fost rostite, cu sensibilitate \u0219i m\u00e2ndrie, versuri din poezia \u201eDor\u201d de Ionel Iacob Bencei, \u201eFarme\u0219e de lun\u0103\u201d de Delia Pia B\u00e2rlea \u0219i \u201eD\u0103 doi\u201d de Grigore Bugarin \u2013 momente care au adus autenticitate \u0219i identitate cultural\u0103 \u00eent\u00e2lnirii noastre.<\/p>\n<p>Mesajul \u00eenv\u0103\u021b\u0103toarei Dr\u0103goi Cristina:<\/p>\n<p><em>\u201eM\u0103r\u021bi\u0219orul nu este doar un mic obiect prins \u00een piept. Este un simbol al \u00eenceputului. Este momentul \u00een care natura ne arat\u0103 c\u0103, dup\u0103 orice iarn\u0103, vine o prim\u0103var\u0103.<br \/>\n\u0218i poate c\u0103 aici este leg\u0103tura cea mai frumoas\u0103 cu \u0219coala.<br \/>\n\u0218coala este, la r\u00e2ndul ei, un spa\u021biu al \u00eenceputurilor. Fiecare copil este ca un mugur prim\u0103vara. Nu \u00eel putem for\u021ba s\u0103 \u00eenfloreasc\u0103, dar putem avea grij\u0103 de el. \u00cei putem oferi lumin\u0103, sprijin \u0219i \u00eencredere.<br \/>\nIar aceast\u0103 grij\u0103 nu apar\u021bine doar \u0219colii sau doar familiei. Ea apar\u021bine am\u00e2ndurora.<br \/>\nC\u00e2nd p\u0103rin\u021bii \u0219i profesorii colaboreaz\u0103, copiii se simt mai \u00een siguran\u021b\u0103, mai motiva\u021bi \u0219i mai \u00eencrez\u0103tori. Dar dincolo de studii \u0219i statistici, este vorba despre un lucru simplu: copilul trebuie s\u0103 simt\u0103 c\u0103 adul\u021bii importan\u021bi din via\u021ba lui sunt o echip\u0103.<br \/>\nPrim\u0103vara ne reaminte\u0219te c\u0103 lucrurile cresc atunci c\u00e2nd exist\u0103 armonie. A\u0219a cum natura are nevoie de soare \u0219i ap\u0103, copilul are nevoie de dialog \u0219i cooperare \u00eentre familie \u0219i \u0219coal\u0103.<br \/>\nM\u0103r\u021bi\u0219orul este un gest mic, dar cu sens mare. Poate c\u0103 \u0219i rela\u021bia dintre p\u0103rin\u021bi \u0219i \u0219coal\u0103 ar trebui s\u0103 fie la fel: constant\u0103, sincer\u0103 \u0219i plin\u0103 de bun\u0103voin\u021b\u0103.<br \/>\nS\u0103 \u00eent\u00e2mpin\u0103m prim\u0103vara nu doar cu flori, ci \u0219i cu deschidere. Nu doar cu tradi\u021bii, ci \u0219i cu responsabilitate comun\u0103. Pentru c\u0103 acolo unde exist\u0103 parteneriat \u0219i \u00eencredere, copiii nu doar cresc, ei \u00eenfloresc.\u201d<\/em><br \/><a href=\"https:\/\/www.banatulazi.ro\/wp-content\/uploads\/2026\/03\/radio-martisor-2.jpeg\"><img loading=\"lazy\" decoding=\"async\" src=\"https:\/\/www.banatulazi.ro\/wp-content\/uploads\/2026\/03\/radio-martisor-2-300x300.jpeg\" alt width=\"300\" height=\"300\" class=\"alignnone size-medium wp-image-407889\"><\/a><\/p>\n<p><a href=\"https:\/\/www.banatulazi.ro\/wp-content\/uploads\/2026\/03\/radio-martisor-3.jpeg\"><img loading=\"lazy\" decoding=\"async\" src=\"https:\/\/www.banatulazi.ro\/wp-content\/uploads\/2026\/03\/radio-martisor-3-300x217.jpeg\" alt width=\"300\" height=\"217\" class=\"alignnone size-medium wp-image-407888\"><\/a><\/p>\n<p>Evenimentul de \u00eencept de martie a fost nu doar o celebrare a prim\u0103verii, ci \u0219i o dovad\u0103 c\u0103 educa\u021bia prinde r\u0103d\u0103cini puternice atunci c\u00e2nd \u0219coala \u0219i familia merg \u00eempreun\u0103, iar tradi\u021bia este dus\u0103 mai departe prin glasul curat al copiilor.<\/p>\n<\/div>\n<p>[analyse_source url=&#8221;https:\/\/www.banatulazi.ro\/scoala-si-familia-impreuna-de-martisor\/&#8221;]<\/p>\n","protected":false},"excerpt":{"rendered":"<p>[analyse_image type=&#8221;featured&#8221; src=&#8221;https:\/\/www.banatulazi.ro\/wp-content\/uploads\/2026\/03\/radio-martisor.jpeg&#8221;] M\u0103r\u021bi\u0219orul a adus \u00eempreun\u0103 \u00eentr-un mod cu totul special, p\u0103rin\u021bi, elevi \u0219i \u00eenv\u0103\u021b\u0103toarea lor, \u00eentr-un cadru plin de emo\u021bie \u0219i lumin\u0103, la un post radio din Timi\u0219oara. Elevii clasei preg\u0103titoare de la \u0218coala Gimnazial\u0103 Nr 18 au fost cei care au dat glas prim\u0103verii, recit\u00e2nd poezii dedicate m\u0103r\u021bi\u0219orului \u0219i acestui anotimp al [&hellip;]<\/p>\n","protected":false},"author":1,"featured_media":0,"comment_status":"open","ping_status":"","sticky":false,"template":"","format":"standard","meta":{"footnotes":""},"categories":[89],"tags":[185,226],"class_list":["post-1802410","post","type-post","status-publish","format-standard","hentry","category-romania","tag-banatulazi-ro","tag-crawlmanager"],"_links":{"self":[{"href":"https:\/\/analyse.optim.biz\/index.php?rest_route=\/wp\/v2\/posts\/1802410","targetHints":{"allow":["GET"]}}],"collection":[{"href":"https:\/\/analyse.optim.biz\/index.php?rest_route=\/wp\/v2\/posts"}],"about":[{"href":"https:\/\/analyse.optim.biz\/index.php?rest_route=\/wp\/v2\/types\/post"}],"author":[{"embeddable":true,"href":"https:\/\/analyse.optim.biz\/index.php?rest_route=\/wp\/v2\/users\/1"}],"replies":[{"embeddable":true,"href":"https:\/\/analyse.optim.biz\/index.php?rest_route=%2Fwp%2Fv2%2Fcomments&post=1802410"}],"version-history":[{"count":0,"href":"https:\/\/analyse.optim.biz\/index.php?rest_route=\/wp\/v2\/posts\/1802410\/revisions"}],"wp:attachment":[{"href":"https:\/\/analyse.optim.biz\/index.php?rest_route=%2Fwp%2Fv2%2Fmedia&parent=1802410"}],"wp:term":[{"taxonomy":"category","embeddable":true,"href":"https:\/\/analyse.optim.biz\/index.php?rest_route=%2Fwp%2Fv2%2Fcategories&post=1802410"},{"taxonomy":"post_tag","embeddable":true,"href":"https:\/\/analyse.optim.biz\/index.php?rest_route=%2Fwp%2Fv2%2Ftags&post=1802410"}],"curies":[{"name":"wp","href":"https:\/\/api.w.org\/{rel}","templated":true}]}}