{"id":1802380,"date":"2026-03-02T10:52:39","date_gmt":"2026-03-02T07:52:39","guid":{"rendered":"https:\/\/analyse.optim.biz\/?p=1802380"},"modified":"2026-03-02T10:52:39","modified_gmt":"2026-03-02T07:52:39","slug":"vasile-rimbu-colaborarea-dintre-echipa-mea-si-psd-a-adus-rezultate-electorale-nu-consider-ca-trebuie-sa","status":"publish","type":"post","link":"https:\/\/analyse.optim.biz\/?p=1802380","title":{"rendered":"Vasile R\u00eembu: \u201eColaborarea dintre echipa mea \u0219i PSD a adus rezultate electorale. Nu consider c\u0103 trebuie s\u0103"},"content":{"rendered":"<p>[analyse_image type=&#8221;featured&#8221; src=&#8221;https:\/\/suceavalive.ro\/wp-content\/uploads\/2026\/03\/vasile-rimbu-3-1024&#215;768.jpeghttps:\/\/suceavalive.ro\/wp-content\/uploads\/2026\/03\/vasile-rimbu-3.jpeg&#8221;]<\/p>\n<article id=\"post-288216\" class=\"clearfix post-288216 post type-post status-publish format-standard has-post-thumbnail hentry category-politic category-slide\">\n<header id=\"cb-standard-featured\">\n<div id=\"cb-fis-wrap\" class=\"cb-entry-header cb-fis cb-style-standard\"><span class=\"cb-title-fi\"><\/p>\n<h1 class=\"entry-title cb-entry-title cb-single-title\">Vasile R\u00eembu: \u201eColaborarea dintre echipa mea \u0219i PSD a adus rezultate electorale. Nu consider c\u0103 trebuie s\u0103 explic fiecare decizie politic\u0103\u201d<\/h1>\n<div class=\"cb-byline cb-font-header\">\n<div class=\"cb-date cb-byline-element\"><time datetime=\"2026-03-02\">2 martie 2026<\/time><\/div>\n<\/div>\n<p><\/span><\/div>\n<\/header>\n<section class=\"cb-entry-content entry-content clearfix\">\n<p data-start=\"0\" data-end=\"275\"><span>\u00cen cursul zilei de luni, 2 martie, primarul Vasile R\u00eembu a sus\u021binut o conferin\u021b\u0103 de pres\u0103, \u00een cadrul c\u0103reia l-a prezentat pe noul s\u0103u consilier de imagine \u0219i comunicare, liberalul Alexandru Cova\u0219\u0103. \u00centrebat de jurnali\u0219ti dac\u0103 fatpul c\u0103 s-a \u00eenconjurat de liberali la Prim\u0103rie nu \u00eei afecteaz\u0103 cariera politic\u0103 \u00een PSD Suceava, Vasile R\u00eembu, a declarat c\u0103 el \u00ee\u0219i exercit\u0103 mandatul independent de influen\u021be politice \u0219i c\u0103 la nivelul Prim\u0103riei reprezint\u0103 administra\u021bia public\u0103, nu un partid. El a subliniat c\u0103 face parte dintr-o coali\u021bie \u0219i c\u0103 delimitarea dintre zona politic\u0103 \u0219i cea administrativ\u0103 a fost discutat\u0103.<\/span><\/p>\n<p data-start=\"355\" data-end=\"682\"><span>R\u00eembu a precizat c\u0103 nu consider\u0103 necesar s\u0103 explice fiecare decizie politic\u0103 \u0219i c\u0103 prioritatea sa r\u0103m\u00e2ne buna func\u021bionare a administra\u021biei \u0219i imaginea corect\u0103 a institu\u021biei. Problemele politice na\u021bionale nu influen\u021beaz\u0103 activitatea administrativ\u0103 din municipiu, iar comunicarea va viza strict subiectele care \u021bin de Prim\u0103rie.<\/span><\/p>\n<p data-start=\"684\" data-end=\"1027\"><span>El a amintit c\u0103 la alegeri a ob\u021binut 17.186 de voturi, \u00een timp ce lista de consilieri PSD a \u00eenregistrat 15.139 de voturi, o diferen\u021b\u0103 de peste 2.000 de voturi. Primarul a ar\u0103tat c\u0103 acest rezultat indic\u0103 o sus\u021binere direct\u0103 pentru candidatura sa, dar a men\u021bionat c\u0103 voturile pentru consilieri nu pot fi atribuite automat unui singur candidat.<\/span><\/p>\n<blockquote>\n<p data-start=\"0\" data-end=\"275\"><span><strong><em>\u201eNu datorez totul partidului \u00een a\u0219a fel \u00eenc\u00e2t s\u0103 m\u0103 izolez de colegii din coali\u021bie. La prim\u0103rie nu reprezint un partid, ci administra\u021bia public\u0103. Suntem \u00eentr-o coali\u021bie \u0219i am discutat aceste aspecte \u00een cadrul ei. Aceast\u0103 discu\u021bie este cunoscut\u0103 \u0219i la nivel na\u021bional.<\/em><\/strong><\/span><\/p>\n<p data-start=\"277\" data-end=\"600\"><span><strong><em>Sunt un om independent \u00een exercitarea mandatului. Nu consider c\u0103 trebuie s\u0103 explic fiecare decizie politic\u0103. Trebuie s\u0103 fac treab\u0103 bun\u0103 pentru comunitate. Problemele politice na\u021bionale nu influen\u021beaz\u0103 activitatea mea administrativ\u0103. M\u0103 intereseaz\u0103 ca imaginea institu\u021biei s\u0103 fie una corect\u0103 \u0219i s\u0103 ne \u00eendeplinim atribu\u021biile.<\/em><\/strong><\/span><\/p>\n<p data-start=\"602\" data-end=\"1053\"><span><strong><em>Am afirmat c\u0103 sunt primarul tuturor cet\u0103\u021benilor, la fel cum a spus \u0219i domnul Grindeanu c\u0103 Guvernul trebuie s\u0103 fie al tuturor, nu al unui singur partid. La alegeri am ob\u021binut 17.186 de voturi, iar lista de consilieri PSD a ob\u021binut 15.139 de voturi. Diferen\u021ba este de peste 2.000 de voturi. Acest rezultat arat\u0103 sus\u021binerea direct\u0103 pentru candidatura mea, \u00eens\u0103 nu pot afirma c\u0103 toate voturile pentru consilieri mi-au revenit automat, av\u00e2nd \u00een vedere dinamica unei campanii electorale.<\/em><\/strong><\/span><\/p>\n<p data-start=\"1055\" data-end=\"1229\"><span><strong><em>Nu comentez specula\u021bii politice. M\u0103 opresc la subiectele administrative. Am stabilit o cale mai clar\u0103 de comunicare. C\u00e2nd vor exista subiecte politice, le voi aborda separat.<\/em><\/strong><\/span><\/p>\n<\/blockquote>\n<p data-start=\"1231\" data-end=\"1562\"><strong><span>Vasile R\u00eembu: \u201ePropunerea de ofertare a domnului Cova\u0219\u0103 a venit chiar din partea domnului Cu\u0219nir\u201d<\/span><\/strong><\/p>\n<p data-start=\"1231\" data-end=\"1562\"><span>\u00cen ceea ce prive\u0219te numirea unui consilier de imagine, Vasile R\u00eembu a ar\u0103tat c\u0103 propunerea a rezultat \u00een urma unor discu\u021bii interne \u0219i a venit din partea lui Cu\u0219nir. De altfel, edilul a ad\u0103ugat c\u0103 selec\u021bia nu s-a f\u0103cut pe criterii politice, ci pe baza experien\u021bei \u0219i a capacit\u0103\u021bii de a comunica eficient cu presa \u0219i cu cet\u0103\u021benii.<\/span><\/p>\n<blockquote>\n<p data-start=\"1231\" data-end=\"1562\"><span><strong><em>\u00cen primul an de mandat am avut ca obiectiv principal echilibrul financiar al bugetului municipiului <span class=\"hover:entity-accent entity-underline inline cursor-pointer align-baseline\"><span class=\"whitespace-normal\">Suceava<\/span><\/span>. Din acest motiv, comunicarea public\u0103 nu a fost prioritar\u0103. \u00cen aceast\u0103 etap\u0103 acord\u0103m mai mult\u0103 aten\u021bie comunic\u0103rii proiectelor \u0219i interven\u021biilor. Eu \u0219i viceprimarii avem responsabilit\u0103\u021bi clare.\u00a0<\/em><\/strong><\/span><\/p>\n<p data-start=\"1231\" data-end=\"1562\"><span><strong><em>Vom comunica realiz\u0103rile, dar vom r\u0103spunde \u0219i criticilor. Ne intereseaz\u0103 informa\u021biile relevante pentru cet\u0103\u021beni, indiferent dac\u0103 sunt pozitive sau negative. Nu m\u0103 preocup\u0103 comentariile anonime, ci faptele concrete.<\/em><\/strong><\/span><\/p>\n<\/blockquote>\n<blockquote>\n<p data-start=\"1780\" data-end=\"2008\"><span><strong><em>\u00a0Propunerea privind numirea unui consilier de imagine a venit \u00een urma unor discu\u021bii interne. Aceast\u0103 propunere a venit chiar din partea domnului Cu\u0219nir. Nu am ales persoane pe criterii de partid, ci pe baza experien\u021bei \u0219i a capacit\u0103\u021bii de a comunica eficient cu mass media \u0219i cu cet\u0103\u021benii\u201d, a spus primarul Vasile R\u00eembu.<\/em><\/strong><\/span><\/p>\n<\/blockquote>\n<p data-start=\"1780\" data-end=\"2008\"><span>\u00centrebat dac\u0103 pre\u0219edintele PSD Suceava, George \u0218oldan, \u0219tie c\u0103 propunerea ofert\u0103rii liberalului Alexandru Cova\u0219\u0103 a venit din partea viceprimarului Dan Ioan Cu\u0219nir, Vasile R\u00eembu a spus: <strong><em>\u201eEu nu \u0219tiu ce \u0219tie domnul \u0218oldan, a\u0219a cum nici domnul \u0218oldan nu \u0219tie ce \u0219tiu eu sau ce fac eu\u201d.<\/em><\/strong><\/span><\/p>\n<p data-start=\"1780\" data-end=\"2008\"><span><strong><em>R\u00eembu: \u201eDup\u0103 20 de ani, PSD a c\u00e2\u0219tigat func\u021bia de primar al Sucevei, iar ulterior s-a c\u00e2\u0219tigat \u0219i pre\u0219edin\u021bia Consiliului Jude\u021bean\u201d<\/em><\/strong><\/span><\/p>\n<p data-start=\"0\" data-end=\"245\"><span>Primarul municipiului Suceava, Vasile R\u00eembu, a subliniat c\u0103 colaborarea echipei sale cu Partidul Social Democrat a adus rezultate electorale importante, at\u00e2t la nivelul Prim\u0103riei, c\u00e2t \u0219i al Consiliului Jude\u021bean, f\u0103r\u0103 a prejudicia vreun partid.<\/span><\/p>\n<p data-start=\"247\" data-end=\"435\"><span>El a precizat c\u0103 \u00een echip\u0103 aduce oameni care \u00eemp\u0103rt\u0103\u0219esc obiectivul dezvolt\u0103rii administra\u021biei locale \u0219i c\u0103 rezultatele administrative vor avea, pe termen lung, efecte politice pozitive.<\/span><\/p>\n<blockquote>\n<p data-start=\"2010\" data-end=\"2304\"><span><strong><em>\u201eDe-a lungul timpului, colaborarea dintre echipa mea \u0219i <span class=\"hover:entity-accent entity-underline inline cursor-pointer align-baseline\"><span class=\"whitespace-normal\">Partidul Social Democrat<\/span><\/span> a adus rezultate electorale. Dup\u0103 20 de ani, PSD a c\u00e2\u0219tigat func\u021bia de primar al Sucevei, iar ulterior s-a c\u00e2\u0219tigat \u0219i pre\u0219edin\u021bia Consiliului Jude\u021bean. Consider c\u0103 aceast\u0103 colaborare nu a adus prejudicii niciunui partid.<\/em><\/strong><\/span><\/p>\n<p data-start=\"2306\" data-end=\"2472\"><span><strong><em>Aduc \u00een echip\u0103 oameni care \u00eemp\u0103rt\u0103\u0219esc obiectivul de a dezvolta administra\u021bia local\u0103. Sunt convins c\u0103 rezultatele administrative vor produce efecte politice pozitive.<\/em><\/strong><\/span><\/p>\n<p data-start=\"2474\" data-end=\"2654\"><span><strong><em>Nu am c\u0103utat un purt\u0103tor de cuv\u00e2nt \u00eentr-un anumit partid. Am c\u0103utat un profesionist care are experien\u021b\u0103 \u00een comunicare \u0219i este acceptat de cei care transmit informa\u021bia c\u0103tre public.<\/em><\/strong><\/span><\/p>\n<p data-start=\"2656\" data-end=\"2806\" data-is-last-node data-is-only-node><span><strong><em>Cet\u0103\u021benilor le transmit c\u0103 acest nou \u00eenceput \u00een comunicare are un singur scop, o rela\u021bie mai clar\u0103 \u0219i mai eficient\u0103 \u00eentre administra\u021bie \u0219i comunitate\u201d, a conchis primarul Vasile R\u00eembu.<\/em><\/strong><\/span><\/p>\n<\/blockquote>\n<\/section>\n<footer class=\"article-footer\">\n<div class=\"cb-social-sharing cb-post-footer-block cb-beside clearfix\">\n<div class=\"cb-title-subtle\">Share On:<\/div>\n<div class=\"cb-twitter\"><a href=\"https:\/\/twitter.com\/share\" class=\"twitter-share-button\" data-dnt=\"true\" data-count=\"horizontal\">Tweet<\/a><\/div>\n<\/div>\n<div id=\"cb-previous-next-links\" class=\"cb-post-footer-block clearfix\">\n<div id=\"cb-previous-link\"><a href=\"https:\/\/suceavalive.ro\/alexandru-covasa-renunta-temporar-la-functiile-de-vicepresedinte-si-purtator-de-cuvant-al-pnl-suceava-pentru-a-se-concentra-pe-comunicarea-administratiei-locale-sucevene\/\" rel=\"prev\">Alexandru Cova\u0219\u0103 renun\u021b\u0103 temporar la func\u021biile de vicepre\u0219edinte \u0219i purt\u0103tor de cuv\u00e2nt al PNL Suceava pentru a se concentra pe comunicarea administra\u021biei locale sucevene<\/a><\/div>\n<div id=\"cb-next-link\"><a href=\"https:\/\/suceavalive.ro\/parcul-balnear-din-vatra-dornei-modernizat-cu-fonduri-europene-marius-ripan-continuam-dezvoltarea-orasului-nostru\/\" rel=\"next\">Parcul Balnear din Vatra Dornei, modernizat cu fonduri europene. Marius R\u00eepan: \u201eContinu\u0103m dezvoltarea ora\u0219ului nostru\u201d<\/a><\/div>\n<\/div>\n<div id=\"cb-author-box\" class=\"clearfix\">\n<h3 class=\"cb-block-title\">Despre autor<\/h3>\n<div class=\"cb-meta\">\n<div class=\"cb-info\">\n<div class=\"cb-author-title vcard\"><a href=\"https:\/\/suceavalive.ro\/author\/suceavalive\/\"><span class=\"fn\">SuceavaLive<\/span><\/a><\/div>\n<\/div>\n<\/div>\n<\/div>\n<div id=\"cb-related-posts\" class=\"cb-related-posts-block cb-post-end-block clearfix\">\n<h3 class=\"cb-block-title\">Postari asemanatoare<\/h3>\n<ul>\n<li class=\"cb-style-overlay cb-grid-entry cb-related-post no-1\">\n<div class=\"cb-meta cb-article-meta\">\n<h4 class=\"h3 cb-post-title\"><a href=\"https:\/\/suceavalive.ro\/rectorul-usv-mihai-dimian-propus-ministru-al-educatiei-decizia-a-fost-luata-de-conducerea-pnl\/\">RECTORUL USV, MIHAI DIMIAN, PROPUS MINISTRU AL EDUCA\u021aIEI. Decizia a fost luat\u0103 de conducerea PNL<\/a><\/h4>\n<div class=\"cb-byline cb-font-header\">\n<div class=\"cb-date cb-byline-element\"><time datetime=\"2026-03-02\">2 martie 2026<\/time><\/div>\n<\/div>\n<\/div>\n<\/li>\n<li class=\"cb-style-overlay cb-grid-entry cb-related-post no-2\">\n<div class=\"cb-meta cb-article-meta\">\n<h4 class=\"h3 cb-post-title\"><a href=\"https:\/\/suceavalive.ro\/draga-turistule-de-pasiii-te-vor-purta-in-bucovina-nu-uita-de-manastirea-sucevita-2\/\">Drag\u0103 turistule, de pa\u0219ii te vor purta \u00een Bucovina, nu uita de M\u0103n\u0103stirea Sucevi\u021ba<\/a><\/h4>\n<div class=\"cb-byline cb-font-header\">\n<div class=\"cb-date cb-byline-element\"><time datetime=\"2026-03-02\">2 martie 2026<\/time><\/div>\n<\/div>\n<\/div>\n<\/li>\n<\/ul>\n<\/div>\n<\/footer>\n<div id=\"respond\" class=\"comment-respond\">\n<h3 id=\"reply-title\" class=\"comment-reply-title\">Lasa un raspuns <small><a rel=\"nofollow\" id=\"cancel-comment-reply-link\" href=\"https:\/\/suceavalive.ro\/vasile-rimbu-colaborarea-dintre-echipa-mea-si-psd-a-adus-rezultate-electorale-nu-consider-ca-trebuie-sa-explic-fiecare-decizie-politica\/#respond\">Anuleaza raspunsul<\/a><\/small><\/h3>\n<p class=\"comment-notes\">Adresa ta de email nu va fi publicat\u0103.<\/p>\n<\/div>\n<\/article>\n<section class=\"cb-entry-content entry-content clearfix\">\n<p data-start=\"0\" data-end=\"275\"><span>\u00cen cursul zilei de luni, 2 martie, primarul Vasile R\u00eembu a sus\u021binut o conferin\u021b\u0103 de pres\u0103, \u00een cadrul c\u0103reia l-a prezentat pe noul s\u0103u consilier de imagine \u0219i comunicare, liberalul Alexandru Cova\u0219\u0103. \u00centrebat de jurnali\u0219ti dac\u0103 fatpul c\u0103 s-a \u00eenconjurat de liberali la Prim\u0103rie nu \u00eei afecteaz\u0103 cariera politic\u0103 \u00een PSD Suceava, Vasile R\u00eembu, a declarat c\u0103 el \u00ee\u0219i exercit\u0103 mandatul independent de influen\u021be politice \u0219i c\u0103 la nivelul Prim\u0103riei reprezint\u0103 administra\u021bia public\u0103, nu un partid. El a subliniat c\u0103 face parte dintr-o coali\u021bie \u0219i c\u0103 delimitarea dintre zona politic\u0103 \u0219i cea administrativ\u0103 a fost discutat\u0103.<\/span><\/p>\n<p data-start=\"355\" data-end=\"682\"><span>R\u00eembu a precizat c\u0103 nu consider\u0103 necesar s\u0103 explice fiecare decizie politic\u0103 \u0219i c\u0103 prioritatea sa r\u0103m\u00e2ne buna func\u021bionare a administra\u021biei \u0219i imaginea corect\u0103 a institu\u021biei. Problemele politice na\u021bionale nu influen\u021beaz\u0103 activitatea administrativ\u0103 din municipiu, iar comunicarea va viza strict subiectele care \u021bin de Prim\u0103rie.<\/span><\/p>\n<p data-start=\"684\" data-end=\"1027\"><span>El a amintit c\u0103 la alegeri a ob\u021binut 17.186 de voturi, \u00een timp ce lista de consilieri PSD a \u00eenregistrat 15.139 de voturi, o diferen\u021b\u0103 de peste 2.000 de voturi. Primarul a ar\u0103tat c\u0103 acest rezultat indic\u0103 o sus\u021binere direct\u0103 pentru candidatura sa, dar a men\u021bionat c\u0103 voturile pentru consilieri nu pot fi atribuite automat unui singur candidat.<\/span><\/p>\n<blockquote>\n<p data-start=\"0\" data-end=\"275\"><span><strong><em>\u201eNu datorez totul partidului \u00een a\u0219a fel \u00eenc\u00e2t s\u0103 m\u0103 izolez de colegii din coali\u021bie. La prim\u0103rie nu reprezint un partid, ci administra\u021bia public\u0103. Suntem \u00eentr-o coali\u021bie \u0219i am discutat aceste aspecte \u00een cadrul ei. Aceast\u0103 discu\u021bie este cunoscut\u0103 \u0219i la nivel na\u021bional.<\/em><\/strong><\/span><\/p>\n<p data-start=\"277\" data-end=\"600\"><span><strong><em>Sunt un om independent \u00een exercitarea mandatului. Nu consider c\u0103 trebuie s\u0103 explic fiecare decizie politic\u0103. Trebuie s\u0103 fac treab\u0103 bun\u0103 pentru comunitate. Problemele politice na\u021bionale nu influen\u021beaz\u0103 activitatea mea administrativ\u0103. M\u0103 intereseaz\u0103 ca imaginea institu\u021biei s\u0103 fie una corect\u0103 \u0219i s\u0103 ne \u00eendeplinim atribu\u021biile.<\/em><\/strong><\/span><\/p>\n<p data-start=\"602\" data-end=\"1053\"><span><strong><em>Am afirmat c\u0103 sunt primarul tuturor cet\u0103\u021benilor, la fel cum a spus \u0219i domnul Grindeanu c\u0103 Guvernul trebuie s\u0103 fie al tuturor, nu al unui singur partid. La alegeri am ob\u021binut 17.186 de voturi, iar lista de consilieri PSD a ob\u021binut 15.139 de voturi. Diferen\u021ba este de peste 2.000 de voturi. Acest rezultat arat\u0103 sus\u021binerea direct\u0103 pentru candidatura mea, \u00eens\u0103 nu pot afirma c\u0103 toate voturile pentru consilieri mi-au revenit automat, av\u00e2nd \u00een vedere dinamica unei campanii electorale.<\/em><\/strong><\/span><\/p>\n<p data-start=\"1055\" data-end=\"1229\"><span><strong><em>Nu comentez specula\u021bii politice. M\u0103 opresc la subiectele administrative. Am stabilit o cale mai clar\u0103 de comunicare. C\u00e2nd vor exista subiecte politice, le voi aborda separat.<\/em><\/strong><\/span><\/p>\n<\/blockquote>\n<p data-start=\"1231\" data-end=\"1562\"><strong><span>Vasile R\u00eembu: \u201ePropunerea de ofertare a domnului Cova\u0219\u0103 a venit chiar din partea domnului Cu\u0219nir\u201d<\/span><\/strong><\/p>\n<p data-start=\"1231\" data-end=\"1562\"><span>\u00cen ceea ce prive\u0219te numirea unui consilier de imagine, Vasile R\u00eembu a ar\u0103tat c\u0103 propunerea a rezultat \u00een urma unor discu\u021bii interne \u0219i a venit din partea lui Cu\u0219nir. De altfel, edilul a ad\u0103ugat c\u0103 selec\u021bia nu s-a f\u0103cut pe criterii politice, ci pe baza experien\u021bei \u0219i a capacit\u0103\u021bii de a comunica eficient cu presa \u0219i cu cet\u0103\u021benii.<\/span><\/p>\n<blockquote>\n<p data-start=\"1231\" data-end=\"1562\"><span><strong><em>\u00cen primul an de mandat am avut ca obiectiv principal echilibrul financiar al bugetului municipiului <span class=\"hover:entity-accent entity-underline inline cursor-pointer align-baseline\"><span class=\"whitespace-normal\">Suceava<\/span><\/span>. Din acest motiv, comunicarea public\u0103 nu a fost prioritar\u0103. \u00cen aceast\u0103 etap\u0103 acord\u0103m mai mult\u0103 aten\u021bie comunic\u0103rii proiectelor \u0219i interven\u021biilor. Eu \u0219i viceprimarii avem responsabilit\u0103\u021bi clare.\u00a0<\/em><\/strong><\/span><\/p>\n<p data-start=\"1231\" data-end=\"1562\"><span><strong><em>Vom comunica realiz\u0103rile, dar vom r\u0103spunde \u0219i criticilor. Ne intereseaz\u0103 informa\u021biile relevante pentru cet\u0103\u021beni, indiferent dac\u0103 sunt pozitive sau negative. Nu m\u0103 preocup\u0103 comentariile anonime, ci faptele concrete.<\/em><\/strong><\/span><\/p>\n<\/blockquote>\n<blockquote>\n<p data-start=\"1780\" data-end=\"2008\"><span><strong><em>\u00a0Propunerea privind numirea unui consilier de imagine a venit \u00een urma unor discu\u021bii interne. Aceast\u0103 propunere a venit chiar din partea domnului Cu\u0219nir. Nu am ales persoane pe criterii de partid, ci pe baza experien\u021bei \u0219i a capacit\u0103\u021bii de a comunica eficient cu mass media \u0219i cu cet\u0103\u021benii\u201d, a spus primarul Vasile R\u00eembu.<\/em><\/strong><\/span><\/p>\n<\/blockquote>\n<p data-start=\"1780\" data-end=\"2008\"><span>\u00centrebat dac\u0103 pre\u0219edintele PSD Suceava, George \u0218oldan, \u0219tie c\u0103 propunerea ofert\u0103rii liberalului Alexandru Cova\u0219\u0103 a venit din partea viceprimarului Dan Ioan Cu\u0219nir, Vasile R\u00eembu a spus: <strong><em>\u201eEu nu \u0219tiu ce \u0219tie domnul \u0218oldan, a\u0219a cum nici domnul \u0218oldan nu \u0219tie ce \u0219tiu eu sau ce fac eu\u201d.<\/em><\/strong><\/span><\/p>\n<p data-start=\"1780\" data-end=\"2008\"><span><strong><em>R\u00eembu: \u201eDup\u0103 20 de ani, PSD a c\u00e2\u0219tigat func\u021bia de primar al Sucevei, iar ulterior s-a c\u00e2\u0219tigat \u0219i pre\u0219edin\u021bia Consiliului Jude\u021bean\u201d<\/em><\/strong><\/span><\/p>\n<p data-start=\"0\" data-end=\"245\"><span>Primarul municipiului Suceava, Vasile R\u00eembu, a subliniat c\u0103 colaborarea echipei sale cu Partidul Social Democrat a adus rezultate electorale importante, at\u00e2t la nivelul Prim\u0103riei, c\u00e2t \u0219i al Consiliului Jude\u021bean, f\u0103r\u0103 a prejudicia vreun partid.<\/span><\/p>\n<p data-start=\"247\" data-end=\"435\"><span>El a precizat c\u0103 \u00een echip\u0103 aduce oameni care \u00eemp\u0103rt\u0103\u0219esc obiectivul dezvolt\u0103rii administra\u021biei locale \u0219i c\u0103 rezultatele administrative vor avea, pe termen lung, efecte politice pozitive.<\/span><\/p>\n<blockquote>\n<p data-start=\"2010\" data-end=\"2304\"><span><strong><em>\u201eDe-a lungul timpului, colaborarea dintre echipa mea \u0219i <span class=\"hover:entity-accent entity-underline inline cursor-pointer align-baseline\"><span class=\"whitespace-normal\">Partidul Social Democrat<\/span><\/span> a adus rezultate electorale. Dup\u0103 20 de ani, PSD a c\u00e2\u0219tigat func\u021bia de primar al Sucevei, iar ulterior s-a c\u00e2\u0219tigat \u0219i pre\u0219edin\u021bia Consiliului Jude\u021bean. Consider c\u0103 aceast\u0103 colaborare nu a adus prejudicii niciunui partid.<\/em><\/strong><\/span><\/p>\n<p data-start=\"2306\" data-end=\"2472\"><span><strong><em>Aduc \u00een echip\u0103 oameni care \u00eemp\u0103rt\u0103\u0219esc obiectivul de a dezvolta administra\u021bia local\u0103. Sunt convins c\u0103 rezultatele administrative vor produce efecte politice pozitive.<\/em><\/strong><\/span><\/p>\n<p data-start=\"2474\" data-end=\"2654\"><span><strong><em>Nu am c\u0103utat un purt\u0103tor de cuv\u00e2nt \u00eentr-un anumit partid. Am c\u0103utat un profesionist care are experien\u021b\u0103 \u00een comunicare \u0219i este acceptat de cei care transmit informa\u021bia c\u0103tre public.<\/em><\/strong><\/span><\/p>\n<p data-start=\"2656\" data-end=\"2806\" data-is-last-node data-is-only-node><span><strong><em>Cet\u0103\u021benilor le transmit c\u0103 acest nou \u00eenceput \u00een comunicare are un singur scop, o rela\u021bie mai clar\u0103 \u0219i mai eficient\u0103 \u00eentre administra\u021bie \u0219i comunitate\u201d, a conchis primarul Vasile R\u00eembu.<\/em><\/strong><\/span><\/p>\n<\/blockquote>\n<\/section>\n<section class=\"cb-entry-content entry-content clearfix\">\n<p data-start=\"0\" data-end=\"275\"><span>\u00cen cursul zilei de luni, 2 martie, primarul Vasile R\u00eembu a sus\u021binut o conferin\u021b\u0103 de pres\u0103, \u00een cadrul c\u0103reia l-a prezentat pe noul s\u0103u consilier de imagine \u0219i comunicare, liberalul Alexandru Cova\u0219\u0103. \u00centrebat de jurnali\u0219ti dac\u0103 fatpul c\u0103 s-a \u00eenconjurat de liberali la Prim\u0103rie nu \u00eei afecteaz\u0103 cariera politic\u0103 \u00een PSD Suceava, Vasile R\u00eembu, a declarat c\u0103 el \u00ee\u0219i exercit\u0103 mandatul independent de influen\u021be politice \u0219i c\u0103 la nivelul Prim\u0103riei reprezint\u0103 administra\u021bia public\u0103, nu un partid. El a subliniat c\u0103 face parte dintr-o coali\u021bie \u0219i c\u0103 delimitarea dintre zona politic\u0103 \u0219i cea administrativ\u0103 a fost discutat\u0103.<\/span><\/p>\n<p data-start=\"355\" data-end=\"682\"><span>R\u00eembu a precizat c\u0103 nu consider\u0103 necesar s\u0103 explice fiecare decizie politic\u0103 \u0219i c\u0103 prioritatea sa r\u0103m\u00e2ne buna func\u021bionare a administra\u021biei \u0219i imaginea corect\u0103 a institu\u021biei. Problemele politice na\u021bionale nu influen\u021beaz\u0103 activitatea administrativ\u0103 din municipiu, iar comunicarea va viza strict subiectele care \u021bin de Prim\u0103rie.<\/span><\/p>\n<p data-start=\"684\" data-end=\"1027\"><span>El a amintit c\u0103 la alegeri a ob\u021binut 17.186 de voturi, \u00een timp ce lista de consilieri PSD a \u00eenregistrat 15.139 de voturi, o diferen\u021b\u0103 de peste 2.000 de voturi. Primarul a ar\u0103tat c\u0103 acest rezultat indic\u0103 o sus\u021binere direct\u0103 pentru candidatura sa, dar a men\u021bionat c\u0103 voturile pentru consilieri nu pot fi atribuite automat unui singur candidat.<\/span><\/p>\n<blockquote>\n<p data-start=\"0\" data-end=\"275\"><span><strong><em>\u201eNu datorez totul partidului \u00een a\u0219a fel \u00eenc\u00e2t s\u0103 m\u0103 izolez de colegii din coali\u021bie. La prim\u0103rie nu reprezint un partid, ci administra\u021bia public\u0103. Suntem \u00eentr-o coali\u021bie \u0219i am discutat aceste aspecte \u00een cadrul ei. Aceast\u0103 discu\u021bie este cunoscut\u0103 \u0219i la nivel na\u021bional.<\/em><\/strong><\/span><\/p>\n<p data-start=\"277\" data-end=\"600\"><span><strong><em>Sunt un om independent \u00een exercitarea mandatului. Nu consider c\u0103 trebuie s\u0103 explic fiecare decizie politic\u0103. Trebuie s\u0103 fac treab\u0103 bun\u0103 pentru comunitate. Problemele politice na\u021bionale nu influen\u021beaz\u0103 activitatea mea administrativ\u0103. M\u0103 intereseaz\u0103 ca imaginea institu\u021biei s\u0103 fie una corect\u0103 \u0219i s\u0103 ne \u00eendeplinim atribu\u021biile.<\/em><\/strong><\/span><\/p>\n<p data-start=\"602\" data-end=\"1053\"><span><strong><em>Am afirmat c\u0103 sunt primarul tuturor cet\u0103\u021benilor, la fel cum a spus \u0219i domnul Grindeanu c\u0103 Guvernul trebuie s\u0103 fie al tuturor, nu al unui singur partid. La alegeri am ob\u021binut 17.186 de voturi, iar lista de consilieri PSD a ob\u021binut 15.139 de voturi. Diferen\u021ba este de peste 2.000 de voturi. Acest rezultat arat\u0103 sus\u021binerea direct\u0103 pentru candidatura mea, \u00eens\u0103 nu pot afirma c\u0103 toate voturile pentru consilieri mi-au revenit automat, av\u00e2nd \u00een vedere dinamica unei campanii electorale.<\/em><\/strong><\/span><\/p>\n<p data-start=\"1055\" data-end=\"1229\"><span><strong><em>Nu comentez specula\u021bii politice. M\u0103 opresc la subiectele administrative. Am stabilit o cale mai clar\u0103 de comunicare. C\u00e2nd vor exista subiecte politice, le voi aborda separat.<\/em><\/strong><\/span><\/p>\n<\/blockquote>\n<p data-start=\"1231\" data-end=\"1562\"><strong><span>Vasile R\u00eembu: \u201ePropunerea de ofertare a domnului Cova\u0219\u0103 a venit chiar din partea domnului Cu\u0219nir\u201d<\/span><\/strong><\/p>\n<p data-start=\"1231\" data-end=\"1562\"><span>\u00cen ceea ce prive\u0219te numirea unui consilier de imagine, Vasile R\u00eembu a ar\u0103tat c\u0103 propunerea a rezultat \u00een urma unor discu\u021bii interne \u0219i a venit din partea lui Cu\u0219nir. De altfel, edilul a ad\u0103ugat c\u0103 selec\u021bia nu s-a f\u0103cut pe criterii politice, ci pe baza experien\u021bei \u0219i a capacit\u0103\u021bii de a comunica eficient cu presa \u0219i cu cet\u0103\u021benii.<\/span><\/p>\n<blockquote>\n<p data-start=\"1231\" data-end=\"1562\"><span><strong><em>\u00cen primul an de mandat am avut ca obiectiv principal echilibrul financiar al bugetului municipiului <span class=\"hover:entity-accent entity-underline inline cursor-pointer align-baseline\"><span class=\"whitespace-normal\">Suceava<\/span><\/span>. Din acest motiv, comunicarea public\u0103 nu a fost prioritar\u0103. \u00cen aceast\u0103 etap\u0103 acord\u0103m mai mult\u0103 aten\u021bie comunic\u0103rii proiectelor \u0219i interven\u021biilor. Eu \u0219i viceprimarii avem responsabilit\u0103\u021bi clare.\u00a0<\/em><\/strong><\/span><\/p>\n<p data-start=\"1231\" data-end=\"1562\"><span><strong><em>Vom comunica realiz\u0103rile, dar vom r\u0103spunde \u0219i criticilor. Ne intereseaz\u0103 informa\u021biile relevante pentru cet\u0103\u021beni, indiferent dac\u0103 sunt pozitive sau negative. Nu m\u0103 preocup\u0103 comentariile anonime, ci faptele concrete.<\/em><\/strong><\/span><\/p>\n<\/blockquote>\n<blockquote>\n<p data-start=\"1780\" data-end=\"2008\"><span><strong><em>\u00a0Propunerea privind numirea unui consilier de imagine a venit \u00een urma unor discu\u021bii interne. Aceast\u0103 propunere a venit chiar din partea domnului Cu\u0219nir. Nu am ales persoane pe criterii de partid, ci pe baza experien\u021bei \u0219i a capacit\u0103\u021bii de a comunica eficient cu mass media \u0219i cu cet\u0103\u021benii\u201d, a spus primarul Vasile R\u00eembu.<\/em><\/strong><\/span><\/p>\n<\/blockquote>\n<p data-start=\"1780\" data-end=\"2008\"><span>\u00centrebat dac\u0103 pre\u0219edintele PSD Suceava, George \u0218oldan, \u0219tie c\u0103 propunerea ofert\u0103rii liberalului Alexandru Cova\u0219\u0103 a venit din partea viceprimarului Dan Ioan Cu\u0219nir, Vasile R\u00eembu a spus: <strong><em>\u201eEu nu \u0219tiu ce \u0219tie domnul \u0218oldan, a\u0219a cum nici domnul \u0218oldan nu \u0219tie ce \u0219tiu eu sau ce fac eu\u201d.<\/em><\/strong><\/span><\/p>\n<p data-start=\"1780\" data-end=\"2008\"><span><strong><em>R\u00eembu: \u201eDup\u0103 20 de ani, PSD a c\u00e2\u0219tigat func\u021bia de primar al Sucevei, iar ulterior s-a c\u00e2\u0219tigat \u0219i pre\u0219edin\u021bia Consiliului Jude\u021bean\u201d<\/em><\/strong><\/span><\/p>\n<p data-start=\"0\" data-end=\"245\"><span>Primarul municipiului Suceava, Vasile R\u00eembu, a subliniat c\u0103 colaborarea echipei sale cu Partidul Social Democrat a adus rezultate electorale importante, at\u00e2t la nivelul Prim\u0103riei, c\u00e2t \u0219i al Consiliului Jude\u021bean, f\u0103r\u0103 a prejudicia vreun partid.<\/span><\/p>\n<p data-start=\"247\" data-end=\"435\"><span>El a precizat c\u0103 \u00een echip\u0103 aduce oameni care \u00eemp\u0103rt\u0103\u0219esc obiectivul dezvolt\u0103rii administra\u021biei locale \u0219i c\u0103 rezultatele administrative vor avea, pe termen lung, efecte politice pozitive.<\/span><\/p>\n<blockquote>\n<p data-start=\"2010\" data-end=\"2304\"><span><strong><em>\u201eDe-a lungul timpului, colaborarea dintre echipa mea \u0219i <span class=\"hover:entity-accent entity-underline inline cursor-pointer align-baseline\"><span class=\"whitespace-normal\">Partidul Social Democrat<\/span><\/span> a adus rezultate electorale. Dup\u0103 20 de ani, PSD a c\u00e2\u0219tigat func\u021bia de primar al Sucevei, iar ulterior s-a c\u00e2\u0219tigat \u0219i pre\u0219edin\u021bia Consiliului Jude\u021bean. Consider c\u0103 aceast\u0103 colaborare nu a adus prejudicii niciunui partid.<\/em><\/strong><\/span><\/p>\n<p data-start=\"2306\" data-end=\"2472\"><span><strong><em>Aduc \u00een echip\u0103 oameni care \u00eemp\u0103rt\u0103\u0219esc obiectivul de a dezvolta administra\u021bia local\u0103. Sunt convins c\u0103 rezultatele administrative vor produce efecte politice pozitive.<\/em><\/strong><\/span><\/p>\n<p data-start=\"2474\" data-end=\"2654\"><span><strong><em>Nu am c\u0103utat un purt\u0103tor de cuv\u00e2nt \u00eentr-un anumit partid. Am c\u0103utat un profesionist care are experien\u021b\u0103 \u00een comunicare \u0219i este acceptat de cei care transmit informa\u021bia c\u0103tre public.<\/em><\/strong><\/span><\/p>\n<p data-start=\"2656\" data-end=\"2806\" data-is-last-node data-is-only-node><span><strong><em>Cet\u0103\u021benilor le transmit c\u0103 acest nou \u00eenceput \u00een comunicare are un singur scop, o rela\u021bie mai clar\u0103 \u0219i mai eficient\u0103 \u00eentre administra\u021bie \u0219i comunitate\u201d, a conchis primarul Vasile R\u00eembu.<\/em><\/strong><\/span><\/p>\n<\/blockquote>\n<\/section>\n<p>[analyse_source url=&#8221;https:\/\/suceavalive.ro\/vasile-rimbu-colaborarea-dintre-echipa-mea-si-psd-a-adus-rezultate-electorale-nu-consider-ca-trebuie-sa-explic-fiecare-decizie-politica\/&#8221;]<\/p>\n","protected":false},"excerpt":{"rendered":"<p>[analyse_image type=&#8221;featured&#8221; src=&#8221;https:\/\/suceavalive.ro\/wp-content\/uploads\/2026\/03\/vasile-rimbu-3-1024&#215;768.jpeghttps:\/\/suceavalive.ro\/wp-content\/uploads\/2026\/03\/vasile-rimbu-3.jpeg&#8221;] Vasile R\u00eembu: \u201eColaborarea dintre echipa mea \u0219i PSD a adus rezultate electorale. Nu consider c\u0103 trebuie s\u0103 explic fiecare decizie politic\u0103\u201d 2 martie 2026 \u00cen cursul zilei de luni, 2 martie, primarul Vasile R\u00eembu a sus\u021binut o conferin\u021b\u0103 de pres\u0103, \u00een cadrul c\u0103reia l-a prezentat pe noul s\u0103u consilier de imagine \u0219i [&hellip;]<\/p>\n","protected":false},"author":1,"featured_media":0,"comment_status":"open","ping_status":"","sticky":false,"template":"","format":"standard","meta":{"footnotes":""},"categories":[89],"tags":[226,173],"class_list":["post-1802380","post","type-post","status-publish","format-standard","hentry","category-romania","tag-crawlmanager","tag-suceavalive-ro"],"_links":{"self":[{"href":"https:\/\/analyse.optim.biz\/index.php?rest_route=\/wp\/v2\/posts\/1802380","targetHints":{"allow":["GET"]}}],"collection":[{"href":"https:\/\/analyse.optim.biz\/index.php?rest_route=\/wp\/v2\/posts"}],"about":[{"href":"https:\/\/analyse.optim.biz\/index.php?rest_route=\/wp\/v2\/types\/post"}],"author":[{"embeddable":true,"href":"https:\/\/analyse.optim.biz\/index.php?rest_route=\/wp\/v2\/users\/1"}],"replies":[{"embeddable":true,"href":"https:\/\/analyse.optim.biz\/index.php?rest_route=%2Fwp%2Fv2%2Fcomments&post=1802380"}],"version-history":[{"count":0,"href":"https:\/\/analyse.optim.biz\/index.php?rest_route=\/wp\/v2\/posts\/1802380\/revisions"}],"wp:attachment":[{"href":"https:\/\/analyse.optim.biz\/index.php?rest_route=%2Fwp%2Fv2%2Fmedia&parent=1802380"}],"wp:term":[{"taxonomy":"category","embeddable":true,"href":"https:\/\/analyse.optim.biz\/index.php?rest_route=%2Fwp%2Fv2%2Fcategories&post=1802380"},{"taxonomy":"post_tag","embeddable":true,"href":"https:\/\/analyse.optim.biz\/index.php?rest_route=%2Fwp%2Fv2%2Ftags&post=1802380"}],"curies":[{"name":"wp","href":"https:\/\/api.w.org\/{rel}","templated":true}]}}