{"id":1802374,"date":"2026-03-02T00:00:00","date_gmt":"2026-03-01T21:00:00","guid":{"rendered":"https:\/\/analyse.optim.biz\/?p=1802374"},"modified":"2026-03-02T00:00:00","modified_gmt":"2026-03-01T21:00:00","slug":"rectorul-universitatii-stefan-cel-mare-din-suceava-propus-de-ilie-bolojan-pentru-functia-de-ministru-al-educatiei-a-primit-votul-pnl","status":"publish","type":"post","link":"https:\/\/analyse.optim.biz\/?p=1802374","title":{"rendered":"Rectorul Universit\u0103\u021bii \u201e\u0218tefan cel Mare\u201d din Suceava, propus de Ilie Bolojan pentru func\u021bia de ministru al Educa\u021biei. A primit votul PNL"},"content":{"rendered":"<p>[analyse_image type=&#8221;featured&#8221; src=&#8221;&#8221;]<\/p>\n<div class=\"entry-content\">\n<p data-hveid=\"CAEIARAA\" data-complete=\"true\" data-processed=\"true\"><a href=\"https:\/\/www.botosaninews.ro\/wp-content\/uploads\/2026\/03\/Mihai-Dimian.jpg\"><img decoding=\"async\" loading=\"lazy\" class=\"alignright size-medium wp-image-723590\" src=\"https:\/\/www.botosaninews.ro\/wp-content\/uploads\/2026\/03\/Mihai-Dimian-300x300.jpg\" alt=\"\" width=\"300\" height=\"300\"><\/a>Mihai Dimian, rectorul Universit\u0103\u021bii \u201e\u0218tefan cel Mare\u201d din Suceava, face pasul spre v\u00e2rful Executivului. Luni dup\u0103-amiaz\u0103, \u00eentr-o \u0219edin\u021b\u0103 fulger a Biroului Politic Na\u021bional al PNL, acesta a primit votul de \u00eencredere pentru a prelua portofoliul\u00a0Educa\u021biei \u0219i Cercet\u0103rii.<\/p>\n<p data-hveid=\"CAEIAhAA\" data-complete=\"true\" data-processed=\"true\">Decizia a venit la propunerea direct\u0103 a premierului\u00a0Ilie Bolojan, care pare s\u0103 mizeze pe rigoarea \u0219i experien\u021ba de management a universitarului sucevean pentru a reforma un sistem aflat \u00een plin\u0103 transformare. \u00centr-un format online, liderii liberali au validat nominalizarea cu o\u00a0unanimitate\u00a0simbolic\u0103, semnal\u00e2nd un front unit \u00een spatele noului ministru.<\/p>\n<p data-hveid=\"CAEIAhAA\" data-complete=\"true\" data-processed=\"true\"><em><strong>\u201dLa ini\u0163iativa pre\u015fedintelui PNL \u015fi premierului Rom\u00e2niei, Ilie Bolojan, a fost propus \u015fi validat, \u00een unanimitate, pentru func\u0163ia de ministru al Educa\u0163iei \u015fi Cercet\u0103rii domnul profesor universitar doctor Mihai Dimian, rector al Universit\u0103\u0163ii \u201e\u015etefan cel Mare\u201d din Suceava. Propunerea PNL pentru portofoliul Educa\u0163iei, domnul Mihai Dimian, a prezentat \u00een cadrul \u015fedin\u0163ei BPN viziunea sa asupra reform\u0103rii \u015fi dezvolt\u0103rii acestui domeniu\u201d,<\/strong><\/em> arat\u0103 PNL.<\/p>\n<p data-hveid=\"CAEIAxAA\" data-complete=\"true\" data-processed=\"true\">Cunoscut pentru transformarea Universit\u0103\u021bii din Suceava \u00eentr-un pol regional de inovare, Mihai Dimian aduce cu sine nu doar titluri academice, ci \u0219i o viziune pragmatic\u0103 asupra modului \u00een care cercetarea rom\u00e2neasc\u0103 poate fi conectat\u0103 la realit\u0103\u021bile economice. Acesta a parafat extensia USV la Boto\u0219ani.<\/p>\n<p><a href=\"https:\/\/news.google.com\/publications\/CAAqBwgKMMy4pgswtMO-Aw?ceid=RO:ro&amp;oc=3\" target=\"_blank\" rel=\"noopener\" data-saferedirecturl=\"https:\/\/www.google.com\/url?q=https:\/\/news.google.com\/publications\/CAAqBwgKMMy4pgswtMO-Aw?ceid%3DRO:ro%26oc%3D3&amp;source=gmail&amp;ust=1772089576237000&amp;usg=AOvVaw0zbhh1gd3QIHtAX9ZYbiM5\">Urmareste-ne pe Google News<\/a><\/p>\n<\/div>\n<div class=\"entry-content\">\n<p data-hveid=\"CAEIARAA\" data-complete=\"true\" data-processed=\"true\"><a href=\"https:\/\/www.botosaninews.ro\/wp-content\/uploads\/2026\/03\/Mihai-Dimian.jpg\"><img decoding=\"async\" loading=\"lazy\" class=\"alignright size-medium wp-image-723590\" src=\"https:\/\/www.botosaninews.ro\/wp-content\/uploads\/2026\/03\/Mihai-Dimian-300x300.jpg\" alt=\"\" width=\"300\" height=\"300\"><\/a>Mihai Dimian, rectorul Universit\u0103\u021bii \u201e\u0218tefan cel Mare\u201d din Suceava, face pasul spre v\u00e2rful Executivului. Luni dup\u0103-amiaz\u0103, \u00eentr-o \u0219edin\u021b\u0103 fulger a Biroului Politic Na\u021bional al PNL, acesta a primit votul de \u00eencredere pentru a prelua portofoliul\u00a0Educa\u021biei \u0219i Cercet\u0103rii.<\/p>\n<p data-hveid=\"CAEIAhAA\" data-complete=\"true\" data-processed=\"true\">Decizia a venit la propunerea direct\u0103 a premierului\u00a0Ilie Bolojan, care pare s\u0103 mizeze pe rigoarea \u0219i experien\u021ba de management a universitarului sucevean pentru a reforma un sistem aflat \u00een plin\u0103 transformare. \u00centr-un format online, liderii liberali au validat nominalizarea cu o\u00a0unanimitate\u00a0simbolic\u0103, semnal\u00e2nd un front unit \u00een spatele noului ministru.<\/p>\n<p data-hveid=\"CAEIAhAA\" data-complete=\"true\" data-processed=\"true\"><em><strong>\u201dLa ini\u0163iativa pre\u015fedintelui PNL \u015fi premierului Rom\u00e2niei, Ilie Bolojan, a fost propus \u015fi validat, \u00een unanimitate, pentru func\u0163ia de ministru al Educa\u0163iei \u015fi Cercet\u0103rii domnul profesor universitar doctor Mihai Dimian, rector al Universit\u0103\u0163ii \u201e\u015etefan cel Mare\u201d din Suceava. Propunerea PNL pentru portofoliul Educa\u0163iei, domnul Mihai Dimian, a prezentat \u00een cadrul \u015fedin\u0163ei BPN viziunea sa asupra reform\u0103rii \u015fi dezvolt\u0103rii acestui domeniu\u201d,<\/strong><\/em> arat\u0103 PNL.<\/p>\n<p data-hveid=\"CAEIAxAA\" data-complete=\"true\" data-processed=\"true\">Cunoscut pentru transformarea Universit\u0103\u021bii din Suceava \u00eentr-un pol regional de inovare, Mihai Dimian aduce cu sine nu doar titluri academice, ci \u0219i o viziune pragmatic\u0103 asupra modului \u00een care cercetarea rom\u00e2neasc\u0103 poate fi conectat\u0103 la realit\u0103\u021bile economice. Acesta a parafat extensia USV la Boto\u0219ani.<\/p>\n<p><a href=\"https:\/\/news.google.com\/publications\/CAAqBwgKMMy4pgswtMO-Aw?ceid=RO:ro&amp;oc=3\" target=\"_blank\" rel=\"noopener\" data-saferedirecturl=\"https:\/\/www.google.com\/url?q=https:\/\/news.google.com\/publications\/CAAqBwgKMMy4pgswtMO-Aw?ceid%3DRO:ro%26oc%3D3&amp;source=gmail&amp;ust=1772089576237000&amp;usg=AOvVaw0zbhh1gd3QIHtAX9ZYbiM5\">Urmareste-ne pe Google News<\/a><\/p>\n<\/div>\n<p>[analyse_source url=&#8221;https:\/\/suceavanews.ro\/318685\/general\/stirea-zilei\/rectorul-universitatii-stefan-cel-mare-din-suceava-propus-de-ilie-bolojan-pentru-functia-de-ministru-al-educatiei-a-primit-votul-pnl\/&#8221;]<\/p>\n","protected":false},"excerpt":{"rendered":"<p>[analyse_image type=&#8221;featured&#8221; src=&#8221;&#8221;] Mihai Dimian, rectorul Universit\u0103\u021bii \u201e\u0218tefan cel Mare\u201d din Suceava, face pasul spre v\u00e2rful Executivului. Luni dup\u0103-amiaz\u0103, \u00eentr-o \u0219edin\u021b\u0103 fulger a Biroului Politic Na\u021bional al PNL, acesta a primit votul de \u00eencredere pentru a prelua portofoliul\u00a0Educa\u021biei \u0219i Cercet\u0103rii. Decizia a venit la propunerea direct\u0103 a premierului\u00a0Ilie Bolojan, care pare s\u0103 mizeze pe rigoarea [&hellip;]<\/p>\n","protected":false},"author":1,"featured_media":0,"comment_status":"open","ping_status":"","sticky":false,"template":"","format":"standard","meta":{"footnotes":""},"categories":[89],"tags":[226,174],"class_list":["post-1802374","post","type-post","status-publish","format-standard","hentry","category-romania","tag-crawlmanager","tag-suceavanews-ro"],"_links":{"self":[{"href":"https:\/\/analyse.optim.biz\/index.php?rest_route=\/wp\/v2\/posts\/1802374","targetHints":{"allow":["GET"]}}],"collection":[{"href":"https:\/\/analyse.optim.biz\/index.php?rest_route=\/wp\/v2\/posts"}],"about":[{"href":"https:\/\/analyse.optim.biz\/index.php?rest_route=\/wp\/v2\/types\/post"}],"author":[{"embeddable":true,"href":"https:\/\/analyse.optim.biz\/index.php?rest_route=\/wp\/v2\/users\/1"}],"replies":[{"embeddable":true,"href":"https:\/\/analyse.optim.biz\/index.php?rest_route=%2Fwp%2Fv2%2Fcomments&post=1802374"}],"version-history":[{"count":0,"href":"https:\/\/analyse.optim.biz\/index.php?rest_route=\/wp\/v2\/posts\/1802374\/revisions"}],"wp:attachment":[{"href":"https:\/\/analyse.optim.biz\/index.php?rest_route=%2Fwp%2Fv2%2Fmedia&parent=1802374"}],"wp:term":[{"taxonomy":"category","embeddable":true,"href":"https:\/\/analyse.optim.biz\/index.php?rest_route=%2Fwp%2Fv2%2Fcategories&post=1802374"},{"taxonomy":"post_tag","embeddable":true,"href":"https:\/\/analyse.optim.biz\/index.php?rest_route=%2Fwp%2Fv2%2Ftags&post=1802374"}],"curies":[{"name":"wp","href":"https:\/\/api.w.org\/{rel}","templated":true}]}}