{"id":1802361,"date":"2026-03-02T15:57:33","date_gmt":"2026-03-02T12:57:33","guid":{"rendered":"https:\/\/analyse.optim.biz\/?p=1802361"},"modified":"2026-03-02T15:57:33","modified_gmt":"2026-03-02T12:57:33","slug":"primarul-comunei-vatra-moldovitei-condamnat-la-inchisoare-cu-executare-stiri-suceava","status":"publish","type":"post","link":"https:\/\/analyse.optim.biz\/?p=1802361","title":{"rendered":"Primarul comunei Vatra Moldovi\u021bei, condamnat la \u00eenchisoare cu executare &#8211; Stiri Suceava"},"content":{"rendered":"<p>[analyse_image type=&#8221;featured&#8221; src=&#8221;https:\/\/www.informatiata.ro\/wp-content\/uploads\/2026\/03\/IMG_20260302_175007-1018&#215;1024.jpg&#8221;]<\/p>\n<div class=\"td-post-content tagdiv-type\">\n<div class=\"td-post-featured-image\"><a href=\"https:\/\/www.informatiata.ro\/wp-content\/uploads\/2026\/03\/IMG_20260302_175007.jpg\" data-caption><img loading=\"lazy\" decoding=\"async\" width=\"696\" height=\"700\" class=\"entry-thumb td-modal-image\" src=\"https:\/\/www.informatiata.ro\/wp-content\/uploads\/2026\/03\/IMG_20260302_175007-696x700.jpg\" alt title=\"IMG_20260302_175007\"><\/a><\/div>\n<p>Primarul comunei sucevene Virgil Saghin a fost condamnat luni, de c\u0103tre judec\u0103torii ie\u0219eni, la trei ani de \u00eenchisoare cu executare pentru fapte de corup\u021bie. Decizia este definitiv\u0103. <\/p>\n<p>\u00cen rechizitoriul \u00eentocmit, procurorii DNA au re\u021binut \u00een esen\u021b\u0103 urm\u0103toarea stare de fapt:<\/p>\n<div class=\"td-a-rec td-a-rec-id-content_inlineright  tdi_6 td_block_template_1\"><img loading=\"lazy\" decoding=\"async\" class=\"aligncenter size-full wp-image-64175\" src=\"https:\/\/www.informatiata.ro\/wp-content\/uploads\/2026\/02\/SAVCOM-6.gif\" alt width=\"299\" height=\"250\"><img loading=\"lazy\" decoding=\"async\" class=\"aligncenter size-full wp-image-64175\" src=\"https:\/\/www.informatiata.ro\/wp-content\/uploads\/2026\/02\/SAVCOM-6.gif\" alt width=\"299\" height=\"250\"><img loading=\"lazy\" decoding=\"async\" class=\"aligncenter size-large wp-image-64176\" src=\"https:\/\/www.informatiata.ro\/wp-content\/uploads\/2026\/02\/FACOS-5.gif\" alt width=\"300\" height=\"250\"><img loading=\"lazy\" decoding=\"async\" class=\"aligncenter size-large wp-image-64176\" src=\"https:\/\/www.informatiata.ro\/wp-content\/uploads\/2026\/02\/FACOS-5.gif\" alt width=\"300\" height=\"250\"><\/div>\n<p>Inculpa\u021bii Saghin Virgil, Niga Gabriel \u0219i Boca Ana, \u00een calitate de primar, viceprimar, respectiv secretar general al comunei Vatra Moldovi\u021bei, ar fi angajat \u00een mod nelegal, \u00een cadrul prim\u0103riei pe care o conduceau, pe inculpa\u021bii Me\u021bler Stelian (consilier IA la Compartimentul \u201eProtec\u021bia mediului\u201d din cadrul aparatului de specialitate al primarului) \u0219i Burlacu (fost\u0103 Iancu) Simona-Elena (administrator public \u00een cadrul aparatului de specialitate al primarului).<\/p>\n<p>\u00cen rechizitoriu se arat\u0103 c\u0103 angaj\u0103rile la Prim\u0103ria Vatra Moldovi\u021bei, f\u0103cute la 22 iunie 2020 \u00een cazul lui Me\u021bler Stelian, respectiv 16 decembrie 2020 \u00een cazul lui Burlacu (fost\u0103 Iancu) Simona-Elena, ar fi fost doar unele formale \u0219i superficiale, lipsite de con\u021binut \u0219i f\u0103r\u0103 scop legal, ci doar cu scop de moment, respectiv acela de a crea celor doi inculpa\u021bi voca\u021bia pentru a \u00eendeplini condi\u021biile deta\u0219\u0103rii la ABA \u201ePrut-B\u00e2rlad\u201d. Pe l\u00e2ng\u0103 caracterul formal \u0219i fictiv, aceste angaj\u0103ri s-ar fi realizat \u00een baza unor proceduri derulate \u00een mod abuziv \u0219i cu \u00eenc\u0103lcarea prevederilor legale \u00een domeniu (prev\u0103zute de Codul administrativ, Codul muncii etc).<\/p>\n<p>La c\u00e2teva zile de la angajare, respectiv la 30 iunie \u0219i 22 decembrie 2020, inculpa\u021bii Saghin Virgil, Niga Gabriel \u0219i Boca Ana ar fi aprobat deta\u0219area inculpa\u021bilor Me\u021bler Stelian \u0219i Burlacu Simona-Elena la Administra\u021bia Bazinal\u0103 de Ap\u0103 (ABA) \u201ePrut-B\u00e2rlad\u201d.<\/p>\n<p>Aceste deta\u0219\u0103ri s-ar fi f\u0103cut cu aprobarea directorului Administra\u021biei Bazinale de Ap\u0103 (ABA) \u201ePrut-B\u00e2rlad\u201d, inculpatul Avram Petru, care i-ar fi \u00eencadrat pe cei doi inculpa\u021bi pe posturi de ingineri, de\u0219i ace\u0219tia nu aveau studii de specialitate \u00een domeniul respectiv.<\/p>\n<p>Prin aceste demersuri, cei doi \u201eingineri\u201d ar fi ob\u021binut foloase necuvenite const\u00e2nd \u00een drepturile salariale de care au beneficiat \u00een mod nelegal, \u00een sum\u0103 total\u0103 de 53.385 lei (Me\u021bler Stelian \u2013 46.968 lei \u0219i Burlacu (fost\u0103 Iancu) Simona-Elena \u2013 6.417 lei).<\/p>\n<p>Procesul penal \u00eempotriva inculpatului Me\u0219ler Stelian a \u00eencetat ca urmare a decesului acestuia, pentru complicitate la abuz \u00een serviciu.<\/p>\n<p>Inculpa\u021bii Saghin Virgil, Niga Gabriel \u0219i Boca Ana au fost condamna\u021bi fiecare la c\u00e2te 3 ani \u00eenchisoare pentru s\u0103v\u00e2r\u0219irea infrac\u021biunii de abuz \u00een serviciu (3 acte materiale), prev\u0103zut\u0103 de art. 132 din Legea nr. 78\/2000 raportat la art. 297 alin. (1) Cod penal, cu aplicarea art. 35 alin. (1) Cod penal.<\/p>\n<\/div>\n<p>[analyse_source url=&#8221;https:\/\/www.informatiata.ro\/primarul-vatra-moldovitei-condamnat-inchisoare\/&#8221;]<\/p>\n","protected":false},"excerpt":{"rendered":"<p>[analyse_image type=&#8221;featured&#8221; src=&#8221;https:\/\/www.informatiata.ro\/wp-content\/uploads\/2026\/03\/IMG_20260302_175007-1018&#215;1024.jpg&#8221;] Primarul comunei sucevene Virgil Saghin a fost condamnat luni, de c\u0103tre judec\u0103torii ie\u0219eni, la trei ani de \u00eenchisoare cu executare pentru fapte de corup\u021bie. Decizia este definitiv\u0103. \u00cen rechizitoriul \u00eentocmit, procurorii DNA au re\u021binut \u00een esen\u021b\u0103 urm\u0103toarea stare de fapt: Inculpa\u021bii Saghin Virgil, Niga Gabriel \u0219i Boca Ana, \u00een calitate de primar, [&hellip;]<\/p>\n","protected":false},"author":1,"featured_media":0,"comment_status":"open","ping_status":"","sticky":false,"template":"","format":"standard","meta":{"footnotes":""},"categories":[89],"tags":[226,167],"class_list":["post-1802361","post","type-post","status-publish","format-standard","hentry","category-romania","tag-crawlmanager","tag-informatiata-ro"],"_links":{"self":[{"href":"https:\/\/analyse.optim.biz\/index.php?rest_route=\/wp\/v2\/posts\/1802361","targetHints":{"allow":["GET"]}}],"collection":[{"href":"https:\/\/analyse.optim.biz\/index.php?rest_route=\/wp\/v2\/posts"}],"about":[{"href":"https:\/\/analyse.optim.biz\/index.php?rest_route=\/wp\/v2\/types\/post"}],"author":[{"embeddable":true,"href":"https:\/\/analyse.optim.biz\/index.php?rest_route=\/wp\/v2\/users\/1"}],"replies":[{"embeddable":true,"href":"https:\/\/analyse.optim.biz\/index.php?rest_route=%2Fwp%2Fv2%2Fcomments&post=1802361"}],"version-history":[{"count":0,"href":"https:\/\/analyse.optim.biz\/index.php?rest_route=\/wp\/v2\/posts\/1802361\/revisions"}],"wp:attachment":[{"href":"https:\/\/analyse.optim.biz\/index.php?rest_route=%2Fwp%2Fv2%2Fmedia&parent=1802361"}],"wp:term":[{"taxonomy":"category","embeddable":true,"href":"https:\/\/analyse.optim.biz\/index.php?rest_route=%2Fwp%2Fv2%2Fcategories&post=1802361"},{"taxonomy":"post_tag","embeddable":true,"href":"https:\/\/analyse.optim.biz\/index.php?rest_route=%2Fwp%2Fv2%2Ftags&post=1802361"}],"curies":[{"name":"wp","href":"https:\/\/api.w.org\/{rel}","templated":true}]}}