{"id":1801832,"date":"2026-03-02T11:45:11","date_gmt":"2026-03-02T08:45:11","guid":{"rendered":"https:\/\/analyse.optim.biz\/?p=1801832"},"modified":"2026-03-02T11:45:11","modified_gmt":"2026-03-02T08:45:11","slug":"parcul-balnear-din-vatra-dornei-modernizat-cu-fonduri-europene-marius-ripan-continuam-dezvoltarea","status":"publish","type":"post","link":"https:\/\/analyse.optim.biz\/?p=1801832","title":{"rendered":"Parcul Balnear din Vatra Dornei, modernizat cu fonduri europene. Marius R\u00eepan: \u201eContinu\u0103m dezvoltarea"},"content":{"rendered":"<p>[analyse_image type=&#8221;featured&#8221; src=&#8221;https:\/\/suceavalive.ro\/wp-content\/uploads\/2026\/03\/mrius-ripan.pnghttps:\/\/suceavalive.ro\/wp-content\/uploads\/2026\/03\/mrius-ripan.png&#8221;]<\/p>\n<article id=\"post-288219\" class=\"clearfix post-288219 post type-post status-publish format-standard has-post-thumbnail hentry category-administratie category-slide\">\n<header id=\"cb-standard-featured\">\n<div id=\"cb-fis-wrap\" class=\"cb-entry-header cb-fis cb-style-standard\"><span class=\"cb-title-fi\"><\/p>\n<h1 class=\"entry-title cb-entry-title cb-single-title\">Parcul Balnear din Vatra Dornei, modernizat cu fonduri europene. Marius R\u00eepan: \u201eContinu\u0103m dezvoltarea ora\u0219ului nostru\u201d<\/h1>\n<div class=\"cb-byline cb-font-header\">\n<div class=\"cb-date cb-byline-element\"><time datetime=\"2026-03-02\">2 martie 2026<\/time><\/div>\n<\/div>\n<p><\/span><\/div>\n<\/header>\n<section class=\"cb-entry-content entry-content clearfix\">\n<p><span>Primarul Marius R\u00eepan a anun\u021bat c\u0103 Parcul Municipal din Vatra Dornei va fi reabilitat cu fonduri europene atrase prin Programul Regional NE 2021-2027. Potrivit acestuia, contractul de finan\u021bare pentru reabilitarea Parcului Balnear a fost semnat deja, valoarea total\u0103 a proiectului dep\u0103\u0219ind 7 milioane de euro.\u00a0<\/span><\/p>\n<blockquote>\n<p><span><strong><em>\u201eAvem semnat contractul de finan\u021bare pentru reabilitarea Parcului Municipal din Vatra Dornei, un proiect de peste \u0219apte milioane de euro, care va transforma \u00een totalitate parcul. Prin acest proiect vom reabilita aleile pietonale, mobilierul urban \u0219i iluminatul din parc. Se vor crea noi spa\u021bii de agrement, o zon\u0103 de picnic, un anfiteatru cu dou\u0103 sute de locuri \u0219i un mini parc de aventur\u0103 pentru copii. De asemenea, vor fi reabilitate cl\u0103dirile emblematice din parc, inclusiv izvorul Sentinela, foi\u0219orul muzical, izvorul Ferdinand cu foi\u0219orul de lemn, izvorul Nectarie \u0219i izvorul Silvestru. Continu\u0103m dezvoltarea ora\u0219ului nostru \u0219i sunt sigur c\u0103 acest proiect va cre\u0219te mult atractivitatea municipiului nostru\u201d, a transmis primarul municipiului Vatra Dornei, Marius R\u00eepan.<\/em><\/strong><\/span><\/p>\n<\/blockquote>\n<\/section>\n<footer class=\"article-footer\">\n<div class=\"cb-social-sharing cb-post-footer-block cb-beside clearfix\">\n<div class=\"cb-title-subtle\">Share On:<\/div>\n<div class=\"cb-twitter\"><a href=\"https:\/\/twitter.com\/share\" class=\"twitter-share-button\" data-dnt=\"true\" data-count=\"horizontal\">Tweet<\/a><\/div>\n<\/div>\n<div id=\"cb-previous-next-links\" class=\"cb-post-footer-block clearfix\">\n<div id=\"cb-previous-link\"><a href=\"https:\/\/suceavalive.ro\/vasile-rimbu-colaborarea-dintre-echipa-mea-si-psd-a-adus-rezultate-electorale-nu-consider-ca-trebuie-sa-explic-fiecare-decizie-politica\/\" rel=\"prev\">Vasile R\u00eembu: \u201eColaborarea dintre echipa mea \u0219i PSD a adus rezultate electorale. Nu consider c\u0103 trebuie s\u0103 explic fiecare decizie politic\u0103\u201d<\/a><\/div>\n<div id=\"cb-next-link\"><a href=\"https:\/\/suceavalive.ro\/un-biciclist-de-72-de-ani-din-moldovita-a-ajuns-la-spital-dupa-ce-s-a-prabusit-pe-sosea-era-prea-baut-pentru-a-putea-fi-testat\/\" rel=\"next\">Un biciclist de 72 de ani din Moldovi\u021ba a ajuns la spital dup\u0103 ce s-a pr\u0103bu\u0219it pe \u0219osea. Era prea b\u0103ut pentru a putea fi testat<\/a><\/div>\n<\/div>\n<div id=\"cb-author-box\" class=\"clearfix\">\n<h3 class=\"cb-block-title\">Despre autor<\/h3>\n<div class=\"cb-meta\">\n<div class=\"cb-info\">\n<div class=\"cb-author-title vcard\"><a href=\"https:\/\/suceavalive.ro\/author\/suceavalive\/\"><span class=\"fn\">SuceavaLive<\/span><\/a><\/div>\n<\/div>\n<\/div>\n<\/div>\n<div id=\"cb-related-posts\" class=\"cb-related-posts-block cb-post-end-block clearfix\">\n<h3 class=\"cb-block-title\">Postari asemanatoare<\/h3>\n<ul>\n<li class=\"cb-style-overlay cb-grid-entry cb-related-post no-1\">\n<div class=\"cb-meta cb-article-meta\">\n<h4 class=\"h3 cb-post-title\"><a href=\"https:\/\/suceavalive.ro\/vasile-rimbu-colaborarea-dintre-echipa-mea-si-psd-a-adus-rezultate-electorale-nu-consider-ca-trebuie-sa-explic-fiecare-decizie-politica\/\">Vasile R\u00eembu: \u201eColaborarea dintre echipa mea \u0219i PSD a adus rezultate electorale. Nu consider c\u0103 trebuie s\u0103 explic fiecare decizie politic\u0103\u201d<\/a><\/h4>\n<div class=\"cb-byline cb-font-header\">\n<div class=\"cb-date cb-byline-element\"><time datetime=\"2026-03-02\">2 martie 2026<\/time><\/div>\n<\/div>\n<\/div>\n<\/li>\n<li class=\"cb-style-overlay cb-grid-entry cb-related-post no-2\">\n<div class=\"cb-meta cb-article-meta\">\n<h4 class=\"h3 cb-post-title\"><a href=\"https:\/\/suceavalive.ro\/alexandru-covasa-renunta-temporar-la-functiile-de-vicepresedinte-si-purtator-de-cuvant-al-pnl-suceava-pentru-a-se-concentra-pe-comunicarea-administratiei-locale-sucevene\/\">Alexandru Cova\u0219\u0103 renun\u021b\u0103 temporar la func\u021biile de vicepre\u0219edinte \u0219i purt\u0103tor de cuv\u00e2nt al PNL Suceava pentru a se concentra pe comunicarea administra\u021biei locale sucevene<\/a><\/h4>\n<div class=\"cb-byline cb-font-header\">\n<div class=\"cb-date cb-byline-element\"><time datetime=\"2026-03-02\">2 martie 2026<\/time><\/div>\n<\/div>\n<\/div>\n<\/li>\n<\/ul>\n<\/div>\n<\/footer>\n<div id=\"respond\" class=\"comment-respond\">\n<h3 id=\"reply-title\" class=\"comment-reply-title\">Lasa un raspuns <small><a rel=\"nofollow\" id=\"cancel-comment-reply-link\" href=\"https:\/\/suceavalive.ro\/parcul-balnear-din-vatra-dornei-modernizat-cu-fonduri-europene-marius-ripan-continuam-dezvoltarea-orasului-nostru\/#respond\">Anuleaza raspunsul<\/a><\/small><\/h3>\n<p class=\"comment-notes\">Adresa ta de email nu va fi publicat\u0103.<\/p>\n<\/div>\n<\/article>\n<section class=\"cb-entry-content entry-content clearfix\">\n<p><span>Primarul Marius R\u00eepan a anun\u021bat c\u0103 Parcul Municipal din Vatra Dornei va fi reabilitat cu fonduri europene atrase prin Programul Regional NE 2021-2027. Potrivit acestuia, contractul de finan\u021bare pentru reabilitarea Parcului Balnear a fost semnat deja, valoarea total\u0103 a proiectului dep\u0103\u0219ind 7 milioane de euro.\u00a0<\/span><\/p>\n<blockquote>\n<p><span><strong><em>\u201eAvem semnat contractul de finan\u021bare pentru reabilitarea Parcului Municipal din Vatra Dornei, un proiect de peste \u0219apte milioane de euro, care va transforma \u00een totalitate parcul. Prin acest proiect vom reabilita aleile pietonale, mobilierul urban \u0219i iluminatul din parc. Se vor crea noi spa\u021bii de agrement, o zon\u0103 de picnic, un anfiteatru cu dou\u0103 sute de locuri \u0219i un mini parc de aventur\u0103 pentru copii. De asemenea, vor fi reabilitate cl\u0103dirile emblematice din parc, inclusiv izvorul Sentinela, foi\u0219orul muzical, izvorul Ferdinand cu foi\u0219orul de lemn, izvorul Nectarie \u0219i izvorul Silvestru. Continu\u0103m dezvoltarea ora\u0219ului nostru \u0219i sunt sigur c\u0103 acest proiect va cre\u0219te mult atractivitatea municipiului nostru\u201d, a transmis primarul municipiului Vatra Dornei, Marius R\u00eepan.<\/em><\/strong><\/span><\/p>\n<\/blockquote>\n<\/section>\n<section class=\"cb-entry-content entry-content clearfix\">\n<p><span>Primarul Marius R\u00eepan a anun\u021bat c\u0103 Parcul Municipal din Vatra Dornei va fi reabilitat cu fonduri europene atrase prin Programul Regional NE 2021-2027. Potrivit acestuia, contractul de finan\u021bare pentru reabilitarea Parcului Balnear a fost semnat deja, valoarea total\u0103 a proiectului dep\u0103\u0219ind 7 milioane de euro.\u00a0<\/span><\/p>\n<blockquote>\n<p><span><strong><em>\u201eAvem semnat contractul de finan\u021bare pentru reabilitarea Parcului Municipal din Vatra Dornei, un proiect de peste \u0219apte milioane de euro, care va transforma \u00een totalitate parcul. Prin acest proiect vom reabilita aleile pietonale, mobilierul urban \u0219i iluminatul din parc. Se vor crea noi spa\u021bii de agrement, o zon\u0103 de picnic, un anfiteatru cu dou\u0103 sute de locuri \u0219i un mini parc de aventur\u0103 pentru copii. De asemenea, vor fi reabilitate cl\u0103dirile emblematice din parc, inclusiv izvorul Sentinela, foi\u0219orul muzical, izvorul Ferdinand cu foi\u0219orul de lemn, izvorul Nectarie \u0219i izvorul Silvestru. Continu\u0103m dezvoltarea ora\u0219ului nostru \u0219i sunt sigur c\u0103 acest proiect va cre\u0219te mult atractivitatea municipiului nostru\u201d, a transmis primarul municipiului Vatra Dornei, Marius R\u00eepan.<\/em><\/strong><\/span><\/p>\n<\/blockquote>\n<\/section>\n<p>[analyse_source url=&#8221;https:\/\/suceavalive.ro\/parcul-balnear-din-vatra-dornei-modernizat-cu-fonduri-europene-marius-ripan-continuam-dezvoltarea-orasului-nostru\/&#8221;]<\/p>\n","protected":false},"excerpt":{"rendered":"<p>[analyse_image type=&#8221;featured&#8221; src=&#8221;https:\/\/suceavalive.ro\/wp-content\/uploads\/2026\/03\/mrius-ripan.pnghttps:\/\/suceavalive.ro\/wp-content\/uploads\/2026\/03\/mrius-ripan.png&#8221;] Parcul Balnear din Vatra Dornei, modernizat cu fonduri europene. Marius R\u00eepan: \u201eContinu\u0103m dezvoltarea ora\u0219ului nostru\u201d 2 martie 2026 Primarul Marius R\u00eepan a anun\u021bat c\u0103 Parcul Municipal din Vatra Dornei va fi reabilitat cu fonduri europene atrase prin Programul Regional NE 2021-2027. Potrivit acestuia, contractul de finan\u021bare pentru reabilitarea Parcului Balnear a fost [&hellip;]<\/p>\n","protected":false},"author":1,"featured_media":0,"comment_status":"open","ping_status":"","sticky":false,"template":"","format":"standard","meta":{"footnotes":""},"categories":[89],"tags":[226,173],"class_list":["post-1801832","post","type-post","status-publish","format-standard","hentry","category-romania","tag-crawlmanager","tag-suceavalive-ro"],"_links":{"self":[{"href":"https:\/\/analyse.optim.biz\/index.php?rest_route=\/wp\/v2\/posts\/1801832","targetHints":{"allow":["GET"]}}],"collection":[{"href":"https:\/\/analyse.optim.biz\/index.php?rest_route=\/wp\/v2\/posts"}],"about":[{"href":"https:\/\/analyse.optim.biz\/index.php?rest_route=\/wp\/v2\/types\/post"}],"author":[{"embeddable":true,"href":"https:\/\/analyse.optim.biz\/index.php?rest_route=\/wp\/v2\/users\/1"}],"replies":[{"embeddable":true,"href":"https:\/\/analyse.optim.biz\/index.php?rest_route=%2Fwp%2Fv2%2Fcomments&post=1801832"}],"version-history":[{"count":0,"href":"https:\/\/analyse.optim.biz\/index.php?rest_route=\/wp\/v2\/posts\/1801832\/revisions"}],"wp:attachment":[{"href":"https:\/\/analyse.optim.biz\/index.php?rest_route=%2Fwp%2Fv2%2Fmedia&parent=1801832"}],"wp:term":[{"taxonomy":"category","embeddable":true,"href":"https:\/\/analyse.optim.biz\/index.php?rest_route=%2Fwp%2Fv2%2Fcategories&post=1801832"},{"taxonomy":"post_tag","embeddable":true,"href":"https:\/\/analyse.optim.biz\/index.php?rest_route=%2Fwp%2Fv2%2Ftags&post=1801832"}],"curies":[{"name":"wp","href":"https:\/\/api.w.org\/{rel}","templated":true}]}}