{"id":1801671,"date":"2026-03-02T09:30:10","date_gmt":"2026-03-02T06:30:10","guid":{"rendered":"https:\/\/analyse.optim.biz\/?p=1801671"},"modified":"2026-03-02T09:30:10","modified_gmt":"2026-03-02T06:30:10","slug":"scandal-la-o-pensiune-din-nordul-judetului-politistii-au-intervenit-si-i-au-prins-pe-tinerii-care-fugisera","status":"publish","type":"post","link":"https:\/\/analyse.optim.biz\/?p=1801671","title":{"rendered":"SCANDAL la o pensiune din nordul jude\u021bului! POLI\u021aI\u0218TII au intervenit \u0219i i-au prins pe tinerii care fugiser\u0103"},"content":{"rendered":"<p>[analyse_image type=&#8221;featured&#8221; src=&#8221;https:\/\/www.gazeta-valceana.ro\/wp-content\/uploads\/2025\/11\/IPJ-Politia-perchezitii-mascati-femeie-noaptea-2.jpeg&#8221;]<\/p>\n<article id=\"template-id-91645\" class=\"post-91645 tdb_templates type-tdb_templates status-publish post\">\n<div id=\"tdi_49\" class=\"tdc-zone\">\n<div class=\"tdc_zone tdi_50  wpb_row td-pb-row\">\n<div id=\"tdi_51\" class=\"tdc-row stretch_row_1200 td-stretch-content\">\n<div class=\"vc_row tdi_52  wpb_row td-pb-row\">\n<div class=\"vc_column tdi_54  wpb_column vc_column_container tdc-column td-pb-span8\">\n<div class=\"wpb_wrapper\">\n<div class=\"td_block_wrap tdb_title tdi_55 tdb-single-title td-pb-border-top td_block_template_1\" data-td-block-uid=\"tdi_55\">\n<div class=\"tdb-block-inner td-fix-index\">\n<h1 class=\"tdb-title-text\">SCANDAL la o pensiune din nordul jude\u021bului! POLI\u021aI\u0218TII au intervenit \u0219i i-au prins pe tinerii care fugiser\u0103 cu ma\u0219ina<\/h1>\n<\/div>\n<\/div>\n<div class=\"vc_row_inner tdi_58  vc_row vc_inner wpb_row td-pb-row tdc-row-content-vert-center\">\n<div class=\"vc_column_inner tdi_60  wpb_column vc_column_container tdc-inner-column td-pb-span12\">\n<div class=\"vc_column-inner\">\n<div class=\"wpb_wrapper\">\n<div class=\"td_block_wrap tdb_single_categories tdi_61 td-pb-border-top td_block_template_1 \" data-td-block-uid=\"tdi_61\">\n<div class=\"tdb-category td-fix-index\"><a class=\"tdb-entry-category\" href=\"https:\/\/www.gazeta-valceana.ro\/category\/anchetedezvaluri\/\">Anchete\/Dezv\u0103luri<\/a><a class=\"tdb-entry-category\" href=\"https:\/\/www.gazeta-valceana.ro\/category\/i\/\">I<\/a><\/div>\n<\/div>\n<div class=\"td_block_wrap tdb_single_date tdi_62 td-pb-border-top td_block_template_1 tdb-post-meta\" data-td-block-uid=\"tdi_62\">\n<div class=\"tdb-block-inner td-fix-index\"><time class=\"entry-date updated td-module-date\" datetime=\"2026-03-02T11:30:10+02:00\">2 martie 2026<\/time><\/div>\n<\/div>\n<\/div>\n<\/div>\n<\/div>\n<\/div>\n<\/div>\n<\/div>\n<\/div>\n<\/div>\n<div id=\"tdi_65\" class=\"tdc-row stretch_row_1200 td-stretch-content\">\n<div class=\"vc_row tdi_66  wpb_row td-pb-row\">\n<div class=\"vc_column tdi_68  wpb_column vc_column_container tdc-column td-pb-span8\">\n<div class=\"wpb_wrapper\">\n<div class=\"td_block_wrap tdb_single_featured_image tdi_69 tdb-content-horiz-left td-pb-border-top td_block_template_1\" data-td-block-uid=\"tdi_69\">\n<div class=\"tdb-block-inner td-fix-index\"><img loading=\"lazy\" decoding=\"async\" width=\"696\" height=\"395\" class=\"entry-thumb\" src=\"https:\/\/www.gazeta-valceana.ro\/wp-content\/uploads\/2025\/11\/IPJ-Politia-perchezitii-mascati-femeie-noaptea-2-696x395.jpeg\" alt title=\"IPJ Politia perchezitii mascati femeie noaptea 2\"><\/div>\n<\/div>\n<div class=\"td_block_wrap tdb_single_post_share tdi_70  td-pb-border-top td_block_template_1\" data-td-block-uid=\"tdi_70\">\n<div id=\"tdi_70\" class=\"td-post-sharing tdb-block td-ps-border td-ps-border-grey td-ps-notext td-ps-icon-color td-ps-text-color td-post-sharing-style16 \">\n<div class=\"td-post-sharing-visible\">\n<div class=\"td-social-sharing-button td-social-sharing-button-js td-social-handler td-social-share-text\">\n<div class=\"td-social-but-text\">Ac\u021biune<\/div>\n<\/div>\n<p><a class=\"td-social-sharing-button td-social-sharing-button-js td-social-network td-social-facebook\" href=\"https:\/\/www.facebook.com\/sharer.php?u=https%3A%2F%2Fwww.gazeta-valceana.ro%2Fanchetedezvaluri%2Fscandal-la-o-pensiune-din-nordul-judetului-politistii-au-intervenit-si-i-au-prins-pe-tinerii-care-fugisera-cu-masina%2F\" title=\"Facebook\"><\/p>\n<div class=\"td-social-but-text\">Facebook<\/div>\n<p><\/a><a class=\"td-social-sharing-button td-social-sharing-button-js td-social-network td-social-twitter\" href=\"https:\/\/twitter.com\/intent\/tweet?text=SCANDAL+la+o+pensiune+din+nordul+jude%C8%9Bului%21+POLI%C8%9AI%C8%98TII+au+intervenit+%C8%99i+i-au+prins+pe+tinerii+care+fugiser%C4%83+cu+ma%C8%99ina&amp;url=https%3A%2F%2Fwww.gazeta-valceana.ro%2Fanchetedezvaluri%2Fscandal-la-o-pensiune-din-nordul-judetului-politistii-au-intervenit-si-i-au-prins-pe-tinerii-care-fugisera-cu-masina%2F&amp;via=Gazeta+V%C3%A2lcean%C4%83\" title=\"Twitter\"><\/p>\n<div class=\"td-social-but-text\">Twitter<\/div>\n<p><\/a><a class=\"td-social-sharing-button td-social-sharing-button-js td-social-network td-social-pinterest\" href=\"https:\/\/pinterest.com\/pin\/create\/button\/?url=https:\/\/www.gazeta-valceana.ro\/anchetedezvaluri\/scandal-la-o-pensiune-din-nordul-judetului-politistii-au-intervenit-si-i-au-prins-pe-tinerii-care-fugisera-cu-masina\/&amp;media=https:\/\/www.gazeta-valceana.ro\/wp-content\/uploads\/2025\/11\/IPJ-Politia-perchezitii-mascati-femeie-noaptea-2.jpeg&amp;description=SCANDAL+la+o+pensiune+din+nordul+jude%C8%9Bului%21+POLI%C8%9AI%C8%98TII+au+intervenit+%C8%99i+i-au+prins+pe+tinerii+care+fugiser%C4%83+cu+ma%C8%99ina\" title=\"Pinterest\"><\/p>\n<div class=\"td-social-but-text\">Pinterest<\/div>\n<p><\/a><a class=\"td-social-sharing-button td-social-sharing-button-js td-social-network td-social-whatsapp\" href=\"https:\/\/api.whatsapp.com\/send?text=SCANDAL+la+o+pensiune+din+nordul+jude%C8%9Bului%21+POLI%C8%9AI%C8%98TII+au+intervenit+%C8%99i+i-au+prins+pe+tinerii+care+fugiser%C4%83+cu+ma%C8%99ina%20%0A%0A%20https:\/\/www.gazeta-valceana.ro\/anchetedezvaluri\/scandal-la-o-pensiune-din-nordul-judetului-politistii-au-intervenit-si-i-au-prins-pe-tinerii-care-fugisera-cu-masina\/\" title=\"WhatsApp\"><\/p>\n<div class=\"td-social-but-text\">WhatsApp<\/div>\n<p><\/a><\/div>\n<\/div>\n<\/div>\n<div class=\"td_block_wrap tdb_single_content tdi_71 td-pb-border-top td_block_template_1 td-post-content tagdiv-type\" data-td-block-uid=\"tdi_71\">\n<div class=\"tdb-block-inner td-fix-index\">\n<p>La data de 1 martie 2026, \u00een jurul orei 05.15, poli\u021bi\u0219tii au fost sesiza\u021bi prin apel 112 de c\u0103tre un t\u00e2n\u0103r de 21 de ani, domiciliat \u00een ora\u0219ul Brezoi, care a reclamat faptul c\u0103, \u00een timp ce se afla \u00eentr-o camer\u0103 a unei pensiuni din comuna M\u0103laia, dou\u0103 persoane necunoscute ar fi p\u0103truns \u00een \u00eenc\u0103pere, l-ar fi amenin\u021bat cu un obiect t\u0103ietor-\u00een\u021bep\u0103tor \u0219i i-ar fi sustras un ceas de m\u00e2n\u0103, \u00een valoare de aproximativ 1.500 de lei. Din verific\u0103rile efectuate a reie\u0219it c\u0103 un alt t\u00e2n\u0103r, \u00een v\u00e2rst\u0103 de 24 de ani, care ar fi intervenit pentru a-l ajuta pe apelant, ar fi fost agresat fizic de c\u0103tre unul dintre cei doi f\u0103ptuitori, fiind transportat la spital pentru acordarea de \u00eengrijiri medicale.<\/p>\n<p>Dup\u0103 comiterea faptelor, cele dou\u0103 persoane necunoscute ar fi p\u0103r\u0103sit locul faptei cu un autoturism. \u00cen urma activit\u0103\u021bilor investigativ-operative desf\u0103\u0219urate, poli\u021bi\u0219tii au identificat \u00een scurt timp cele dou\u0103 persoane b\u0103nuite de comiterea faptelor, fiind vorba despre doi tineri, \u00een v\u00e2rst\u0103 de 21 \u0219i 22 de ani, ambii din municipiul R\u00e2mnicu V\u00e2lcea.<\/p>\n<p><em>\u201e\u00cen urma probatoriului administrat, sub coordonarea procurorului de caz din cadrul Parchetului de pe l\u00e2ng\u0103 Judec\u0103toria Brezoi, poli\u021bi\u0219tii au dispus re\u021binerea celor doi b\u0103rba\u021bi pentru 24 de ore, ace\u0219tia fiind introdu\u0219i \u00een Centrul de Re\u021binere \u0219i Arestare Preventiv\u0103 din cadrul Inspectoratul de Poli\u021bie Jude\u021bean V\u00e2lcea. Luni, 2 martie, cei doi urmeaz\u0103 s\u0103 fie prezenta\u021bi unit\u0103\u021bii de parchet competente, \u00een vederea dispunerii m\u0103surilor legale care se impun. Activit\u0103\u021bile au beneficiat de sprijinul poli\u021bi\u0219tilor din cadrul Serviciului de Investiga\u021bii Criminale. Cercet\u0103rile continu\u0103 sub coordonarea unit\u0103\u021bii de parchet competente, \u00een vederea stabilirii cu exactitate a tuturor \u00eemprejur\u0103rilor producerii faptei. Facem precizarea c\u0103, pe parcursul \u00eentregului proces penal, persoanele cercetate beneficiaz\u0103 de drepturile \u0219i garan\u021biile procesuale prev\u0103zute de Codul de procedur\u0103 penal\u0103, precum \u0219i de prezum\u021bia de nevinov\u0103\u021bie\u201d<\/em>, au anun\u021bat poli\u021bi\u0219tii v\u00e2lceni.<\/p>\n<\/div>\n<\/div>\n<div class=\"tdb-author-box td_block_wrap tdb_single_author_box tdi_72 tdb-content-vert-top td-pb-border-top td_block_template_1\" data-td-block-uid=\"tdi_72\">\n<div class=\"tdb-block-inner td-fix-index\"><a href=\"https:\/\/www.gazeta-valceana.ro\/author\/redactia\/\" class=\"tdb-author-photo\" title=\"Redactia\"><img decoding=\"async\" alt=\"Redactia\" src=\"https:\/\/secure.gravatar.com\/avatar\/d9699bfd17d7f55fcf6bbdfb0214d48a942c5fd23a1db27f4a803a8d0651670f?s=500&amp;d=mm&amp;r=g\" class=\"avatar avatar-500 photo\" height=\"500\" width=\"500\" loading=\"lazy\"><\/a><\/p>\n<div class=\"tdb-author-info\"><a href=\"https:\/\/www.gazeta-valceana.ro\/author\/redactia\/\" class=\"tdb-author-name\">Redactia<\/a><\/div>\n<\/div>\n<\/div>\n<\/div>\n<\/div>\n<div class=\"vc_column tdi_76  wpb_column vc_column_container tdc-column td-pb-span4 td-is-sticky\">\n<div class=\"wpb_wrapper\" data-sticky-enabled-on=\"W3RydWUsdHJ1ZSx0cnVlLHRydWVd\" data-sticky-offset=\"20\" data-sticky-is-width-auto=\"W2ZhbHNlLGZhbHNlLGZhbHNlLGZhbHNlXQ==\">\n<div class=\"vc_row_inner tdi_81  vc_row vc_inner wpb_row td-pb-row tdc-row-content-vert-center\">\n<div class=\"vc_column_inner tdi_83  wpb_column vc_column_container tdc-inner-column td-pb-span12\">\n<div class=\"vc_column-inner\">\n<div class=\"wpb_wrapper\">\n<div class=\"tdm_block td_block_wrap tdm_block_inline_text tdi_86 tdm-inline-block td-pb-border-top td_block_template_1\" data-td-block-uid=\"tdi_86\">\n<p class=\"tdm-descr\">Ultimele articole<\/p>\n<\/div>\n<\/div>\n<\/div>\n<\/div>\n<\/div>\n<div class=\"td_block_wrap td_flex_block_1 tdi_87 td-pb-border-top td_block_template_1 td_flex_block\" data-td-block-uid=\"tdi_87\">\n<div id=\"tdi_87\" class=\"td_block_inner td-mc1-wrap\">\n<div class=\"td_module_flex td_module_flex_1 td_module_wrap td-animation-stack td-cpt-post\">\n<div class=\"td-module-container td-category-pos-\">\n<div class=\"td-module-meta-info\">\n<h3 class=\"entry-title td-module-title\"><a href=\"https:\/\/www.gazeta-valceana.ro\/fapt-divers\/unii-mai-pica-proba-cu-etilotestul-doar-a-fost-martisorul-nu-bilantul-ultimelor-controale-pe-soselele-din-judet\/\" rel=\"bookmark\" title=\"Unii mai \u201epic\u0103\u201d proba cu etilotestul. Doar a fost M\u0103r\u021bi\u0219orul, nu? BILAN\u021aUL ultimelor controale pe \u0219oselele din jude\u021b\">Unii mai \u201epic\u0103\u201d proba cu etilotestul. Doar a fost M\u0103r\u021bi\u0219orul, nu? BILAN\u021aUL ultimelor controale pe \u0219oselele din jude\u021b<\/a><\/h3>\n<div class=\"td-editor-date\"><span class=\"td-author-date\"><span class=\"td-post-date\"><time class=\"entry-date updated td-module-date\" datetime=\"2026-03-02T12:13:50+02:00\">2 martie 2026<\/time><\/span><\/span><\/div>\n<\/div>\n<\/div>\n<\/div>\n<div class=\"td_module_flex td_module_flex_1 td_module_wrap td-animation-stack td-cpt-post\">\n<div class=\"td-module-container td-category-pos-\">\n<div class=\"td-module-meta-info\">\n<h3 class=\"entry-title td-module-title\"><a href=\"https:\/\/www.gazeta-valceana.ro\/fapt-divers\/daca-sufera-de-amnezie-sa-i-se-ia-de-tot-permisul-sofer-din-craiova-depistat-in-valcea-uitase-ca-are-permisul-suspendat-de-un-an\/\" rel=\"bookmark\" title=\"Dac\u0103 sufer\u0103 de amnezie, s\u0103 i se ia de tot permisul! \u0218ofer din Craiova, depistat \u00een V\u00e2lcea, \u201euitase\u201d c\u0103 are permisul suspendat de un an\">Dac\u0103 sufer\u0103 de amnezie, s\u0103 i se ia de tot permisul! \u0218ofer din Craiova, depistat \u00een V\u00e2lcea, \u201euitase\u201d c\u0103 are permisul suspendat de un&#8230;<\/a><\/h3>\n<div class=\"td-editor-date\"><span class=\"td-author-date\"><span class=\"td-post-date\"><time class=\"entry-date updated td-module-date\" datetime=\"2026-03-02T12:02:17+02:00\">2 martie 2026<\/time><\/span><\/span><\/div>\n<\/div>\n<\/div>\n<\/div>\n<div class=\"td_module_flex td_module_flex_1 td_module_wrap td-animation-stack td-cpt-post\">\n<div class=\"td-module-container td-category-pos-\">\n<div class=\"td-module-meta-info\">\n<h3 class=\"entry-title td-module-title\"><a href=\"https:\/\/www.gazeta-valceana.ro\/fapt-divers\/incendiu-la-un-solar-din-ramnicu-valcea-pompierii-valceni-au-intervenit-de-urgenta\/\" rel=\"bookmark\" title=\"INCENDIU la un solar din R\u00e2mnicu V\u00e2lcea. POMPIERII au intervenit de urgen\u021b\u0103\">INCENDIU la un solar din R\u00e2mnicu V\u00e2lcea. POMPIERII au intervenit de urgen\u021b\u0103<\/a><\/h3>\n<div class=\"td-editor-date\"><span class=\"td-author-date\"><span class=\"td-post-date\"><time class=\"entry-date updated td-module-date\" datetime=\"2026-03-02T08:35:29+02:00\">2 martie 2026<\/time><\/span><\/span><\/div>\n<\/div>\n<\/div>\n<\/div>\n<div class=\"td_module_flex td_module_flex_1 td_module_wrap td-animation-stack td-cpt-post\">\n<div class=\"td-module-container td-category-pos-\">\n<div class=\"td-module-meta-info\">\n<h3 class=\"entry-title td-module-title\"><a href=\"https:\/\/www.gazeta-valceana.ro\/eveniment\/lozul-norocos-un-valcean-a-dat-lovitura-vietii-la-loto-cine-este-proaspatul-castigator\/\" rel=\"bookmark\" title=\"LOZUL NOROCOS: Un v\u00e2lcean a dat lovitura vie\u021bii la loto! Cine este proasp\u0103tul c\u00e2\u0219tig\u0103tor\">LOZUL NOROCOS: Un v\u00e2lcean a dat lovitura vie\u021bii la loto! Cine este proasp\u0103tul c\u00e2\u0219tig\u0103tor<\/a><\/h3>\n<div class=\"td-editor-date\"><span class=\"td-author-date\"><span class=\"td-post-date\"><time class=\"entry-date updated td-module-date\" datetime=\"2026-03-01T17:53:02+02:00\">1 martie 2026<\/time><\/span><\/span><\/div>\n<\/div>\n<\/div>\n<\/div>\n<\/div>\n<\/div>\n<div class=\"td_block_wrap td-a-rec td-a-rec-id-custom-spot td-a-rec-img tdi_88 td_block_template_1\">\n<div><a href=\"https:\/\/www.gazeta-valceana.ro\/anchetedezvaluri\/scandal-la-o-pensiune-din-nordul-judetului-politistii-au-intervenit-si-i-au-prins-pe-tinerii-care-fugisera-cu-masina\/\" class=\"td_spot_img_all\"><img loading=\"lazy\" decoding=\"async\" src=\"https:\/\/www.gazeta-valceana.ro\/wp-content\/uploads\/2025\/01\/image-5.jpg\" alt=\"spot_img\" width=\"347\" height=\"277\"><\/a><a href=\"https:\/\/www.gazeta-valceana.ro\/anchetedezvaluri\/scandal-la-o-pensiune-din-nordul-judetului-politistii-au-intervenit-si-i-au-prins-pe-tinerii-care-fugisera-cu-masina\/\" class=\"td_spot_img_mob\"><img loading=\"lazy\" decoding=\"async\" src=\"https:\/\/www.gazeta-valceana.ro\/wp-content\/uploads\/2025\/01\/image-5.jpg\" alt=\"spot_img\" width=\"347\" height=\"247\"><\/a><\/div>\n<\/div>\n<div class=\"td_block_wrap td-a-rec td-a-rec-id-custom-spot td-a-rec-img tdi_89 td_block_template_1\">\n<div><a href=\"https:\/\/www.gazeta-valceana.ro\/anchetedezvaluri\/scandal-la-o-pensiune-din-nordul-judetului-politistii-au-intervenit-si-i-au-prins-pe-tinerii-care-fugisera-cu-masina\/\" class=\"td_spot_img_all\"><img loading=\"lazy\" decoding=\"async\" src=\"https:\/\/www.gazeta-valceana.ro\/wp-content\/uploads\/2025\/01\/image-3.jpeg\" alt=\"spot_img\" width=\"347\" height=\"277\"><\/a><a href=\"https:\/\/www.gazeta-valceana.ro\/anchetedezvaluri\/scandal-la-o-pensiune-din-nordul-judetului-politistii-au-intervenit-si-i-au-prins-pe-tinerii-care-fugisera-cu-masina\/\" class=\"td_spot_img_mob\"><img loading=\"lazy\" decoding=\"async\" src=\"https:\/\/www.gazeta-valceana.ro\/wp-content\/uploads\/2025\/01\/image-3.jpeg\" alt=\"spot_img\" width=\"347\" height=\"247\"><\/a><\/div>\n<\/div>\n<\/div>\n<\/div>\n<\/div>\n<\/div>\n<div id=\"tdi_97\" class=\"tdc-row stretch_row_1200 td-stretch-content\">\n<div class=\"vc_row tdi_98  wpb_row td-pb-row\">\n<div class=\"vc_column tdi_100  wpb_column vc_column_container tdc-column td-pb-span12\">\n<div class=\"wpb_wrapper\">\n<div class=\"td_block_wrap tdb_single_next_prev tdi_101 td-pb-border-top td_block_template_1\" data-td-block-uid=\"tdi_101\">\n<div class=\"tdb-block-inner td-fix-index\">\n<div class=\"tdb-next-post tdb-next-post-bg tdb-post-prev\"><span>Articolul precedent<\/span><\/p>\n<div class=\"td-module-container\">\n<div class=\"next-prev-title\"><a href=\"https:\/\/www.gazeta-valceana.ro\/fapt-divers\/incendiu-la-un-solar-din-ramnicu-valcea-pompierii-valceni-au-intervenit-de-urgenta\/\">INCENDIU la un solar din R\u00e2mnicu V\u00e2lcea. POMPIERII au intervenit de urgen\u021b\u0103<\/a><\/div>\n<\/div>\n<\/div>\n<div class=\"tdb-next-post tdb-next-post-bg tdb-post-next\"><span>Articolul urm\u0103tor<\/span><\/p>\n<div class=\"td-module-container\">\n<div class=\"next-prev-title\"><a href=\"https:\/\/www.gazeta-valceana.ro\/fapt-divers\/daca-sufera-de-amnezie-sa-i-se-ia-de-tot-permisul-sofer-din-craiova-depistat-in-valcea-uitase-ca-are-permisul-suspendat-de-un-an\/\">Dac\u0103 sufer\u0103 de amnezie, s\u0103 i se ia de tot permisul! \u0218ofer din Craiova, depistat \u00een V\u00e2lcea, \u201euitase\u201d c\u0103 are permisul suspendat de un an<\/a><\/div>\n<\/div>\n<\/div>\n<\/div>\n<\/div>\n<div class=\"vc_row_inner tdi_103  vc_row vc_inner wpb_row td-pb-row tdc-row-content-vert-center\">\n<div class=\"vc_column_inner tdi_105  wpb_column vc_column_container tdc-inner-column td-pb-span12\">\n<div class=\"vc_column-inner\">\n<div class=\"wpb_wrapper\">\n<div class=\"tdm_block td_block_wrap tdm_block_inline_text tdi_108 tdm-inline-block td-pb-border-top td_block_template_1\" data-td-block-uid=\"tdi_108\">\n<p class=\"tdm-descr\">Related articles<\/p>\n<\/div>\n<\/div>\n<\/div>\n<\/div>\n<\/div>\n<div class=\"td_block_wrap tdb_single_related tdi_109 td_with_ajax_pagination td-pb-border-top td_block_template_1 tdb-single-related-posts\" data-td-block-uid=\"tdi_109\">\n<div id=\"tdi_109\" class=\"td_block_inner tdb-block-inner td-fix-index\">\n<div class=\"tdb_module_related td_module_wrap td-animation-stack\">\n<div class=\"td-module-container td-category-pos-\">\n<div class=\"td-module-meta-info\">\n<h3 class=\"entry-title td-module-title\"><a href=\"https:\/\/www.gazeta-valceana.ro\/fapt-divers\/unii-mai-pica-proba-cu-etilotestul-doar-a-fost-martisorul-nu-bilantul-ultimelor-controale-pe-soselele-din-judet\/\" rel=\"bookmark\" title=\"Unii mai \u201epic\u0103\u201d proba cu etilotestul. Doar a fost M\u0103r\u021bi\u0219orul, nu? BILAN\u021aUL ultimelor controale pe \u0219oselele din jude\u021b\">Unii mai \u201epic\u0103\u201d proba cu etilotestul. Doar a fost M\u0103r\u021bi\u0219orul, nu? BILAN\u021aUL ultimelor controale pe \u0219oselele din jude\u021b<\/a><\/h3>\n<div class=\"td-editor-date\"><a href=\"https:\/\/www.gazeta-valceana.ro\/category\/fapt-divers\/\" class=\"td-post-category\">Fapt divers<\/a><span class=\"td-author-date\"><span class=\"td-post-date\"><time class=\"entry-date updated td-module-date\" datetime=\"2026-03-02T12:13:50+02:00\">2 martie 2026<\/time><\/span><\/span><\/div>\n<\/div>\n<\/div>\n<\/div>\n<div class=\"tdb_module_related td_module_wrap td-animation-stack\">\n<div class=\"td-module-container td-category-pos-\">\n<div class=\"td-module-meta-info\">\n<h3 class=\"entry-title td-module-title\"><a href=\"https:\/\/www.gazeta-valceana.ro\/fapt-divers\/daca-sufera-de-amnezie-sa-i-se-ia-de-tot-permisul-sofer-din-craiova-depistat-in-valcea-uitase-ca-are-permisul-suspendat-de-un-an\/\" rel=\"bookmark\" title=\"Dac\u0103 sufer\u0103 de amnezie, s\u0103 i se ia de tot permisul! \u0218ofer din Craiova, depistat \u00een V\u00e2lcea, \u201euitase\u201d c\u0103 are permisul suspendat de un an\">Dac\u0103 sufer\u0103 de amnezie, s\u0103 i se ia de tot permisul! \u0218ofer din Craiova, depistat \u00een V\u00e2lcea, \u201euitase\u201d c\u0103 are permisul suspendat de un&#8230;<\/a><\/h3>\n<div class=\"td-editor-date\"><a href=\"https:\/\/www.gazeta-valceana.ro\/category\/fapt-divers\/\" class=\"td-post-category\">Fapt divers<\/a><span class=\"td-author-date\"><span class=\"td-post-date\"><time class=\"entry-date updated td-module-date\" datetime=\"2026-03-02T12:02:17+02:00\">2 martie 2026<\/time><\/span><\/span><\/div>\n<\/div>\n<\/div>\n<\/div>\n<div class=\"tdb_module_related td_module_wrap td-animation-stack\">\n<div class=\"td-module-container td-category-pos-\">\n<div class=\"td-module-meta-info\">\n<h3 class=\"entry-title td-module-title\"><a href=\"https:\/\/www.gazeta-valceana.ro\/fapt-divers\/incendiu-la-un-solar-din-ramnicu-valcea-pompierii-valceni-au-intervenit-de-urgenta\/\" rel=\"bookmark\" title=\"INCENDIU la un solar din R\u00e2mnicu V\u00e2lcea. POMPIERII au intervenit de urgen\u021b\u0103\">INCENDIU la un solar din R\u00e2mnicu V\u00e2lcea. POMPIERII au intervenit de urgen\u021b\u0103<\/a><\/h3>\n<div class=\"td-editor-date\"><a href=\"https:\/\/www.gazeta-valceana.ro\/category\/fapt-divers\/\" class=\"td-post-category\">Fapt divers<\/a><span class=\"td-author-date\"><span class=\"td-post-date\"><time class=\"entry-date updated td-module-date\" datetime=\"2026-03-02T08:35:29+02:00\">2 martie 2026<\/time><\/span><\/span><\/div>\n<\/div>\n<\/div>\n<\/div>\n<\/div>\n<\/div>\n<\/div>\n<\/div>\n<\/div>\n<\/div>\n<div id=\"tdi_116\" class=\"tdc-row stretch_row_1200 td-stretch-content\">\n<div class=\"vc_row tdi_117  wpb_row td-pb-row\">\n<div class=\"vc_column tdi_122  wpb_column vc_column_container tdc-column td-pb-span4 td-is-sticky\">\n<div class=\"wpb_wrapper\" data-sticky-enabled-on=\"W3RydWUsdHJ1ZSx0cnVlLHRydWVd\" data-sticky-offset=\"20\" data-sticky-is-width-auto=\"W2ZhbHNlLGZhbHNlLGZhbHNlLGZhbHNlXQ==\">\n<div class=\"td_block_wrap td-a-rec td-a-rec-id-custom-spot td-a-rec-img tdi_123 td_block_template_1\">\n<div><a href=\"https:\/\/www.gazeta-valceana.ro\/anchetedezvaluri\/scandal-la-o-pensiune-din-nordul-judetului-politistii-au-intervenit-si-i-au-prins-pe-tinerii-care-fugisera-cu-masina\/\" class=\"td_spot_img_all\"><img loading=\"lazy\" decoding=\"async\" src=\"https:\/\/www.gazeta-valceana.ro\/wp-content\/uploads\/2025\/01\/image-4.jpg\" alt=\"spot_img\" width=\"347\" height=\"277\"><\/a><a href=\"https:\/\/www.gazeta-valceana.ro\/anchetedezvaluri\/scandal-la-o-pensiune-din-nordul-judetului-politistii-au-intervenit-si-i-au-prins-pe-tinerii-care-fugisera-cu-masina\/\" class=\"td_spot_img_mob\"><img loading=\"lazy\" decoding=\"async\" src=\"https:\/\/www.gazeta-valceana.ro\/wp-content\/uploads\/2025\/01\/image-4.jpg\" alt=\"spot_img\" width=\"347\" height=\"247\"><\/a><\/div>\n<\/div>\n<div class=\"td_block_wrap td-a-rec td-a-rec-id-custom-spot td-a-rec-img tdi_124 td_block_template_1\">\n<div><a href=\"https:\/\/www.gazeta-valceana.ro\/anchetedezvaluri\/scandal-la-o-pensiune-din-nordul-judetului-politistii-au-intervenit-si-i-au-prins-pe-tinerii-care-fugisera-cu-masina\/\" class=\"td_spot_img_all\"><img loading=\"lazy\" decoding=\"async\" src=\"https:\/\/www.gazeta-valceana.ro\/wp-content\/uploads\/2025\/01\/image-5.jpg\" alt=\"spot_img\" width=\"347\" height=\"277\"><\/a><a href=\"https:\/\/www.gazeta-valceana.ro\/anchetedezvaluri\/scandal-la-o-pensiune-din-nordul-judetului-politistii-au-intervenit-si-i-au-prins-pe-tinerii-care-fugisera-cu-masina\/\" class=\"td_spot_img_mob\"><img loading=\"lazy\" decoding=\"async\" src=\"https:\/\/www.gazeta-valceana.ro\/wp-content\/uploads\/2025\/01\/image-5.jpg\" alt=\"spot_img\" width=\"347\" height=\"247\"><\/a><\/div>\n<\/div>\n<div class=\"td_block_wrap td-a-rec td-a-rec-id-custom-spot td-a-rec-img tdi_125 td_block_template_1\">\n<div><a href=\"https:\/\/www.gazeta-valceana.ro\/anchetedezvaluri\/scandal-la-o-pensiune-din-nordul-judetului-politistii-au-intervenit-si-i-au-prins-pe-tinerii-care-fugisera-cu-masina\/\" class=\"td_spot_img_all\"><img loading=\"lazy\" decoding=\"async\" src=\"https:\/\/www.gazeta-valceana.ro\/wp-content\/uploads\/2025\/01\/image-3.jpeg\" alt=\"spot_img\" width=\"347\" height=\"277\"><\/a><a href=\"https:\/\/www.gazeta-valceana.ro\/anchetedezvaluri\/scandal-la-o-pensiune-din-nordul-judetului-politistii-au-intervenit-si-i-au-prins-pe-tinerii-care-fugisera-cu-masina\/\" class=\"td_spot_img_mob\"><img loading=\"lazy\" decoding=\"async\" src=\"https:\/\/www.gazeta-valceana.ro\/wp-content\/uploads\/2025\/01\/image-3.jpeg\" alt=\"spot_img\" width=\"347\" height=\"247\"><\/a><\/div>\n<\/div>\n<\/div>\n<\/div>\n<\/div>\n<\/div>\n<\/div>\n<\/div>\n<p><span class=\"td-page-meta\"><\/span><span class=\"td-page-meta\"><span class=\"td-page-meta\"><\/span><\/span><span class=\"td-page-meta\"><\/span><\/article>\n<\/p>\n<div class=\"td_block_wrap tdb_single_content tdi_71 td-pb-border-top td_block_template_1 td-post-content tagdiv-type\" data-td-block-uid=\"tdi_71\">\n<div class=\"tdb-block-inner td-fix-index\">\n<p>La data de 1 martie 2026, \u00een jurul orei 05.15, poli\u021bi\u0219tii au fost sesiza\u021bi prin apel 112 de c\u0103tre un t\u00e2n\u0103r de 21 de ani, domiciliat \u00een ora\u0219ul Brezoi, care a reclamat faptul c\u0103, \u00een timp ce se afla \u00eentr-o camer\u0103 a unei pensiuni din comuna M\u0103laia, dou\u0103 persoane necunoscute ar fi p\u0103truns \u00een \u00eenc\u0103pere, l-ar fi amenin\u021bat cu un obiect t\u0103ietor-\u00een\u021bep\u0103tor \u0219i i-ar fi sustras un ceas de m\u00e2n\u0103, \u00een valoare de aproximativ 1.500 de lei. Din verific\u0103rile efectuate a reie\u0219it c\u0103 un alt t\u00e2n\u0103r, \u00een v\u00e2rst\u0103 de 24 de ani, care ar fi intervenit pentru a-l ajuta pe apelant, ar fi fost agresat fizic de c\u0103tre unul dintre cei doi f\u0103ptuitori, fiind transportat la spital pentru acordarea de \u00eengrijiri medicale.<\/p>\n<p>Dup\u0103 comiterea faptelor, cele dou\u0103 persoane necunoscute ar fi p\u0103r\u0103sit locul faptei cu un autoturism. \u00cen urma activit\u0103\u021bilor investigativ-operative desf\u0103\u0219urate, poli\u021bi\u0219tii au identificat \u00een scurt timp cele dou\u0103 persoane b\u0103nuite de comiterea faptelor, fiind vorba despre doi tineri, \u00een v\u00e2rst\u0103 de 21 \u0219i 22 de ani, ambii din municipiul R\u00e2mnicu V\u00e2lcea.<\/p>\n<p><em>\u201e\u00cen urma probatoriului administrat, sub coordonarea procurorului de caz din cadrul Parchetului de pe l\u00e2ng\u0103 Judec\u0103toria Brezoi, poli\u021bi\u0219tii au dispus re\u021binerea celor doi b\u0103rba\u021bi pentru 24 de ore, ace\u0219tia fiind introdu\u0219i \u00een Centrul de Re\u021binere \u0219i Arestare Preventiv\u0103 din cadrul Inspectoratul de Poli\u021bie Jude\u021bean V\u00e2lcea. Luni, 2 martie, cei doi urmeaz\u0103 s\u0103 fie prezenta\u021bi unit\u0103\u021bii de parchet competente, \u00een vederea dispunerii m\u0103surilor legale care se impun. Activit\u0103\u021bile au beneficiat de sprijinul poli\u021bi\u0219tilor din cadrul Serviciului de Investiga\u021bii Criminale. Cercet\u0103rile continu\u0103 sub coordonarea unit\u0103\u021bii de parchet competente, \u00een vederea stabilirii cu exactitate a tuturor \u00eemprejur\u0103rilor producerii faptei. Facem precizarea c\u0103, pe parcursul \u00eentregului proces penal, persoanele cercetate beneficiaz\u0103 de drepturile \u0219i garan\u021biile procesuale prev\u0103zute de Codul de procedur\u0103 penal\u0103, precum \u0219i de prezum\u021bia de nevinov\u0103\u021bie\u201d<\/em>, au anun\u021bat poli\u021bi\u0219tii v\u00e2lceni.<\/p>\n<\/div>\n<\/div>\n<p>La data de 1 martie 2026, \u00een jurul orei 05.15, poli\u021bi\u0219tii au fost sesiza\u021bi prin apel 112 de c\u0103tre un t\u00e2n\u0103r de 21 de ani, domiciliat \u00een ora\u0219ul Brezoi, care a reclamat faptul c\u0103, \u00een timp ce se afla \u00eentr-o camer\u0103 a unei pensiuni din comuna M\u0103laia, dou\u0103 persoane necunoscute ar fi p\u0103truns \u00een \u00eenc\u0103pere, l-ar fi amenin\u021bat cu un obiect t\u0103ietor-\u00een\u021bep\u0103tor \u0219i i-ar fi sustras un ceas de m\u00e2n\u0103, \u00een valoare de aproximativ 1.500 de lei. Din verific\u0103rile efectuate a reie\u0219it c\u0103 un alt t\u00e2n\u0103r, \u00een v\u00e2rst\u0103 de 24 de ani, care ar fi intervenit pentru a-l ajuta pe apelant, ar fi fost agresat fizic de c\u0103tre unul dintre cei doi f\u0103ptuitori, fiind transportat la spital pentru acordarea de \u00eengrijiri medicale.<\/p>\n<p>Dup\u0103 comiterea faptelor, cele dou\u0103 persoane necunoscute ar fi p\u0103r\u0103sit locul faptei cu un autoturism. \u00cen urma activit\u0103\u021bilor investigativ-operative desf\u0103\u0219urate, poli\u021bi\u0219tii au identificat \u00een scurt timp cele dou\u0103 persoane b\u0103nuite de comiterea faptelor, fiind vorba despre doi tineri, \u00een v\u00e2rst\u0103 de 21 \u0219i 22 de ani, ambii din municipiul R\u00e2mnicu V\u00e2lcea.<\/p>\n<p><em>\u201e\u00cen urma probatoriului administrat, sub coordonarea procurorului de caz din cadrul Parchetului de pe l\u00e2ng\u0103 Judec\u0103toria Brezoi, poli\u021bi\u0219tii au dispus re\u021binerea celor doi b\u0103rba\u021bi pentru 24 de ore, ace\u0219tia fiind introdu\u0219i \u00een Centrul de Re\u021binere \u0219i Arestare Preventiv\u0103 din cadrul Inspectoratul de Poli\u021bie Jude\u021bean V\u00e2lcea. Luni, 2 martie, cei doi urmeaz\u0103 s\u0103 fie prezenta\u021bi unit\u0103\u021bii de parchet competente, \u00een vederea dispunerii m\u0103surilor legale care se impun. Activit\u0103\u021bile au beneficiat de sprijinul poli\u021bi\u0219tilor din cadrul Serviciului de Investiga\u021bii Criminale. Cercet\u0103rile continu\u0103 sub coordonarea unit\u0103\u021bii de parchet competente, \u00een vederea stabilirii cu exactitate a tuturor \u00eemprejur\u0103rilor producerii faptei. Facem precizarea c\u0103, pe parcursul \u00eentregului proces penal, persoanele cercetate beneficiaz\u0103 de drepturile \u0219i garan\u021biile procesuale prev\u0103zute de Codul de procedur\u0103 penal\u0103, precum \u0219i de prezum\u021bia de nevinov\u0103\u021bie\u201d<\/em>, au anun\u021bat poli\u021bi\u0219tii v\u00e2lceni.<\/p>\n<p>[analyse_source url=&#8221;https:\/\/www.gazeta-valceana.ro\/anchetedezvaluri\/scandal-la-o-pensiune-din-nordul-judetului-politistii-au-intervenit-si-i-au-prins-pe-tinerii-care-fugisera-cu-masina\/&#8221;]<\/p>\n","protected":false},"excerpt":{"rendered":"<p>[analyse_image type=&#8221;featured&#8221; src=&#8221;https:\/\/www.gazeta-valceana.ro\/wp-content\/uploads\/2025\/11\/IPJ-Politia-perchezitii-mascati-femeie-noaptea-2.jpeg&#8221;] SCANDAL la o pensiune din nordul jude\u021bului! POLI\u021aI\u0218TII au intervenit \u0219i i-au prins pe tinerii care fugiser\u0103 cu ma\u0219ina Anchete\/Dezv\u0103luriI 2 martie 2026 Ac\u021biune Facebook Twitter Pinterest WhatsApp La data de 1 martie 2026, \u00een jurul orei 05.15, poli\u021bi\u0219tii au fost sesiza\u021bi prin apel 112 de c\u0103tre un t\u00e2n\u0103r de 21 de [&hellip;]<\/p>\n","protected":false},"author":1,"featured_media":0,"comment_status":"open","ping_status":"","sticky":false,"template":"","format":"standard","meta":{"footnotes":""},"categories":[89],"tags":[226,214],"class_list":["post-1801671","post","type-post","status-publish","format-standard","hentry","category-romania","tag-crawlmanager","tag-gazetavalceana-ro"],"_links":{"self":[{"href":"https:\/\/analyse.optim.biz\/index.php?rest_route=\/wp\/v2\/posts\/1801671","targetHints":{"allow":["GET"]}}],"collection":[{"href":"https:\/\/analyse.optim.biz\/index.php?rest_route=\/wp\/v2\/posts"}],"about":[{"href":"https:\/\/analyse.optim.biz\/index.php?rest_route=\/wp\/v2\/types\/post"}],"author":[{"embeddable":true,"href":"https:\/\/analyse.optim.biz\/index.php?rest_route=\/wp\/v2\/users\/1"}],"replies":[{"embeddable":true,"href":"https:\/\/analyse.optim.biz\/index.php?rest_route=%2Fwp%2Fv2%2Fcomments&post=1801671"}],"version-history":[{"count":0,"href":"https:\/\/analyse.optim.biz\/index.php?rest_route=\/wp\/v2\/posts\/1801671\/revisions"}],"wp:attachment":[{"href":"https:\/\/analyse.optim.biz\/index.php?rest_route=%2Fwp%2Fv2%2Fmedia&parent=1801671"}],"wp:term":[{"taxonomy":"category","embeddable":true,"href":"https:\/\/analyse.optim.biz\/index.php?rest_route=%2Fwp%2Fv2%2Fcategories&post=1801671"},{"taxonomy":"post_tag","embeddable":true,"href":"https:\/\/analyse.optim.biz\/index.php?rest_route=%2Fwp%2Fv2%2Ftags&post=1801671"}],"curies":[{"name":"wp","href":"https:\/\/api.w.org\/{rel}","templated":true}]}}