{"id":1801670,"date":"2026-02-27T08:00:00","date_gmt":"2026-02-27T05:00:00","guid":{"rendered":"https:\/\/analyse.optim.biz\/?p=1801670"},"modified":"2026-02-27T08:00:00","modified_gmt":"2026-02-27T05:00:00","slug":"in-plenul-senatului-andra-bica-solicita-masuri-urgente-impotriva-consumului-de-droguri-in-judetul-valcea","status":"publish","type":"post","link":"https:\/\/analyse.optim.biz\/?p=1801670","title":{"rendered":"\u00cen plenul Senatului, Andra Bica solicit\u0103 m\u0103suri urgente \u00eempotriva consumului de droguri \u00een jude\u021bul V\u00e2lcea &#8211;"},"content":{"rendered":"<p>[analyse_image type=&#8221;featured&#8221; src=&#8221;https:\/\/www.gazeta-valceana.ro\/wp-content\/uploads\/2025\/06\/ANDRA-BICA-2025.jpg&#8221;]<\/p>\n<article id=\"template-id-91645\" class=\"post-91645 tdb_templates type-tdb_templates status-publish post\">\n<div id=\"tdi_49\" class=\"tdc-zone\">\n<div class=\"tdc_zone tdi_50  wpb_row td-pb-row\">\n<div id=\"tdi_51\" class=\"tdc-row stretch_row_1200 td-stretch-content\">\n<div class=\"vc_row tdi_52  wpb_row td-pb-row\">\n<div class=\"vc_column tdi_54  wpb_column vc_column_container tdc-column td-pb-span8\">\n<div class=\"wpb_wrapper\">\n<div class=\"td_block_wrap tdb_title tdi_55 tdb-single-title td-pb-border-top td_block_template_1\" data-td-block-uid=\"tdi_55\">\n<div class=\"tdb-block-inner td-fix-index\">\n<h1 class=\"tdb-title-text\">\u00cen plenul Senatului, Andra Bica solicit\u0103 m\u0103suri urgente \u00eempotriva consumului de droguri \u00een jude\u021bul V\u00e2lcea<\/h1>\n<\/div>\n<\/div>\n<div class=\"vc_row_inner tdi_58  vc_row vc_inner wpb_row td-pb-row tdc-row-content-vert-center\">\n<div class=\"vc_column_inner tdi_60  wpb_column vc_column_container tdc-inner-column td-pb-span12\">\n<div class=\"vc_column-inner\">\n<div class=\"wpb_wrapper\">\n<div class=\"td_block_wrap tdb_single_categories tdi_61 td-pb-border-top td_block_template_1 \" data-td-block-uid=\"tdi_61\">\n<div class=\"tdb-category td-fix-index\"><a class=\"tdb-entry-category\" href=\"https:\/\/www.gazeta-valceana.ro\/category\/i\/\">I<\/a><a class=\"tdb-entry-category\" href=\"https:\/\/www.gazeta-valceana.ro\/category\/politica\/\">Politic\u0103<\/a><\/div>\n<\/div>\n<div class=\"td_block_wrap tdb_single_date tdi_62 td-pb-border-top td_block_template_1 tdb-post-meta\" data-td-block-uid=\"tdi_62\">\n<div class=\"tdb-block-inner td-fix-index\"><time class=\"entry-date updated td-module-date\" datetime=\"2026-02-27T10:00:00+02:00\">27 februarie 2026<\/time><\/div>\n<\/div>\n<\/div>\n<\/div>\n<\/div>\n<\/div>\n<\/div>\n<\/div>\n<\/div>\n<\/div>\n<div id=\"tdi_65\" class=\"tdc-row stretch_row_1200 td-stretch-content\">\n<div class=\"vc_row tdi_66  wpb_row td-pb-row\">\n<div class=\"vc_column tdi_68  wpb_column vc_column_container tdc-column td-pb-span8\">\n<div class=\"wpb_wrapper\">\n<div class=\"td_block_wrap tdb_single_featured_image tdi_69 tdb-content-horiz-left td-pb-border-top td_block_template_1\" data-td-block-uid=\"tdi_69\">\n<div class=\"tdb-block-inner td-fix-index\"><img loading=\"lazy\" decoding=\"async\" width=\"696\" height=\"412\" class=\"entry-thumb\" src=\"https:\/\/www.gazeta-valceana.ro\/wp-content\/uploads\/2025\/06\/ANDRA-BICA-2025-696x412.jpg\" alt title=\"ANDRA BICA 2025\"><\/div>\n<\/div>\n<div class=\"td_block_wrap tdb_single_post_share tdi_70  td-pb-border-top td_block_template_1\" data-td-block-uid=\"tdi_70\">\n<div id=\"tdi_70\" class=\"td-post-sharing tdb-block td-ps-border td-ps-border-grey td-ps-notext td-ps-icon-color td-ps-text-color td-post-sharing-style16 \">\n<div class=\"td-post-sharing-visible\">\n<div class=\"td-social-sharing-button td-social-sharing-button-js td-social-handler td-social-share-text\">\n<div class=\"td-social-but-text\">Ac\u021biune<\/div>\n<\/div>\n<p><a class=\"td-social-sharing-button td-social-sharing-button-js td-social-network td-social-facebook\" href=\"https:\/\/www.facebook.com\/sharer.php?u=https%3A%2F%2Fwww.gazeta-valceana.ro%2Fpolitica%2Fin-plenul-senatului-andra-bica-solicita-masuri-urgente-impotriva-consumului-de-droguri-in-judetul-valcea%2F\" title=\"Facebook\"><\/p>\n<div class=\"td-social-but-text\">Facebook<\/div>\n<p><\/a><a class=\"td-social-sharing-button td-social-sharing-button-js td-social-network td-social-twitter\" href=\"https:\/\/twitter.com\/intent\/tweet?text=%C3%8En+plenul+Senatului%2C+Andra+Bica+solicit%C4%83+m%C4%83suri+urgente+%C3%AEmpotriva+consumului+de+droguri+%C3%AEn+jude%C8%9Bul+V%C3%A2lcea&amp;url=https%3A%2F%2Fwww.gazeta-valceana.ro%2Fpolitica%2Fin-plenul-senatului-andra-bica-solicita-masuri-urgente-impotriva-consumului-de-droguri-in-judetul-valcea%2F&amp;via=Gazeta+V%C3%A2lcean%C4%83\" title=\"Twitter\"><\/p>\n<div class=\"td-social-but-text\">Twitter<\/div>\n<p><\/a><a class=\"td-social-sharing-button td-social-sharing-button-js td-social-network td-social-pinterest\" href=\"https:\/\/pinterest.com\/pin\/create\/button\/?url=https:\/\/www.gazeta-valceana.ro\/politica\/in-plenul-senatului-andra-bica-solicita-masuri-urgente-impotriva-consumului-de-droguri-in-judetul-valcea\/&amp;media=https:\/\/www.gazeta-valceana.ro\/wp-content\/uploads\/2025\/06\/ANDRA-BICA-2025.jpg&amp;description=%C3%8En+plenul+Senatului%2C+Andra+Bica+solicit%C4%83+m%C4%83suri+urgente+%C3%AEmpotriva+consumului+de+droguri+%C3%AEn+jude%C8%9Bul+V%C3%A2lcea\" title=\"Pinterest\"><\/p>\n<div class=\"td-social-but-text\">Pinterest<\/div>\n<p><\/a><a class=\"td-social-sharing-button td-social-sharing-button-js td-social-network td-social-whatsapp\" href=\"https:\/\/api.whatsapp.com\/send?text=%C3%8En+plenul+Senatului%2C+Andra+Bica+solicit%C4%83+m%C4%83suri+urgente+%C3%AEmpotriva+consumului+de+droguri+%C3%AEn+jude%C8%9Bul+V%C3%A2lcea%20%0A%0A%20https:\/\/www.gazeta-valceana.ro\/politica\/in-plenul-senatului-andra-bica-solicita-masuri-urgente-impotriva-consumului-de-droguri-in-judetul-valcea\/\" title=\"WhatsApp\"><\/p>\n<div class=\"td-social-but-text\">WhatsApp<\/div>\n<p><\/a><\/div>\n<\/div>\n<\/div>\n<div class=\"td_block_wrap tdb_single_content tdi_71 td-pb-border-top td_block_template_1 td-post-content tagdiv-type\" data-td-block-uid=\"tdi_71\">\n<div class=\"tdb-block-inner td-fix-index\">\n<p>Senatorul Andra Bica a anun\u021bat, recent, c\u0103 a interpelat oficial Agen\u021bia Na\u021bional\u0103 pentru Politici \u0219i Coordonare \u00een Domeniul Drogurilor \u0219i al Adic\u021biilor, solicit\u00e2nd o radiografie clar\u0103 a situa\u021biei din jude\u021bul V\u00e2lcea. Demersul parlamentarului vine ca r\u0103spuns la \u00eengrijor\u0103rile crescute privind impactul drogurilor \u0219i al altor forme de dependen\u021b\u0103 asupra minorilor, tinerilor \u0219i familiilor din comunitate. Conform textului publicat, parlamentarul v\u00e2lcean a cerut date concrete privind activitatea autorit\u0103\u021bilor \u00een cursul anului 2025.<\/p>\n<p>Punctele cheie ale solicit\u0103rii Andrei Bica vizeaz\u0103: Analiza eficien\u021bei ac\u021biunilor implementate pentru prevenirea \u0219i combaterea consumului de substan\u021be interzise; Informa\u021bii despre num\u0103rul persoanelor incluse \u00een programe de tratament \u0219i capacitatea real\u0103 de func\u021bionare a centrelor din jude\u021b; Detalii despre bugetul alocat acestor programe \u0219i modul \u00een care se realizeaz\u0103 coordonarea cu autorit\u0103\u021bile locale; Necesitatea unor solu\u021bii aplicate direct \u00een comunit\u0103\u021bile afectate.<\/p>\n<p><em>\u201eComunitatea v\u00e2lcean\u0103 are nevoie de interven\u021bii concrete, aplicate \u00een teritoriu\u201d<\/em>, a subliniat Andra Bica.<\/p>\n<p>Bica a promis c\u0103 va face public r\u0103spunsul oficial imediat ce acesta va fi furnizat de c\u0103tre agen\u021bia guvernamental\u0103, oferind astfel cet\u0103\u021benilor o imagine real\u0103 a resurselor disponibile pentru lupta \u00eempotriva adic\u021biilor.<\/p>\n<\/div>\n<\/div>\n<div class=\"tdb-author-box td_block_wrap tdb_single_author_box tdi_72 tdb-content-vert-top td-pb-border-top td_block_template_1\" data-td-block-uid=\"tdi_72\">\n<div class=\"tdb-block-inner td-fix-index\"><a href=\"https:\/\/www.gazeta-valceana.ro\/author\/redactia\/\" class=\"tdb-author-photo\" title=\"Redactia\"><img decoding=\"async\" alt=\"Redactia\" src=\"https:\/\/secure.gravatar.com\/avatar\/d9699bfd17d7f55fcf6bbdfb0214d48a942c5fd23a1db27f4a803a8d0651670f?s=500&amp;d=mm&amp;r=g\" class=\"avatar avatar-500 photo\" height=\"500\" width=\"500\" loading=\"lazy\"><\/a><\/p>\n<div class=\"tdb-author-info\"><a href=\"https:\/\/www.gazeta-valceana.ro\/author\/redactia\/\" class=\"tdb-author-name\">Redactia<\/a><\/div>\n<\/div>\n<\/div>\n<\/div>\n<\/div>\n<div class=\"vc_column tdi_76  wpb_column vc_column_container tdc-column td-pb-span4 td-is-sticky\">\n<div class=\"wpb_wrapper\" data-sticky-enabled-on=\"W3RydWUsdHJ1ZSx0cnVlLHRydWVd\" data-sticky-offset=\"20\" data-sticky-is-width-auto=\"W2ZhbHNlLGZhbHNlLGZhbHNlLGZhbHNlXQ==\">\n<div class=\"vc_row_inner tdi_81  vc_row vc_inner wpb_row td-pb-row tdc-row-content-vert-center\">\n<div class=\"vc_column_inner tdi_83  wpb_column vc_column_container tdc-inner-column td-pb-span12\">\n<div class=\"vc_column-inner\">\n<div class=\"wpb_wrapper\">\n<div class=\"tdm_block td_block_wrap tdm_block_inline_text tdi_86 tdm-inline-block td-pb-border-top td_block_template_1\" data-td-block-uid=\"tdi_86\">\n<p class=\"tdm-descr\">Ultimele articole<\/p>\n<\/div>\n<\/div>\n<\/div>\n<\/div>\n<\/div>\n<div class=\"td_block_wrap td_flex_block_1 tdi_87 td-pb-border-top td_block_template_1 td_flex_block\" data-td-block-uid=\"tdi_87\">\n<div id=\"tdi_87\" class=\"td_block_inner td-mc1-wrap\">\n<div class=\"td_module_flex td_module_flex_1 td_module_wrap td-animation-stack td-cpt-post\">\n<div class=\"td-module-container td-category-pos-\">\n<div class=\"td-module-meta-info\">\n<h3 class=\"entry-title td-module-title\"><a href=\"https:\/\/www.gazeta-valceana.ro\/fapt-divers\/unii-mai-pica-proba-cu-etilotestul-doar-a-fost-martisorul-nu-bilantul-ultimelor-controale-pe-soselele-din-judet\/\" rel=\"bookmark\" title=\"Unii mai \u201epic\u0103\u201d proba cu etilotestul. Doar a fost M\u0103r\u021bi\u0219orul, nu? BILAN\u021aUL ultimelor controale pe \u0219oselele din jude\u021b\">Unii mai \u201epic\u0103\u201d proba cu etilotestul. Doar a fost M\u0103r\u021bi\u0219orul, nu? BILAN\u021aUL ultimelor controale pe \u0219oselele din jude\u021b<\/a><\/h3>\n<div class=\"td-editor-date\"><span class=\"td-author-date\"><span class=\"td-post-date\"><time class=\"entry-date updated td-module-date\" datetime=\"2026-03-02T12:13:50+02:00\">2 martie 2026<\/time><\/span><\/span><\/div>\n<\/div>\n<\/div>\n<\/div>\n<div class=\"td_module_flex td_module_flex_1 td_module_wrap td-animation-stack td-cpt-post\">\n<div class=\"td-module-container td-category-pos-\">\n<div class=\"td-module-meta-info\">\n<h3 class=\"entry-title td-module-title\"><a href=\"https:\/\/www.gazeta-valceana.ro\/fapt-divers\/daca-sufera-de-amnezie-sa-i-se-ia-de-tot-permisul-sofer-din-craiova-depistat-in-valcea-uitase-ca-are-permisul-suspendat-de-un-an\/\" rel=\"bookmark\" title=\"Dac\u0103 sufer\u0103 de amnezie, s\u0103 i se ia de tot permisul! \u0218ofer din Craiova, depistat \u00een V\u00e2lcea, \u201euitase\u201d c\u0103 are permisul suspendat de un an\">Dac\u0103 sufer\u0103 de amnezie, s\u0103 i se ia de tot permisul! \u0218ofer din Craiova, depistat \u00een V\u00e2lcea, \u201euitase\u201d c\u0103 are permisul suspendat de un&#8230;<\/a><\/h3>\n<div class=\"td-editor-date\"><span class=\"td-author-date\"><span class=\"td-post-date\"><time class=\"entry-date updated td-module-date\" datetime=\"2026-03-02T12:02:17+02:00\">2 martie 2026<\/time><\/span><\/span><\/div>\n<\/div>\n<\/div>\n<\/div>\n<div class=\"td_module_flex td_module_flex_1 td_module_wrap td-animation-stack td-cpt-post\">\n<div class=\"td-module-container td-category-pos-\">\n<div class=\"td-module-meta-info\">\n<h3 class=\"entry-title td-module-title\"><a href=\"https:\/\/www.gazeta-valceana.ro\/anchetedezvaluri\/scandal-la-o-pensiune-din-nordul-judetului-politistii-au-intervenit-si-i-au-prins-pe-tinerii-care-fugisera-cu-masina\/\" rel=\"bookmark\" title=\"SCANDAL la o pensiune din nordul jude\u021bului! POLI\u021aI\u0218TII au intervenit \u0219i i-au prins pe tinerii care fugiser\u0103 cu ma\u0219ina\">SCANDAL la o pensiune din nordul jude\u021bului! POLI\u021aI\u0218TII au intervenit \u0219i i-au prins pe tinerii care fugiser\u0103 cu ma\u0219ina<\/a><\/h3>\n<div class=\"td-editor-date\"><span class=\"td-author-date\"><span class=\"td-post-date\"><time class=\"entry-date updated td-module-date\" datetime=\"2026-03-02T11:30:10+02:00\">2 martie 2026<\/time><\/span><\/span><\/div>\n<\/div>\n<\/div>\n<\/div>\n<div class=\"td_module_flex td_module_flex_1 td_module_wrap td-animation-stack td-cpt-post\">\n<div class=\"td-module-container td-category-pos-\">\n<div class=\"td-module-meta-info\">\n<h3 class=\"entry-title td-module-title\"><a href=\"https:\/\/www.gazeta-valceana.ro\/fapt-divers\/incendiu-la-un-solar-din-ramnicu-valcea-pompierii-valceni-au-intervenit-de-urgenta\/\" rel=\"bookmark\" title=\"INCENDIU la un solar din R\u00e2mnicu V\u00e2lcea. POMPIERII au intervenit de urgen\u021b\u0103\">INCENDIU la un solar din R\u00e2mnicu V\u00e2lcea. POMPIERII au intervenit de urgen\u021b\u0103<\/a><\/h3>\n<div class=\"td-editor-date\"><span class=\"td-author-date\"><span class=\"td-post-date\"><time class=\"entry-date updated td-module-date\" datetime=\"2026-03-02T08:35:29+02:00\">2 martie 2026<\/time><\/span><\/span><\/div>\n<\/div>\n<\/div>\n<\/div>\n<\/div>\n<\/div>\n<div class=\"td_block_wrap td-a-rec td-a-rec-id-custom-spot td-a-rec-img tdi_88 td_block_template_1\">\n<div><a href=\"https:\/\/www.gazeta-valceana.ro\/politica\/in-plenul-senatului-andra-bica-solicita-masuri-urgente-impotriva-consumului-de-droguri-in-judetul-valcea\/\" class=\"td_spot_img_all\"><img loading=\"lazy\" decoding=\"async\" src=\"https:\/\/www.gazeta-valceana.ro\/wp-content\/uploads\/2025\/01\/image-5.jpg\" alt=\"spot_img\" width=\"347\" height=\"277\"><\/a><a href=\"https:\/\/www.gazeta-valceana.ro\/politica\/in-plenul-senatului-andra-bica-solicita-masuri-urgente-impotriva-consumului-de-droguri-in-judetul-valcea\/\" class=\"td_spot_img_mob\"><img loading=\"lazy\" decoding=\"async\" src=\"https:\/\/www.gazeta-valceana.ro\/wp-content\/uploads\/2025\/01\/image-5.jpg\" alt=\"spot_img\" width=\"347\" height=\"247\"><\/a><\/div>\n<\/div>\n<div class=\"td_block_wrap td-a-rec td-a-rec-id-custom-spot td-a-rec-img tdi_89 td_block_template_1\">\n<div><a href=\"https:\/\/www.gazeta-valceana.ro\/politica\/in-plenul-senatului-andra-bica-solicita-masuri-urgente-impotriva-consumului-de-droguri-in-judetul-valcea\/\" class=\"td_spot_img_all\"><img loading=\"lazy\" decoding=\"async\" src=\"https:\/\/www.gazeta-valceana.ro\/wp-content\/uploads\/2025\/01\/image-3.jpeg\" alt=\"spot_img\" width=\"347\" height=\"277\"><\/a><a href=\"https:\/\/www.gazeta-valceana.ro\/politica\/in-plenul-senatului-andra-bica-solicita-masuri-urgente-impotriva-consumului-de-droguri-in-judetul-valcea\/\" class=\"td_spot_img_mob\"><img loading=\"lazy\" decoding=\"async\" src=\"https:\/\/www.gazeta-valceana.ro\/wp-content\/uploads\/2025\/01\/image-3.jpeg\" alt=\"spot_img\" width=\"347\" height=\"247\"><\/a><\/div>\n<\/div>\n<\/div>\n<\/div>\n<\/div>\n<\/div>\n<div id=\"tdi_97\" class=\"tdc-row stretch_row_1200 td-stretch-content\">\n<div class=\"vc_row tdi_98  wpb_row td-pb-row\">\n<div class=\"vc_column tdi_100  wpb_column vc_column_container tdc-column td-pb-span12\">\n<div class=\"wpb_wrapper\">\n<div class=\"td_block_wrap tdb_single_next_prev tdi_101 td-pb-border-top td_block_template_1\" data-td-block-uid=\"tdi_101\">\n<div class=\"tdb-block-inner td-fix-index\">\n<div class=\"tdb-next-post tdb-next-post-bg tdb-post-prev\"><span>Articolul precedent<\/span><\/p>\n<div class=\"td-module-container\">\n<div class=\"next-prev-title\"><a href=\"https:\/\/www.gazeta-valceana.ro\/fapt-divers\/imagini-elevii-de-la-liceul-preda-buzescu-berbesti-vizitati-de-politisti\/\">IMAGINI. Elevii de la Liceul \u201ePreda Buzescu\u201d Berbe\u0219ti, vizita\u021bi de poli\u021bi\u0219ti<\/a><\/div>\n<\/div>\n<\/div>\n<div class=\"tdb-next-post tdb-next-post-bg tdb-post-next\"><span>Articolul urm\u0103tor<\/span><\/p>\n<div class=\"td-module-container\">\n<div class=\"next-prev-title\"><a href=\"https:\/\/www.gazeta-valceana.ro\/fapt-divers\/foto-incendiu-la-vladesti-patru-echipaje-de-pompieri-s-au-luptat-cu-flacarile\/\">FOTO. Incendiu la Vl\u0103de\u0219ti. Patru echipaje de pompieri s-au luptat cu fl\u0103c\u0103rile<\/a><\/div>\n<\/div>\n<\/div>\n<\/div>\n<\/div>\n<div class=\"vc_row_inner tdi_103  vc_row vc_inner wpb_row td-pb-row tdc-row-content-vert-center\">\n<div class=\"vc_column_inner tdi_105  wpb_column vc_column_container tdc-inner-column td-pb-span12\">\n<div class=\"vc_column-inner\">\n<div class=\"wpb_wrapper\">\n<div class=\"tdm_block td_block_wrap tdm_block_inline_text tdi_108 tdm-inline-block td-pb-border-top td_block_template_1\" data-td-block-uid=\"tdi_108\">\n<p class=\"tdm-descr\">Related articles<\/p>\n<\/div>\n<\/div>\n<\/div>\n<\/div>\n<\/div>\n<div class=\"td_block_wrap tdb_single_related tdi_109 td_with_ajax_pagination td-pb-border-top td_block_template_1 tdb-single-related-posts\" data-td-block-uid=\"tdi_109\">\n<div id=\"tdi_109\" class=\"td_block_inner tdb-block-inner td-fix-index\">\n<div class=\"tdb_module_related td_module_wrap td-animation-stack\">\n<div class=\"td-module-container td-category-pos-\">\n<div class=\"td-module-meta-info\">\n<h3 class=\"entry-title td-module-title\"><a href=\"https:\/\/www.gazeta-valceana.ro\/fapt-divers\/unii-mai-pica-proba-cu-etilotestul-doar-a-fost-martisorul-nu-bilantul-ultimelor-controale-pe-soselele-din-judet\/\" rel=\"bookmark\" title=\"Unii mai \u201epic\u0103\u201d proba cu etilotestul. Doar a fost M\u0103r\u021bi\u0219orul, nu? BILAN\u021aUL ultimelor controale pe \u0219oselele din jude\u021b\">Unii mai \u201epic\u0103\u201d proba cu etilotestul. Doar a fost M\u0103r\u021bi\u0219orul, nu? BILAN\u021aUL ultimelor controale pe \u0219oselele din jude\u021b<\/a><\/h3>\n<div class=\"td-editor-date\"><a href=\"https:\/\/www.gazeta-valceana.ro\/category\/fapt-divers\/\" class=\"td-post-category\">Fapt divers<\/a><span class=\"td-author-date\"><span class=\"td-post-date\"><time class=\"entry-date updated td-module-date\" datetime=\"2026-03-02T12:13:50+02:00\">2 martie 2026<\/time><\/span><\/span><\/div>\n<\/div>\n<\/div>\n<\/div>\n<div class=\"tdb_module_related td_module_wrap td-animation-stack\">\n<div class=\"td-module-container td-category-pos-\">\n<div class=\"td-module-meta-info\">\n<h3 class=\"entry-title td-module-title\"><a href=\"https:\/\/www.gazeta-valceana.ro\/fapt-divers\/daca-sufera-de-amnezie-sa-i-se-ia-de-tot-permisul-sofer-din-craiova-depistat-in-valcea-uitase-ca-are-permisul-suspendat-de-un-an\/\" rel=\"bookmark\" title=\"Dac\u0103 sufer\u0103 de amnezie, s\u0103 i se ia de tot permisul! \u0218ofer din Craiova, depistat \u00een V\u00e2lcea, \u201euitase\u201d c\u0103 are permisul suspendat de un an\">Dac\u0103 sufer\u0103 de amnezie, s\u0103 i se ia de tot permisul! \u0218ofer din Craiova, depistat \u00een V\u00e2lcea, \u201euitase\u201d c\u0103 are permisul suspendat de un&#8230;<\/a><\/h3>\n<div class=\"td-editor-date\"><a href=\"https:\/\/www.gazeta-valceana.ro\/category\/fapt-divers\/\" class=\"td-post-category\">Fapt divers<\/a><span class=\"td-author-date\"><span class=\"td-post-date\"><time class=\"entry-date updated td-module-date\" datetime=\"2026-03-02T12:02:17+02:00\">2 martie 2026<\/time><\/span><\/span><\/div>\n<\/div>\n<\/div>\n<\/div>\n<div class=\"tdb_module_related td_module_wrap td-animation-stack\">\n<div class=\"td-module-container td-category-pos-\">\n<div class=\"td-module-meta-info\">\n<h3 class=\"entry-title td-module-title\"><a href=\"https:\/\/www.gazeta-valceana.ro\/anchetedezvaluri\/scandal-la-o-pensiune-din-nordul-judetului-politistii-au-intervenit-si-i-au-prins-pe-tinerii-care-fugisera-cu-masina\/\" rel=\"bookmark\" title=\"SCANDAL la o pensiune din nordul jude\u021bului! POLI\u021aI\u0218TII au intervenit \u0219i i-au prins pe tinerii care fugiser\u0103 cu ma\u0219ina\">SCANDAL la o pensiune din nordul jude\u021bului! POLI\u021aI\u0218TII au intervenit \u0219i i-au prins pe tinerii care fugiser\u0103 cu ma\u0219ina<\/a><\/h3>\n<div class=\"td-editor-date\"><a href=\"https:\/\/www.gazeta-valceana.ro\/category\/anchetedezvaluri\/\" class=\"td-post-category\">Anchete\/Dezv\u0103luri<\/a><span class=\"td-author-date\"><span class=\"td-post-date\"><time class=\"entry-date updated td-module-date\" datetime=\"2026-03-02T11:30:10+02:00\">2 martie 2026<\/time><\/span><\/span><\/div>\n<\/div>\n<\/div>\n<\/div>\n<\/div>\n<\/div>\n<\/div>\n<\/div>\n<\/div>\n<\/div>\n<div id=\"tdi_116\" class=\"tdc-row stretch_row_1200 td-stretch-content\">\n<div class=\"vc_row tdi_117  wpb_row td-pb-row\">\n<div class=\"vc_column tdi_122  wpb_column vc_column_container tdc-column td-pb-span4 td-is-sticky\">\n<div class=\"wpb_wrapper\" data-sticky-enabled-on=\"W3RydWUsdHJ1ZSx0cnVlLHRydWVd\" data-sticky-offset=\"20\" data-sticky-is-width-auto=\"W2ZhbHNlLGZhbHNlLGZhbHNlLGZhbHNlXQ==\">\n<div class=\"td_block_wrap td-a-rec td-a-rec-id-custom-spot td-a-rec-img tdi_123 td_block_template_1\">\n<div><a href=\"https:\/\/www.gazeta-valceana.ro\/politica\/in-plenul-senatului-andra-bica-solicita-masuri-urgente-impotriva-consumului-de-droguri-in-judetul-valcea\/\" class=\"td_spot_img_all\"><img loading=\"lazy\" decoding=\"async\" src=\"https:\/\/www.gazeta-valceana.ro\/wp-content\/uploads\/2025\/01\/image-4.jpg\" alt=\"spot_img\" width=\"347\" height=\"277\"><\/a><a href=\"https:\/\/www.gazeta-valceana.ro\/politica\/in-plenul-senatului-andra-bica-solicita-masuri-urgente-impotriva-consumului-de-droguri-in-judetul-valcea\/\" class=\"td_spot_img_mob\"><img loading=\"lazy\" decoding=\"async\" src=\"https:\/\/www.gazeta-valceana.ro\/wp-content\/uploads\/2025\/01\/image-4.jpg\" alt=\"spot_img\" width=\"347\" height=\"247\"><\/a><\/div>\n<\/div>\n<div class=\"td_block_wrap td-a-rec td-a-rec-id-custom-spot td-a-rec-img tdi_124 td_block_template_1\">\n<div><a href=\"https:\/\/www.gazeta-valceana.ro\/politica\/in-plenul-senatului-andra-bica-solicita-masuri-urgente-impotriva-consumului-de-droguri-in-judetul-valcea\/\" class=\"td_spot_img_all\"><img loading=\"lazy\" decoding=\"async\" src=\"https:\/\/www.gazeta-valceana.ro\/wp-content\/uploads\/2025\/01\/image-5.jpg\" alt=\"spot_img\" width=\"347\" height=\"277\"><\/a><a href=\"https:\/\/www.gazeta-valceana.ro\/politica\/in-plenul-senatului-andra-bica-solicita-masuri-urgente-impotriva-consumului-de-droguri-in-judetul-valcea\/\" class=\"td_spot_img_mob\"><img loading=\"lazy\" decoding=\"async\" src=\"https:\/\/www.gazeta-valceana.ro\/wp-content\/uploads\/2025\/01\/image-5.jpg\" alt=\"spot_img\" width=\"347\" height=\"247\"><\/a><\/div>\n<\/div>\n<div class=\"td_block_wrap td-a-rec td-a-rec-id-custom-spot td-a-rec-img tdi_125 td_block_template_1\">\n<div><a href=\"https:\/\/www.gazeta-valceana.ro\/politica\/in-plenul-senatului-andra-bica-solicita-masuri-urgente-impotriva-consumului-de-droguri-in-judetul-valcea\/\" class=\"td_spot_img_all\"><img loading=\"lazy\" decoding=\"async\" src=\"https:\/\/www.gazeta-valceana.ro\/wp-content\/uploads\/2025\/01\/image-3.jpeg\" alt=\"spot_img\" width=\"347\" height=\"277\"><\/a><a href=\"https:\/\/www.gazeta-valceana.ro\/politica\/in-plenul-senatului-andra-bica-solicita-masuri-urgente-impotriva-consumului-de-droguri-in-judetul-valcea\/\" class=\"td_spot_img_mob\"><img loading=\"lazy\" decoding=\"async\" src=\"https:\/\/www.gazeta-valceana.ro\/wp-content\/uploads\/2025\/01\/image-3.jpeg\" alt=\"spot_img\" width=\"347\" height=\"247\"><\/a><\/div>\n<\/div>\n<\/div>\n<\/div>\n<\/div>\n<\/div>\n<\/div>\n<\/div>\n<p><span class=\"td-page-meta\"><\/span><span class=\"td-page-meta\"><span class=\"td-page-meta\"><\/span><\/span><span class=\"td-page-meta\"><\/span><\/article>\n<\/p>\n<div class=\"td_block_wrap tdb_single_content tdi_71 td-pb-border-top td_block_template_1 td-post-content tagdiv-type\" data-td-block-uid=\"tdi_71\">\n<div class=\"tdb-block-inner td-fix-index\">\n<p>Senatorul Andra Bica a anun\u021bat, recent, c\u0103 a interpelat oficial Agen\u021bia Na\u021bional\u0103 pentru Politici \u0219i Coordonare \u00een Domeniul Drogurilor \u0219i al Adic\u021biilor, solicit\u00e2nd o radiografie clar\u0103 a situa\u021biei din jude\u021bul V\u00e2lcea. Demersul parlamentarului vine ca r\u0103spuns la \u00eengrijor\u0103rile crescute privind impactul drogurilor \u0219i al altor forme de dependen\u021b\u0103 asupra minorilor, tinerilor \u0219i familiilor din comunitate. Conform textului publicat, parlamentarul v\u00e2lcean a cerut date concrete privind activitatea autorit\u0103\u021bilor \u00een cursul anului 2025.<\/p>\n<p>Punctele cheie ale solicit\u0103rii Andrei Bica vizeaz\u0103: Analiza eficien\u021bei ac\u021biunilor implementate pentru prevenirea \u0219i combaterea consumului de substan\u021be interzise; Informa\u021bii despre num\u0103rul persoanelor incluse \u00een programe de tratament \u0219i capacitatea real\u0103 de func\u021bionare a centrelor din jude\u021b; Detalii despre bugetul alocat acestor programe \u0219i modul \u00een care se realizeaz\u0103 coordonarea cu autorit\u0103\u021bile locale; Necesitatea unor solu\u021bii aplicate direct \u00een comunit\u0103\u021bile afectate.<\/p>\n<p><em>\u201eComunitatea v\u00e2lcean\u0103 are nevoie de interven\u021bii concrete, aplicate \u00een teritoriu\u201d<\/em>, a subliniat Andra Bica.<\/p>\n<p>Bica a promis c\u0103 va face public r\u0103spunsul oficial imediat ce acesta va fi furnizat de c\u0103tre agen\u021bia guvernamental\u0103, oferind astfel cet\u0103\u021benilor o imagine real\u0103 a resurselor disponibile pentru lupta \u00eempotriva adic\u021biilor.<\/p>\n<\/div>\n<\/div>\n<p>Senatorul Andra Bica a anun\u021bat, recent, c\u0103 a interpelat oficial Agen\u021bia Na\u021bional\u0103 pentru Politici \u0219i Coordonare \u00een Domeniul Drogurilor \u0219i al Adic\u021biilor, solicit\u00e2nd o radiografie clar\u0103 a situa\u021biei din jude\u021bul V\u00e2lcea. Demersul parlamentarului vine ca r\u0103spuns la \u00eengrijor\u0103rile crescute privind impactul drogurilor \u0219i al altor forme de dependen\u021b\u0103 asupra minorilor, tinerilor \u0219i familiilor din comunitate. Conform textului publicat, parlamentarul v\u00e2lcean a cerut date concrete privind activitatea autorit\u0103\u021bilor \u00een cursul anului 2025.<\/p>\n<p>Punctele cheie ale solicit\u0103rii Andrei Bica vizeaz\u0103: Analiza eficien\u021bei ac\u021biunilor implementate pentru prevenirea \u0219i combaterea consumului de substan\u021be interzise; Informa\u021bii despre num\u0103rul persoanelor incluse \u00een programe de tratament \u0219i capacitatea real\u0103 de func\u021bionare a centrelor din jude\u021b; Detalii despre bugetul alocat acestor programe \u0219i modul \u00een care se realizeaz\u0103 coordonarea cu autorit\u0103\u021bile locale; Necesitatea unor solu\u021bii aplicate direct \u00een comunit\u0103\u021bile afectate.<\/p>\n<p><em>\u201eComunitatea v\u00e2lcean\u0103 are nevoie de interven\u021bii concrete, aplicate \u00een teritoriu\u201d<\/em>, a subliniat Andra Bica.<\/p>\n<p>Bica a promis c\u0103 va face public r\u0103spunsul oficial imediat ce acesta va fi furnizat de c\u0103tre agen\u021bia guvernamental\u0103, oferind astfel cet\u0103\u021benilor o imagine real\u0103 a resurselor disponibile pentru lupta \u00eempotriva adic\u021biilor.<\/p>\n<p>[analyse_source url=&#8221;https:\/\/www.gazeta-valceana.ro\/politica\/in-plenul-senatului-andra-bica-solicita-masuri-urgente-impotriva-consumului-de-droguri-in-judetul-valcea\/&#8221;]<\/p>\n","protected":false},"excerpt":{"rendered":"<p>[analyse_image type=&#8221;featured&#8221; src=&#8221;https:\/\/www.gazeta-valceana.ro\/wp-content\/uploads\/2025\/06\/ANDRA-BICA-2025.jpg&#8221;] \u00cen plenul Senatului, Andra Bica solicit\u0103 m\u0103suri urgente \u00eempotriva consumului de droguri \u00een jude\u021bul V\u00e2lcea IPolitic\u0103 27 februarie 2026 Ac\u021biune Facebook Twitter Pinterest WhatsApp Senatorul Andra Bica a anun\u021bat, recent, c\u0103 a interpelat oficial Agen\u021bia Na\u021bional\u0103 pentru Politici \u0219i Coordonare \u00een Domeniul Drogurilor \u0219i al Adic\u021biilor, solicit\u00e2nd o radiografie clar\u0103 a situa\u021biei [&hellip;]<\/p>\n","protected":false},"author":1,"featured_media":0,"comment_status":"open","ping_status":"","sticky":false,"template":"","format":"standard","meta":{"footnotes":""},"categories":[89],"tags":[226,214],"class_list":["post-1801670","post","type-post","status-publish","format-standard","hentry","category-romania","tag-crawlmanager","tag-gazetavalceana-ro"],"_links":{"self":[{"href":"https:\/\/analyse.optim.biz\/index.php?rest_route=\/wp\/v2\/posts\/1801670","targetHints":{"allow":["GET"]}}],"collection":[{"href":"https:\/\/analyse.optim.biz\/index.php?rest_route=\/wp\/v2\/posts"}],"about":[{"href":"https:\/\/analyse.optim.biz\/index.php?rest_route=\/wp\/v2\/types\/post"}],"author":[{"embeddable":true,"href":"https:\/\/analyse.optim.biz\/index.php?rest_route=\/wp\/v2\/users\/1"}],"replies":[{"embeddable":true,"href":"https:\/\/analyse.optim.biz\/index.php?rest_route=%2Fwp%2Fv2%2Fcomments&post=1801670"}],"version-history":[{"count":0,"href":"https:\/\/analyse.optim.biz\/index.php?rest_route=\/wp\/v2\/posts\/1801670\/revisions"}],"wp:attachment":[{"href":"https:\/\/analyse.optim.biz\/index.php?rest_route=%2Fwp%2Fv2%2Fmedia&parent=1801670"}],"wp:term":[{"taxonomy":"category","embeddable":true,"href":"https:\/\/analyse.optim.biz\/index.php?rest_route=%2Fwp%2Fv2%2Fcategories&post=1801670"},{"taxonomy":"post_tag","embeddable":true,"href":"https:\/\/analyse.optim.biz\/index.php?rest_route=%2Fwp%2Fv2%2Ftags&post=1801670"}],"curies":[{"name":"wp","href":"https:\/\/api.w.org\/{rel}","templated":true}]}}