{"id":1801655,"date":"2026-03-02T09:10:49","date_gmt":"2026-03-02T06:10:49","guid":{"rendered":"https:\/\/analyse.optim.biz\/?p=1801655"},"modified":"2026-03-02T09:10:49","modified_gmt":"2026-03-02T06:10:49","slug":"alexandru-covasa-renunta-temporar-la-functiile-de-vicepresedinte-si-purtator-de-cuvant-al-pnl-suceava-pentru","status":"publish","type":"post","link":"https:\/\/analyse.optim.biz\/?p=1801655","title":{"rendered":"Alexandru Cova\u0219\u0103 renun\u021b\u0103 temporar la func\u021biile de vicepre\u0219edinte \u0219i purt\u0103tor de cuv\u00e2nt al PNL Suceava pentru"},"content":{"rendered":"<p>[analyse_image type=&#8221;featured&#8221; src=&#8221;https:\/\/suceavalive.ro\/wp-content\/uploads\/2025\/07\/covasa-e1752581352521.jpeghttps:\/\/suceavalive.ro\/wp-content\/uploads\/2025\/07\/covasa-e1752581352521.jpeg&#8221;]<\/p>\n<article id=\"post-288212\" class=\"clearfix post-288212 post type-post status-publish format-standard has-post-thumbnail hentry category-politic category-slide\">\n<header id=\"cb-standard-featured\">\n<div id=\"cb-fis-wrap\" class=\"cb-entry-header cb-fis cb-style-standard\"><span class=\"cb-title-fi\"><\/p>\n<h1 class=\"entry-title cb-entry-title cb-single-title\">Alexandru Cova\u0219\u0103 renun\u021b\u0103 temporar la func\u021biile de vicepre\u0219edinte \u0219i purt\u0103tor de cuv\u00e2nt al PNL Suceava pentru a se concentra pe comunicarea administra\u021biei locale sucevene<\/h1>\n<div class=\"cb-byline cb-font-header\">\n<div class=\"cb-date cb-byline-element\"><time datetime=\"2026-03-02\">2 martie 2026<\/time><\/div>\n<\/div>\n<p><\/span><\/div>\n<\/header>\n<section class=\"cb-entry-content entry-content clearfix\">\n<p data-start=\"0\" data-end=\"232\"><span>Noul consilier de imagine \u0219i comunicare al primarului Vasile R\u00eembu, Alexandru Cova\u0219\u0103, a anun\u021bat c\u0103 se suspend\u0103 din func\u021biile de purt\u0103tor de cuv\u00e2nt \u0219i vicepre\u0219edinte al Partidului Na\u021bional Liberal Suceava, pentru a elimina orice suspiciune privind amestecul dintre politic\u0103 \u0219i administra\u021bia local\u0103. El a precizat c\u0103 r\u0103m\u00e2ne membru al PNL Suceava \u0219i c\u0103 decizia are caracter temporar, fiind menit\u0103 s\u0103 asigure o comunicare clar\u0103 \u0219i echilibrat\u0103 a activit\u0103\u021bii Prim\u0103riei municipiului Suceava.<\/span><\/p>\n<blockquote>\n<p data-start=\"0\" data-end=\"232\"><span><strong><em>\u201ePentru a evita pe termen lung astfel de discu\u021bii, \u00een special \u00een rela\u021bia cu reprezentan\u021bii mass media, m-am suspendat din func\u021bia de purt\u0103tor de cuv\u00e2nt \u0219i din cea de vicepre\u0219edinte al <span class=\"hover:entity-accent entity-underline inline cursor-pointer align-baseline\"><span class=\"whitespace-normal\">Partidul Na\u021bional Liberal<\/span><\/span>.<\/em><\/strong><\/span><\/p>\n<p data-start=\"234\" data-end=\"535\"><span><strong><em>R\u0103m\u00e2n membru al acestui partid \u0219i r\u0103m\u00e2n dedicat acestei forma\u021biuni politice. Am luat aceast\u0103 decizie pentru a nu alimenta scenarii care apar frecvent \u00een spa\u021biul public \u0219i pentru a ne concentra pe parcursul administra\u021biei locale a municipiului <span class=\"hover:entity-accent entity-underline inline cursor-pointer align-baseline\"><span class=\"whitespace-normal\">Suceava<\/span><\/span>, re\u0219edin\u021b\u0103 de jude\u021b.<\/em><\/strong><\/span><\/p>\n<p data-start=\"537\" data-end=\"686\"><span><strong><em>Suspendarea are caracter temporar. Ea se aplic\u0103 p\u00e2n\u0103 \u00een momentul \u00een care se vor lua alte decizii at\u00e2t \u00een zona administrativ\u0103, c\u00e2t \u0219i \u00een cea politic\u0103.<\/em><\/strong><\/span><\/p>\n<p data-start=\"688\" data-end=\"781\" data-is-last-node data-is-only-node><span><strong><em>Consider c\u0103 acesta este un nou \u00eenceput \u00een ceea ce prive\u0219te comunicarea administra\u021biei locale\u201d, a declarat Alexandru Cova\u0219\u0103.<\/em><\/strong><\/span><\/p>\n<\/blockquote>\n<\/section>\n<footer class=\"article-footer\">\n<div class=\"cb-social-sharing cb-post-footer-block cb-beside clearfix\">\n<div class=\"cb-title-subtle\">Share On:<\/div>\n<div class=\"cb-twitter\"><a href=\"https:\/\/twitter.com\/share\" class=\"twitter-share-button\" data-dnt=\"true\" data-count=\"horizontal\">Tweet<\/a><\/div>\n<\/div>\n<div id=\"cb-previous-next-links\" class=\"cb-post-footer-block clearfix\">\n<div id=\"cb-previous-link\"><a href=\"https:\/\/suceavalive.ro\/vasile-rimbu-l-a-prezentat-oficial-pe-alexandru-covasa-noul-sau-consilier-de-imagine-si-comunicare\/\" rel=\"prev\">Vasile R\u00eembu l-a prezentat oficial pe Alexandru Cova\u0219\u0103, noul s\u0103u consilier de imagine \u0219i comunicare<\/a><\/div>\n<div class=\"cb-empty\">No More Stories<\/div>\n<\/div>\n<div id=\"cb-author-box\" class=\"clearfix\">\n<h3 class=\"cb-block-title\">Despre autor<\/h3>\n<div class=\"cb-meta\">\n<div class=\"cb-info\">\n<div class=\"cb-author-title vcard\"><a href=\"https:\/\/suceavalive.ro\/author\/suceavalive\/\"><span class=\"fn\">SuceavaLive<\/span><\/a><\/div>\n<\/div>\n<\/div>\n<\/div>\n<div id=\"cb-related-posts\" class=\"cb-related-posts-block cb-post-end-block clearfix\">\n<h3 class=\"cb-block-title\">Postari asemanatoare<\/h3>\n<ul>\n<li class=\"cb-style-overlay cb-grid-entry cb-related-post no-1\">\n<div class=\"cb-meta cb-article-meta\">\n<h4 class=\"h3 cb-post-title\"><a href=\"https:\/\/suceavalive.ro\/vasile-rimbu-l-a-prezentat-oficial-pe-alexandru-covasa-noul-sau-consilier-de-imagine-si-comunicare\/\">Vasile R\u00eembu l-a prezentat oficial pe Alexandru Cova\u0219\u0103, noul s\u0103u consilier de imagine \u0219i comunicare<\/a><\/h4>\n<div class=\"cb-byline cb-font-header\">\n<div class=\"cb-date cb-byline-element\"><time datetime=\"2026-03-02\">2 martie 2026<\/time><\/div>\n<\/div>\n<\/div>\n<\/li>\n<li class=\"cb-style-overlay cb-grid-entry cb-related-post no-2\">\n<div class=\"cb-meta cb-article-meta\">\n<h4 class=\"h3 cb-post-title\"><a href=\"https:\/\/suceavalive.ro\/ioana-lazar-preia-conducerea-administrativa-a-ministerului-educatiei\/\">Ioana Laz\u0103r preia conducerea administrativ\u0103 a Ministerului Educa\u021biei<\/a><\/h4>\n<div class=\"cb-byline cb-font-header\">\n<div class=\"cb-date cb-byline-element\"><time datetime=\"2026-03-02\">2 martie 2026<\/time><\/div>\n<\/div>\n<\/div>\n<\/li>\n<\/ul>\n<\/div>\n<\/footer>\n<div id=\"respond\" class=\"comment-respond\">\n<h3 id=\"reply-title\" class=\"comment-reply-title\">Lasa un raspuns <small><a rel=\"nofollow\" id=\"cancel-comment-reply-link\" href=\"https:\/\/suceavalive.ro\/alexandru-covasa-renunta-temporar-la-functiile-de-vicepresedinte-si-purtator-de-cuvant-al-pnl-suceava-pentru-a-se-concentra-pe-comunicarea-administratiei-locale-sucevene\/#respond\">Anuleaza raspunsul<\/a><\/small><\/h3>\n<p class=\"comment-notes\">Adresa ta de email nu va fi publicat\u0103.<\/p>\n<\/div>\n<\/article>\n<section class=\"cb-entry-content entry-content clearfix\">\n<p data-start=\"0\" data-end=\"232\"><span>Noul consilier de imagine \u0219i comunicare al primarului Vasile R\u00eembu, Alexandru Cova\u0219\u0103, a anun\u021bat c\u0103 se suspend\u0103 din func\u021biile de purt\u0103tor de cuv\u00e2nt \u0219i vicepre\u0219edinte al Partidului Na\u021bional Liberal Suceava, pentru a elimina orice suspiciune privind amestecul dintre politic\u0103 \u0219i administra\u021bia local\u0103. El a precizat c\u0103 r\u0103m\u00e2ne membru al PNL Suceava \u0219i c\u0103 decizia are caracter temporar, fiind menit\u0103 s\u0103 asigure o comunicare clar\u0103 \u0219i echilibrat\u0103 a activit\u0103\u021bii Prim\u0103riei municipiului Suceava.<\/span><\/p>\n<blockquote>\n<p data-start=\"0\" data-end=\"232\"><span><strong><em>\u201ePentru a evita pe termen lung astfel de discu\u021bii, \u00een special \u00een rela\u021bia cu reprezentan\u021bii mass media, m-am suspendat din func\u021bia de purt\u0103tor de cuv\u00e2nt \u0219i din cea de vicepre\u0219edinte al <span class=\"hover:entity-accent entity-underline inline cursor-pointer align-baseline\"><span class=\"whitespace-normal\">Partidul Na\u021bional Liberal<\/span><\/span>.<\/em><\/strong><\/span><\/p>\n<p data-start=\"234\" data-end=\"535\"><span><strong><em>R\u0103m\u00e2n membru al acestui partid \u0219i r\u0103m\u00e2n dedicat acestei forma\u021biuni politice. Am luat aceast\u0103 decizie pentru a nu alimenta scenarii care apar frecvent \u00een spa\u021biul public \u0219i pentru a ne concentra pe parcursul administra\u021biei locale a municipiului <span class=\"hover:entity-accent entity-underline inline cursor-pointer align-baseline\"><span class=\"whitespace-normal\">Suceava<\/span><\/span>, re\u0219edin\u021b\u0103 de jude\u021b.<\/em><\/strong><\/span><\/p>\n<p data-start=\"537\" data-end=\"686\"><span><strong><em>Suspendarea are caracter temporar. Ea se aplic\u0103 p\u00e2n\u0103 \u00een momentul \u00een care se vor lua alte decizii at\u00e2t \u00een zona administrativ\u0103, c\u00e2t \u0219i \u00een cea politic\u0103.<\/em><\/strong><\/span><\/p>\n<p data-start=\"688\" data-end=\"781\" data-is-last-node data-is-only-node><span><strong><em>Consider c\u0103 acesta este un nou \u00eenceput \u00een ceea ce prive\u0219te comunicarea administra\u021biei locale\u201d, a declarat Alexandru Cova\u0219\u0103.<\/em><\/strong><\/span><\/p>\n<\/blockquote>\n<\/section>\n<section class=\"cb-entry-content entry-content clearfix\">\n<p data-start=\"0\" data-end=\"232\"><span>Noul consilier de imagine \u0219i comunicare al primarului Vasile R\u00eembu, Alexandru Cova\u0219\u0103, a anun\u021bat c\u0103 se suspend\u0103 din func\u021biile de purt\u0103tor de cuv\u00e2nt \u0219i vicepre\u0219edinte al Partidului Na\u021bional Liberal Suceava, pentru a elimina orice suspiciune privind amestecul dintre politic\u0103 \u0219i administra\u021bia local\u0103. El a precizat c\u0103 r\u0103m\u00e2ne membru al PNL Suceava \u0219i c\u0103 decizia are caracter temporar, fiind menit\u0103 s\u0103 asigure o comunicare clar\u0103 \u0219i echilibrat\u0103 a activit\u0103\u021bii Prim\u0103riei municipiului Suceava.<\/span><\/p>\n<blockquote>\n<p data-start=\"0\" data-end=\"232\"><span><strong><em>\u201ePentru a evita pe termen lung astfel de discu\u021bii, \u00een special \u00een rela\u021bia cu reprezentan\u021bii mass media, m-am suspendat din func\u021bia de purt\u0103tor de cuv\u00e2nt \u0219i din cea de vicepre\u0219edinte al <span class=\"hover:entity-accent entity-underline inline cursor-pointer align-baseline\"><span class=\"whitespace-normal\">Partidul Na\u021bional Liberal<\/span><\/span>.<\/em><\/strong><\/span><\/p>\n<p data-start=\"234\" data-end=\"535\"><span><strong><em>R\u0103m\u00e2n membru al acestui partid \u0219i r\u0103m\u00e2n dedicat acestei forma\u021biuni politice. Am luat aceast\u0103 decizie pentru a nu alimenta scenarii care apar frecvent \u00een spa\u021biul public \u0219i pentru a ne concentra pe parcursul administra\u021biei locale a municipiului <span class=\"hover:entity-accent entity-underline inline cursor-pointer align-baseline\"><span class=\"whitespace-normal\">Suceava<\/span><\/span>, re\u0219edin\u021b\u0103 de jude\u021b.<\/em><\/strong><\/span><\/p>\n<p data-start=\"537\" data-end=\"686\"><span><strong><em>Suspendarea are caracter temporar. Ea se aplic\u0103 p\u00e2n\u0103 \u00een momentul \u00een care se vor lua alte decizii at\u00e2t \u00een zona administrativ\u0103, c\u00e2t \u0219i \u00een cea politic\u0103.<\/em><\/strong><\/span><\/p>\n<p data-start=\"688\" data-end=\"781\" data-is-last-node data-is-only-node><span><strong><em>Consider c\u0103 acesta este un nou \u00eenceput \u00een ceea ce prive\u0219te comunicarea administra\u021biei locale\u201d, a declarat Alexandru Cova\u0219\u0103.<\/em><\/strong><\/span><\/p>\n<\/blockquote>\n<\/section>\n<p>[analyse_source url=&#8221;https:\/\/suceavalive.ro\/alexandru-covasa-renunta-temporar-la-functiile-de-vicepresedinte-si-purtator-de-cuvant-al-pnl-suceava-pentru-a-se-concentra-pe-comunicarea-administratiei-locale-sucevene\/&#8221;]<\/p>\n","protected":false},"excerpt":{"rendered":"<p>[analyse_image type=&#8221;featured&#8221; src=&#8221;https:\/\/suceavalive.ro\/wp-content\/uploads\/2025\/07\/covasa-e1752581352521.jpeghttps:\/\/suceavalive.ro\/wp-content\/uploads\/2025\/07\/covasa-e1752581352521.jpeg&#8221;] Alexandru Cova\u0219\u0103 renun\u021b\u0103 temporar la func\u021biile de vicepre\u0219edinte \u0219i purt\u0103tor de cuv\u00e2nt al PNL Suceava pentru a se concentra pe comunicarea administra\u021biei locale sucevene 2 martie 2026 Noul consilier de imagine \u0219i comunicare al primarului Vasile R\u00eembu, Alexandru Cova\u0219\u0103, a anun\u021bat c\u0103 se suspend\u0103 din func\u021biile de purt\u0103tor de cuv\u00e2nt \u0219i vicepre\u0219edinte [&hellip;]<\/p>\n","protected":false},"author":1,"featured_media":0,"comment_status":"open","ping_status":"","sticky":false,"template":"","format":"standard","meta":{"footnotes":""},"categories":[89],"tags":[226,173],"class_list":["post-1801655","post","type-post","status-publish","format-standard","hentry","category-romania","tag-crawlmanager","tag-suceavalive-ro"],"_links":{"self":[{"href":"https:\/\/analyse.optim.biz\/index.php?rest_route=\/wp\/v2\/posts\/1801655","targetHints":{"allow":["GET"]}}],"collection":[{"href":"https:\/\/analyse.optim.biz\/index.php?rest_route=\/wp\/v2\/posts"}],"about":[{"href":"https:\/\/analyse.optim.biz\/index.php?rest_route=\/wp\/v2\/types\/post"}],"author":[{"embeddable":true,"href":"https:\/\/analyse.optim.biz\/index.php?rest_route=\/wp\/v2\/users\/1"}],"replies":[{"embeddable":true,"href":"https:\/\/analyse.optim.biz\/index.php?rest_route=%2Fwp%2Fv2%2Fcomments&post=1801655"}],"version-history":[{"count":0,"href":"https:\/\/analyse.optim.biz\/index.php?rest_route=\/wp\/v2\/posts\/1801655\/revisions"}],"wp:attachment":[{"href":"https:\/\/analyse.optim.biz\/index.php?rest_route=%2Fwp%2Fv2%2Fmedia&parent=1801655"}],"wp:term":[{"taxonomy":"category","embeddable":true,"href":"https:\/\/analyse.optim.biz\/index.php?rest_route=%2Fwp%2Fv2%2Fcategories&post=1801655"},{"taxonomy":"post_tag","embeddable":true,"href":"https:\/\/analyse.optim.biz\/index.php?rest_route=%2Fwp%2Fv2%2Ftags&post=1801655"}],"curies":[{"name":"wp","href":"https:\/\/api.w.org\/{rel}","templated":true}]}}