{"id":1801654,"date":"2026-03-02T09:02:42","date_gmt":"2026-03-02T06:02:42","guid":{"rendered":"https:\/\/analyse.optim.biz\/?p=1801654"},"modified":"2026-03-02T09:02:42","modified_gmt":"2026-03-02T06:02:42","slug":"vasile-rimbu-l-a-prezentat-oficial-pe-alexandru-covasa-noul-sau-consilier-de-imagine-si-comunicare","status":"publish","type":"post","link":"https:\/\/analyse.optim.biz\/?p=1801654","title":{"rendered":"Vasile R\u00eembu l-a prezentat oficial pe Alexandru Cova\u0219\u0103, noul s\u0103u consilier de imagine \u0219i comunicare &#8211;"},"content":{"rendered":"<p>[analyse_image type=&#8221;featured&#8221; src=&#8221;https:\/\/suceavalive.ro\/wp-content\/uploads\/2026\/03\/rimbu-covasa.jpeghttps:\/\/suceavalive.ro\/wp-content\/uploads\/2026\/03\/rimbu-covasa.jpeg&#8221;]<\/p>\n<article id=\"post-288210\" class=\"clearfix post-288210 post type-post status-publish format-standard has-post-thumbnail hentry category-administratie category-slide\">\n<header id=\"cb-standard-featured\">\n<div id=\"cb-fis-wrap\" class=\"cb-entry-header cb-fis cb-style-standard\"><span class=\"cb-title-fi\"><\/p>\n<h1 class=\"entry-title cb-entry-title cb-single-title\">Vasile R\u00eembu l-a prezentat oficial pe Alexandru Cova\u0219\u0103, noul s\u0103u consilier de imagine \u0219i comunicare<\/h1>\n<div class=\"cb-byline cb-font-header\">\n<div class=\"cb-date cb-byline-element\"><time datetime=\"2026-03-02\">2 martie 2026<\/time><\/div>\n<\/div>\n<p><\/span><\/div>\n<\/header>\n<section class=\"cb-entry-content entry-content clearfix\">\n<p><span>Luni, 2 martie, \u00een cadrul unei conferin\u021be de pres\u0103, primarul municipiului Suceava, Vasile R\u00eembu, l-a prezentat oficial pe noul s\u0103u consilier de comunicare \u0219i imagine, fostul jurnalist Alexandru Cova\u0219\u0103. Edilul \u0219i-a motivat alegerea, subliniind c\u0103 avea nevoie de un profesionist care s\u0103 prezinte situa\u021bia proiectelor derulate de Prim\u0103ria Suceava. De asemenea, el a precizat c\u0103 a \u021binut cont de p\u0103rerile sucevenilor care au remarcat o comunicare defectuoas\u0103 a institu\u021biei<\/span><\/p>\n<blockquote>\n<p><span><strong><em>\u201eSunt omul care pot s\u0103 recunosc c\u00e2nd gre\u0219esc. Comunicarea a fost defectuoas\u0103 p\u00e2n\u0103 acum, iar tocmai asta vrem s\u0103 schimb\u0103m. Mi-a\u0219 dori s\u0103 fim mai des \u00een contact \u0219i s\u0103 inform\u0103m cet\u0103\u021benii municipiului Suceava c\u00e2t mai exact cu privire la activitatea noastr\u0103. Tr\u0103im \u00eentr-o perioad\u0103 \u00een care sucevenii sunt destul de solicita\u021bi, din punct de vedere al contribu\u021biilor \u0219i \u00een\u021belegem aceast\u0103 insatisfac\u021bie. \u00cen acela\u0219i timp, avem toat\u0103 disponibilitatea \u0219i toat\u0103 grija ca banii pe care contribuabilii suceveni \u00eei pl\u0103tesc s\u0103 se \u00eentoarc\u0103 \u00een confortul lor\u201d, a spus primarul municipiului Suceava, Vasile R\u00eembu.<\/em><\/strong><\/span><\/p>\n<\/blockquote>\n<p><span>La r\u00e2ndul s\u0103u, Alexandru Cova\u0219\u0103 a\u00a0explicat c\u0103 \u00ee\u0219i va concentra activitatea pe prezentarea proiectelor Prim\u0103riei \u0219i pe separarea clar\u0103 dintre dezbaterea politic\u0103 \u0219i actul administrativ.<\/span><\/p>\n<blockquote>\n<p data-start=\"0\" data-end=\"154\"><span><strong><em>\u201eAccept cu mare bucurie provocarea de a intra \u00een zona de imagine \u0219i comunicare a administra\u021biei locale din <span class=\"hover:entity-accent entity-underline inline cursor-pointer align-baseline\"><span class=\"whitespace-normal\">Suceava<\/span><\/span>. A\u0219a cum a precizat \u0219i domnul primar, vorbim despre o coali\u021bie. Dac\u0103 discut\u0103m despre limita dintre politic\u0103 \u0219i administra\u021bie, consider c\u0103 vom clarifica aceast\u0103 delimitare \u00een perioada urm\u0103toare.<\/em><\/strong><\/span><\/p>\n<p data-start=\"350\" data-end=\"529\"><span><strong><em>\u00cen cadrul \u0219edin\u021belor de Consiliu Local exist\u0103 grupuri politice care iau decizii, de cele mai multe ori, \u00eenaintea \u0219edin\u021bei. Ulterior, acestea se reflect\u0103 \u00een votul exprimat \u00een plen.<\/em><\/strong><\/span><\/p>\n<p data-start=\"531\" data-end=\"720\"><span><strong><em>\u00cen ceea ce prive\u0219te executivul, consider c\u0103 activitatea administrativ\u0103 trebuie separat\u0103 de zona politic\u0103. Vom solicita ca dezbaterea politic\u0103 s\u0103 se desf\u0103\u0219oare \u00een afara zonei administrative.<\/em><\/strong><\/span><\/p>\n<p data-start=\"722\" data-end=\"944\" data-is-last-node data-is-only-node><span><strong><em>\u00cen ceea ce m\u0103 prive\u0219te, m\u0103 voi concentra pe comunicarea proiectelor aflate \u00een derulare \u0219i a celor viitoare ale Prim\u0103riei municipiului <span class=\"hover:entity-accent entity-underline inline cursor-pointer align-baseline\"><span class=\"whitespace-normal\">Suceava\u201d, a spus Alexandru Cova\u0219\u0103.<\/span><\/span><\/em><\/strong><\/span><\/p>\n<\/blockquote>\n<\/section>\n<footer class=\"article-footer\">\n<div class=\"cb-social-sharing cb-post-footer-block cb-beside clearfix\">\n<div class=\"cb-title-subtle\">Share On:<\/div>\n<div class=\"cb-twitter\"><a href=\"https:\/\/twitter.com\/share\" class=\"twitter-share-button\" data-dnt=\"true\" data-count=\"horizontal\">Tweet<\/a><\/div>\n<\/div>\n<div id=\"cb-previous-next-links\" class=\"cb-post-footer-block clearfix\">\n<div id=\"cb-previous-link\"><a href=\"https:\/\/suceavalive.ro\/ioana-lazar-preia-conducerea-administrativa-a-ministerului-educatiei\/\" rel=\"prev\">Ioana Laz\u0103r preia conducerea administrativ\u0103 a Ministerului Educa\u021biei<\/a><\/div>\n<div id=\"cb-next-link\"><a href=\"https:\/\/suceavalive.ro\/alexandru-covasa-renunta-temporar-la-functiile-de-vicepresedinte-si-purtator-de-cuvant-al-pnl-suceava-pentru-a-se-concentra-pe-comunicarea-administratiei-locale-sucevene\/\" rel=\"next\">Alexandru Cova\u0219\u0103 renun\u021b\u0103 temporar la func\u021biile de vicepre\u0219edinte \u0219i purt\u0103tor de cuv\u00e2nt al PNL Suceava pentru a se concentra pe comunicarea administra\u021biei locale sucevene<\/a><\/div>\n<\/div>\n<div id=\"cb-author-box\" class=\"clearfix\">\n<h3 class=\"cb-block-title\">Despre autor<\/h3>\n<div class=\"cb-meta\">\n<div class=\"cb-info\">\n<div class=\"cb-author-title vcard\"><a href=\"https:\/\/suceavalive.ro\/author\/suceavalive\/\"><span class=\"fn\">SuceavaLive<\/span><\/a><\/div>\n<\/div>\n<\/div>\n<\/div>\n<div id=\"cb-related-posts\" class=\"cb-related-posts-block cb-post-end-block clearfix\">\n<h3 class=\"cb-block-title\">Postari asemanatoare<\/h3>\n<ul>\n<li class=\"cb-style-overlay cb-grid-entry cb-related-post no-1\">\n<div class=\"cb-meta cb-article-meta\">\n<h4 class=\"h3 cb-post-title\"><a href=\"https:\/\/suceavalive.ro\/alexandru-covasa-renunta-temporar-la-functiile-de-vicepresedinte-si-purtator-de-cuvant-al-pnl-suceava-pentru-a-se-concentra-pe-comunicarea-administratiei-locale-sucevene\/\">Alexandru Cova\u0219\u0103 renun\u021b\u0103 temporar la func\u021biile de vicepre\u0219edinte \u0219i purt\u0103tor de cuv\u00e2nt al PNL Suceava pentru a se concentra pe comunicarea administra\u021biei locale sucevene<\/a><\/h4>\n<div class=\"cb-byline cb-font-header\">\n<div class=\"cb-date cb-byline-element\"><time datetime=\"2026-03-02\">2 martie 2026<\/time><\/div>\n<\/div>\n<\/div>\n<\/li>\n<li class=\"cb-style-overlay cb-grid-entry cb-related-post no-2\">\n<div class=\"cb-meta cb-article-meta\">\n<h4 class=\"h3 cb-post-title\"><a href=\"https:\/\/suceavalive.ro\/ioana-lazar-preia-conducerea-administrativa-a-ministerului-educatiei\/\">Ioana Laz\u0103r preia conducerea administrativ\u0103 a Ministerului Educa\u021biei<\/a><\/h4>\n<div class=\"cb-byline cb-font-header\">\n<div class=\"cb-date cb-byline-element\"><time datetime=\"2026-03-02\">2 martie 2026<\/time><\/div>\n<\/div>\n<\/div>\n<\/li>\n<\/ul>\n<\/div>\n<\/footer>\n<div id=\"respond\" class=\"comment-respond\">\n<h3 id=\"reply-title\" class=\"comment-reply-title\">Lasa un raspuns <small><a rel=\"nofollow\" id=\"cancel-comment-reply-link\" href=\"https:\/\/suceavalive.ro\/vasile-rimbu-l-a-prezentat-oficial-pe-alexandru-covasa-noul-sau-consilier-de-imagine-si-comunicare\/?fbclid=IwY2xjawQSM41leHRuA2FlbQIxMABicmlkETBIUlRMQU54R3dyeUlZTjRQc3J0YwZhcHBfaWQQMjIyMDM5MTc4ODIwMDg5MgABHqmfpE30CgSA5PBpSqgkrxgYTOj5sDdg3dnD3SDGyMZYXNd4Og9GOwKwBg27_aem_YDM0O7zjxC8xzhN4EmRG3Q#respond\">Anuleaza raspunsul<\/a><\/small><\/h3>\n<p class=\"comment-notes\">Adresa ta de email nu va fi publicat\u0103.<\/p>\n<\/div>\n<\/article>\n<section class=\"cb-entry-content entry-content clearfix\">\n<p><span>Luni, 2 martie, \u00een cadrul unei conferin\u021be de pres\u0103, primarul municipiului Suceava, Vasile R\u00eembu, l-a prezentat oficial pe noul s\u0103u consilier de comunicare \u0219i imagine, fostul jurnalist Alexandru Cova\u0219\u0103. Edilul \u0219i-a motivat alegerea, subliniind c\u0103 avea nevoie de un profesionist care s\u0103 prezinte situa\u021bia proiectelor derulate de Prim\u0103ria Suceava. De asemenea, el a precizat c\u0103 a \u021binut cont de p\u0103rerile sucevenilor care au remarcat o comunicare defectuoas\u0103 a institu\u021biei<\/span><\/p>\n<blockquote>\n<p><span><strong><em>\u201eSunt omul care pot s\u0103 recunosc c\u00e2nd gre\u0219esc. Comunicarea a fost defectuoas\u0103 p\u00e2n\u0103 acum, iar tocmai asta vrem s\u0103 schimb\u0103m. Mi-a\u0219 dori s\u0103 fim mai des \u00een contact \u0219i s\u0103 inform\u0103m cet\u0103\u021benii municipiului Suceava c\u00e2t mai exact cu privire la activitatea noastr\u0103. Tr\u0103im \u00eentr-o perioad\u0103 \u00een care sucevenii sunt destul de solicita\u021bi, din punct de vedere al contribu\u021biilor \u0219i \u00een\u021belegem aceast\u0103 insatisfac\u021bie. \u00cen acela\u0219i timp, avem toat\u0103 disponibilitatea \u0219i toat\u0103 grija ca banii pe care contribuabilii suceveni \u00eei pl\u0103tesc s\u0103 se \u00eentoarc\u0103 \u00een confortul lor\u201d, a spus primarul municipiului Suceava, Vasile R\u00eembu.<\/em><\/strong><\/span><\/p>\n<\/blockquote>\n<p><span>La r\u00e2ndul s\u0103u, Alexandru Cova\u0219\u0103 a\u00a0explicat c\u0103 \u00ee\u0219i va concentra activitatea pe prezentarea proiectelor Prim\u0103riei \u0219i pe separarea clar\u0103 dintre dezbaterea politic\u0103 \u0219i actul administrativ.<\/span><\/p>\n<blockquote>\n<p data-start=\"0\" data-end=\"154\"><span><strong><em>\u201eAccept cu mare bucurie provocarea de a intra \u00een zona de imagine \u0219i comunicare a administra\u021biei locale din <span class=\"hover:entity-accent entity-underline inline cursor-pointer align-baseline\"><span class=\"whitespace-normal\">Suceava<\/span><\/span>. A\u0219a cum a precizat \u0219i domnul primar, vorbim despre o coali\u021bie. Dac\u0103 discut\u0103m despre limita dintre politic\u0103 \u0219i administra\u021bie, consider c\u0103 vom clarifica aceast\u0103 delimitare \u00een perioada urm\u0103toare.<\/em><\/strong><\/span><\/p>\n<p data-start=\"350\" data-end=\"529\"><span><strong><em>\u00cen cadrul \u0219edin\u021belor de Consiliu Local exist\u0103 grupuri politice care iau decizii, de cele mai multe ori, \u00eenaintea \u0219edin\u021bei. Ulterior, acestea se reflect\u0103 \u00een votul exprimat \u00een plen.<\/em><\/strong><\/span><\/p>\n<p data-start=\"531\" data-end=\"720\"><span><strong><em>\u00cen ceea ce prive\u0219te executivul, consider c\u0103 activitatea administrativ\u0103 trebuie separat\u0103 de zona politic\u0103. Vom solicita ca dezbaterea politic\u0103 s\u0103 se desf\u0103\u0219oare \u00een afara zonei administrative.<\/em><\/strong><\/span><\/p>\n<p data-start=\"722\" data-end=\"944\" data-is-last-node data-is-only-node><span><strong><em>\u00cen ceea ce m\u0103 prive\u0219te, m\u0103 voi concentra pe comunicarea proiectelor aflate \u00een derulare \u0219i a celor viitoare ale Prim\u0103riei municipiului <span class=\"hover:entity-accent entity-underline inline cursor-pointer align-baseline\"><span class=\"whitespace-normal\">Suceava\u201d, a spus Alexandru Cova\u0219\u0103.<\/span><\/span><\/em><\/strong><\/span><\/p>\n<\/blockquote>\n<\/section>\n<section class=\"cb-entry-content entry-content clearfix\">\n<p><span>Luni, 2 martie, \u00een cadrul unei conferin\u021be de pres\u0103, primarul municipiului Suceava, Vasile R\u00eembu, l-a prezentat oficial pe noul s\u0103u consilier de comunicare \u0219i imagine, fostul jurnalist Alexandru Cova\u0219\u0103. Edilul \u0219i-a motivat alegerea, subliniind c\u0103 avea nevoie de un profesionist care s\u0103 prezinte situa\u021bia proiectelor derulate de Prim\u0103ria Suceava. De asemenea, el a precizat c\u0103 a \u021binut cont de p\u0103rerile sucevenilor care au remarcat o comunicare defectuoas\u0103 a institu\u021biei<\/span><\/p>\n<blockquote>\n<p><span><strong><em>\u201eSunt omul care pot s\u0103 recunosc c\u00e2nd gre\u0219esc. Comunicarea a fost defectuoas\u0103 p\u00e2n\u0103 acum, iar tocmai asta vrem s\u0103 schimb\u0103m. Mi-a\u0219 dori s\u0103 fim mai des \u00een contact \u0219i s\u0103 inform\u0103m cet\u0103\u021benii municipiului Suceava c\u00e2t mai exact cu privire la activitatea noastr\u0103. Tr\u0103im \u00eentr-o perioad\u0103 \u00een care sucevenii sunt destul de solicita\u021bi, din punct de vedere al contribu\u021biilor \u0219i \u00een\u021belegem aceast\u0103 insatisfac\u021bie. \u00cen acela\u0219i timp, avem toat\u0103 disponibilitatea \u0219i toat\u0103 grija ca banii pe care contribuabilii suceveni \u00eei pl\u0103tesc s\u0103 se \u00eentoarc\u0103 \u00een confortul lor\u201d, a spus primarul municipiului Suceava, Vasile R\u00eembu.<\/em><\/strong><\/span><\/p>\n<\/blockquote>\n<p><span>La r\u00e2ndul s\u0103u, Alexandru Cova\u0219\u0103 a\u00a0explicat c\u0103 \u00ee\u0219i va concentra activitatea pe prezentarea proiectelor Prim\u0103riei \u0219i pe separarea clar\u0103 dintre dezbaterea politic\u0103 \u0219i actul administrativ.<\/span><\/p>\n<blockquote>\n<p data-start=\"0\" data-end=\"154\"><span><strong><em>\u201eAccept cu mare bucurie provocarea de a intra \u00een zona de imagine \u0219i comunicare a administra\u021biei locale din <span class=\"hover:entity-accent entity-underline inline cursor-pointer align-baseline\"><span class=\"whitespace-normal\">Suceava<\/span><\/span>. A\u0219a cum a precizat \u0219i domnul primar, vorbim despre o coali\u021bie. Dac\u0103 discut\u0103m despre limita dintre politic\u0103 \u0219i administra\u021bie, consider c\u0103 vom clarifica aceast\u0103 delimitare \u00een perioada urm\u0103toare.<\/em><\/strong><\/span><\/p>\n<p data-start=\"350\" data-end=\"529\"><span><strong><em>\u00cen cadrul \u0219edin\u021belor de Consiliu Local exist\u0103 grupuri politice care iau decizii, de cele mai multe ori, \u00eenaintea \u0219edin\u021bei. Ulterior, acestea se reflect\u0103 \u00een votul exprimat \u00een plen.<\/em><\/strong><\/span><\/p>\n<p data-start=\"531\" data-end=\"720\"><span><strong><em>\u00cen ceea ce prive\u0219te executivul, consider c\u0103 activitatea administrativ\u0103 trebuie separat\u0103 de zona politic\u0103. Vom solicita ca dezbaterea politic\u0103 s\u0103 se desf\u0103\u0219oare \u00een afara zonei administrative.<\/em><\/strong><\/span><\/p>\n<p data-start=\"722\" data-end=\"944\" data-is-last-node data-is-only-node><span><strong><em>\u00cen ceea ce m\u0103 prive\u0219te, m\u0103 voi concentra pe comunicarea proiectelor aflate \u00een derulare \u0219i a celor viitoare ale Prim\u0103riei municipiului <span class=\"hover:entity-accent entity-underline inline cursor-pointer align-baseline\"><span class=\"whitespace-normal\">Suceava\u201d, a spus Alexandru Cova\u0219\u0103.<\/span><\/span><\/em><\/strong><\/span><\/p>\n<\/blockquote>\n<\/section>\n<p>[analyse_source url=&#8221;https:\/\/suceavalive.ro\/vasile-rimbu-l-a-prezentat-oficial-pe-alexandru-covasa-noul-sau-consilier-de-imagine-si-comunicare\/&#8221;]<\/p>\n","protected":false},"excerpt":{"rendered":"<p>[analyse_image type=&#8221;featured&#8221; src=&#8221;https:\/\/suceavalive.ro\/wp-content\/uploads\/2026\/03\/rimbu-covasa.jpeghttps:\/\/suceavalive.ro\/wp-content\/uploads\/2026\/03\/rimbu-covasa.jpeg&#8221;] Vasile R\u00eembu l-a prezentat oficial pe Alexandru Cova\u0219\u0103, noul s\u0103u consilier de imagine \u0219i comunicare 2 martie 2026 Luni, 2 martie, \u00een cadrul unei conferin\u021be de pres\u0103, primarul municipiului Suceava, Vasile R\u00eembu, l-a prezentat oficial pe noul s\u0103u consilier de comunicare \u0219i imagine, fostul jurnalist Alexandru Cova\u0219\u0103. Edilul \u0219i-a motivat alegerea, subliniind [&hellip;]<\/p>\n","protected":false},"author":1,"featured_media":0,"comment_status":"open","ping_status":"","sticky":false,"template":"","format":"standard","meta":{"footnotes":""},"categories":[89],"tags":[226,173],"class_list":["post-1801654","post","type-post","status-publish","format-standard","hentry","category-romania","tag-crawlmanager","tag-suceavalive-ro"],"_links":{"self":[{"href":"https:\/\/analyse.optim.biz\/index.php?rest_route=\/wp\/v2\/posts\/1801654","targetHints":{"allow":["GET"]}}],"collection":[{"href":"https:\/\/analyse.optim.biz\/index.php?rest_route=\/wp\/v2\/posts"}],"about":[{"href":"https:\/\/analyse.optim.biz\/index.php?rest_route=\/wp\/v2\/types\/post"}],"author":[{"embeddable":true,"href":"https:\/\/analyse.optim.biz\/index.php?rest_route=\/wp\/v2\/users\/1"}],"replies":[{"embeddable":true,"href":"https:\/\/analyse.optim.biz\/index.php?rest_route=%2Fwp%2Fv2%2Fcomments&post=1801654"}],"version-history":[{"count":0,"href":"https:\/\/analyse.optim.biz\/index.php?rest_route=\/wp\/v2\/posts\/1801654\/revisions"}],"wp:attachment":[{"href":"https:\/\/analyse.optim.biz\/index.php?rest_route=%2Fwp%2Fv2%2Fmedia&parent=1801654"}],"wp:term":[{"taxonomy":"category","embeddable":true,"href":"https:\/\/analyse.optim.biz\/index.php?rest_route=%2Fwp%2Fv2%2Fcategories&post=1801654"},{"taxonomy":"post_tag","embeddable":true,"href":"https:\/\/analyse.optim.biz\/index.php?rest_route=%2Fwp%2Fv2%2Ftags&post=1801654"}],"curies":[{"name":"wp","href":"https:\/\/api.w.org\/{rel}","templated":true}]}}