{"id":1801653,"date":"2026-03-02T08:01:04","date_gmt":"2026-03-02T05:01:04","guid":{"rendered":"https:\/\/analyse.optim.biz\/?p=1801653"},"modified":"2026-03-02T08:01:04","modified_gmt":"2026-03-02T05:01:04","slug":"ioana-lazar-preia-conducerea-administrativa-a-ministerului-educatiei-suceavalive","status":"publish","type":"post","link":"https:\/\/analyse.optim.biz\/?p=1801653","title":{"rendered":"Ioana Laz\u0103r preia conducerea administrativ\u0103 a Ministerului Educa\u021biei &#8211; SuceavaLIVE"},"content":{"rendered":"<p>[analyse_image type=&#8221;featured&#8221; src=&#8221;https:\/\/suceavalive.ro\/wp-content\/uploads\/2026\/03\/ioana-lazar.jpghttps:\/\/suceavalive.ro\/wp-content\/uploads\/2026\/03\/ioana-lazar.jpg&#8221;]<\/p>\n<article id=\"post-288206\" class=\"clearfix post-288206 post type-post status-publish format-standard has-post-thumbnail hentry category-slide category-categoria-social\">\n<header id=\"cb-standard-featured\">\n<div id=\"cb-fis-wrap\" class=\"cb-entry-header cb-fis cb-style-standard\"><span class=\"cb-title-fi\"><\/p>\n<h1 class=\"entry-title cb-entry-title cb-single-title\">Ioana Laz\u0103r preia conducerea administrativ\u0103 a Ministerului Educa\u021biei<\/h1>\n<div class=\"cb-byline cb-font-header\">\n<div class=\"cb-date cb-byline-element\"><time datetime=\"2026-03-02\">2 martie 2026<\/time><\/div>\n<\/div>\n<p><\/span><\/div>\n<\/header>\n<section class=\"cb-entry-content entry-content clearfix\">\n<h5 id=\"dupa-45-de-zile-de-interimat-la-conducerea-ministerului-educatiei-si-cercetarii-mandatul-premierului-ilie-bolojan-a-ajuns-pe-27-februarie-2026-la-termenul-limita-prevazut-de-constitutie-in-lipsa-num\" class=\"wp-block-heading\"><span>Dup\u0103 45 de zile de interimat la conducerea Ministerului Educa\u021biei \u0219i Cercet\u0103rii, mandatul premierului Ilie Bolojan a ajuns pe 27 februarie 2026 la termenul-limit\u0103 prev\u0103zut de Constitu\u021bie. \u00cen lipsa numirii unui ministru titular, conducerea administrativ\u0103 a institu\u021biei este preluat\u0103 de secretarul general, Ioana Laz\u0103r, care devine ordonator principal de credite \u0219i reprezentant legal al ministerului, potrivit legisla\u021biei \u00een vigoare \u0219i conform interpret\u0103rii Cur\u021bii Constitu\u021bionale asupra unei situa\u021bii similare din 2019.<\/span><\/h5>\n<p><span>Constitu\u021bia Rom\u00e2niei\u00a0prevede la articolul 107 alineatul (4)\u00a0c\u0103 interimatul pentru membri Guvernului se aplic\u0103 \u201epentru o perioad\u0103 de cel mult 45 de zile\u201d. Dep\u0103\u0219irea acestui termen a fost \u00een trecut subiectul unei situa\u021bii similare, iar atunci Curtea Constitu\u021bional\u0103 a ar\u0103tat \u00een jurispruden\u021ba sa c\u0103 interimatul expir\u0103 de drept la \u00eemplinirea celor 45 de zile.<\/span><\/p>\n<p><span>Ministrul Educa\u021biei \u0219i Cercet\u0103rii, Daniel David, \u0219i-a depus demisia la cancelaria premierului, dup\u0103 cum a declarat public, pe 22 decembrie 2025. Ilie Bolojan a oficializat primirea demisiei abia pe 14 ianuarie 2026, c\u00e2nd declara c\u0103 \u201enu este foarte u\u0219or \u00een aceste luni s\u0103 fii ministru. S\u0103 nu crede\u021bi c\u0103 Daniel David a fost sus\u021bin\u0103torul m\u0103surilor din educa\u021bie, dar n-a avut ce s\u0103 fac\u0103\u201d.<\/span><\/p>\n<p><span>Bolojan a r\u0103mas interimar la MEC timp de 45 de zile, termen care a expirat pe 27 februarie 2026. \u00cen acest timp a declarat de \u0219ase ori c\u0103 va numi un ministru titular cur\u00e2nd, conform monitoriz\u0103rii Edupedu.ro. A folosit sintagme ca: \u201es\u0103pt\u0103m\u00e2na viitoare\u201d sau \u201ep\u00e2n\u0103 la finalul lunii\u201d sau \u201ezilele urm\u0103toare\u201d sau \u201ec\u00e2nd revin \u00een \u021bar\u0103\u201d. \u00cen ziua public\u0103rii acestui articol, pe 2 martie, nu exist\u0103 nicio propunere f\u0103cut\u0103 de premier pentru acest post.<\/span><\/p>\n<p><span>Precedentul a avut loc \u00een 2019, c\u00e2nd Guvernul D\u0103ncil\u0103 de la acea vreme a modificat prin Ordonan\u021b\u0103 de Urgen\u021b\u0103 Codul Administrativ tocmai pentru o situa\u021bie similar\u0103.<\/span><\/p>\n<p><span>\u00cen prezent, \u00een lipsa unui nou decret de numire a unui ministru al Educa\u021biei, se activeaz\u0103 mecanismul de continuitate\u00a0prev\u0103zut \u00een Codul administrativ. Acesta stabile\u0219te la Articolul 61, alin 2, punctul c)^<sup>1<\/sup> c\u0103, \u00een caz de vacan\u021b\u0103 a func\u021biei de ministru sau de imposibilitate absolut\u0103 de exercitare a atribu\u021biilor, secretarul general al ministerului \u00eendepline\u0219te, prin excep\u021bie, calitatea de ordonator principal de credite \u0219i de reprezentant legal al institu\u021biei, relateaz\u0103 <a href=\"https:\/\/www.edupedu.ro\/ioana-lazar-conduce-acum-ministerul-educatiei-si-cercetarii-dupa-expirarea-interimatului-lui-ilie-bolojan-in-calitate-de-ordonator-principal-de-credite-si-reprezentant-legal-analiza-lazar-este-l\/\" target=\"_blank\" rel=\"noopener\">edupedu.ro<\/a>.<\/span><\/p>\n<\/section>\n<footer class=\"article-footer\">\n<div class=\"cb-social-sharing cb-post-footer-block cb-beside clearfix\">\n<div class=\"cb-title-subtle\">Share On:<\/div>\n<div class=\"cb-twitter\"><a href=\"https:\/\/twitter.com\/share\" class=\"twitter-share-button\" data-dnt=\"true\" data-count=\"horizontal\">Tweet<\/a><\/div>\n<\/div>\n<div id=\"cb-previous-next-links\" class=\"cb-post-footer-block clearfix\">\n<div id=\"cb-previous-link\"><a href=\"https:\/\/suceavalive.ro\/vacanta-la-zoo-radauti-e-istorie-51-de-elevi-si-12-profesori-din-judetul-suceava-sunt-blocati-in-dubai\/\" rel=\"prev\">Vacan\u021ba la Zoo R\u0103d\u0103u\u021bi e istorie: 51 de elevi \u0219i 12 profesori din jude\u021bul Suceava sunt bloca\u021bi \u00een Dubai<\/a><\/div>\n<div id=\"cb-next-link\"><a href=\"https:\/\/suceavalive.ro\/vasile-rimbu-l-a-prezentat-oficial-pe-alexandru-covasa-noul-sau-consilier-de-imagine-si-comunicare\/\" rel=\"next\">Vasile R\u00eembu l-a prezentat oficial pe Alexandru Cova\u0219\u0103, noul s\u0103u consilier de imagine \u0219i comunicare<\/a><\/div>\n<\/div>\n<div id=\"cb-author-box\" class=\"clearfix\">\n<h3 class=\"cb-block-title\">Despre autor<\/h3>\n<div class=\"cb-meta\">\n<div class=\"cb-info\">\n<div class=\"cb-author-title vcard\"><a href=\"https:\/\/suceavalive.ro\/author\/suceavalive\/\"><span class=\"fn\">SuceavaLive<\/span><\/a><\/div>\n<\/div>\n<\/div>\n<\/div>\n<div id=\"cb-related-posts\" class=\"cb-related-posts-block cb-post-end-block clearfix\">\n<h3 class=\"cb-block-title\">Postari asemanatoare<\/h3>\n<ul>\n<li class=\"cb-style-overlay cb-grid-entry cb-related-post no-1\">\n<div class=\"cb-meta cb-article-meta\">\n<h4 class=\"h3 cb-post-title\"><a href=\"https:\/\/suceavalive.ro\/alexandru-covasa-renunta-temporar-la-functiile-de-vicepresedinte-si-purtator-de-cuvant-al-pnl-suceava-pentru-a-se-concentra-pe-comunicarea-administratiei-locale-sucevene\/\">Alexandru Cova\u0219\u0103 renun\u021b\u0103 temporar la func\u021biile de vicepre\u0219edinte \u0219i purt\u0103tor de cuv\u00e2nt al PNL Suceava pentru a se concentra pe comunicarea administra\u021biei locale sucevene<\/a><\/h4>\n<div class=\"cb-byline cb-font-header\">\n<div class=\"cb-date cb-byline-element\"><time datetime=\"2026-03-02\">2 martie 2026<\/time><\/div>\n<\/div>\n<\/div>\n<\/li>\n<li class=\"cb-style-overlay cb-grid-entry cb-related-post no-2\">\n<div class=\"cb-meta cb-article-meta\">\n<h4 class=\"h3 cb-post-title\"><a href=\"https:\/\/suceavalive.ro\/vasile-rimbu-l-a-prezentat-oficial-pe-alexandru-covasa-noul-sau-consilier-de-imagine-si-comunicare\/\">Vasile R\u00eembu l-a prezentat oficial pe Alexandru Cova\u0219\u0103, noul s\u0103u consilier de imagine \u0219i comunicare<\/a><\/h4>\n<div class=\"cb-byline cb-font-header\">\n<div class=\"cb-date cb-byline-element\"><time datetime=\"2026-03-02\">2 martie 2026<\/time><\/div>\n<\/div>\n<\/div>\n<\/li>\n<\/ul>\n<\/div>\n<\/footer>\n<div id=\"respond\" class=\"comment-respond\">\n<h3 id=\"reply-title\" class=\"comment-reply-title\">Lasa un raspuns <small><a rel=\"nofollow\" id=\"cancel-comment-reply-link\" href=\"https:\/\/suceavalive.ro\/ioana-lazar-preia-conducerea-administrativa-a-ministerului-educatiei\/?fbclid=IwY2xjawQSNnxleHRuA2FlbQIxMABicmlkETBsM293RGRCZExFb1JlMGllc3J0YwZhcHBfaWQQMjIyMDM5MTc4ODIwMDg5MgABHo4lEneo2Ke4E6hXYBZHe6DN6qJz-l_Pqu2rKehkiZfnErwDAmOo-3fssPam_aem_7PmZVBDTfnrejyo_n-0qqA#respond\">Anuleaza raspunsul<\/a><\/small><\/h3>\n<p class=\"comment-notes\">Adresa ta de email nu va fi publicat\u0103.<\/p>\n<\/div>\n<\/article>\n<section class=\"cb-entry-content entry-content clearfix\">\n<h5 id=\"dupa-45-de-zile-de-interimat-la-conducerea-ministerului-educatiei-si-cercetarii-mandatul-premierului-ilie-bolojan-a-ajuns-pe-27-februarie-2026-la-termenul-limita-prevazut-de-constitutie-in-lipsa-num\" class=\"wp-block-heading\"><span>Dup\u0103 45 de zile de interimat la conducerea Ministerului Educa\u021biei \u0219i Cercet\u0103rii, mandatul premierului Ilie Bolojan a ajuns pe 27 februarie 2026 la termenul-limit\u0103 prev\u0103zut de Constitu\u021bie. \u00cen lipsa numirii unui ministru titular, conducerea administrativ\u0103 a institu\u021biei este preluat\u0103 de secretarul general, Ioana Laz\u0103r, care devine ordonator principal de credite \u0219i reprezentant legal al ministerului, potrivit legisla\u021biei \u00een vigoare \u0219i conform interpret\u0103rii Cur\u021bii Constitu\u021bionale asupra unei situa\u021bii similare din 2019.<\/span><\/h5>\n<p><span>Constitu\u021bia Rom\u00e2niei\u00a0prevede la articolul 107 alineatul (4)\u00a0c\u0103 interimatul pentru membri Guvernului se aplic\u0103 \u201epentru o perioad\u0103 de cel mult 45 de zile\u201d. Dep\u0103\u0219irea acestui termen a fost \u00een trecut subiectul unei situa\u021bii similare, iar atunci Curtea Constitu\u021bional\u0103 a ar\u0103tat \u00een jurispruden\u021ba sa c\u0103 interimatul expir\u0103 de drept la \u00eemplinirea celor 45 de zile.<\/span><\/p>\n<p><span>Ministrul Educa\u021biei \u0219i Cercet\u0103rii, Daniel David, \u0219i-a depus demisia la cancelaria premierului, dup\u0103 cum a declarat public, pe 22 decembrie 2025. Ilie Bolojan a oficializat primirea demisiei abia pe 14 ianuarie 2026, c\u00e2nd declara c\u0103 \u201enu este foarte u\u0219or \u00een aceste luni s\u0103 fii ministru. S\u0103 nu crede\u021bi c\u0103 Daniel David a fost sus\u021bin\u0103torul m\u0103surilor din educa\u021bie, dar n-a avut ce s\u0103 fac\u0103\u201d.<\/span><\/p>\n<p><span>Bolojan a r\u0103mas interimar la MEC timp de 45 de zile, termen care a expirat pe 27 februarie 2026. \u00cen acest timp a declarat de \u0219ase ori c\u0103 va numi un ministru titular cur\u00e2nd, conform monitoriz\u0103rii Edupedu.ro. A folosit sintagme ca: \u201es\u0103pt\u0103m\u00e2na viitoare\u201d sau \u201ep\u00e2n\u0103 la finalul lunii\u201d sau \u201ezilele urm\u0103toare\u201d sau \u201ec\u00e2nd revin \u00een \u021bar\u0103\u201d. \u00cen ziua public\u0103rii acestui articol, pe 2 martie, nu exist\u0103 nicio propunere f\u0103cut\u0103 de premier pentru acest post.<\/span><\/p>\n<p><span>Precedentul a avut loc \u00een 2019, c\u00e2nd Guvernul D\u0103ncil\u0103 de la acea vreme a modificat prin Ordonan\u021b\u0103 de Urgen\u021b\u0103 Codul Administrativ tocmai pentru o situa\u021bie similar\u0103.<\/span><\/p>\n<p><span>\u00cen prezent, \u00een lipsa unui nou decret de numire a unui ministru al Educa\u021biei, se activeaz\u0103 mecanismul de continuitate\u00a0prev\u0103zut \u00een Codul administrativ. Acesta stabile\u0219te la Articolul 61, alin 2, punctul c)^<sup>1<\/sup> c\u0103, \u00een caz de vacan\u021b\u0103 a func\u021biei de ministru sau de imposibilitate absolut\u0103 de exercitare a atribu\u021biilor, secretarul general al ministerului \u00eendepline\u0219te, prin excep\u021bie, calitatea de ordonator principal de credite \u0219i de reprezentant legal al institu\u021biei, relateaz\u0103 <a href=\"https:\/\/www.edupedu.ro\/ioana-lazar-conduce-acum-ministerul-educatiei-si-cercetarii-dupa-expirarea-interimatului-lui-ilie-bolojan-in-calitate-de-ordonator-principal-de-credite-si-reprezentant-legal-analiza-lazar-este-l\/\" target=\"_blank\" rel=\"noopener\">edupedu.ro<\/a>.<\/span><\/p>\n<\/section>\n<section class=\"cb-entry-content entry-content clearfix\">\n<h5 id=\"dupa-45-de-zile-de-interimat-la-conducerea-ministerului-educatiei-si-cercetarii-mandatul-premierului-ilie-bolojan-a-ajuns-pe-27-februarie-2026-la-termenul-limita-prevazut-de-constitutie-in-lipsa-num\" class=\"wp-block-heading\"><span>Dup\u0103 45 de zile de interimat la conducerea Ministerului Educa\u021biei \u0219i Cercet\u0103rii, mandatul premierului Ilie Bolojan a ajuns pe 27 februarie 2026 la termenul-limit\u0103 prev\u0103zut de Constitu\u021bie. \u00cen lipsa numirii unui ministru titular, conducerea administrativ\u0103 a institu\u021biei este preluat\u0103 de secretarul general, Ioana Laz\u0103r, care devine ordonator principal de credite \u0219i reprezentant legal al ministerului, potrivit legisla\u021biei \u00een vigoare \u0219i conform interpret\u0103rii Cur\u021bii Constitu\u021bionale asupra unei situa\u021bii similare din 2019.<\/span><\/h5>\n<p><span>Constitu\u021bia Rom\u00e2niei\u00a0prevede la articolul 107 alineatul (4)\u00a0c\u0103 interimatul pentru membri Guvernului se aplic\u0103 \u201epentru o perioad\u0103 de cel mult 45 de zile\u201d. Dep\u0103\u0219irea acestui termen a fost \u00een trecut subiectul unei situa\u021bii similare, iar atunci Curtea Constitu\u021bional\u0103 a ar\u0103tat \u00een jurispruden\u021ba sa c\u0103 interimatul expir\u0103 de drept la \u00eemplinirea celor 45 de zile.<\/span><\/p>\n<p><span>Ministrul Educa\u021biei \u0219i Cercet\u0103rii, Daniel David, \u0219i-a depus demisia la cancelaria premierului, dup\u0103 cum a declarat public, pe 22 decembrie 2025. Ilie Bolojan a oficializat primirea demisiei abia pe 14 ianuarie 2026, c\u00e2nd declara c\u0103 \u201enu este foarte u\u0219or \u00een aceste luni s\u0103 fii ministru. S\u0103 nu crede\u021bi c\u0103 Daniel David a fost sus\u021bin\u0103torul m\u0103surilor din educa\u021bie, dar n-a avut ce s\u0103 fac\u0103\u201d.<\/span><\/p>\n<p><span>Bolojan a r\u0103mas interimar la MEC timp de 45 de zile, termen care a expirat pe 27 februarie 2026. \u00cen acest timp a declarat de \u0219ase ori c\u0103 va numi un ministru titular cur\u00e2nd, conform monitoriz\u0103rii Edupedu.ro. A folosit sintagme ca: \u201es\u0103pt\u0103m\u00e2na viitoare\u201d sau \u201ep\u00e2n\u0103 la finalul lunii\u201d sau \u201ezilele urm\u0103toare\u201d sau \u201ec\u00e2nd revin \u00een \u021bar\u0103\u201d. \u00cen ziua public\u0103rii acestui articol, pe 2 martie, nu exist\u0103 nicio propunere f\u0103cut\u0103 de premier pentru acest post.<\/span><\/p>\n<p><span>Precedentul a avut loc \u00een 2019, c\u00e2nd Guvernul D\u0103ncil\u0103 de la acea vreme a modificat prin Ordonan\u021b\u0103 de Urgen\u021b\u0103 Codul Administrativ tocmai pentru o situa\u021bie similar\u0103.<\/span><\/p>\n<p><span>\u00cen prezent, \u00een lipsa unui nou decret de numire a unui ministru al Educa\u021biei, se activeaz\u0103 mecanismul de continuitate\u00a0prev\u0103zut \u00een Codul administrativ. Acesta stabile\u0219te la Articolul 61, alin 2, punctul c)^<sup>1<\/sup> c\u0103, \u00een caz de vacan\u021b\u0103 a func\u021biei de ministru sau de imposibilitate absolut\u0103 de exercitare a atribu\u021biilor, secretarul general al ministerului \u00eendepline\u0219te, prin excep\u021bie, calitatea de ordonator principal de credite \u0219i de reprezentant legal al institu\u021biei, relateaz\u0103 <a href=\"https:\/\/www.edupedu.ro\/ioana-lazar-conduce-acum-ministerul-educatiei-si-cercetarii-dupa-expirarea-interimatului-lui-ilie-bolojan-in-calitate-de-ordonator-principal-de-credite-si-reprezentant-legal-analiza-lazar-este-l\/\" target=\"_blank\" rel=\"noopener\">edupedu.ro<\/a>.<\/span><\/p>\n<\/section>\n<p>[analyse_source url=&#8221;https:\/\/suceavalive.ro\/ioana-lazar-preia-conducerea-administrativa-a-ministerului-educatiei\/&#8221;]<\/p>\n","protected":false},"excerpt":{"rendered":"<p>[analyse_image type=&#8221;featured&#8221; src=&#8221;https:\/\/suceavalive.ro\/wp-content\/uploads\/2026\/03\/ioana-lazar.jpghttps:\/\/suceavalive.ro\/wp-content\/uploads\/2026\/03\/ioana-lazar.jpg&#8221;] Ioana Laz\u0103r preia conducerea administrativ\u0103 a Ministerului Educa\u021biei 2 martie 2026 Dup\u0103 45 de zile de interimat la conducerea Ministerului Educa\u021biei \u0219i Cercet\u0103rii, mandatul premierului Ilie Bolojan a ajuns pe 27 februarie 2026 la termenul-limit\u0103 prev\u0103zut de Constitu\u021bie. \u00cen lipsa numirii unui ministru titular, conducerea administrativ\u0103 a institu\u021biei este preluat\u0103 de secretarul [&hellip;]<\/p>\n","protected":false},"author":1,"featured_media":0,"comment_status":"open","ping_status":"","sticky":false,"template":"","format":"standard","meta":{"footnotes":""},"categories":[89],"tags":[226,173],"class_list":["post-1801653","post","type-post","status-publish","format-standard","hentry","category-romania","tag-crawlmanager","tag-suceavalive-ro"],"_links":{"self":[{"href":"https:\/\/analyse.optim.biz\/index.php?rest_route=\/wp\/v2\/posts\/1801653","targetHints":{"allow":["GET"]}}],"collection":[{"href":"https:\/\/analyse.optim.biz\/index.php?rest_route=\/wp\/v2\/posts"}],"about":[{"href":"https:\/\/analyse.optim.biz\/index.php?rest_route=\/wp\/v2\/types\/post"}],"author":[{"embeddable":true,"href":"https:\/\/analyse.optim.biz\/index.php?rest_route=\/wp\/v2\/users\/1"}],"replies":[{"embeddable":true,"href":"https:\/\/analyse.optim.biz\/index.php?rest_route=%2Fwp%2Fv2%2Fcomments&post=1801653"}],"version-history":[{"count":0,"href":"https:\/\/analyse.optim.biz\/index.php?rest_route=\/wp\/v2\/posts\/1801653\/revisions"}],"wp:attachment":[{"href":"https:\/\/analyse.optim.biz\/index.php?rest_route=%2Fwp%2Fv2%2Fmedia&parent=1801653"}],"wp:term":[{"taxonomy":"category","embeddable":true,"href":"https:\/\/analyse.optim.biz\/index.php?rest_route=%2Fwp%2Fv2%2Fcategories&post=1801653"},{"taxonomy":"post_tag","embeddable":true,"href":"https:\/\/analyse.optim.biz\/index.php?rest_route=%2Fwp%2Fv2%2Ftags&post=1801653"}],"curies":[{"name":"wp","href":"https:\/\/api.w.org\/{rel}","templated":true}]}}