{"id":1801652,"date":"2026-03-02T07:41:33","date_gmt":"2026-03-02T04:41:33","guid":{"rendered":"https:\/\/analyse.optim.biz\/?p=1801652"},"modified":"2026-03-02T07:41:33","modified_gmt":"2026-03-02T04:41:33","slug":"vacanta-la-zoo-radauti-e-istorie-51-de-elevi-si-12-profesori-din-judetul-suceava-sunt-blocati-in-dubai","status":"publish","type":"post","link":"https:\/\/analyse.optim.biz\/?p=1801652","title":{"rendered":"Vacan\u021ba la Zoo R\u0103d\u0103u\u021bi e istorie: 51 de elevi \u0219i 12 profesori din jude\u021bul Suceava sunt bloca\u021bi \u00een Dubai &#8211;"},"content":{"rendered":"<p>[analyse_image type=&#8221;featured&#8221; src=&#8221;https:\/\/suceavalive.ro\/wp-content\/uploads\/2026\/03\/explozie-in-dubai-langa-burj-khalifa-un-hotel-a-luat-foc-foto-x.webphttps:\/\/suceavalive.ro\/wp-content\/uploads\/2026\/03\/explozie-in-dubai-langa-burj-khalifa-un-hotel-a-luat-foc-foto-x.webp&#8221;]<\/p>\n<article id=\"post-288200\" class=\"clearfix post-288200 post type-post status-publish format-standard has-post-thumbnail hentry category-slide category-categoria-social\">\n<header id=\"cb-standard-featured\">\n<div id=\"cb-fis-wrap\" class=\"cb-entry-header cb-fis cb-style-standard\"><span class=\"cb-title-fi\"><\/p>\n<h1 class=\"entry-title cb-entry-title cb-single-title\">Vacan\u021ba la Zoo R\u0103d\u0103u\u021bi e istorie: 51 de elevi \u0219i 12 profesori din jude\u021bul Suceava sunt bloca\u021bi \u00een Dubai<\/h1>\n<div class=\"cb-byline cb-font-header\">\n<div class=\"cb-date cb-byline-element\"><time datetime=\"2026-03-02\">2 martie 2026<\/time><\/div>\n<\/div>\n<p><\/span><\/div>\n<\/header>\n<section class=\"cb-entry-content entry-content clearfix\">\n<div class=\"html-div xdj266r x14z9mp xat24cr x1lziwak xexx8yu xyri2b x18d9i69 x1c1uobl x6ikm8r x10wlt62\">\n<div class=\"html-div xdj266r x14z9mp xat24cr x1lziwak x14ctfv x13sv91t x6ikm8r x10wlt62 xerhiuh x1pn3fxy x10zy8in xm9bcq3 x1n2onr6 x1vjfegm x1k4qllp x1mzt3pk x13faqbe x1xr0vuk x1jm4cbz x114wg8e xrrpcnn x14rx4xb x13fuv20 x18b5jzi x1q0q8m5 x1t7ytsu x19livfd x1h2krnu x3p3xfz xet2kk3 xaymx6s x1lu5o8o x1ou5ly4 xofb2d2\" role=\"presentation\">\n<div class=\"html-div xexx8yu xyri2b x18d9i69 x1c1uobl x1gslohp x14z9mp x12nagc x1lziwak x1yc453h x126k92a x18lvrbx\" dir=\"auto\"><span>51 de elevi \u0219i 12 cadre didactice din jude\u021bul Suceava se afl\u0103 \u00een aceste momente \u00een Dubai, unde au plecat \u00een vacan\u021ba de la finalul lunii februarie, denumit\u0103 popular \u201evacan\u021ba de schi\u201d. Potrivit inspectorului general al Inspectoratului \u0218colar Jude\u021bean Suceava, prof. Ciprian Anton, aceast\u0103 statistic\u0103 mai poate fi modificat\u0103, \u00eentruc\u00e2t nu to\u021bi cei pleca\u021bi au anun\u021bat.<\/span><\/div>\n<\/div>\n<\/div>\n<p><span>\u0218eful I\u0218J Suceava a precizat c\u0103 a cerut tuturor directorilor din jude\u021b s\u0103 transmit\u0103 dac\u0103 sunt elevi din \u0219colile pe care le conduc bloca\u021bi \u00een aceast\u0103 situa\u021bie, astfel \u00eenc\u00e2t, \u00een caz de nevoie, s\u0103 poat\u0103 transmite autorit\u0103\u021bilor competente o list\u0103 cu ace\u0219tia pentru a le facilita \u00eentoarcerea acas\u0103.<\/span><\/p>\n<blockquote>\n<p><strong><em><span>\u201eDin informa\u021biile pe care le de\u021bin \u00een acest moment, cursele de repatriere ar urma s\u0103 se fac\u0103 de pe 9 martie, dar situa\u021bia se poate modifica, \u00een func\u021bie de cum evolueaz\u0103 lucrurile acolo. Chiar dac\u0103 nu \u021bine de Inspectoratul \u0218colar, noi \u00eencerc\u0103m s\u0103 \u00eei ajut\u0103m\u201d, a declarat prof. Ciprian Anton, inspectorul general al I\u0218J Suceava.<\/span><\/em><\/strong><\/p>\n<\/blockquote>\n<p><span>Din totalul de 51 de elevi \u0219i 12 profesori anun\u021ba\u021bi p\u00e2n\u0103 \u00een prezent, 20 de elevi \u0219i patru profesori sunt de la Colegiul Na\u021bional \u201ePetru Rare\u0219\u201d Suceava. Potrivit directoarei unit\u0103\u021bii de \u00eenv\u0103\u021b\u0103m\u00e2nt, prof. Daniela Dungeanu, doar 10 din cei 20 de elevi au plecat \u00een vacan\u021b\u0103 \u00eempreun\u0103 cu cei patru profesori, \u00een timp ce ceilal\u021bi 10 au plecat pe cont propriu cu familiile.<\/span><\/p>\n<blockquote>\n<p><strong><em><span>\u201e\u0218i \u00een aceast\u0103 diminea\u021b\u0103 am luat leg\u0103tura cu ei. Sunt bine cu to\u021bii \u0219i se afl\u0103 la hotelul unde au fost caza\u021bi. Consulatul Rom\u00e2niei a luat leg\u0103tura cu ei \u0219i i-a sf\u0103tuit cum s\u0103 procedeze. Fiind o situa\u021bie de for\u021b\u0103 major\u0103, absen\u021bele elevilor vor fi motivate\u201d, a declarat prof. Daniela Dungeanu, directoarea Colegiului Na\u021bional \u201ePetru Rare\u0219\u201d Suceava.<\/span><\/em><\/strong><\/p>\n<\/blockquote>\n<p><span>Prof. Dungeanu a ad\u0103ugat c\u0103 elevii bloca\u021bi \u00een Dubai \u0219i-au exprimat dorin\u021ba de a participa online la cursuri, iar \u00een aceste momente se caut\u0103 o solu\u021bie tehnic\u0103.<\/span><\/p>\n<p><strong><span>Vremurile se schimb\u0103, evolueaz\u0103, \u00eens\u0103 uneori, mai ales \u00een contextul instabilit\u0103\u021bii interna\u021bionale, mai sigur\u0103 ar fi fost o vacan\u021b\u0103 de schi la Vatra Dornei, C\u00e2mpulung Moldovenesc sau M\u0103lini, iar pentru elevii mai mici una la Gr\u0103dina Zoologic\u0103 de la R\u0103d\u0103u\u021bi.<\/span><\/strong><\/p>\n<p>\u00a0<\/p>\n<p><span>Sursa foto Libertatea<\/span><\/p>\n<\/section>\n<footer class=\"article-footer\">\n<div class=\"cb-social-sharing cb-post-footer-block cb-beside clearfix\">\n<div class=\"cb-title-subtle\">Share On:<\/div>\n<div class=\"cb-twitter\"><a href=\"https:\/\/twitter.com\/share\" class=\"twitter-share-button\" data-dnt=\"true\" data-count=\"horizontal\">Tweet<\/a><\/div>\n<\/div>\n<div id=\"cb-previous-next-links\" class=\"cb-post-footer-block clearfix\">\n<div id=\"cb-previous-link\"><a href=\"https:\/\/suceavalive.ro\/peste-300-de-persoane-din-gura-humorului-si-falticeni-legitimate-de-politisti\/\" rel=\"prev\">Peste 300 de persoane din Gura Humorului \u0219i F\u0103lticeni, legitimate de poli\u021bi\u0219ti<\/a><\/div>\n<div id=\"cb-next-link\"><a href=\"https:\/\/suceavalive.ro\/ioana-lazar-preia-conducerea-administrativa-a-ministerului-educatiei\/\" rel=\"next\">Ioana Laz\u0103r preia conducerea administrativ\u0103 a Ministerului Educa\u021biei<\/a><\/div>\n<\/div>\n<div id=\"cb-author-box\" class=\"clearfix\">\n<h3 class=\"cb-block-title\">Despre autor<\/h3>\n<div class=\"cb-meta\">\n<div class=\"cb-info\">\n<div class=\"cb-author-title vcard\"><a href=\"https:\/\/suceavalive.ro\/author\/suceavalive\/\"><span class=\"fn\">SuceavaLive<\/span><\/a><\/div>\n<\/div>\n<\/div>\n<\/div>\n<div id=\"cb-related-posts\" class=\"cb-related-posts-block cb-post-end-block clearfix\">\n<h3 class=\"cb-block-title\">Postari asemanatoare<\/h3>\n<ul>\n<li class=\"cb-style-overlay cb-grid-entry cb-related-post no-1\">\n<div class=\"cb-meta cb-article-meta\">\n<h4 class=\"h3 cb-post-title\"><a href=\"https:\/\/suceavalive.ro\/alexandru-covasa-renunta-temporar-la-functiile-de-vicepresedinte-si-purtator-de-cuvant-al-pnl-suceava-pentru-a-se-concentra-pe-comunicarea-administratiei-locale-sucevene\/\">Alexandru Cova\u0219\u0103 renun\u021b\u0103 temporar la func\u021biile de vicepre\u0219edinte \u0219i purt\u0103tor de cuv\u00e2nt al PNL Suceava pentru a se concentra pe comunicarea administra\u021biei locale sucevene<\/a><\/h4>\n<div class=\"cb-byline cb-font-header\">\n<div class=\"cb-date cb-byline-element\"><time datetime=\"2026-03-02\">2 martie 2026<\/time><\/div>\n<\/div>\n<\/div>\n<\/li>\n<li class=\"cb-style-overlay cb-grid-entry cb-related-post no-2\">\n<div class=\"cb-meta cb-article-meta\">\n<h4 class=\"h3 cb-post-title\"><a href=\"https:\/\/suceavalive.ro\/vasile-rimbu-l-a-prezentat-oficial-pe-alexandru-covasa-noul-sau-consilier-de-imagine-si-comunicare\/\">Vasile R\u00eembu l-a prezentat oficial pe Alexandru Cova\u0219\u0103, noul s\u0103u consilier de imagine \u0219i comunicare<\/a><\/h4>\n<div class=\"cb-byline cb-font-header\">\n<div class=\"cb-date cb-byline-element\"><time datetime=\"2026-03-02\">2 martie 2026<\/time><\/div>\n<\/div>\n<\/div>\n<\/li>\n<\/ul>\n<\/div>\n<\/footer>\n<div id=\"respond\" class=\"comment-respond\">\n<h3 id=\"reply-title\" class=\"comment-reply-title\">Lasa un raspuns <small><a rel=\"nofollow\" id=\"cancel-comment-reply-link\" href=\"https:\/\/suceavalive.ro\/vacanta-la-zoo-radauti-e-istorie-51-de-elevi-si-12-profesori-din-judetul-suceava-sunt-blocati-in-dubai\/?fbclid=IwY2xjawQSNMVleHRuA2FlbQIxMABicmlkETA3Tk5Uck1iQXJ0Yk5VSncwc3J0YwZhcHBfaWQQMjIyMDM5MTc4ODIwMDg5MgABHgtCMIQTcHIXKxw9YFAxvesXZNfmoEFTq3-TRJ5AuRq18Dqf-RRxcc2OXkhU_aem_4DXAU8lGBDfkWtdFyK2Sug#respond\">Anuleaza raspunsul<\/a><\/small><\/h3>\n<p class=\"comment-notes\">Adresa ta de email nu va fi publicat\u0103.<\/p>\n<\/div>\n<\/article>\n<section class=\"cb-entry-content entry-content clearfix\">\n<div class=\"html-div xdj266r x14z9mp xat24cr x1lziwak xexx8yu xyri2b x18d9i69 x1c1uobl x6ikm8r x10wlt62\">\n<div class=\"html-div xdj266r x14z9mp xat24cr x1lziwak x14ctfv x13sv91t x6ikm8r x10wlt62 xerhiuh x1pn3fxy x10zy8in xm9bcq3 x1n2onr6 x1vjfegm x1k4qllp x1mzt3pk x13faqbe x1xr0vuk x1jm4cbz x114wg8e xrrpcnn x14rx4xb x13fuv20 x18b5jzi x1q0q8m5 x1t7ytsu x19livfd x1h2krnu x3p3xfz xet2kk3 xaymx6s x1lu5o8o x1ou5ly4 xofb2d2\" role=\"presentation\">\n<div class=\"html-div xexx8yu xyri2b x18d9i69 x1c1uobl x1gslohp x14z9mp x12nagc x1lziwak x1yc453h x126k92a x18lvrbx\" dir=\"auto\"><span>51 de elevi \u0219i 12 cadre didactice din jude\u021bul Suceava se afl\u0103 \u00een aceste momente \u00een Dubai, unde au plecat \u00een vacan\u021ba de la finalul lunii februarie, denumit\u0103 popular \u201evacan\u021ba de schi\u201d. Potrivit inspectorului general al Inspectoratului \u0218colar Jude\u021bean Suceava, prof. Ciprian Anton, aceast\u0103 statistic\u0103 mai poate fi modificat\u0103, \u00eentruc\u00e2t nu to\u021bi cei pleca\u021bi au anun\u021bat.<\/span><\/div>\n<\/div>\n<\/div>\n<p><span>\u0218eful I\u0218J Suceava a precizat c\u0103 a cerut tuturor directorilor din jude\u021b s\u0103 transmit\u0103 dac\u0103 sunt elevi din \u0219colile pe care le conduc bloca\u021bi \u00een aceast\u0103 situa\u021bie, astfel \u00eenc\u00e2t, \u00een caz de nevoie, s\u0103 poat\u0103 transmite autorit\u0103\u021bilor competente o list\u0103 cu ace\u0219tia pentru a le facilita \u00eentoarcerea acas\u0103.<\/span><\/p>\n<blockquote>\n<p><strong><em><span>\u201eDin informa\u021biile pe care le de\u021bin \u00een acest moment, cursele de repatriere ar urma s\u0103 se fac\u0103 de pe 9 martie, dar situa\u021bia se poate modifica, \u00een func\u021bie de cum evolueaz\u0103 lucrurile acolo. Chiar dac\u0103 nu \u021bine de Inspectoratul \u0218colar, noi \u00eencerc\u0103m s\u0103 \u00eei ajut\u0103m\u201d, a declarat prof. Ciprian Anton, inspectorul general al I\u0218J Suceava.<\/span><\/em><\/strong><\/p>\n<\/blockquote>\n<p><span>Din totalul de 51 de elevi \u0219i 12 profesori anun\u021ba\u021bi p\u00e2n\u0103 \u00een prezent, 20 de elevi \u0219i patru profesori sunt de la Colegiul Na\u021bional \u201ePetru Rare\u0219\u201d Suceava. Potrivit directoarei unit\u0103\u021bii de \u00eenv\u0103\u021b\u0103m\u00e2nt, prof. Daniela Dungeanu, doar 10 din cei 20 de elevi au plecat \u00een vacan\u021b\u0103 \u00eempreun\u0103 cu cei patru profesori, \u00een timp ce ceilal\u021bi 10 au plecat pe cont propriu cu familiile.<\/span><\/p>\n<blockquote>\n<p><strong><em><span>\u201e\u0218i \u00een aceast\u0103 diminea\u021b\u0103 am luat leg\u0103tura cu ei. Sunt bine cu to\u021bii \u0219i se afl\u0103 la hotelul unde au fost caza\u021bi. Consulatul Rom\u00e2niei a luat leg\u0103tura cu ei \u0219i i-a sf\u0103tuit cum s\u0103 procedeze. Fiind o situa\u021bie de for\u021b\u0103 major\u0103, absen\u021bele elevilor vor fi motivate\u201d, a declarat prof. Daniela Dungeanu, directoarea Colegiului Na\u021bional \u201ePetru Rare\u0219\u201d Suceava.<\/span><\/em><\/strong><\/p>\n<\/blockquote>\n<p><span>Prof. Dungeanu a ad\u0103ugat c\u0103 elevii bloca\u021bi \u00een Dubai \u0219i-au exprimat dorin\u021ba de a participa online la cursuri, iar \u00een aceste momente se caut\u0103 o solu\u021bie tehnic\u0103.<\/span><\/p>\n<p><strong><span>Vremurile se schimb\u0103, evolueaz\u0103, \u00eens\u0103 uneori, mai ales \u00een contextul instabilit\u0103\u021bii interna\u021bionale, mai sigur\u0103 ar fi fost o vacan\u021b\u0103 de schi la Vatra Dornei, C\u00e2mpulung Moldovenesc sau M\u0103lini, iar pentru elevii mai mici una la Gr\u0103dina Zoologic\u0103 de la R\u0103d\u0103u\u021bi.<\/span><\/strong><\/p>\n<p>\u00a0<\/p>\n<p><span>Sursa foto Libertatea<\/span><\/p>\n<\/section>\n<section class=\"cb-entry-content entry-content clearfix\">\n<div class=\"html-div xdj266r x14z9mp xat24cr x1lziwak xexx8yu xyri2b x18d9i69 x1c1uobl x6ikm8r x10wlt62\">\n<div class=\"html-div xdj266r x14z9mp xat24cr x1lziwak x14ctfv x13sv91t x6ikm8r x10wlt62 xerhiuh x1pn3fxy x10zy8in xm9bcq3 x1n2onr6 x1vjfegm x1k4qllp x1mzt3pk x13faqbe x1xr0vuk x1jm4cbz x114wg8e xrrpcnn x14rx4xb x13fuv20 x18b5jzi x1q0q8m5 x1t7ytsu x19livfd x1h2krnu x3p3xfz xet2kk3 xaymx6s x1lu5o8o x1ou5ly4 xofb2d2\" role=\"presentation\">\n<div class=\"html-div xexx8yu xyri2b x18d9i69 x1c1uobl x1gslohp x14z9mp x12nagc x1lziwak x1yc453h x126k92a x18lvrbx\" dir=\"auto\"><span>51 de elevi \u0219i 12 cadre didactice din jude\u021bul Suceava se afl\u0103 \u00een aceste momente \u00een Dubai, unde au plecat \u00een vacan\u021ba de la finalul lunii februarie, denumit\u0103 popular \u201evacan\u021ba de schi\u201d. Potrivit inspectorului general al Inspectoratului \u0218colar Jude\u021bean Suceava, prof. Ciprian Anton, aceast\u0103 statistic\u0103 mai poate fi modificat\u0103, \u00eentruc\u00e2t nu to\u021bi cei pleca\u021bi au anun\u021bat.<\/span><\/div>\n<\/div>\n<\/div>\n<p><span>\u0218eful I\u0218J Suceava a precizat c\u0103 a cerut tuturor directorilor din jude\u021b s\u0103 transmit\u0103 dac\u0103 sunt elevi din \u0219colile pe care le conduc bloca\u021bi \u00een aceast\u0103 situa\u021bie, astfel \u00eenc\u00e2t, \u00een caz de nevoie, s\u0103 poat\u0103 transmite autorit\u0103\u021bilor competente o list\u0103 cu ace\u0219tia pentru a le facilita \u00eentoarcerea acas\u0103.<\/span><\/p>\n<blockquote>\n<p><strong><em><span>\u201eDin informa\u021biile pe care le de\u021bin \u00een acest moment, cursele de repatriere ar urma s\u0103 se fac\u0103 de pe 9 martie, dar situa\u021bia se poate modifica, \u00een func\u021bie de cum evolueaz\u0103 lucrurile acolo. Chiar dac\u0103 nu \u021bine de Inspectoratul \u0218colar, noi \u00eencerc\u0103m s\u0103 \u00eei ajut\u0103m\u201d, a declarat prof. Ciprian Anton, inspectorul general al I\u0218J Suceava.<\/span><\/em><\/strong><\/p>\n<\/blockquote>\n<p><span>Din totalul de 51 de elevi \u0219i 12 profesori anun\u021ba\u021bi p\u00e2n\u0103 \u00een prezent, 20 de elevi \u0219i patru profesori sunt de la Colegiul Na\u021bional \u201ePetru Rare\u0219\u201d Suceava. Potrivit directoarei unit\u0103\u021bii de \u00eenv\u0103\u021b\u0103m\u00e2nt, prof. Daniela Dungeanu, doar 10 din cei 20 de elevi au plecat \u00een vacan\u021b\u0103 \u00eempreun\u0103 cu cei patru profesori, \u00een timp ce ceilal\u021bi 10 au plecat pe cont propriu cu familiile.<\/span><\/p>\n<blockquote>\n<p><strong><em><span>\u201e\u0218i \u00een aceast\u0103 diminea\u021b\u0103 am luat leg\u0103tura cu ei. Sunt bine cu to\u021bii \u0219i se afl\u0103 la hotelul unde au fost caza\u021bi. Consulatul Rom\u00e2niei a luat leg\u0103tura cu ei \u0219i i-a sf\u0103tuit cum s\u0103 procedeze. Fiind o situa\u021bie de for\u021b\u0103 major\u0103, absen\u021bele elevilor vor fi motivate\u201d, a declarat prof. Daniela Dungeanu, directoarea Colegiului Na\u021bional \u201ePetru Rare\u0219\u201d Suceava.<\/span><\/em><\/strong><\/p>\n<\/blockquote>\n<p><span>Prof. Dungeanu a ad\u0103ugat c\u0103 elevii bloca\u021bi \u00een Dubai \u0219i-au exprimat dorin\u021ba de a participa online la cursuri, iar \u00een aceste momente se caut\u0103 o solu\u021bie tehnic\u0103.<\/span><\/p>\n<p><strong><span>Vremurile se schimb\u0103, evolueaz\u0103, \u00eens\u0103 uneori, mai ales \u00een contextul instabilit\u0103\u021bii interna\u021bionale, mai sigur\u0103 ar fi fost o vacan\u021b\u0103 de schi la Vatra Dornei, C\u00e2mpulung Moldovenesc sau M\u0103lini, iar pentru elevii mai mici una la Gr\u0103dina Zoologic\u0103 de la R\u0103d\u0103u\u021bi.<\/span><\/strong><\/p>\n<p>\u00a0<\/p>\n<p><span>Sursa foto Libertatea<\/span><\/p>\n<\/section>\n<p>[analyse_source url=&#8221;https:\/\/suceavalive.ro\/vacanta-la-zoo-radauti-e-istorie-51-de-elevi-si-12-profesori-din-judetul-suceava-sunt-blocati-in-dubai\/&#8221;]<\/p>\n","protected":false},"excerpt":{"rendered":"<p>[analyse_image type=&#8221;featured&#8221; src=&#8221;https:\/\/suceavalive.ro\/wp-content\/uploads\/2026\/03\/explozie-in-dubai-langa-burj-khalifa-un-hotel-a-luat-foc-foto-x.webphttps:\/\/suceavalive.ro\/wp-content\/uploads\/2026\/03\/explozie-in-dubai-langa-burj-khalifa-un-hotel-a-luat-foc-foto-x.webp&#8221;] Vacan\u021ba la Zoo R\u0103d\u0103u\u021bi e istorie: 51 de elevi \u0219i 12 profesori din jude\u021bul Suceava sunt bloca\u021bi \u00een Dubai 2 martie 2026 51 de elevi \u0219i 12 cadre didactice din jude\u021bul Suceava se afl\u0103 \u00een aceste momente \u00een Dubai, unde au plecat \u00een vacan\u021ba de la finalul lunii februarie, denumit\u0103 popular \u201evacan\u021ba [&hellip;]<\/p>\n","protected":false},"author":1,"featured_media":0,"comment_status":"open","ping_status":"","sticky":false,"template":"","format":"standard","meta":{"footnotes":""},"categories":[89],"tags":[226,173],"class_list":["post-1801652","post","type-post","status-publish","format-standard","hentry","category-romania","tag-crawlmanager","tag-suceavalive-ro"],"_links":{"self":[{"href":"https:\/\/analyse.optim.biz\/index.php?rest_route=\/wp\/v2\/posts\/1801652","targetHints":{"allow":["GET"]}}],"collection":[{"href":"https:\/\/analyse.optim.biz\/index.php?rest_route=\/wp\/v2\/posts"}],"about":[{"href":"https:\/\/analyse.optim.biz\/index.php?rest_route=\/wp\/v2\/types\/post"}],"author":[{"embeddable":true,"href":"https:\/\/analyse.optim.biz\/index.php?rest_route=\/wp\/v2\/users\/1"}],"replies":[{"embeddable":true,"href":"https:\/\/analyse.optim.biz\/index.php?rest_route=%2Fwp%2Fv2%2Fcomments&post=1801652"}],"version-history":[{"count":0,"href":"https:\/\/analyse.optim.biz\/index.php?rest_route=\/wp\/v2\/posts\/1801652\/revisions"}],"wp:attachment":[{"href":"https:\/\/analyse.optim.biz\/index.php?rest_route=%2Fwp%2Fv2%2Fmedia&parent=1801652"}],"wp:term":[{"taxonomy":"category","embeddable":true,"href":"https:\/\/analyse.optim.biz\/index.php?rest_route=%2Fwp%2Fv2%2Fcategories&post=1801652"},{"taxonomy":"post_tag","embeddable":true,"href":"https:\/\/analyse.optim.biz\/index.php?rest_route=%2Fwp%2Fv2%2Ftags&post=1801652"}],"curies":[{"name":"wp","href":"https:\/\/api.w.org\/{rel}","templated":true}]}}