{"id":1801650,"date":"2026-03-02T06:30:52","date_gmt":"2026-03-02T03:30:52","guid":{"rendered":"https:\/\/analyse.optim.biz\/?p=1801650"},"modified":"2026-03-02T06:30:52","modified_gmt":"2026-03-02T03:30:52","slug":"calendarul-zilei-de-2-martie-suceavalive","status":"publish","type":"post","link":"https:\/\/analyse.optim.biz\/?p=1801650","title":{"rendered":"Calendarul zilei de 2 martie &#8211; SuceavaLIVE"},"content":{"rendered":"<p>[analyse_image type=&#8221;featured&#8221; src=&#8221;https:\/\/suceavalive.ro\/wp-content\/uploads\/2017\/03\/dimitrie-cantemir.jpghttps:\/\/suceavalive.ro\/wp-content\/uploads\/2017\/03\/dimitrie-cantemir.jpg&#8221;]<\/p>\n<article id=\"post-90204\" class=\"clearfix post-90204 post type-post status-publish format-standard has-post-thumbnail hentry category-calendar tag-2-martie tag-calendar-2-martie tag-calendarul-zilei tag-suceavalive\">\n<header id=\"cb-standard-featured\">\n<div id=\"cb-fis-wrap\" class=\"cb-entry-header cb-fis cb-style-standard\"><span class=\"cb-title-fi\"><\/p>\n<h1 class=\"entry-title cb-entry-title cb-single-title\">Calendarul zilei de 2 martie<\/h1>\n<div class=\"cb-byline cb-font-header\">\n<div class=\"cb-date cb-byline-element\"><time datetime=\"2026-03-02\">2 martie 2026<\/time><\/div>\n<\/div>\n<p><\/span><\/div>\n<\/header>\n<section class=\"cb-entry-content entry-content clearfix\">\n<p>\u00cen anul 1716 apare lucrarea lui\u00a0Dimitrie Cantemir,\u00a0\u201eDescriptio Moldaviae\u201d, prima monografie geografic\u0103 la rom\u00e2ni, scris\u0103 \u00een\u00a0limba latin\u0103, la cererea Academiei din\u00a0Berlin. Lucrarea este alc\u0103tuit\u0103 din trei p\u0103r\u021bi \u0219i este \u00eenso\u021bit\u0103 de prima hart\u0103 a Moldovei.<\/p>\n<p>1870: A ap\u0103rut, la\u00a0Bucure\u0219ti, revista\u00a0Columna lui Traian, condus\u0103 de\u00a0Bogdan Petriceicu Ha\u0219deu.<br \/>\n1941: \u00cen urma rebeliunii legionare din\u00a021-23 ianuarie\u00a01941, conduc\u0103torul statului, generalul\u00a0Ion Antonescu, organizeaz\u0103 un plebiscit cu privire la politica intern\u0103. 90% dintre votan\u021bi s-au pronun\u021bat pentru politica guvernului Antonescu \u0219i \u00eempotriva legionarilor (2 martie-5 martie 1941).<br \/>\n1949:\u00a0Rom\u00e2nia comunist\u0103: A fost adoptat\u0103 legea de expropriere a mo\u0219iilor mai mari de 50 de\u00a0ha.<br \/>\n1972: S-a constituit Asocia\u021bia Scriitorilor din Bucure\u0219ti.<br \/>\n1997: Regele Mihai a participat, pentru prima dat\u0103 dup\u0103 50 de ani, la slujba de la Patriarhie<\/p>\n<\/section>\n<footer class=\"article-footer\">\n<p class=\"cb-tags\"><a href=\"https:\/\/suceavalive.ro\/tag\/2-martie\/\" rel=\"tag\">2 martie<\/a><a href=\"https:\/\/suceavalive.ro\/tag\/calendar-2-martie\/\" rel=\"tag\">calendar 2 martie<\/a><a href=\"https:\/\/suceavalive.ro\/tag\/calendarul-zilei\/\" rel=\"tag\">Calendarul zilei<\/a><a href=\"https:\/\/suceavalive.ro\/tag\/suceavalive\/\" rel=\"tag\">suceavalive<\/a><\/p>\n<div class=\"cb-social-sharing cb-post-footer-block cb-beside clearfix\">\n<div class=\"cb-title-subtle\">Share On:<\/div>\n<div class=\"cb-twitter\"><a href=\"https:\/\/twitter.com\/share\" class=\"twitter-share-button\" data-dnt=\"true\" data-count=\"horizontal\">Tweet<\/a><\/div>\n<\/div>\n<div id=\"cb-previous-next-links\" class=\"cb-post-footer-block clearfix\">\n<div id=\"cb-previous-link\"><a href=\"https:\/\/suceavalive.ro\/alexandru-covasa-este-noul-consilier-pe-probleme-de-comunicare-si-imagine-al-primarului-vasile-rimbu\/\" rel=\"prev\">Alexandru Cova\u0219\u0103 este noul consilier pe probleme de comunicare \u0219i imagine al primarului Vasile R\u00eembu<\/a><\/div>\n<div id=\"cb-next-link\"><a href=\"https:\/\/suceavalive.ro\/peste-300-de-persoane-din-gura-humorului-si-falticeni-legitimate-de-politisti\/\" rel=\"next\">Peste 300 de persoane din Gura Humorului \u0219i F\u0103lticeni, legitimate de poli\u021bi\u0219ti<\/a><\/div>\n<\/div>\n<div id=\"cb-author-box\" class=\"clearfix\">\n<h3 class=\"cb-block-title\">Despre autor<\/h3>\n<div class=\"cb-meta\">\n<div class=\"cb-info\">\n<div class=\"cb-author-title vcard\"><a href=\"https:\/\/suceavalive.ro\/author\/suceavalive\/\"><span class=\"fn\">SuceavaLive<\/span><\/a><\/div>\n<\/div>\n<\/div>\n<\/div>\n<div id=\"cb-related-posts\" class=\"cb-related-posts-block cb-post-end-block clearfix\">\n<h3 class=\"cb-block-title\">Postari asemanatoare<\/h3>\n<ul>\n<li class=\"cb-style-overlay cb-grid-entry cb-related-post no-1\">\n<div class=\"cb-meta cb-article-meta\">\n<h4 class=\"h3 cb-post-title\"><a href=\"https:\/\/suceavalive.ro\/calendarul-zilei-de-26-februarie\/\">Calendarul zilei de 26 februarie<\/a><\/h4>\n<div class=\"cb-byline cb-font-header\">\n<div class=\"cb-date cb-byline-element\"><time datetime=\"2026-02-26\">26 februarie 2026<\/time><\/div>\n<\/div>\n<\/div>\n<\/li>\n<li class=\"cb-style-overlay cb-grid-entry cb-related-post no-2\">\n<div class=\"cb-meta cb-article-meta\">\n<h4 class=\"h3 cb-post-title\"><a href=\"https:\/\/suceavalive.ro\/calendarul-zilei-de-25-februarie\/\">Calendarul zilei de 25 februarie<\/a><\/h4>\n<div class=\"cb-byline cb-font-header\">\n<div class=\"cb-date cb-byline-element\"><time datetime=\"2026-02-25\">25 februarie 2026<\/time><\/div>\n<\/div>\n<\/div>\n<\/li>\n<\/ul>\n<\/div>\n<\/footer>\n<div id=\"respond\" class=\"comment-respond\">\n<h3 id=\"reply-title\" class=\"comment-reply-title\">Lasa un raspuns <small><a rel=\"nofollow\" id=\"cancel-comment-reply-link\" href=\"https:\/\/suceavalive.ro\/calendarul-zilei-de-martie\/#respond\">Anuleaza raspunsul<\/a><\/small><\/h3>\n<p class=\"comment-notes\">Adresa ta de email nu va fi publicat\u0103.<\/p>\n<\/div>\n<\/article>\n<section class=\"cb-entry-content entry-content clearfix\">\n<p>\u00cen anul 1716 apare lucrarea lui\u00a0Dimitrie Cantemir,\u00a0\u201eDescriptio Moldaviae\u201d, prima monografie geografic\u0103 la rom\u00e2ni, scris\u0103 \u00een\u00a0limba latin\u0103, la cererea Academiei din\u00a0Berlin. Lucrarea este alc\u0103tuit\u0103 din trei p\u0103r\u021bi \u0219i este \u00eenso\u021bit\u0103 de prima hart\u0103 a Moldovei.<\/p>\n<p>1870: A ap\u0103rut, la\u00a0Bucure\u0219ti, revista\u00a0Columna lui Traian, condus\u0103 de\u00a0Bogdan Petriceicu Ha\u0219deu.<br \/>\n1941: \u00cen urma rebeliunii legionare din\u00a021-23 ianuarie\u00a01941, conduc\u0103torul statului, generalul\u00a0Ion Antonescu, organizeaz\u0103 un plebiscit cu privire la politica intern\u0103. 90% dintre votan\u021bi s-au pronun\u021bat pentru politica guvernului Antonescu \u0219i \u00eempotriva legionarilor (2 martie-5 martie 1941).<br \/>\n1949:\u00a0Rom\u00e2nia comunist\u0103: A fost adoptat\u0103 legea de expropriere a mo\u0219iilor mai mari de 50 de\u00a0ha.<br \/>\n1972: S-a constituit Asocia\u021bia Scriitorilor din Bucure\u0219ti.<br \/>\n1997: Regele Mihai a participat, pentru prima dat\u0103 dup\u0103 50 de ani, la slujba de la Patriarhie<\/p>\n<\/section>\n<section class=\"cb-entry-content entry-content clearfix\">\n<p>\u00cen anul 1716 apare lucrarea lui\u00a0Dimitrie Cantemir,\u00a0\u201eDescriptio Moldaviae\u201d, prima monografie geografic\u0103 la rom\u00e2ni, scris\u0103 \u00een\u00a0limba latin\u0103, la cererea Academiei din\u00a0Berlin. Lucrarea este alc\u0103tuit\u0103 din trei p\u0103r\u021bi \u0219i este \u00eenso\u021bit\u0103 de prima hart\u0103 a Moldovei.<\/p>\n<p>1870: A ap\u0103rut, la\u00a0Bucure\u0219ti, revista\u00a0Columna lui Traian, condus\u0103 de\u00a0Bogdan Petriceicu Ha\u0219deu.<br \/>\n1941: \u00cen urma rebeliunii legionare din\u00a021-23 ianuarie\u00a01941, conduc\u0103torul statului, generalul\u00a0Ion Antonescu, organizeaz\u0103 un plebiscit cu privire la politica intern\u0103. 90% dintre votan\u021bi s-au pronun\u021bat pentru politica guvernului Antonescu \u0219i \u00eempotriva legionarilor (2 martie-5 martie 1941).<br \/>\n1949:\u00a0Rom\u00e2nia comunist\u0103: A fost adoptat\u0103 legea de expropriere a mo\u0219iilor mai mari de 50 de\u00a0ha.<br \/>\n1972: S-a constituit Asocia\u021bia Scriitorilor din Bucure\u0219ti.<br \/>\n1997: Regele Mihai a participat, pentru prima dat\u0103 dup\u0103 50 de ani, la slujba de la Patriarhie<\/p>\n<\/section>\n<p>[analyse_source url=&#8221;https:\/\/suceavalive.ro\/calendarul-zilei-de-martie\/&#8221;]<\/p>\n","protected":false},"excerpt":{"rendered":"<p>[analyse_image type=&#8221;featured&#8221; src=&#8221;https:\/\/suceavalive.ro\/wp-content\/uploads\/2017\/03\/dimitrie-cantemir.jpghttps:\/\/suceavalive.ro\/wp-content\/uploads\/2017\/03\/dimitrie-cantemir.jpg&#8221;] Calendarul zilei de 2 martie 2 martie 2026 \u00cen anul 1716 apare lucrarea lui\u00a0Dimitrie Cantemir,\u00a0\u201eDescriptio Moldaviae\u201d, prima monografie geografic\u0103 la rom\u00e2ni, scris\u0103 \u00een\u00a0limba latin\u0103, la cererea Academiei din\u00a0Berlin. Lucrarea este alc\u0103tuit\u0103 din trei p\u0103r\u021bi \u0219i este \u00eenso\u021bit\u0103 de prima hart\u0103 a Moldovei. 1870: A ap\u0103rut, la\u00a0Bucure\u0219ti, revista\u00a0Columna lui Traian, condus\u0103 de\u00a0Bogdan Petriceicu [&hellip;]<\/p>\n","protected":false},"author":1,"featured_media":0,"comment_status":"open","ping_status":"","sticky":false,"template":"","format":"standard","meta":{"footnotes":""},"categories":[89],"tags":[226,173],"class_list":["post-1801650","post","type-post","status-publish","format-standard","hentry","category-romania","tag-crawlmanager","tag-suceavalive-ro"],"_links":{"self":[{"href":"https:\/\/analyse.optim.biz\/index.php?rest_route=\/wp\/v2\/posts\/1801650","targetHints":{"allow":["GET"]}}],"collection":[{"href":"https:\/\/analyse.optim.biz\/index.php?rest_route=\/wp\/v2\/posts"}],"about":[{"href":"https:\/\/analyse.optim.biz\/index.php?rest_route=\/wp\/v2\/types\/post"}],"author":[{"embeddable":true,"href":"https:\/\/analyse.optim.biz\/index.php?rest_route=\/wp\/v2\/users\/1"}],"replies":[{"embeddable":true,"href":"https:\/\/analyse.optim.biz\/index.php?rest_route=%2Fwp%2Fv2%2Fcomments&post=1801650"}],"version-history":[{"count":0,"href":"https:\/\/analyse.optim.biz\/index.php?rest_route=\/wp\/v2\/posts\/1801650\/revisions"}],"wp:attachment":[{"href":"https:\/\/analyse.optim.biz\/index.php?rest_route=%2Fwp%2Fv2%2Fmedia&parent=1801650"}],"wp:term":[{"taxonomy":"category","embeddable":true,"href":"https:\/\/analyse.optim.biz\/index.php?rest_route=%2Fwp%2Fv2%2Fcategories&post=1801650"},{"taxonomy":"post_tag","embeddable":true,"href":"https:\/\/analyse.optim.biz\/index.php?rest_route=%2Fwp%2Fv2%2Ftags&post=1801650"}],"curies":[{"name":"wp","href":"https:\/\/api.w.org\/{rel}","templated":true}]}}