{"id":1801473,"date":"2026-03-02T06:35:29","date_gmt":"2026-03-02T03:35:29","guid":{"rendered":"https:\/\/analyse.optim.biz\/?p=1801473"},"modified":"2026-03-02T06:35:29","modified_gmt":"2026-03-02T03:35:29","slug":"incendiu-la-un-solar-din-ramnicu-valcea-pompierii-au-intervenit-de-urgenta-gazeta-valceana","status":"publish","type":"post","link":"https:\/\/analyse.optim.biz\/?p=1801473","title":{"rendered":"INCENDIU la un solar din R\u00e2mnicu V\u00e2lcea. POMPIERII au intervenit de urgen\u021b\u0103 &#8211; Gazeta V\u00e2lcean\u0103"},"content":{"rendered":"<p>[analyse_image type=&#8221;featured&#8221; src=&#8221;https:\/\/www.gazeta-valceana.ro\/wp-content\/uploads\/2026\/03\/IMG-20260302-WA0003.jpg&#8221;]<\/p>\n<article id=\"template-id-91645\" class=\"post-91645 tdb_templates type-tdb_templates status-publish post\">\n<div id=\"tdi_49\" class=\"tdc-zone\">\n<div class=\"tdc_zone tdi_50  wpb_row td-pb-row\">\n<div id=\"tdi_51\" class=\"tdc-row stretch_row_1200 td-stretch-content\">\n<div class=\"vc_row tdi_52  wpb_row td-pb-row\">\n<div class=\"vc_column tdi_54  wpb_column vc_column_container tdc-column td-pb-span8\">\n<div class=\"wpb_wrapper\">\n<div class=\"td_block_wrap tdb_title tdi_55 tdb-single-title td-pb-border-top td_block_template_1\" data-td-block-uid=\"tdi_55\">\n<div class=\"tdb-block-inner td-fix-index\">\n<h1 class=\"tdb-title-text\">INCENDIU la un solar din R\u00e2mnicu V\u00e2lcea. POMPIERII au intervenit de urgen\u021b\u0103<\/h1>\n<\/div>\n<\/div>\n<div class=\"vc_row_inner tdi_58  vc_row vc_inner wpb_row td-pb-row tdc-row-content-vert-center\">\n<div class=\"vc_column_inner tdi_60  wpb_column vc_column_container tdc-inner-column td-pb-span12\">\n<div class=\"vc_column-inner\">\n<div class=\"wpb_wrapper\">\n<div class=\"td_block_wrap tdb_single_categories tdi_61 td-pb-border-top td_block_template_1 \" data-td-block-uid=\"tdi_61\">\n<div class=\"tdb-category td-fix-index\"><a class=\"tdb-entry-category\" href=\"https:\/\/www.gazeta-valceana.ro\/category\/fapt-divers\/\">Fapt divers<\/a><a class=\"tdb-entry-category\" href=\"https:\/\/www.gazeta-valceana.ro\/category\/i\/\">I<\/a><\/div>\n<\/div>\n<div class=\"td_block_wrap tdb_single_date tdi_62 td-pb-border-top td_block_template_1 tdb-post-meta\" data-td-block-uid=\"tdi_62\">\n<div class=\"tdb-block-inner td-fix-index\"><time class=\"entry-date updated td-module-date\" datetime=\"2026-03-02T08:35:29+02:00\">2 martie 2026<\/time><\/div>\n<\/div>\n<\/div>\n<\/div>\n<\/div>\n<\/div>\n<\/div>\n<\/div>\n<\/div>\n<\/div>\n<div id=\"tdi_65\" class=\"tdc-row stretch_row_1200 td-stretch-content\">\n<div class=\"vc_row tdi_66  wpb_row td-pb-row\">\n<div class=\"vc_column tdi_68  wpb_column vc_column_container tdc-column td-pb-span8\">\n<div class=\"wpb_wrapper\">\n<div class=\"td_block_wrap tdb_single_featured_image tdi_69 tdb-content-horiz-left td-pb-border-top td_block_template_1\" data-td-block-uid=\"tdi_69\">\n<div class=\"tdb-block-inner td-fix-index\"><img loading=\"lazy\" decoding=\"async\" width=\"696\" height=\"522\" class=\"entry-thumb\" src=\"https:\/\/www.gazeta-valceana.ro\/wp-content\/uploads\/2026\/03\/IMG-20260302-WA0003-696x522.jpg\" alt title=\"IMG-20260302-WA0003\"><\/div>\n<\/div>\n<div class=\"td_block_wrap tdb_single_post_share tdi_70  td-pb-border-top td_block_template_1\" data-td-block-uid=\"tdi_70\">\n<div id=\"tdi_70\" class=\"td-post-sharing tdb-block td-ps-border td-ps-border-grey td-ps-notext td-ps-icon-color td-ps-text-color td-post-sharing-style16 \">\n<div class=\"td-post-sharing-visible\">\n<div class=\"td-social-sharing-button td-social-sharing-button-js td-social-handler td-social-share-text\">\n<div class=\"td-social-but-text\">Ac\u021biune<\/div>\n<\/div>\n<p><a class=\"td-social-sharing-button td-social-sharing-button-js td-social-network td-social-facebook\" href=\"https:\/\/www.facebook.com\/sharer.php?u=https%3A%2F%2Fwww.gazeta-valceana.ro%2Ffapt-divers%2Fincendiu-la-un-solar-din-ramnicu-valcea-pompierii-valceni-au-intervenit-de-urgenta%2F\" title=\"Facebook\"><\/p>\n<div class=\"td-social-but-text\">Facebook<\/div>\n<p><\/a><a class=\"td-social-sharing-button td-social-sharing-button-js td-social-network td-social-twitter\" href=\"https:\/\/twitter.com\/intent\/tweet?text=INCENDIU+la+un+solar+din+R%C3%A2mnicu+V%C3%A2lcea.+POMPIERII+au+intervenit+de+urgen%C8%9B%C4%83&amp;url=https%3A%2F%2Fwww.gazeta-valceana.ro%2Ffapt-divers%2Fincendiu-la-un-solar-din-ramnicu-valcea-pompierii-valceni-au-intervenit-de-urgenta%2F&amp;via=Gazeta+V%C3%A2lcean%C4%83\" title=\"Twitter\"><\/p>\n<div class=\"td-social-but-text\">Twitter<\/div>\n<p><\/a><a class=\"td-social-sharing-button td-social-sharing-button-js td-social-network td-social-pinterest\" href=\"https:\/\/pinterest.com\/pin\/create\/button\/?url=https:\/\/www.gazeta-valceana.ro\/fapt-divers\/incendiu-la-un-solar-din-ramnicu-valcea-pompierii-valceni-au-intervenit-de-urgenta\/&amp;media=https:\/\/www.gazeta-valceana.ro\/wp-content\/uploads\/2026\/03\/IMG-20260302-WA0003.jpg&amp;description=INCENDIU+la+un+solar+din+R%C3%A2mnicu+V%C3%A2lcea.+POMPIERII+au+intervenit+de+urgen%C8%9B%C4%83\" title=\"Pinterest\"><\/p>\n<div class=\"td-social-but-text\">Pinterest<\/div>\n<p><\/a><a class=\"td-social-sharing-button td-social-sharing-button-js td-social-network td-social-whatsapp\" href=\"https:\/\/api.whatsapp.com\/send?text=INCENDIU+la+un+solar+din+R%C3%A2mnicu+V%C3%A2lcea.+POMPIERII+au+intervenit+de+urgen%C8%9B%C4%83%20%0A%0A%20https:\/\/www.gazeta-valceana.ro\/fapt-divers\/incendiu-la-un-solar-din-ramnicu-valcea-pompierii-valceni-au-intervenit-de-urgenta\/\" title=\"WhatsApp\"><\/p>\n<div class=\"td-social-but-text\">WhatsApp<\/div>\n<p><\/a><\/div>\n<\/div>\n<\/div>\n<div class=\"td_block_wrap tdb_single_content tdi_71 td-pb-border-top td_block_template_1 td-post-content tagdiv-type\" data-td-block-uid=\"tdi_71\">\n<div class=\"tdb-block-inner td-fix-index\">\n<p>Pompierii v\u00e2lceni au fost solicita\u021bi, \u00een cursul nop\u021bii de 1 spre 2 martie 2026, pentru stingerea unui incendiu izbucnit la un solar, \u00een cartierul R\u00e2ureni din sudul municipiului R\u00e2mnicu V\u00e2lcea.<\/p>\n<p>S-au deplasat de urgen\u021b\u0103 la locul evenimentului, for\u021be din cadrul Deta\u0219amentului de Pompieri R\u00e2mnicu V\u00e2lcea, cu dou\u0103 autospeciale de stingere cu ap\u0103 \u0219i spum\u0103 (ASAS).<\/p>\n<p>Incendiul a fost localizat \u0219i lichidat, \u00een limitele g\u0103site.Au ars: 150 de mp de folie \u0219i 2 mc de lemn de foc. S-a degradat o sob\u0103 metalic\u0103.<\/p>\n<p>Au fost salvate: o cas\u0103 de locuit \u0219i alte dou\u0103 solarii. Nu au fost victime.<\/p>\n<p>Cauza probabil\u0103 care a declan\u0219at incendiul: co\u0219 de fum amplasat necorespunz\u0103tor.<\/p>\n<figure class=\"wp-block-image size-large\"><img loading=\"lazy\" decoding=\"async\" width=\"1024\" height=\"768\" src=\"https:\/\/www.gazeta-valceana.ro\/wp-content\/uploads\/2026\/03\/IMG-20260302-WA0004-1024x768.jpg\" alt class=\"wp-image-103486\"><\/figure>\n<\/div>\n<\/div>\n<div class=\"tdb-author-box td_block_wrap tdb_single_author_box tdi_72 tdb-content-vert-top td-pb-border-top td_block_template_1\" data-td-block-uid=\"tdi_72\">\n<div class=\"tdb-block-inner td-fix-index\"><a href=\"https:\/\/www.gazeta-valceana.ro\/author\/redactia\/\" class=\"tdb-author-photo\" title=\"Redactia\"><img decoding=\"async\" alt=\"Redactia\" src=\"https:\/\/secure.gravatar.com\/avatar\/d9699bfd17d7f55fcf6bbdfb0214d48a942c5fd23a1db27f4a803a8d0651670f?s=500&amp;d=mm&amp;r=g\" class=\"avatar avatar-500 photo\" height=\"500\" width=\"500\" loading=\"lazy\"><\/a><\/p>\n<div class=\"tdb-author-info\"><a href=\"https:\/\/www.gazeta-valceana.ro\/author\/redactia\/\" class=\"tdb-author-name\">Redactia<\/a><\/div>\n<\/div>\n<\/div>\n<\/div>\n<\/div>\n<div class=\"vc_column tdi_76  wpb_column vc_column_container tdc-column td-pb-span4 td-is-sticky\">\n<div class=\"wpb_wrapper\" data-sticky-enabled-on=\"W3RydWUsdHJ1ZSx0cnVlLHRydWVd\" data-sticky-offset=\"20\" data-sticky-is-width-auto=\"W2ZhbHNlLGZhbHNlLGZhbHNlLGZhbHNlXQ==\">\n<div class=\"vc_row_inner tdi_81  vc_row vc_inner wpb_row td-pb-row tdc-row-content-vert-center\">\n<div class=\"vc_column_inner tdi_83  wpb_column vc_column_container tdc-inner-column td-pb-span12\">\n<div class=\"vc_column-inner\">\n<div class=\"wpb_wrapper\">\n<div class=\"tdm_block td_block_wrap tdm_block_inline_text tdi_86 tdm-inline-block td-pb-border-top td_block_template_1\" data-td-block-uid=\"tdi_86\">\n<p class=\"tdm-descr\">Ultimele articole<\/p>\n<\/div>\n<\/div>\n<\/div>\n<\/div>\n<\/div>\n<div class=\"td_block_wrap td_flex_block_1 tdi_87 td-pb-border-top td_block_template_1 td_flex_block\" data-td-block-uid=\"tdi_87\">\n<div id=\"tdi_87\" class=\"td_block_inner td-mc1-wrap\">\n<div class=\"td_module_flex td_module_flex_1 td_module_wrap td-animation-stack td-cpt-post\">\n<div class=\"td-module-container td-category-pos-\">\n<div class=\"td-module-meta-info\">\n<h3 class=\"entry-title td-module-title\"><a href=\"https:\/\/www.gazeta-valceana.ro\/eveniment\/lozul-norocos-un-valcean-a-dat-lovitura-vietii-la-loto-cine-este-proaspatul-castigator\/\" rel=\"bookmark\" title=\"LOZUL NOROCOS: Un v\u00e2lcean a dat lovitura vie\u021bii la loto! Cine este proasp\u0103tul c\u00e2\u0219tig\u0103tor\">LOZUL NOROCOS: Un v\u00e2lcean a dat lovitura vie\u021bii la loto! Cine este proasp\u0103tul c\u00e2\u0219tig\u0103tor<\/a><\/h3>\n<div class=\"td-editor-date\"><span class=\"td-author-date\"><span class=\"td-post-date\"><time class=\"entry-date updated td-module-date\" datetime=\"2026-03-01T17:53:02+02:00\">1 martie 2026<\/time><\/span><\/span><\/div>\n<\/div>\n<\/div>\n<\/div>\n<div class=\"td_module_flex td_module_flex_1 td_module_wrap td-animation-stack td-cpt-post\">\n<div class=\"td-module-container td-category-pos-\">\n<div class=\"td-module-meta-info\">\n<h3 class=\"entry-title td-module-title\"><a href=\"https:\/\/www.gazeta-valceana.ro\/fapt-divers\/foto-video-de-la-accidentul-de-pe-dn-7-valea-oltului-vezi-din-ce-tara-este-soferul-care-a-cazut-in-balta-la-proieni\/\" rel=\"bookmark\" title=\"FOTO\/VIDEO de la accidentul de pe DN 7 \u2013 Valea Oltului. VEZI din ce \u021bar\u0103 este \u0219oferul care a c\u0103zut \u00een balt\u0103, la Proieni\">FOTO\/VIDEO de la accidentul de pe DN 7 \u2013 Valea Oltului. VEZI din ce \u021bar\u0103 este \u0219oferul care a c\u0103zut \u00een balt\u0103, la Proieni<\/a><\/h3>\n<div class=\"td-editor-date\"><span class=\"td-author-date\"><span class=\"td-post-date\"><time class=\"entry-date updated td-module-date\" datetime=\"2026-03-01T16:40:11+02:00\">1 martie 2026<\/time><\/span><\/span><\/div>\n<\/div>\n<\/div>\n<\/div>\n<div class=\"td_module_flex td_module_flex_1 td_module_wrap td-animation-stack td-cpt-post\">\n<div class=\"td-module-container td-category-pos-\">\n<div class=\"td-module-meta-info\">\n<h3 class=\"entry-title td-module-title\"><a href=\"https:\/\/www.gazeta-valceana.ro\/anchetedezvaluri\/foto-video-valceanul-ranit-de-urs-in-aceasta-dimineata-s-a-dus-acasa-pe-picioarele-lui-dupa-o-ora\/\" rel=\"bookmark\" title=\"FOTO\/VIDEO. V\u00e2lceanul r\u0103nit de urs \u00een aceast\u0103 diminea\u021b\u0103 s-a dus acas\u0103 pe picioarele lui. Dup\u0103 o or\u0103\u2026\">FOTO\/VIDEO. V\u00e2lceanul r\u0103nit de urs \u00een aceast\u0103 diminea\u021b\u0103 s-a dus acas\u0103 pe picioarele lui. Dup\u0103 o or\u0103\u2026<\/a><\/h3>\n<div class=\"td-editor-date\"><span class=\"td-author-date\"><span class=\"td-post-date\"><time class=\"entry-date updated td-module-date\" datetime=\"2026-03-01T13:52:28+02:00\">1 martie 2026<\/time><\/span><\/span><\/div>\n<\/div>\n<\/div>\n<\/div>\n<div class=\"td_module_flex td_module_flex_1 td_module_wrap td-animation-stack td-cpt-post\">\n<div class=\"td-module-container td-category-pos-\">\n<div class=\"td-module-meta-info\">\n<h3 class=\"entry-title td-module-title\"><a href=\"https:\/\/www.gazeta-valceana.ro\/justitie\/valcean-urmarit-international-adus-sub-escorta-din-franta-vezi-pentru-ce-fapte-a-fost-gasit-vinovat\/\" rel=\"bookmark\" title=\"V\u00e2lcean urm\u0103rit interna\u021bional, adus sub escort\u0103 din Fran\u021ba. VEZI pentru ce fapte a fost g\u0103sit vinovat\">V\u00e2lcean urm\u0103rit interna\u021bional, adus sub escort\u0103 din Fran\u021ba. VEZI pentru ce fapte a fost g\u0103sit vinovat<\/a><\/h3>\n<div class=\"td-editor-date\"><span class=\"td-author-date\"><span class=\"td-post-date\"><time class=\"entry-date updated td-module-date\" datetime=\"2026-02-27T21:43:54+02:00\">27 februarie 2026<\/time><\/span><\/span><\/div>\n<\/div>\n<\/div>\n<\/div>\n<\/div>\n<\/div>\n<div class=\"td_block_wrap td-a-rec td-a-rec-id-custom-spot td-a-rec-img tdi_88 td_block_template_1\">\n<div><a href=\"https:\/\/www.gazeta-valceana.ro\/fapt-divers\/incendiu-la-un-solar-din-ramnicu-valcea-pompierii-valceni-au-intervenit-de-urgenta\/\" class=\"td_spot_img_all\"><img loading=\"lazy\" decoding=\"async\" src=\"https:\/\/www.gazeta-valceana.ro\/wp-content\/uploads\/2025\/01\/image-5.jpg\" alt=\"spot_img\" width=\"347\" height=\"277\"><\/a><a href=\"https:\/\/www.gazeta-valceana.ro\/fapt-divers\/incendiu-la-un-solar-din-ramnicu-valcea-pompierii-valceni-au-intervenit-de-urgenta\/\" class=\"td_spot_img_mob\"><img loading=\"lazy\" decoding=\"async\" src=\"https:\/\/www.gazeta-valceana.ro\/wp-content\/uploads\/2025\/01\/image-5.jpg\" alt=\"spot_img\" width=\"347\" height=\"247\"><\/a><\/div>\n<\/div>\n<div class=\"td_block_wrap td-a-rec td-a-rec-id-custom-spot td-a-rec-img tdi_89 td_block_template_1\">\n<div><a href=\"https:\/\/www.gazeta-valceana.ro\/fapt-divers\/incendiu-la-un-solar-din-ramnicu-valcea-pompierii-valceni-au-intervenit-de-urgenta\/\" class=\"td_spot_img_all\"><img loading=\"lazy\" decoding=\"async\" src=\"https:\/\/www.gazeta-valceana.ro\/wp-content\/uploads\/2025\/01\/image-3.jpeg\" alt=\"spot_img\" width=\"347\" height=\"277\"><\/a><a href=\"https:\/\/www.gazeta-valceana.ro\/fapt-divers\/incendiu-la-un-solar-din-ramnicu-valcea-pompierii-valceni-au-intervenit-de-urgenta\/\" class=\"td_spot_img_mob\"><img loading=\"lazy\" decoding=\"async\" src=\"https:\/\/www.gazeta-valceana.ro\/wp-content\/uploads\/2025\/01\/image-3.jpeg\" alt=\"spot_img\" width=\"347\" height=\"247\"><\/a><\/div>\n<\/div>\n<\/div>\n<\/div>\n<\/div>\n<\/div>\n<div id=\"tdi_97\" class=\"tdc-row stretch_row_1200 td-stretch-content\">\n<div class=\"vc_row tdi_98  wpb_row td-pb-row\">\n<div class=\"vc_column tdi_100  wpb_column vc_column_container tdc-column td-pb-span12\">\n<div class=\"wpb_wrapper\">\n<div class=\"td_block_wrap tdb_single_next_prev tdi_101 td-pb-border-top td_block_template_1\" data-td-block-uid=\"tdi_101\">\n<div class=\"tdb-block-inner td-fix-index\">\n<div class=\"tdb-next-post tdb-next-post-bg tdb-post-prev\"><span>Articolul precedent<\/span><\/p>\n<div class=\"td-module-container\">\n<div class=\"next-prev-title\"><a href=\"https:\/\/www.gazeta-valceana.ro\/eveniment\/lozul-norocos-un-valcean-a-dat-lovitura-vietii-la-loto-cine-este-proaspatul-castigator\/\">LOZUL NOROCOS: Un v\u00e2lcean a dat lovitura vie\u021bii la loto! Cine este proasp\u0103tul c\u00e2\u0219tig\u0103tor<\/a><\/div>\n<\/div>\n<\/div>\n<\/div>\n<\/div>\n<div class=\"vc_row_inner tdi_103  vc_row vc_inner wpb_row td-pb-row tdc-row-content-vert-center\">\n<div class=\"vc_column_inner tdi_105  wpb_column vc_column_container tdc-inner-column td-pb-span12\">\n<div class=\"vc_column-inner\">\n<div class=\"wpb_wrapper\">\n<div class=\"tdm_block td_block_wrap tdm_block_inline_text tdi_108 tdm-inline-block td-pb-border-top td_block_template_1\" data-td-block-uid=\"tdi_108\">\n<p class=\"tdm-descr\">Related articles<\/p>\n<\/div>\n<\/div>\n<\/div>\n<\/div>\n<\/div>\n<div class=\"td_block_wrap tdb_single_related tdi_109 td_with_ajax_pagination td-pb-border-top td_block_template_1 tdb-single-related-posts\" data-td-block-uid=\"tdi_109\">\n<div id=\"tdi_109\" class=\"td_block_inner tdb-block-inner td-fix-index\">\n<div class=\"tdb_module_related td_module_wrap td-animation-stack\">\n<div class=\"td-module-container td-category-pos-\">\n<div class=\"td-module-meta-info\">\n<h3 class=\"entry-title td-module-title\"><a href=\"https:\/\/www.gazeta-valceana.ro\/eveniment\/lozul-norocos-un-valcean-a-dat-lovitura-vietii-la-loto-cine-este-proaspatul-castigator\/\" rel=\"bookmark\" title=\"LOZUL NOROCOS: Un v\u00e2lcean a dat lovitura vie\u021bii la loto! Cine este proasp\u0103tul c\u00e2\u0219tig\u0103tor\">LOZUL NOROCOS: Un v\u00e2lcean a dat lovitura vie\u021bii la loto! Cine este proasp\u0103tul c\u00e2\u0219tig\u0103tor<\/a><\/h3>\n<div class=\"td-editor-date\"><a href=\"https:\/\/www.gazeta-valceana.ro\/category\/entertainment\/\" class=\"td-post-category\">Entertainment<\/a><span class=\"td-author-date\"><span class=\"td-post-date\"><time class=\"entry-date updated td-module-date\" datetime=\"2026-03-01T17:53:02+02:00\">1 martie 2026<\/time><\/span><\/span><\/div>\n<\/div>\n<\/div>\n<\/div>\n<div class=\"tdb_module_related td_module_wrap td-animation-stack\">\n<div class=\"td-module-container td-category-pos-\">\n<div class=\"td-module-meta-info\">\n<h3 class=\"entry-title td-module-title\"><a href=\"https:\/\/www.gazeta-valceana.ro\/fapt-divers\/foto-video-de-la-accidentul-de-pe-dn-7-valea-oltului-vezi-din-ce-tara-este-soferul-care-a-cazut-in-balta-la-proieni\/\" rel=\"bookmark\" title=\"FOTO\/VIDEO de la accidentul de pe DN 7 \u2013 Valea Oltului. VEZI din ce \u021bar\u0103 este \u0219oferul care a c\u0103zut \u00een balt\u0103, la Proieni\">FOTO\/VIDEO de la accidentul de pe DN 7 \u2013 Valea Oltului. VEZI din ce \u021bar\u0103 este \u0219oferul care a c\u0103zut \u00een balt\u0103, la Proieni<\/a><\/h3>\n<div class=\"td-editor-date\"><a href=\"https:\/\/www.gazeta-valceana.ro\/category\/fapt-divers\/\" class=\"td-post-category\">Fapt divers<\/a><span class=\"td-author-date\"><span class=\"td-post-date\"><time class=\"entry-date updated td-module-date\" datetime=\"2026-03-01T16:40:11+02:00\">1 martie 2026<\/time><\/span><\/span><\/div>\n<\/div>\n<\/div>\n<\/div>\n<div class=\"tdb_module_related td_module_wrap td-animation-stack\">\n<div class=\"td-module-container td-category-pos-\">\n<div class=\"td-module-meta-info\">\n<h3 class=\"entry-title td-module-title\"><a href=\"https:\/\/www.gazeta-valceana.ro\/anchetedezvaluri\/foto-video-valceanul-ranit-de-urs-in-aceasta-dimineata-s-a-dus-acasa-pe-picioarele-lui-dupa-o-ora\/\" rel=\"bookmark\" title=\"FOTO\/VIDEO. V\u00e2lceanul r\u0103nit de urs \u00een aceast\u0103 diminea\u021b\u0103 s-a dus acas\u0103 pe picioarele lui. Dup\u0103 o or\u0103\u2026\">FOTO\/VIDEO. V\u00e2lceanul r\u0103nit de urs \u00een aceast\u0103 diminea\u021b\u0103 s-a dus acas\u0103 pe picioarele lui. Dup\u0103 o or\u0103\u2026<\/a><\/h3>\n<div class=\"td-editor-date\"><a href=\"https:\/\/www.gazeta-valceana.ro\/category\/anchetedezvaluri\/\" class=\"td-post-category\">Anchete\/Dezv\u0103luri<\/a><span class=\"td-author-date\"><span class=\"td-post-date\"><time class=\"entry-date updated td-module-date\" datetime=\"2026-03-01T13:52:28+02:00\">1 martie 2026<\/time><\/span><\/span><\/div>\n<\/div>\n<\/div>\n<\/div>\n<\/div>\n<\/div>\n<\/div>\n<\/div>\n<\/div>\n<\/div>\n<div id=\"tdi_116\" class=\"tdc-row stretch_row_1200 td-stretch-content\">\n<div class=\"vc_row tdi_117  wpb_row td-pb-row\">\n<div class=\"vc_column tdi_122  wpb_column vc_column_container tdc-column td-pb-span4 td-is-sticky\">\n<div class=\"wpb_wrapper\" data-sticky-enabled-on=\"W3RydWUsdHJ1ZSx0cnVlLHRydWVd\" data-sticky-offset=\"20\" data-sticky-is-width-auto=\"W2ZhbHNlLGZhbHNlLGZhbHNlLGZhbHNlXQ==\">\n<div class=\"td_block_wrap td-a-rec td-a-rec-id-custom-spot td-a-rec-img tdi_123 td_block_template_1\">\n<div><a href=\"https:\/\/www.gazeta-valceana.ro\/fapt-divers\/incendiu-la-un-solar-din-ramnicu-valcea-pompierii-valceni-au-intervenit-de-urgenta\/\" class=\"td_spot_img_all\"><img loading=\"lazy\" decoding=\"async\" src=\"https:\/\/www.gazeta-valceana.ro\/wp-content\/uploads\/2025\/01\/image-4.jpg\" alt=\"spot_img\" width=\"347\" height=\"277\"><\/a><a href=\"https:\/\/www.gazeta-valceana.ro\/fapt-divers\/incendiu-la-un-solar-din-ramnicu-valcea-pompierii-valceni-au-intervenit-de-urgenta\/\" class=\"td_spot_img_mob\"><img loading=\"lazy\" decoding=\"async\" src=\"https:\/\/www.gazeta-valceana.ro\/wp-content\/uploads\/2025\/01\/image-4.jpg\" alt=\"spot_img\" width=\"347\" height=\"247\"><\/a><\/div>\n<\/div>\n<div class=\"td_block_wrap td-a-rec td-a-rec-id-custom-spot td-a-rec-img tdi_124 td_block_template_1\">\n<div><a href=\"https:\/\/www.gazeta-valceana.ro\/fapt-divers\/incendiu-la-un-solar-din-ramnicu-valcea-pompierii-valceni-au-intervenit-de-urgenta\/\" class=\"td_spot_img_all\"><img loading=\"lazy\" decoding=\"async\" src=\"https:\/\/www.gazeta-valceana.ro\/wp-content\/uploads\/2025\/01\/image-5.jpg\" alt=\"spot_img\" width=\"347\" height=\"277\"><\/a><a href=\"https:\/\/www.gazeta-valceana.ro\/fapt-divers\/incendiu-la-un-solar-din-ramnicu-valcea-pompierii-valceni-au-intervenit-de-urgenta\/\" class=\"td_spot_img_mob\"><img loading=\"lazy\" decoding=\"async\" src=\"https:\/\/www.gazeta-valceana.ro\/wp-content\/uploads\/2025\/01\/image-5.jpg\" alt=\"spot_img\" width=\"347\" height=\"247\"><\/a><\/div>\n<\/div>\n<div class=\"td_block_wrap td-a-rec td-a-rec-id-custom-spot td-a-rec-img tdi_125 td_block_template_1\">\n<div><a href=\"https:\/\/www.gazeta-valceana.ro\/fapt-divers\/incendiu-la-un-solar-din-ramnicu-valcea-pompierii-valceni-au-intervenit-de-urgenta\/\" class=\"td_spot_img_all\"><img loading=\"lazy\" decoding=\"async\" src=\"https:\/\/www.gazeta-valceana.ro\/wp-content\/uploads\/2025\/01\/image-3.jpeg\" alt=\"spot_img\" width=\"347\" height=\"277\"><\/a><a href=\"https:\/\/www.gazeta-valceana.ro\/fapt-divers\/incendiu-la-un-solar-din-ramnicu-valcea-pompierii-valceni-au-intervenit-de-urgenta\/\" class=\"td_spot_img_mob\"><img loading=\"lazy\" decoding=\"async\" src=\"https:\/\/www.gazeta-valceana.ro\/wp-content\/uploads\/2025\/01\/image-3.jpeg\" alt=\"spot_img\" width=\"347\" height=\"247\"><\/a><\/div>\n<\/div>\n<\/div>\n<\/div>\n<\/div>\n<\/div>\n<\/div>\n<\/div>\n<p><span class=\"td-page-meta\"><\/span><span class=\"td-page-meta\"><span class=\"td-page-meta\"><\/span><\/span><span class=\"td-page-meta\"><\/span><\/article>\n<\/p>\n<div class=\"td_block_wrap tdb_single_content tdi_71 td-pb-border-top td_block_template_1 td-post-content tagdiv-type\" data-td-block-uid=\"tdi_71\">\n<div class=\"tdb-block-inner td-fix-index\">\n<p>Pompierii v\u00e2lceni au fost solicita\u021bi, \u00een cursul nop\u021bii de 1 spre 2 martie 2026, pentru stingerea unui incendiu izbucnit la un solar, \u00een cartierul R\u00e2ureni din sudul municipiului R\u00e2mnicu V\u00e2lcea.<\/p>\n<p>S-au deplasat de urgen\u021b\u0103 la locul evenimentului, for\u021be din cadrul Deta\u0219amentului de Pompieri R\u00e2mnicu V\u00e2lcea, cu dou\u0103 autospeciale de stingere cu ap\u0103 \u0219i spum\u0103 (ASAS).<\/p>\n<p>Incendiul a fost localizat \u0219i lichidat, \u00een limitele g\u0103site.Au ars: 150 de mp de folie \u0219i 2 mc de lemn de foc. S-a degradat o sob\u0103 metalic\u0103.<\/p>\n<p>Au fost salvate: o cas\u0103 de locuit \u0219i alte dou\u0103 solarii. Nu au fost victime.<\/p>\n<p>Cauza probabil\u0103 care a declan\u0219at incendiul: co\u0219 de fum amplasat necorespunz\u0103tor.<\/p>\n<figure class=\"wp-block-image size-large\"><img loading=\"lazy\" decoding=\"async\" width=\"1024\" height=\"768\" src=\"https:\/\/www.gazeta-valceana.ro\/wp-content\/uploads\/2026\/03\/IMG-20260302-WA0004-1024x768.jpg\" alt class=\"wp-image-103486\"><\/figure>\n<\/div>\n<\/div>\n<p>Pompierii v\u00e2lceni au fost solicita\u021bi, \u00een cursul nop\u021bii de 1 spre 2 martie 2026, pentru stingerea unui incendiu izbucnit la un solar, \u00een cartierul R\u00e2ureni din sudul municipiului R\u00e2mnicu V\u00e2lcea.<\/p>\n<p>S-au deplasat de urgen\u021b\u0103 la locul evenimentului, for\u021be din cadrul Deta\u0219amentului de Pompieri R\u00e2mnicu V\u00e2lcea, cu dou\u0103 autospeciale de stingere cu ap\u0103 \u0219i spum\u0103 (ASAS).<\/p>\n<p>Incendiul a fost localizat \u0219i lichidat, \u00een limitele g\u0103site.Au ars: 150 de mp de folie \u0219i 2 mc de lemn de foc. S-a degradat o sob\u0103 metalic\u0103.<\/p>\n<p>Au fost salvate: o cas\u0103 de locuit \u0219i alte dou\u0103 solarii. Nu au fost victime.<\/p>\n<p>Cauza probabil\u0103 care a declan\u0219at incendiul: co\u0219 de fum amplasat necorespunz\u0103tor.<\/p>\n<p>[analyse_source url=&#8221;https:\/\/www.gazeta-valceana.ro\/fapt-divers\/incendiu-la-un-solar-din-ramnicu-valcea-pompierii-valceni-au-intervenit-de-urgenta\/&#8221;]<\/p>\n","protected":false},"excerpt":{"rendered":"<p>[analyse_image type=&#8221;featured&#8221; src=&#8221;https:\/\/www.gazeta-valceana.ro\/wp-content\/uploads\/2026\/03\/IMG-20260302-WA0003.jpg&#8221;] INCENDIU la un solar din R\u00e2mnicu V\u00e2lcea. POMPIERII au intervenit de urgen\u021b\u0103 Fapt diversI 2 martie 2026 Ac\u021biune Facebook Twitter Pinterest WhatsApp Pompierii v\u00e2lceni au fost solicita\u021bi, \u00een cursul nop\u021bii de 1 spre 2 martie 2026, pentru stingerea unui incendiu izbucnit la un solar, \u00een cartierul R\u00e2ureni din sudul municipiului R\u00e2mnicu V\u00e2lcea. [&hellip;]<\/p>\n","protected":false},"author":1,"featured_media":0,"comment_status":"open","ping_status":"","sticky":false,"template":"","format":"standard","meta":{"footnotes":""},"categories":[89],"tags":[226,214],"class_list":["post-1801473","post","type-post","status-publish","format-standard","hentry","category-romania","tag-crawlmanager","tag-gazetavalceana-ro"],"_links":{"self":[{"href":"https:\/\/analyse.optim.biz\/index.php?rest_route=\/wp\/v2\/posts\/1801473","targetHints":{"allow":["GET"]}}],"collection":[{"href":"https:\/\/analyse.optim.biz\/index.php?rest_route=\/wp\/v2\/posts"}],"about":[{"href":"https:\/\/analyse.optim.biz\/index.php?rest_route=\/wp\/v2\/types\/post"}],"author":[{"embeddable":true,"href":"https:\/\/analyse.optim.biz\/index.php?rest_route=\/wp\/v2\/users\/1"}],"replies":[{"embeddable":true,"href":"https:\/\/analyse.optim.biz\/index.php?rest_route=%2Fwp%2Fv2%2Fcomments&post=1801473"}],"version-history":[{"count":0,"href":"https:\/\/analyse.optim.biz\/index.php?rest_route=\/wp\/v2\/posts\/1801473\/revisions"}],"wp:attachment":[{"href":"https:\/\/analyse.optim.biz\/index.php?rest_route=%2Fwp%2Fv2%2Fmedia&parent=1801473"}],"wp:term":[{"taxonomy":"category","embeddable":true,"href":"https:\/\/analyse.optim.biz\/index.php?rest_route=%2Fwp%2Fv2%2Fcategories&post=1801473"},{"taxonomy":"post_tag","embeddable":true,"href":"https:\/\/analyse.optim.biz\/index.php?rest_route=%2Fwp%2Fv2%2Ftags&post=1801473"}],"curies":[{"name":"wp","href":"https:\/\/api.w.org\/{rel}","templated":true}]}}