{"id":1801066,"date":"2026-02-28T07:00:08","date_gmt":"2026-02-28T04:00:08","guid":{"rendered":"https:\/\/analyse.optim.biz\/?p=1801066"},"modified":"2026-02-28T07:00:08","modified_gmt":"2026-02-28T04:00:08","slug":"saptamana-protectiei-civile-ziua-portilor-deschise-la-subunitatile-isu-delta-tulcea-ziarul-delta","status":"publish","type":"post","link":"https:\/\/analyse.optim.biz\/?p=1801066","title":{"rendered":"S\u0103pt\u0103m\u00e2na Protec\u0163iei Civile: Ziua Por\u0163ilor Deschise la subunit\u0103\u0163ile ISU \u201eDelta&#8221; Tulcea &#8211; Ziarul Delta"},"content":{"rendered":"<p>[analyse_image type=&#8221;featured&#8221; src=&#8221;https:\/\/ziaruldelta.ro\/wp-content\/uploads\/2026\/02\/ziua.jpg&#8221;]<\/p>\n<article id=\"post-35571\" class=\"module single-post-module post-35571 post type-post status-publish format-standard has-post-thumbnail hentry category-actualitate et-has-post-format-content et_post_format-et-post-format-standard\">\n<div class=\"post-header\">\n<h1 class=\"entry-title\">S\u0103pt\u0103m\u00e2na Protec\u0163iei Civile: Ziua Por\u0163ilor Deschise la subunit\u0103\u0163ile ISU \u201eDelta\u201d Tulcea<\/h1>\n<div class=\"post-meta vcard\">\n<p>Posted by <a href=\"https:\/\/ziaruldelta.ro\/author\/nicoleta-urmuz\/\" class=\"url fn\" title=\"Posts by Nicoleta URMUZ\" rel=\"author\">Nicoleta URMUZ<\/a> | <span class=\"updated\">Feb 28, 2026<\/span> | <a href=\"https:\/\/ziaruldelta.ro\/category\/actualitate\/\" rel=\"tag\">Actualitate<\/a> | <\/p>\n<\/div>\n<\/div>\n<div class=\"post-thumbnail header\"><img decoding=\"async\" src=\"https:\/\/ziaruldelta.ro\/wp-content\/uploads\/2026\/02\/ziua.jpg\" alt=\"S\u0103pt\u0103m\u00e2na Protec\u0163iei Civile: Ziua Por\u0163ilor Deschise la subunit\u0103\u0163ile ISU \u201eDelta\u201d Tulcea\"><\/div>\n<div class=\"post-wrap\">\n<div class=\"post-content entry-content\">\n<p>Ziua Por\u0163ilor Deschise va avea loc p\u00e2n\u0103 pe 4 martie, \u00eentre orele 10:00 \u015fi 18:00, la toate subunit\u0103\u0163ile Inspectoratului pentru Situa\u0163ii de Urgen\u0163\u0103 \u201eDelta\u201d al jude\u0163ului Tulcea, cu ocazia \u00eemplinirii a 93 de ani de Protec\u0163ie Civil\u0103 \u00een Rom\u00e2nia \u015fi marcheaz\u0103, totodat\u0103, S\u0103pt\u0103m\u00e2na dedicat\u0103 preven\u0163iei \u015fi educa\u0163iei pentru siguran\u0163\u0103.<\/p>\n<p>Vizitatorii vor putea descoperi tehnica de interven\u0163ie folosit\u0103 zilnic de pompierii militari \u015fi vor afla detalii despre misiunile acestora, av\u00e2nd ocazia s\u0103 cunoasc\u0103 mai bine activitatea lor la Sec\u0163ia de Pompieri M\u0103cin, Sta\u0163ia de Pompieri Babadag, Deta\u015famentul de Pompieri Tulcea \u015fi Pichetul Nave Operative Cri\u015fan.<\/p>\n<blockquote>\n<p>\u201eS\u0103pt\u0103m\u00e2na Protec\u0163iei Civile reprezint\u0103 un bun prilej de a readuce \u00een aten\u0163ia cet\u0103\u0163enilor regulile esen\u0163iale de comportament \u00een situa\u0163ii de urgen\u0163\u0103, precum \u015fi importan\u0163a adopt\u0103rii unui comportament preventiv. Totodat\u0103, este o oportunitate de a exersa, al\u0103turi de pompierii salvatori, m\u0103surile care pot face diferen\u0163a \u00een momente critice\u201d, a transmis ISU \u201eDelta\u201d Tulcea.<\/p>\n<\/blockquote>\n<p>De asemenea, vor avea loc exerci\u0163ii de evacuare \u015fi activit\u0103\u0163i de informare preventiv\u0103 \u00een unit\u0103\u0163i de \u00eenv\u0103\u0163\u0103m\u00e2nt din jude\u0163, p\u00e2n\u0103 pe 4 martie, menite s\u0103 familiarizeze elevii \u015fi personalul didactic cu modul corect de comportare \u00een cazul producerii unei situa\u0163ii de urgen\u0163\u0103. \u00cen cadrul acestor activit\u0103\u0163i vor fi desf\u0103\u015furate \u015fi instruiri practice privind tehnicile de acordare a primului ajutor, iar participan\u0163ilor le va fi promovat programul de voluntariat \u201eSalvator din pasiune\u201d, informeaz\u0103 ISU \u201eDelta\u201d Tulcea.<\/p>\n<p>Totodat\u0103, se vor organiza puncte de informare preventiv\u0103 la operatori economici \u015fi institu\u0163ii de pe raza localit\u0103\u0163ii M\u0103cin, supermarketuri \u015fi magazine din municipiul Tulcea, \u00een perioada 28 februarie \u2013 1 martie, unde cet\u0103\u0163enii vor putea participa la demonstra\u0163ii practice de prim ajutor, vor primi materiale informative \u015fi li se va prezenta programul de voluntariat \u201eSalvator din pasiune\u201d \u015fi ofertele educa\u0163ionale.<\/p>\n<p>Pe 1 martie se vor desf\u0103\u015fura activit\u0103\u0163i de informare preventiv\u0103 \u00een bisericile \u015fi m\u0103n\u0103stirile din jude\u0163. Acestea vor avea loc \u00eenainte sau dup\u0103 slujbele religioase, pentru cre\u015fterea gradului de con\u015ftientizare a riscurilor \u015fi explicarea m\u0103surilor care trebuie adoptate pentru prevenirea situa\u0163iilor de urgen\u0163\u0103 \u00een l\u0103ca\u015fele de cult.<\/p>\n<p>\u00cen plus, vor avea loc ac\u0163iuni de informare preventiv\u0103 la operatori economici \u015fi institu\u0163ii publice, pe 2 \u015fi 3 martie, printre care Vard Shipyards Rom\u00e2nia SA \u015fi DGASPC Tulcea, \u00een cadrul c\u0103rora reprezentan\u0163i ai Inspec\u0163iei de Prevenire vor prezenta tehnici de prim ajutor, vor distribui materiale informative \u015fi vor instrui angaja\u0163ii pentru consolidarea comportamentului preventiv.<\/p>\n<p>De asemenea, va avea loc exerci\u0163iul na\u0163ional de alarmare public\u0103 \u201eMiercurea Sirenelor\u201d pe 4 martie, \u00eencep\u00e2nd cu ora 10:00, menit s\u0103 testeze sistemele de alarmare \u015fi s\u0103 familiarizeze popula\u0163ia cu semnalele sonore specifice situa\u0163iilor de urgen\u0163\u0103. Toate aceste activit\u0103\u0163i fac parte din S\u0103pt\u0103m\u00e2na Protec\u0163iei Civile, marc\u00e2nd 93 de ani de la \u00eenfiin\u0163area Protec\u0163iei Civile \u00een Rom\u00e2nia, s\u0103rb\u0103torit\u0103 anual pe 28 februarie, \u015fi au scopul de a informa \u015fi instrui popula\u0163ia, promov\u00e2nd un comportament preventiv \u015fi consolid\u00e2nd cultura siguran\u0163ei la nivel local.<\/p>\n<\/div>\n<\/div>\n<div class=\"post-footer\">\n<div class=\"social-icons ed-social-share-icons\">\n<p class=\"share-title\">Share:<\/p>\n<\/div>\n<div class=\"rating-stars\">\n<p id=\"rate-title\" class=\"rate-title\">Rate:<\/p>\n<\/div>\n<\/div>\n<\/article>\n<div class=\"post-content entry-content\">\n<p>Ziua Por\u0163ilor Deschise va avea loc p\u00e2n\u0103 pe 4 martie, \u00eentre orele 10:00 \u015fi 18:00, la toate subunit\u0103\u0163ile Inspectoratului pentru Situa\u0163ii de Urgen\u0163\u0103 \u201eDelta\u201d al jude\u0163ului Tulcea, cu ocazia \u00eemplinirii a 93 de ani de Protec\u0163ie Civil\u0103 \u00een Rom\u00e2nia \u015fi marcheaz\u0103, totodat\u0103, S\u0103pt\u0103m\u00e2na dedicat\u0103 preven\u0163iei \u015fi educa\u0163iei pentru siguran\u0163\u0103.<\/p>\n<p>Vizitatorii vor putea descoperi tehnica de interven\u0163ie folosit\u0103 zilnic de pompierii militari \u015fi vor afla detalii despre misiunile acestora, av\u00e2nd ocazia s\u0103 cunoasc\u0103 mai bine activitatea lor la Sec\u0163ia de Pompieri M\u0103cin, Sta\u0163ia de Pompieri Babadag, Deta\u015famentul de Pompieri Tulcea \u015fi Pichetul Nave Operative Cri\u015fan.<\/p>\n<blockquote>\n<p>\u201eS\u0103pt\u0103m\u00e2na Protec\u0163iei Civile reprezint\u0103 un bun prilej de a readuce \u00een aten\u0163ia cet\u0103\u0163enilor regulile esen\u0163iale de comportament \u00een situa\u0163ii de urgen\u0163\u0103, precum \u015fi importan\u0163a adopt\u0103rii unui comportament preventiv. Totodat\u0103, este o oportunitate de a exersa, al\u0103turi de pompierii salvatori, m\u0103surile care pot face diferen\u0163a \u00een momente critice\u201d, a transmis ISU \u201eDelta\u201d Tulcea.<\/p>\n<\/blockquote>\n<p>De asemenea, vor avea loc exerci\u0163ii de evacuare \u015fi activit\u0103\u0163i de informare preventiv\u0103 \u00een unit\u0103\u0163i de \u00eenv\u0103\u0163\u0103m\u00e2nt din jude\u0163, p\u00e2n\u0103 pe 4 martie, menite s\u0103 familiarizeze elevii \u015fi personalul didactic cu modul corect de comportare \u00een cazul producerii unei situa\u0163ii de urgen\u0163\u0103. \u00cen cadrul acestor activit\u0103\u0163i vor fi desf\u0103\u015furate \u015fi instruiri practice privind tehnicile de acordare a primului ajutor, iar participan\u0163ilor le va fi promovat programul de voluntariat \u201eSalvator din pasiune\u201d, informeaz\u0103 ISU \u201eDelta\u201d Tulcea.<\/p>\n<p>Totodat\u0103, se vor organiza puncte de informare preventiv\u0103 la operatori economici \u015fi institu\u0163ii de pe raza localit\u0103\u0163ii M\u0103cin, supermarketuri \u015fi magazine din municipiul Tulcea, \u00een perioada 28 februarie \u2013 1 martie, unde cet\u0103\u0163enii vor putea participa la demonstra\u0163ii practice de prim ajutor, vor primi materiale informative \u015fi li se va prezenta programul de voluntariat \u201eSalvator din pasiune\u201d \u015fi ofertele educa\u0163ionale.<\/p>\n<p>Pe 1 martie se vor desf\u0103\u015fura activit\u0103\u0163i de informare preventiv\u0103 \u00een bisericile \u015fi m\u0103n\u0103stirile din jude\u0163. Acestea vor avea loc \u00eenainte sau dup\u0103 slujbele religioase, pentru cre\u015fterea gradului de con\u015ftientizare a riscurilor \u015fi explicarea m\u0103surilor care trebuie adoptate pentru prevenirea situa\u0163iilor de urgen\u0163\u0103 \u00een l\u0103ca\u015fele de cult.<\/p>\n<p>\u00cen plus, vor avea loc ac\u0163iuni de informare preventiv\u0103 la operatori economici \u015fi institu\u0163ii publice, pe 2 \u015fi 3 martie, printre care Vard Shipyards Rom\u00e2nia SA \u015fi DGASPC Tulcea, \u00een cadrul c\u0103rora reprezentan\u0163i ai Inspec\u0163iei de Prevenire vor prezenta tehnici de prim ajutor, vor distribui materiale informative \u015fi vor instrui angaja\u0163ii pentru consolidarea comportamentului preventiv.<\/p>\n<p>De asemenea, va avea loc exerci\u0163iul na\u0163ional de alarmare public\u0103 \u201eMiercurea Sirenelor\u201d pe 4 martie, \u00eencep\u00e2nd cu ora 10:00, menit s\u0103 testeze sistemele de alarmare \u015fi s\u0103 familiarizeze popula\u0163ia cu semnalele sonore specifice situa\u0163iilor de urgen\u0163\u0103. Toate aceste activit\u0103\u0163i fac parte din S\u0103pt\u0103m\u00e2na Protec\u0163iei Civile, marc\u00e2nd 93 de ani de la \u00eenfiin\u0163area Protec\u0163iei Civile \u00een Rom\u00e2nia, s\u0103rb\u0103torit\u0103 anual pe 28 februarie, \u015fi au scopul de a informa \u015fi instrui popula\u0163ia, promov\u00e2nd un comportament preventiv \u015fi consolid\u00e2nd cultura siguran\u0163ei la nivel local.<\/p>\n<\/div>\n<div class=\"post-content entry-content\">\n<p>Ziua Por\u0163ilor Deschise va avea loc p\u00e2n\u0103 pe 4 martie, \u00eentre orele 10:00 \u015fi 18:00, la toate subunit\u0103\u0163ile Inspectoratului pentru Situa\u0163ii de Urgen\u0163\u0103 \u201eDelta\u201d al jude\u0163ului Tulcea, cu ocazia \u00eemplinirii a 93 de ani de Protec\u0163ie Civil\u0103 \u00een Rom\u00e2nia \u015fi marcheaz\u0103, totodat\u0103, S\u0103pt\u0103m\u00e2na dedicat\u0103 preven\u0163iei \u015fi educa\u0163iei pentru siguran\u0163\u0103.<\/p>\n<p>Vizitatorii vor putea descoperi tehnica de interven\u0163ie folosit\u0103 zilnic de pompierii militari \u015fi vor afla detalii despre misiunile acestora, av\u00e2nd ocazia s\u0103 cunoasc\u0103 mai bine activitatea lor la Sec\u0163ia de Pompieri M\u0103cin, Sta\u0163ia de Pompieri Babadag, Deta\u015famentul de Pompieri Tulcea \u015fi Pichetul Nave Operative Cri\u015fan.<\/p>\n<blockquote>\n<p>\u201eS\u0103pt\u0103m\u00e2na Protec\u0163iei Civile reprezint\u0103 un bun prilej de a readuce \u00een aten\u0163ia cet\u0103\u0163enilor regulile esen\u0163iale de comportament \u00een situa\u0163ii de urgen\u0163\u0103, precum \u015fi importan\u0163a adopt\u0103rii unui comportament preventiv. Totodat\u0103, este o oportunitate de a exersa, al\u0103turi de pompierii salvatori, m\u0103surile care pot face diferen\u0163a \u00een momente critice\u201d, a transmis ISU \u201eDelta\u201d Tulcea.<\/p>\n<\/blockquote>\n<p>De asemenea, vor avea loc exerci\u0163ii de evacuare \u015fi activit\u0103\u0163i de informare preventiv\u0103 \u00een unit\u0103\u0163i de \u00eenv\u0103\u0163\u0103m\u00e2nt din jude\u0163, p\u00e2n\u0103 pe 4 martie, menite s\u0103 familiarizeze elevii \u015fi personalul didactic cu modul corect de comportare \u00een cazul producerii unei situa\u0163ii de urgen\u0163\u0103. \u00cen cadrul acestor activit\u0103\u0163i vor fi desf\u0103\u015furate \u015fi instruiri practice privind tehnicile de acordare a primului ajutor, iar participan\u0163ilor le va fi promovat programul de voluntariat \u201eSalvator din pasiune\u201d, informeaz\u0103 ISU \u201eDelta\u201d Tulcea.<\/p>\n<p>Totodat\u0103, se vor organiza puncte de informare preventiv\u0103 la operatori economici \u015fi institu\u0163ii de pe raza localit\u0103\u0163ii M\u0103cin, supermarketuri \u015fi magazine din municipiul Tulcea, \u00een perioada 28 februarie \u2013 1 martie, unde cet\u0103\u0163enii vor putea participa la demonstra\u0163ii practice de prim ajutor, vor primi materiale informative \u015fi li se va prezenta programul de voluntariat \u201eSalvator din pasiune\u201d \u015fi ofertele educa\u0163ionale.<\/p>\n<p>Pe 1 martie se vor desf\u0103\u015fura activit\u0103\u0163i de informare preventiv\u0103 \u00een bisericile \u015fi m\u0103n\u0103stirile din jude\u0163. Acestea vor avea loc \u00eenainte sau dup\u0103 slujbele religioase, pentru cre\u015fterea gradului de con\u015ftientizare a riscurilor \u015fi explicarea m\u0103surilor care trebuie adoptate pentru prevenirea situa\u0163iilor de urgen\u0163\u0103 \u00een l\u0103ca\u015fele de cult.<\/p>\n<p>\u00cen plus, vor avea loc ac\u0163iuni de informare preventiv\u0103 la operatori economici \u015fi institu\u0163ii publice, pe 2 \u015fi 3 martie, printre care Vard Shipyards Rom\u00e2nia SA \u015fi DGASPC Tulcea, \u00een cadrul c\u0103rora reprezentan\u0163i ai Inspec\u0163iei de Prevenire vor prezenta tehnici de prim ajutor, vor distribui materiale informative \u015fi vor instrui angaja\u0163ii pentru consolidarea comportamentului preventiv.<\/p>\n<p>De asemenea, va avea loc exerci\u0163iul na\u0163ional de alarmare public\u0103 \u201eMiercurea Sirenelor\u201d pe 4 martie, \u00eencep\u00e2nd cu ora 10:00, menit s\u0103 testeze sistemele de alarmare \u015fi s\u0103 familiarizeze popula\u0163ia cu semnalele sonore specifice situa\u0163iilor de urgen\u0163\u0103. Toate aceste activit\u0103\u0163i fac parte din S\u0103pt\u0103m\u00e2na Protec\u0163iei Civile, marc\u00e2nd 93 de ani de la \u00eenfiin\u0163area Protec\u0163iei Civile \u00een Rom\u00e2nia, s\u0103rb\u0103torit\u0103 anual pe 28 februarie, \u015fi au scopul de a informa \u015fi instrui popula\u0163ia, promov\u00e2nd un comportament preventiv \u015fi consolid\u00e2nd cultura siguran\u0163ei la nivel local.<\/p>\n<\/div>\n<p>[analyse_source url=&#8221;https:\/\/ziaruldelta.ro\/2026\/02\/28\/saptamana-protectiei-civile-ziua-portilor-deschise-la-subunitatile-isu-delta-tulcea\/&#8221;]<\/p>\n","protected":false},"excerpt":{"rendered":"<p>[analyse_image type=&#8221;featured&#8221; src=&#8221;https:\/\/ziaruldelta.ro\/wp-content\/uploads\/2026\/02\/ziua.jpg&#8221;] S\u0103pt\u0103m\u00e2na Protec\u0163iei Civile: Ziua Por\u0163ilor Deschise la subunit\u0103\u0163ile ISU \u201eDelta\u201d Tulcea Posted by Nicoleta URMUZ | Feb 28, 2026 | Actualitate | Ziua Por\u0163ilor Deschise va avea loc p\u00e2n\u0103 pe 4 martie, \u00eentre orele 10:00 \u015fi 18:00, la toate subunit\u0103\u0163ile Inspectoratului pentru Situa\u0163ii de Urgen\u0163\u0103 \u201eDelta\u201d al jude\u0163ului Tulcea, cu ocazia \u00eemplinirii [&hellip;]<\/p>\n","protected":false},"author":1,"featured_media":0,"comment_status":"open","ping_status":"","sticky":false,"template":"","format":"standard","meta":{"footnotes":""},"categories":[89],"tags":[226,206],"class_list":["post-1801066","post","type-post","status-publish","format-standard","hentry","category-romania","tag-crawlmanager","tag-ziaruldelta-ro"],"_links":{"self":[{"href":"https:\/\/analyse.optim.biz\/index.php?rest_route=\/wp\/v2\/posts\/1801066","targetHints":{"allow":["GET"]}}],"collection":[{"href":"https:\/\/analyse.optim.biz\/index.php?rest_route=\/wp\/v2\/posts"}],"about":[{"href":"https:\/\/analyse.optim.biz\/index.php?rest_route=\/wp\/v2\/types\/post"}],"author":[{"embeddable":true,"href":"https:\/\/analyse.optim.biz\/index.php?rest_route=\/wp\/v2\/users\/1"}],"replies":[{"embeddable":true,"href":"https:\/\/analyse.optim.biz\/index.php?rest_route=%2Fwp%2Fv2%2Fcomments&post=1801066"}],"version-history":[{"count":0,"href":"https:\/\/analyse.optim.biz\/index.php?rest_route=\/wp\/v2\/posts\/1801066\/revisions"}],"wp:attachment":[{"href":"https:\/\/analyse.optim.biz\/index.php?rest_route=%2Fwp%2Fv2%2Fmedia&parent=1801066"}],"wp:term":[{"taxonomy":"category","embeddable":true,"href":"https:\/\/analyse.optim.biz\/index.php?rest_route=%2Fwp%2Fv2%2Fcategories&post=1801066"},{"taxonomy":"post_tag","embeddable":true,"href":"https:\/\/analyse.optim.biz\/index.php?rest_route=%2Fwp%2Fv2%2Ftags&post=1801066"}],"curies":[{"name":"wp","href":"https:\/\/api.w.org\/{rel}","templated":true}]}}