{"id":1801063,"date":"2026-03-01T15:34:17","date_gmt":"2026-03-01T12:34:17","guid":{"rendered":"https:\/\/analyse.optim.biz\/?p=1801063"},"modified":"2026-03-01T15:34:17","modified_gmt":"2026-03-01T12:34:17","slug":"cel-putin-50-de-politisti-locali-impreuna-cu-alte-zeci-de-angajati-ai-primariei-timisoara-vor-fi-dati-afara-incepand-cu-luna-martie","status":"publish","type":"post","link":"https:\/\/analyse.optim.biz\/?p=1801063","title":{"rendered":"Cel pu\u021bin 50 de poli\u021bi\u0219ti locali \u00eempreun\u0103 cu alte zeci de angaja\u021bi ai Prim\u0103riei Timi\u0219oara vor fi da\u021bi afar\u0103 \u00eencep\u00e2nd cu luna martie"},"content":{"rendered":"<p>[analyse_image type=&#8221;featured&#8221; src=&#8221;https:\/\/www.banatulazi.ro\/wp-content\/uploads\/2026\/03\/pmt_1.jpg&#8221;]<\/p>\n<div class=\"td_block_wrap tdb_single_content tdi_64 td-pb-border-top td_block_template_1 td-post-content tagdiv-type\" data-td-block-uid=\"tdi_64\">\n<div class=\"tdb-block-inner td-fix-index\">\n<p>Cel pu\u021bin 50 de angaja\u0163i ai Poli\u0163iei Locale Timi\u015foara urmeaz\u0103 s\u0103 fie concedia\u0163i \u00een urma Ordonan\u0163ei de Urgen\u0163\u0103, care revizuie\u0219te norma de personal pentru poli\u021bia local\u0103. Num\u0103rul celor da\u021bi afar\u0103 ar putea s\u0103 creasc\u0103 \u00een realitate, deoarece restructurarea institu\u0163iei depinde de datele pe care Ministerul de Interne le va furniza Prim\u0103riei Timi\u015foara privind num\u0103rul total de locuitori ai muncipiului. Poli\u0163ia Local\u0103\u00a0 are \u00een acest moment 338 de angaja\u0163i. Vor fi disponibiliz\u0103ri \u015fi \u00een prim\u0103rie.<\/p>\n<p>Guvernul Ilie Bolojan a adoptat mar\u021bi, 24 februarie, proiectul de lege pentru reforma administra\u021biei publice, menit s\u0103 reduc\u0103 \u0219i mai mult cheltuielile statului.<\/p>\n<p>Documentul prevede t\u0103ierea cu 10% a cheltuielilor de personal \u0219i sc\u0103derea num\u0103rului de posturi din administra\u021bia local\u0103. M\u0103surile vizeaz\u0103 \u0219i reorganizarea Poli\u021biei locale. Ordonan\u021ba de Urgen\u021b\u0103 revizuie\u0219te norma de personal pentru poli\u021bia local\u0103, astfel c\u0103 de la un poli\u0163ist local la 1.000 de locuitori, va fi un poli\u0163ist local la 1.200 de locuitori<\/p>\n<p>\u00cen Poli\u0163ia Local\u0103 Timi\u015foara sunt angaja\u0163i \u00een acest moment 338 de oameni. Acest num\u0103r va fi redus cu peste 50 de angaja\u0163i, dar se poate ajunge chiar \u015fi pe la 80. Totul depinde \u00eens\u0103 de datele pe care Prim\u0103ria Timi\u015foara le-a solicitat de mai mult timp Ministerului de Interne, privind num\u0103rul de locuitori ai municipiului. Trebuie spus c\u0103 se lucreaz\u0103 cu alte date dec\u00e2t cele furnizate de ultimul referendum. Procesul de disponibiliz\u0103ri ar putea fi facilitat de o a\u015fteptat\u0103 decizie a guvernului privind interzicerea cumulului pensiei cu salariul. Potrivit unor surse, aproape 20 de angaja\u0163i ai Poli\u0163iei Locale Timi\u015foara au \u015fi pensii speciale, ca fo\u015fti poli\u0163i\u015fti.<\/p>\n<p>De men\u0163ionat c\u0103, potrivit aceleea\u015fi ordonan\u0163e, urmeaz\u0103 s\u0103 fie disponibiliza\u0163i angaja\u0163i \u015fi din Prim\u0103ria Timi\u015foara. Aici calculul privind disponibilz\u0103rile este mai complicat \u015fi este riscant de avansat vreun num\u0103r.<\/p>\n<\/div>\n<\/div>\n<p>[analyse_source url=&#8221;https:\/\/www.banatulazi.ro\/cel-putin-50-de-politisti-locali-impreuna-cu-alte-zeci-de-angajati-ai-primariei-timisoara-vor-fi-dati-afara-incepand-cu-luna-martie\/&#8221;]<\/p>\n","protected":false},"excerpt":{"rendered":"<p>[analyse_image type=&#8221;featured&#8221; src=&#8221;https:\/\/www.banatulazi.ro\/wp-content\/uploads\/2026\/03\/pmt_1.jpg&#8221;] Cel pu\u021bin 50 de angaja\u0163i ai Poli\u0163iei Locale Timi\u015foara urmeaz\u0103 s\u0103 fie concedia\u0163i \u00een urma Ordonan\u0163ei de Urgen\u0163\u0103, care revizuie\u0219te norma de personal pentru poli\u021bia local\u0103. Num\u0103rul celor da\u021bi afar\u0103 ar putea s\u0103 creasc\u0103 \u00een realitate, deoarece restructurarea institu\u0163iei depinde de datele pe care Ministerul de Interne le va furniza Prim\u0103riei Timi\u015foara [&hellip;]<\/p>\n","protected":false},"author":1,"featured_media":0,"comment_status":"open","ping_status":"","sticky":false,"template":"","format":"standard","meta":{"footnotes":""},"categories":[89],"tags":[185,226],"class_list":["post-1801063","post","type-post","status-publish","format-standard","hentry","category-romania","tag-banatulazi-ro","tag-crawlmanager"],"_links":{"self":[{"href":"https:\/\/analyse.optim.biz\/index.php?rest_route=\/wp\/v2\/posts\/1801063","targetHints":{"allow":["GET"]}}],"collection":[{"href":"https:\/\/analyse.optim.biz\/index.php?rest_route=\/wp\/v2\/posts"}],"about":[{"href":"https:\/\/analyse.optim.biz\/index.php?rest_route=\/wp\/v2\/types\/post"}],"author":[{"embeddable":true,"href":"https:\/\/analyse.optim.biz\/index.php?rest_route=\/wp\/v2\/users\/1"}],"replies":[{"embeddable":true,"href":"https:\/\/analyse.optim.biz\/index.php?rest_route=%2Fwp%2Fv2%2Fcomments&post=1801063"}],"version-history":[{"count":0,"href":"https:\/\/analyse.optim.biz\/index.php?rest_route=\/wp\/v2\/posts\/1801063\/revisions"}],"wp:attachment":[{"href":"https:\/\/analyse.optim.biz\/index.php?rest_route=%2Fwp%2Fv2%2Fmedia&parent=1801063"}],"wp:term":[{"taxonomy":"category","embeddable":true,"href":"https:\/\/analyse.optim.biz\/index.php?rest_route=%2Fwp%2Fv2%2Fcategories&post=1801063"},{"taxonomy":"post_tag","embeddable":true,"href":"https:\/\/analyse.optim.biz\/index.php?rest_route=%2Fwp%2Fv2%2Ftags&post=1801063"}],"curies":[{"name":"wp","href":"https:\/\/api.w.org\/{rel}","templated":true}]}}