{"id":1800909,"date":"2026-02-27T19:56:32","date_gmt":"2026-02-27T16:56:32","guid":{"rendered":"https:\/\/analyse.optim.biz\/?p=1800909"},"modified":"2026-02-27T19:56:32","modified_gmt":"2026-02-27T16:56:32","slug":"trotinete-electrice-fara-declaratii-de-conformitate","status":"publish","type":"post","link":"https:\/\/analyse.optim.biz\/?p=1800909","title":{"rendered":"Trotinete electrice f\u0103r\u0103 declara\u021bii de conformitate"},"content":{"rendered":"<p>[analyse_image type=&#8221;featured&#8221; src=&#8221;https:\/\/www.tvbuzau.ro\/wp-content\/uploads\/2026\/02\/sddefault-44.jpghttps:\/\/www.tvbuzau.ro\/wp-content\/uploads\/2026\/02\/sddefault-44.jpg&#8221;]<\/p>\n<div class=\"td-ss-main-content\">\n<article id=\"post-118184\" class=\"post-118184 post type-post status-publish format-video has-post-thumbnail hentry category-actualitate post_format-post-format-video\">\n<div class=\"td-post-header\">\n<ul class=\"td-category\">\n<li class=\"entry-category\"><a href=\"https:\/\/www.tvbuzau.ro\/category\/actualitate\/\">Actualitate<\/a><\/li>\n<\/ul>\n<header class=\"td-post-title\">\n<h1 class=\"entry-title\">Trotinete electrice f\u0103r\u0103 declara\u021bii de conformitate<\/h1>\n<div class=\"td-module-meta-info\">\n<div class=\"td-post-author-name\">De c\u0103tre <a href=\"https:\/\/www.tvbuzau.ro\/author\/mihai-vasilescu\/\">TV Buz\u0103u<\/a> &#8211; <\/div>\n<p><span class=\"td-post-date\"><time class=\"entry-date updated td-module-date\" datetime=\"2026-02-27T19:56:32+00:00\">februarie 27, 2026<\/time><\/span><\/p>\n<div class=\"td-post-comments\"><a href=\"https:\/\/www.tvbuzau.ro\/trotinete-electrice-fara-declaratii-de-conformitate\/#respond\">0<\/a><\/div>\n<div class=\"td-post-views\"><span class=\"td-nr-views-118184\">10<\/span><\/div>\n<\/div>\n<\/header>\n<\/div>\n<div class=\"td-post-sharing td-post-sharing-top td-with-like\">\n<div class=\"td-default-sharing\"><a class=\"td-social-sharing-buttons td-social-facebook\" href=\"http:\/\/www.facebook.com\/sharer.php?u=https%3A%2F%2Fwww.tvbuzau.ro%2Ftrotinete-electrice-fara-declaratii-de-conformitate%2F\"><\/p>\n<div class=\"td-social-but-text\">Distribui\u021bi pe Facebook<\/div>\n<p><\/a><a class=\"td-social-sharing-buttons td-social-twitter\" href=\"https:\/\/twitter.com\/intent\/tweet?text=Trotinete+electrice+f%C4%83r%C4%83+declara%C8%9Bii+de+conformitate&amp;url=https%3A%2F%2Fwww.tvbuzau.ro%2Ftrotinete-electrice-fara-declaratii-de-conformitate%2F&amp;via=TV+Buz%C4%83u\"><\/p>\n<div class=\"td-social-but-text\">Distribui\u021bi pe Twitter<\/div>\n<p><\/a><\/div>\n<div class=\"td-classic-sharing\">\n<ul>\n<li class=\"td-classic-facebook\"><iframe frameborder src=\"https:\/\/www.facebook.com\/plugins\/like.php?href=https:\/\/www.tvbuzau.ro\/trotinete-electrice-fara-declaratii-de-conformitate\/&amp;layout=button_count&amp;show_faces=false&amp;width=105&amp;action=like&amp;colorscheme=light&amp;height=21\"><\/iframe><\/li>\n<li class=\"td-classic-twitter\"><a href=\"https:\/\/twitter.com\/share\" class=\"twitter-share-button\" data-url=\"https:\/\/www.tvbuzau.ro\/trotinete-electrice-fara-declaratii-de-conformitate\/\" data-text=\"Trotinete electrice f\u0103r\u0103 declara\u021bii de conformitate\" data-via data-lang=\"en\">tweet<\/a><\/li>\n<\/ul>\n<\/div>\n<\/div>\n<div class=\"td-post-content\">\n<div class=\"td-featured-image-rec\">\n<div class=\"wpb_video_wrapper\">\n                    <iframe loading=\"lazy\" id=\"td_youtube_player\" width=\"600\" height=\"560\" src=\"https:\/\/www.youtube.com\/embed\/hB-x53Owqd0?enablejsapi=1&amp;feature=oembed&amp;wmode=opaque&amp;vq=hd720\" frameborder allowfullscreen><\/iframe><\/p><\/div>\n<\/div>\n<p>Amenzi de peste 660.000 lei aplicate de ITM Buz\u0103u<br \/>\nInspectoratul Teritorial de Munc\u0103 Buz\u0103u a  efectuat ac\u0163iuni de control \u00een anul 2025 av\u00e2nd ca obiectiv verificarea modului \u00een care angajatorii respect\u0103 prevederile legisla\u0163iei \u00een vigoare \u00een domeniul securit\u0103\u0163ii \u015fi s\u0103n\u0103t\u0103\u0163ii \u00een munc\u0103. Au fost organizate peste 680 de controale la agen\u0163i economici din jude\u0163.<\/p>\n<p>\u201cAu fost sanc\u0163iona\u0163i 371 angajatori \u015fi s-au aplicat 552 sanc\u0163iuni contraven\u0163ionale (149 amenzi contraven\u0163ionale \u00een cuantum de 660.500 lei \u015fi  403 avertismente); cu ocazia controalelor efectuate au fost oprite din func\u021biune 14 echipamente de munc\u0103\u201d, informeaz\u0103 ITM Buz\u0103u.<br \/>\nPrintre neregulile constatate s-au num\u0103rat neutilizarea echipamentului individual de protec\u021bie de c\u0103tre lucr\u0103tori, utilizarea unor echipamente de munca neconforme; neautorizarea sau neefectuarea verific\u0103rii tehnice periodice a echipamentelor de munc\u0103 aflate sub inciden\u021ba ISCIR. Totodat\u0103, inspectorii de munc\u0103 au descoperit trotinete electrice comercilizate f\u0103r\u0103 declara\u0163ii de conformitate.<\/p>\n<p>\u201epunerea la dispozi\u0163ie pe piat\u0103  de c\u0103tre operatorul economic de trotinete electrice \u0219i  motociclete\/ma\u0219inu\u021be electrice pentru copii, f\u0103r\u0103 a fi \u00eenso\u021bite de declara\u021bie de conformitate sau f\u0103r\u0103 a avea aplicat marcaj CE de conformitate\u201d, artat\u0103 ITM.<\/p>\n<div class=\"post-views post-118184 entry-meta\"><span class=\"post-views-label\">Post Views: <\/span><span class=\"post-views-count\">231<\/span><\/div>\n<\/div>\n<footer>\n<div class=\"td-post-sharing td-post-sharing-bottom td-with-like\"><span class=\"td-post-share-title\">DISTRIBUI\u021aI<\/span><\/p>\n<div class=\"td-default-sharing\"><a class=\"td-social-sharing-buttons td-social-facebook\" href=\"http:\/\/www.facebook.com\/sharer.php?u=https%3A%2F%2Fwww.tvbuzau.ro%2Ftrotinete-electrice-fara-declaratii-de-conformitate%2F\"><\/p>\n<div class=\"td-social-but-text\">Facebook<\/div>\n<p><\/a><a class=\"td-social-sharing-buttons td-social-twitter\" href=\"https:\/\/twitter.com\/intent\/tweet?text=Trotinete+electrice+f%C4%83r%C4%83+declara%C8%9Bii+de+conformitate&amp;url=https%3A%2F%2Fwww.tvbuzau.ro%2Ftrotinete-electrice-fara-declaratii-de-conformitate%2F&amp;via=TV+Buz%C4%83u\"><\/p>\n<div class=\"td-social-but-text\">Twitter<\/div>\n<p><\/a><\/div>\n<div class=\"td-classic-sharing\">\n<ul>\n<li class=\"td-classic-facebook\"><iframe frameborder src=\"https:\/\/www.facebook.com\/plugins\/like.php?href=https:\/\/www.tvbuzau.ro\/trotinete-electrice-fara-declaratii-de-conformitate\/&amp;layout=button_count&amp;show_faces=false&amp;width=105&amp;action=like&amp;colorscheme=light&amp;height=21\"><\/iframe><\/li>\n<li class=\"td-classic-twitter\"><a href=\"https:\/\/twitter.com\/share\" class=\"twitter-share-button\" data-url=\"https:\/\/www.tvbuzau.ro\/trotinete-electrice-fara-declaratii-de-conformitate\/\" data-text=\"Trotinete electrice f\u0103r\u0103 declara\u021bii de conformitate\" data-via data-lang=\"en\">tweet<\/a><\/li>\n<\/ul>\n<\/div>\n<\/div>\n<div class=\"td-author-name vcard author\"><span class=\"fn\"><a href=\"https:\/\/www.tvbuzau.ro\/author\/mihai-vasilescu\/\">TV Buz\u0103u<\/a><\/span><\/div>\n<p><span><\/span><span><span><\/span><\/span><span><\/span><\/footer>\n<\/article>\n<div class=\"td_block_wrap td_block_related_posts td_uid_1_69a49da7e6234_rand td_with_ajax_pagination td-pb-border-top\" data-td-block-uid=\"td_uid_1_69a49da7e6234\">\n<h4 class=\"td-related-title\"><a id=\"td_uid_2_69a49da7eb6c2\" class=\"td-related-left td-cur-simple-item\" data-td_filter_value data-td_block_id=\"td_uid_1_69a49da7e6234\" href=\"https:\/\/www.tvbuzau.ro\/trotinete-electrice-fara-declaratii-de-conformitate\/\">ARTICOLE SIMILARE<\/a><a id=\"td_uid_3_69a49da7eb6fc\" class=\"td-related-right\" data-td_filter_value=\"td_related_more_from_author\" data-td_block_id=\"td_uid_1_69a49da7e6234\" href=\"https:\/\/www.tvbuzau.ro\/trotinete-electrice-fara-declaratii-de-conformitate\/\">DE LA ACELA\u0218I AUTOR<\/a><\/h4>\n<div id=\"td_uid_1_69a49da7e6234\" class=\"td_block_inner\">\n<div class=\"td-related-row\">\n<div class=\"td-related-span4\">\n<div class=\"td_module_related_posts td-animation-stack td_mod_related_posts\">\n<div class=\"td-module-image\">\n<div class=\"td-module-thumb\"><a href=\"https:\/\/www.tvbuzau.ro\/dupa-viscole-se-numara-solariile-distruse\/\" rel=\"bookmark\" title=\"Dup\u0103 viscole se num\u0103r\u0103 solariile distruse\"><img loading=\"lazy\" decoding=\"async\" width=\"218\" height=\"150\" class=\"entry-thumb\" src=\"https:\/\/www.tvbuzau.ro\/wp-content\/uploads\/2026\/02\/maxresdefault-4-218x150.jpg\" alt title=\"Dup\u0103 viscole se num\u0103r\u0103 solariile distruse\"><span class=\"td-video-play-ico\"><img loading=\"lazy\" decoding=\"async\" width=\"40\" height=\"40\" class=\"td-retina\" src=\"https:\/\/www.tvbuzau.ro\/wp-content\/themes\/Newspaper\/images\/icons\/ico-video-large.png\" alt=\"video\"><\/span><\/a><\/div>\n<p><a href=\"https:\/\/www.tvbuzau.ro\/category\/actualitate\/\" class=\"td-post-category\">Actualitate<\/a><\/div>\n<div class=\"item-details\">\n<h3 class=\"entry-title td-module-title\"><a href=\"https:\/\/www.tvbuzau.ro\/dupa-viscole-se-numara-solariile-distruse\/\" rel=\"bookmark\" title=\"Dup\u0103 viscole se num\u0103r\u0103 solariile distruse\">Dup\u0103 viscole se num\u0103r\u0103 solariile distruse<\/a><\/h3>\n<\/div>\n<\/div>\n<\/div>\n<div class=\"td-related-span4\">\n<div class=\"td_module_related_posts td-animation-stack td_mod_related_posts\">\n<div class=\"td-module-image\">\n<div class=\"td-module-thumb\"><a href=\"https:\/\/www.tvbuzau.ro\/consiliul-a-facut-o-simulare-a-bugetului-pe-anul-2026\/\" rel=\"bookmark\" title=\"Consiliul a f\u0103cut o simulare a bugetului pe anul 2026\"><img loading=\"lazy\" decoding=\"async\" width=\"218\" height=\"150\" class=\"entry-thumb\" src=\"https:\/\/www.tvbuzau.ro\/wp-content\/uploads\/2026\/02\/sddefault-45-218x150.jpg\" alt title=\"Consiliul a f\u0103cut o simulare a bugetului pe anul 2026\"><span class=\"td-video-play-ico\"><img loading=\"lazy\" decoding=\"async\" width=\"40\" height=\"40\" class=\"td-retina\" src=\"https:\/\/www.tvbuzau.ro\/wp-content\/themes\/Newspaper\/images\/icons\/ico-video-large.png\" alt=\"video\"><\/span><\/a><\/div>\n<p><a href=\"https:\/\/www.tvbuzau.ro\/category\/actualitate\/\" class=\"td-post-category\">Actualitate<\/a><\/div>\n<div class=\"item-details\">\n<h3 class=\"entry-title td-module-title\"><a href=\"https:\/\/www.tvbuzau.ro\/consiliul-a-facut-o-simulare-a-bugetului-pe-anul-2026\/\" rel=\"bookmark\" title=\"Consiliul a f\u0103cut o simulare a bugetului pe anul 2026\">Consiliul a f\u0103cut o simulare a bugetului pe anul 2026<\/a><\/h3>\n<\/div>\n<\/div>\n<\/div>\n<div class=\"td-related-span4\">\n<div class=\"td_module_related_posts td-animation-stack td_mod_related_posts\">\n<div class=\"td-module-image\">\n<div class=\"td-module-thumb\"><a href=\"https:\/\/www.tvbuzau.ro\/mii-de-permise-de-conducere-suspendate-in-2025\/\" rel=\"bookmark\" title=\"Mii de permise de conducere suspendate \u00een 2025\"><img loading=\"lazy\" decoding=\"async\" width=\"218\" height=\"150\" class=\"entry-thumb\" src=\"https:\/\/www.tvbuzau.ro\/wp-content\/uploads\/2026\/02\/hqdefault-39-218x150.jpg\" alt title=\"Mii de permise de conducere suspendate \u00een 2025\"><span class=\"td-video-play-ico\"><img loading=\"lazy\" decoding=\"async\" width=\"40\" height=\"40\" class=\"td-retina\" src=\"https:\/\/www.tvbuzau.ro\/wp-content\/themes\/Newspaper\/images\/icons\/ico-video-large.png\" alt=\"video\"><\/span><\/a><\/div>\n<p><a href=\"https:\/\/www.tvbuzau.ro\/category\/actualitate\/\" class=\"td-post-category\">Actualitate<\/a><\/div>\n<div class=\"item-details\">\n<h3 class=\"entry-title td-module-title\"><a href=\"https:\/\/www.tvbuzau.ro\/mii-de-permise-de-conducere-suspendate-in-2025\/\" rel=\"bookmark\" title=\"Mii de permise de conducere suspendate \u00een 2025\">Mii de permise de conducere suspendate \u00een 2025<\/a><\/h3>\n<\/div>\n<\/div>\n<\/div>\n<\/div>\n<div class=\"td-related-row\">\n<div class=\"td-related-span4\">\n<div class=\"td_module_related_posts td-animation-stack td_mod_related_posts\">\n<div class=\"td-module-image\">\n<div class=\"td-module-thumb\"><a href=\"https:\/\/www.tvbuzau.ro\/punct-de-lucru-al-pompierilor-la-mihailesti\/\" rel=\"bookmark\" title=\"Punct de lucru al pompierilor la Mih\u0103ile\u015fti\"><img loading=\"lazy\" decoding=\"async\" width=\"218\" height=\"150\" class=\"entry-thumb\" src=\"https:\/\/www.tvbuzau.ro\/wp-content\/uploads\/2026\/02\/hqdefault-38-218x150.jpg\" alt title=\"Punct de lucru al pompierilor la Mih\u0103ile\u015fti\"><span class=\"td-video-play-ico\"><img loading=\"lazy\" decoding=\"async\" width=\"40\" height=\"40\" class=\"td-retina\" src=\"https:\/\/www.tvbuzau.ro\/wp-content\/themes\/Newspaper\/images\/icons\/ico-video-large.png\" alt=\"video\"><\/span><\/a><\/div>\n<p><a href=\"https:\/\/www.tvbuzau.ro\/category\/actualitate\/\" class=\"td-post-category\">Actualitate<\/a><\/div>\n<div class=\"item-details\">\n<h3 class=\"entry-title td-module-title\"><a href=\"https:\/\/www.tvbuzau.ro\/punct-de-lucru-al-pompierilor-la-mihailesti\/\" rel=\"bookmark\" title=\"Punct de lucru al pompierilor la Mih\u0103ile\u015fti\">Punct de lucru al pompierilor la Mih\u0103ile\u015fti<\/a><\/h3>\n<\/div>\n<\/div>\n<\/div>\n<div class=\"td-related-span4\">\n<div class=\"td_module_related_posts td-animation-stack td_mod_related_posts\">\n<div class=\"td-module-image\">\n<div class=\"td-module-thumb\"><a href=\"https:\/\/www.tvbuzau.ro\/marcel-ciolacu-intalnire-cu-constantin-toma\/\" rel=\"bookmark\" title=\"Marcel Ciolacu \u00eent\u00e2lnire cu Constantin Toma\"><img loading=\"lazy\" decoding=\"async\" width=\"218\" height=\"150\" class=\"entry-thumb\" src=\"https:\/\/www.tvbuzau.ro\/wp-content\/uploads\/2026\/02\/hqdefault-37-218x150.jpg\" alt title=\"Marcel Ciolacu \u00eent\u00e2lnire cu Constantin Toma\"><span class=\"td-video-play-ico\"><img loading=\"lazy\" decoding=\"async\" width=\"40\" height=\"40\" class=\"td-retina\" src=\"https:\/\/www.tvbuzau.ro\/wp-content\/themes\/Newspaper\/images\/icons\/ico-video-large.png\" alt=\"video\"><\/span><\/a><\/div>\n<p><a href=\"https:\/\/www.tvbuzau.ro\/category\/actualitate\/\" class=\"td-post-category\">Actualitate<\/a><\/div>\n<div class=\"item-details\">\n<h3 class=\"entry-title td-module-title\"><a href=\"https:\/\/www.tvbuzau.ro\/marcel-ciolacu-intalnire-cu-constantin-toma\/\" rel=\"bookmark\" title=\"Marcel Ciolacu \u00eent\u00e2lnire cu Constantin Toma\">Marcel Ciolacu \u00eent\u00e2lnire cu Constantin Toma<\/a><\/h3>\n<\/div>\n<\/div>\n<\/div>\n<div class=\"td-related-span4\">\n<div class=\"td_module_related_posts td-animation-stack td_mod_related_posts\">\n<div class=\"td-module-image\">\n<div class=\"td-module-thumb\"><a href=\"https:\/\/www.tvbuzau.ro\/aproape-30-dintre-masinile-verificate-in-buzau-de-rar-cu-probleme\/\" rel=\"bookmark\" title=\"Aproape 30% dintre ma\u015finile verificate \u00een Buz\u0103u de RAR, cu probleme\"><img loading=\"lazy\" decoding=\"async\" width=\"218\" height=\"150\" class=\"entry-thumb\" src=\"https:\/\/www.tvbuzau.ro\/wp-content\/uploads\/2026\/02\/sddefault-43-218x150.jpg\" alt title=\"Aproape 30% dintre ma\u015finile verificate \u00een Buz\u0103u de RAR, cu probleme\"><span class=\"td-video-play-ico\"><img loading=\"lazy\" decoding=\"async\" width=\"40\" height=\"40\" class=\"td-retina\" src=\"https:\/\/www.tvbuzau.ro\/wp-content\/themes\/Newspaper\/images\/icons\/ico-video-large.png\" alt=\"video\"><\/span><\/a><\/div>\n<p><a href=\"https:\/\/www.tvbuzau.ro\/category\/actualitate\/\" class=\"td-post-category\">Actualitate<\/a><\/div>\n<div class=\"item-details\">\n<h3 class=\"entry-title td-module-title\"><a href=\"https:\/\/www.tvbuzau.ro\/aproape-30-dintre-masinile-verificate-in-buzau-de-rar-cu-probleme\/\" rel=\"bookmark\" title=\"Aproape 30% dintre ma\u015finile verificate \u00een Buz\u0103u de RAR, cu probleme\">Aproape 30% dintre ma\u015finile verificate \u00een Buz\u0103u de RAR, cu probleme<\/a><\/h3>\n<\/div>\n<\/div>\n<\/div>\n<\/div>\n<\/div>\n<\/div>\n<div class=\"comments\" id=\"comments\">\n<div id=\"respond\" class=\"comment-respond\">\n<h3 id=\"reply-title\" class=\"comment-reply-title\">L\u0102SA\u021aI UN MESAJ <small><a rel=\"nofollow\" id=\"cancel-comment-reply-link\" href=\"https:\/\/www.tvbuzau.ro\/trotinete-electrice-fara-declaratii-de-conformitate\/#respond\">Renun\u021ba\u021bi la r\u0103spuns<\/a><\/small><\/h3>\n<\/div>\n<\/div>\n<\/div>\n<div class=\"td-post-content\">\n<div class=\"td-featured-image-rec\">\n<div class=\"wpb_video_wrapper\">\n                    <iframe loading=\"lazy\" id=\"td_youtube_player\" width=\"600\" height=\"560\" src=\"https:\/\/www.youtube.com\/embed\/hB-x53Owqd0?enablejsapi=1&amp;feature=oembed&amp;wmode=opaque&amp;vq=hd720\" frameborder allowfullscreen><\/iframe><\/p><\/div>\n<\/div>\n<p>Amenzi de peste 660.000 lei aplicate de ITM Buz\u0103u<br \/>\nInspectoratul Teritorial de Munc\u0103 Buz\u0103u a  efectuat ac\u0163iuni de control \u00een anul 2025 av\u00e2nd ca obiectiv verificarea modului \u00een care angajatorii respect\u0103 prevederile legisla\u0163iei \u00een vigoare \u00een domeniul securit\u0103\u0163ii \u015fi s\u0103n\u0103t\u0103\u0163ii \u00een munc\u0103. Au fost organizate peste 680 de controale la agen\u0163i economici din jude\u0163.<\/p>\n<p>\u201cAu fost sanc\u0163iona\u0163i 371 angajatori \u015fi s-au aplicat 552 sanc\u0163iuni contraven\u0163ionale (149 amenzi contraven\u0163ionale \u00een cuantum de 660.500 lei \u015fi  403 avertismente); cu ocazia controalelor efectuate au fost oprite din func\u021biune 14 echipamente de munc\u0103\u201d, informeaz\u0103 ITM Buz\u0103u.<br \/>\nPrintre neregulile constatate s-au num\u0103rat neutilizarea echipamentului individual de protec\u021bie de c\u0103tre lucr\u0103tori, utilizarea unor echipamente de munca neconforme; neautorizarea sau neefectuarea verific\u0103rii tehnice periodice a echipamentelor de munc\u0103 aflate sub inciden\u021ba ISCIR. Totodat\u0103, inspectorii de munc\u0103 au descoperit trotinete electrice comercilizate f\u0103r\u0103 declara\u0163ii de conformitate.<\/p>\n<p>\u201epunerea la dispozi\u0163ie pe piat\u0103  de c\u0103tre operatorul economic de trotinete electrice \u0219i  motociclete\/ma\u0219inu\u021be electrice pentru copii, f\u0103r\u0103 a fi \u00eenso\u021bite de declara\u021bie de conformitate sau f\u0103r\u0103 a avea aplicat marcaj CE de conformitate\u201d, artat\u0103 ITM.<\/p>\n<div class=\"post-views post-118184 entry-meta\"><span class=\"post-views-label\">Post Views: <\/span><span class=\"post-views-count\">231<\/span><\/div>\n<\/div>\n<p>[analyse_source url=&#8221;https:\/\/www.tvbuzau.ro\/trotinete-electrice-fara-declaratii-de-conformitate\/&#8221;]<\/p>\n","protected":false},"excerpt":{"rendered":"<p>[analyse_image type=&#8221;featured&#8221; src=&#8221;https:\/\/www.tvbuzau.ro\/wp-content\/uploads\/2026\/02\/sddefault-44.jpghttps:\/\/www.tvbuzau.ro\/wp-content\/uploads\/2026\/02\/sddefault-44.jpg&#8221;] Actualitate Trotinete electrice f\u0103r\u0103 declara\u021bii de conformitate De c\u0103tre TV Buz\u0103u &#8211; februarie 27, 2026 0 10 Distribui\u021bi pe Facebook Distribui\u021bi pe Twitter tweet Amenzi de peste 660.000 lei aplicate de ITM Buz\u0103u Inspectoratul Teritorial de Munc\u0103 Buz\u0103u a efectuat ac\u0163iuni de control \u00een anul 2025 av\u00e2nd ca obiectiv verificarea modului \u00een [&hellip;]<\/p>\n","protected":false},"author":1,"featured_media":0,"comment_status":"open","ping_status":"","sticky":false,"template":"","format":"standard","meta":{"footnotes":""},"categories":[2],"tags":[226,116],"class_list":["post-1800909","post","type-post","status-publish","format-standard","hentry","category-politics","tag-crawlmanager","tag-tvbuzau-ro"],"_links":{"self":[{"href":"https:\/\/analyse.optim.biz\/index.php?rest_route=\/wp\/v2\/posts\/1800909","targetHints":{"allow":["GET"]}}],"collection":[{"href":"https:\/\/analyse.optim.biz\/index.php?rest_route=\/wp\/v2\/posts"}],"about":[{"href":"https:\/\/analyse.optim.biz\/index.php?rest_route=\/wp\/v2\/types\/post"}],"author":[{"embeddable":true,"href":"https:\/\/analyse.optim.biz\/index.php?rest_route=\/wp\/v2\/users\/1"}],"replies":[{"embeddable":true,"href":"https:\/\/analyse.optim.biz\/index.php?rest_route=%2Fwp%2Fv2%2Fcomments&post=1800909"}],"version-history":[{"count":0,"href":"https:\/\/analyse.optim.biz\/index.php?rest_route=\/wp\/v2\/posts\/1800909\/revisions"}],"wp:attachment":[{"href":"https:\/\/analyse.optim.biz\/index.php?rest_route=%2Fwp%2Fv2%2Fmedia&parent=1800909"}],"wp:term":[{"taxonomy":"category","embeddable":true,"href":"https:\/\/analyse.optim.biz\/index.php?rest_route=%2Fwp%2Fv2%2Fcategories&post=1800909"},{"taxonomy":"post_tag","embeddable":true,"href":"https:\/\/analyse.optim.biz\/index.php?rest_route=%2Fwp%2Fv2%2Ftags&post=1800909"}],"curies":[{"name":"wp","href":"https:\/\/api.w.org\/{rel}","templated":true}]}}