{"id":1800768,"date":"2026-03-01T15:53:02","date_gmt":"2026-03-01T12:53:02","guid":{"rendered":"https:\/\/analyse.optim.biz\/?p=1800768"},"modified":"2026-03-01T15:53:02","modified_gmt":"2026-03-01T12:53:02","slug":"lozul-norocos-un-valcean-a-dat-lovitura-vietii-la-loto-cine-este-proaspatul-castigator-gazeta-valceana","status":"publish","type":"post","link":"https:\/\/analyse.optim.biz\/?p=1800768","title":{"rendered":"LOZUL NOROCOS: Un v\u00e2lcean a dat lovitura vie\u021bii la loto! Cine este proasp\u0103tul c\u00e2\u0219tig\u0103tor &#8211; Gazeta V\u00e2lcean\u0103"},"content":{"rendered":"<p>[analyse_image type=&#8221;featured&#8221; src=&#8221;https:\/\/www.gazeta-valceana.ro\/wp-content\/uploads\/2026\/03\/LOTO-Berislavesti-Gabriel-Ivan.jpg&#8221;]<\/p>\n<article id=\"template-id-91645\" class=\"post-91645 tdb_templates type-tdb_templates status-publish post\">\n<div id=\"tdi_49\" class=\"tdc-zone\">\n<div class=\"tdc_zone tdi_50  wpb_row td-pb-row\">\n<div id=\"tdi_51\" class=\"tdc-row stretch_row_1200 td-stretch-content\">\n<div class=\"vc_row tdi_52  wpb_row td-pb-row\">\n<div class=\"vc_column tdi_54  wpb_column vc_column_container tdc-column td-pb-span8\">\n<div class=\"wpb_wrapper\">\n<div class=\"td_block_wrap tdb_title tdi_55 tdb-single-title td-pb-border-top td_block_template_1\" data-td-block-uid=\"tdi_55\">\n<div class=\"tdb-block-inner td-fix-index\">\n<h1 class=\"tdb-title-text\">LOZUL NOROCOS: Un v\u00e2lcean a dat lovitura vie\u021bii la loto! Cine este proasp\u0103tul c\u00e2\u0219tig\u0103tor<\/h1>\n<\/div>\n<\/div>\n<div class=\"vc_row_inner tdi_58  vc_row vc_inner wpb_row td-pb-row tdc-row-content-vert-center\">\n<div class=\"vc_column_inner tdi_60  wpb_column vc_column_container tdc-inner-column td-pb-span12\">\n<div class=\"vc_column-inner\">\n<div class=\"wpb_wrapper\">\n<div class=\"td_block_wrap tdb_single_categories tdi_61 td-pb-border-top td_block_template_1 \" data-td-block-uid=\"tdi_61\">\n<div class=\"tdb-category td-fix-index\"><a class=\"tdb-entry-category\" href=\"https:\/\/www.gazeta-valceana.ro\/category\/entertainment\/\">Entertainment<\/a><a class=\"tdb-entry-category\" href=\"https:\/\/www.gazeta-valceana.ro\/category\/eveniment\/\">Eveniment<\/a><a class=\"tdb-entry-category\" href=\"https:\/\/www.gazeta-valceana.ro\/category\/fapt-divers\/\">Fapt divers<\/a><a class=\"tdb-entry-category\" href=\"https:\/\/www.gazeta-valceana.ro\/category\/i\/\">I<\/a><\/div>\n<\/div>\n<div class=\"td_block_wrap tdb_single_date tdi_62 td-pb-border-top td_block_template_1 tdb-post-meta\" data-td-block-uid=\"tdi_62\">\n<div class=\"tdb-block-inner td-fix-index\"><time class=\"entry-date updated td-module-date\" datetime=\"2026-03-01T17:53:02+02:00\">1 martie 2026<\/time><\/div>\n<\/div>\n<\/div>\n<\/div>\n<\/div>\n<\/div>\n<\/div>\n<\/div>\n<\/div>\n<\/div>\n<div id=\"tdi_65\" class=\"tdc-row stretch_row_1200 td-stretch-content\">\n<div class=\"vc_row tdi_66  wpb_row td-pb-row\">\n<div class=\"vc_column tdi_68  wpb_column vc_column_container tdc-column td-pb-span8\">\n<div class=\"wpb_wrapper\">\n<div class=\"td_block_wrap tdb_single_featured_image tdi_69 tdb-content-horiz-left td-pb-border-top td_block_template_1\" data-td-block-uid=\"tdi_69\">\n<div class=\"tdb-block-inner td-fix-index\"><img loading=\"lazy\" decoding=\"async\" width=\"696\" height=\"415\" class=\"entry-thumb\" src=\"https:\/\/www.gazeta-valceana.ro\/wp-content\/uploads\/2026\/03\/LOTO-Berislavesti-Gabriel-Ivan-696x415.jpg\" alt title=\"LOTO Berislavesti Gabriel Ivan\"><\/div>\n<\/div>\n<div class=\"td_block_wrap tdb_single_post_share tdi_70  td-pb-border-top td_block_template_1\" data-td-block-uid=\"tdi_70\">\n<div id=\"tdi_70\" class=\"td-post-sharing tdb-block td-ps-border td-ps-border-grey td-ps-notext td-ps-icon-color td-ps-text-color td-post-sharing-style16 \">\n<div class=\"td-post-sharing-visible\">\n<div class=\"td-social-sharing-button td-social-sharing-button-js td-social-handler td-social-share-text\">\n<div class=\"td-social-but-text\">Ac\u021biune<\/div>\n<\/div>\n<p><a class=\"td-social-sharing-button td-social-sharing-button-js td-social-network td-social-facebook\" href=\"https:\/\/www.facebook.com\/sharer.php?u=https%3A%2F%2Fwww.gazeta-valceana.ro%2Feveniment%2Flozul-norocos-un-valcean-a-dat-lovitura-vietii-la-loto-cine-este-proaspatul-castigator%2F\" title=\"Facebook\"><\/p>\n<div class=\"td-social-but-text\">Facebook<\/div>\n<p><\/a><a class=\"td-social-sharing-button td-social-sharing-button-js td-social-network td-social-twitter\" href=\"https:\/\/twitter.com\/intent\/tweet?text=LOZUL+NOROCOS%3A+Un+v%C3%A2lcean+a+dat+lovitura+vie%C8%9Bii+la+loto%21+Cine+este+proasp%C4%83tul+c%C3%A2%C8%99tig%C4%83tor&amp;url=https%3A%2F%2Fwww.gazeta-valceana.ro%2Feveniment%2Flozul-norocos-un-valcean-a-dat-lovitura-vietii-la-loto-cine-este-proaspatul-castigator%2F&amp;via=Gazeta+V%C3%A2lcean%C4%83\" title=\"Twitter\"><\/p>\n<div class=\"td-social-but-text\">Twitter<\/div>\n<p><\/a><a class=\"td-social-sharing-button td-social-sharing-button-js td-social-network td-social-pinterest\" href=\"https:\/\/pinterest.com\/pin\/create\/button\/?url=https:\/\/www.gazeta-valceana.ro\/eveniment\/lozul-norocos-un-valcean-a-dat-lovitura-vietii-la-loto-cine-este-proaspatul-castigator\/&amp;media=https:\/\/www.gazeta-valceana.ro\/wp-content\/uploads\/2026\/03\/LOTO-Berislavesti-Gabriel-Ivan.jpg&amp;description=LOZUL+NOROCOS%3A+Un+v%C3%A2lcean+a+dat+lovitura+vie%C8%9Bii+la+loto%21+Cine+este+proasp%C4%83tul+c%C3%A2%C8%99tig%C4%83tor\" title=\"Pinterest\"><\/p>\n<div class=\"td-social-but-text\">Pinterest<\/div>\n<p><\/a><a class=\"td-social-sharing-button td-social-sharing-button-js td-social-network td-social-whatsapp\" href=\"https:\/\/api.whatsapp.com\/send?text=LOZUL+NOROCOS%3A+Un+v%C3%A2lcean+a+dat+lovitura+vie%C8%9Bii+la+loto%21+Cine+este+proasp%C4%83tul+c%C3%A2%C8%99tig%C4%83tor%20%0A%0A%20https:\/\/www.gazeta-valceana.ro\/eveniment\/lozul-norocos-un-valcean-a-dat-lovitura-vietii-la-loto-cine-este-proaspatul-castigator\/\" title=\"WhatsApp\"><\/p>\n<div class=\"td-social-but-text\">WhatsApp<\/div>\n<p><\/a><\/div>\n<\/div>\n<\/div>\n<div class=\"td_block_wrap tdb_single_content tdi_71 td-pb-border-top td_block_template_1 td-post-content tagdiv-type\" data-td-block-uid=\"tdi_71\">\n<div class=\"tdb-block-inner td-fix-index\">\n<p>Norocul a poposit \u00een jude\u021bul V\u00e2lcea sub forma cifrei 8! <strong>Gabriel IVAN<\/strong>, un v\u00e2lcean din comuna Berisl\u0103ve\u0219ti, a devenit peste noapte posesorul unui premiu consistent, \u00een valoare de 100.000 de lei.<\/p>\n<p>Gabriel a mizat pe cel mai nou produs lansat de Loteria Rom\u00e2n\u0103, lozul \u201eLucky 8\u201d, iar decizia de a cump\u0103ra cinci lozuri \u00een acea zi s-a dovedit a fi cea mai inspirat\u0103 din via\u021ba sa. De\u0219i nu este un juc\u0103tor fidel, cump\u0103r\u00e2nd lozuri doar ocazional, de data aceasta destinul a lucrat \u00een favoarea lui.<\/p>\n<h2 class=\"wp-block-heading\"><strong><mark class=\"has-inline-color has-white-color\">Ce va face cu \u201emiliardul\u201d \u00een lei vechi?<\/mark><\/strong><\/h2>\n<p>Gabriel s-a declarat un om extrem de \u00eencrez\u0103tor \u0219i jovial dup\u0103 aflarea ve\u0219tii. \u00centrebat ce planuri are cu suma de bani, care reprezint\u0103 unul dintre cele doar trei mari premii puse \u00een joc la nivel na\u021bional pentru acest tip de loz, v\u00e2lceanul a fost categoric: <em><strong>\u201eTo\u021bi banii merg c\u0103tre cas\u0103!\u201d<\/strong><\/em><\/p>\n<p>V\u00e2lceanul a demonstrat c\u0103 mesajul campaniei, <strong>\u201eNorocul t\u0103u are forma unui 8!\u201d<\/strong>, nu este doar un slogan publicitar, ci o realitate care \u00eei va schimba viitorul apropiat.<\/p>\n<\/div>\n<\/div>\n<div class=\"tdb-author-box td_block_wrap tdb_single_author_box tdi_72 tdb-content-vert-top td-pb-border-top td_block_template_1\" data-td-block-uid=\"tdi_72\">\n<div class=\"tdb-block-inner td-fix-index\"><a href=\"https:\/\/www.gazeta-valceana.ro\/author\/redactia\/\" class=\"tdb-author-photo\" title=\"Redactia\"><img decoding=\"async\" alt=\"Redactia\" src=\"https:\/\/secure.gravatar.com\/avatar\/d9699bfd17d7f55fcf6bbdfb0214d48a942c5fd23a1db27f4a803a8d0651670f?s=500&amp;d=mm&amp;r=g\" class=\"avatar avatar-500 photo\" height=\"500\" width=\"500\" loading=\"lazy\"><\/a><\/p>\n<div class=\"tdb-author-info\"><a href=\"https:\/\/www.gazeta-valceana.ro\/author\/redactia\/\" class=\"tdb-author-name\">Redactia<\/a><\/div>\n<\/div>\n<\/div>\n<\/div>\n<\/div>\n<div class=\"vc_column tdi_76  wpb_column vc_column_container tdc-column td-pb-span4 td-is-sticky\">\n<div class=\"wpb_wrapper\" data-sticky-enabled-on=\"W3RydWUsdHJ1ZSx0cnVlLHRydWVd\" data-sticky-offset=\"20\" data-sticky-is-width-auto=\"W2ZhbHNlLGZhbHNlLGZhbHNlLGZhbHNlXQ==\">\n<div class=\"vc_row_inner tdi_81  vc_row vc_inner wpb_row td-pb-row tdc-row-content-vert-center\">\n<div class=\"vc_column_inner tdi_83  wpb_column vc_column_container tdc-inner-column td-pb-span12\">\n<div class=\"vc_column-inner\">\n<div class=\"wpb_wrapper\">\n<div class=\"tdm_block td_block_wrap tdm_block_inline_text tdi_86 tdm-inline-block td-pb-border-top td_block_template_1\" data-td-block-uid=\"tdi_86\">\n<p class=\"tdm-descr\">Ultimele articole<\/p>\n<\/div>\n<\/div>\n<\/div>\n<\/div>\n<\/div>\n<div class=\"td_block_wrap td_flex_block_1 tdi_87 td-pb-border-top td_block_template_1 td_flex_block\" data-td-block-uid=\"tdi_87\">\n<div id=\"tdi_87\" class=\"td_block_inner td-mc1-wrap\">\n<div class=\"td_module_flex td_module_flex_1 td_module_wrap td-animation-stack td-cpt-post\">\n<div class=\"td-module-container td-category-pos-\">\n<div class=\"td-module-meta-info\">\n<h3 class=\"entry-title td-module-title\"><a href=\"https:\/\/www.gazeta-valceana.ro\/fapt-divers\/foto-video-de-la-accidentul-de-pe-dn-7-valea-oltului-vezi-din-ce-tara-este-soferul-care-a-cazut-in-balta-la-proieni\/\" rel=\"bookmark\" title=\"FOTO\/VIDEO de la accidentul de pe DN 7 \u2013 Valea Oltului. VEZI din ce \u021bar\u0103 este \u0219oferul care a c\u0103zut \u00een balt\u0103, la Proieni\">FOTO\/VIDEO de la accidentul de pe DN 7 \u2013 Valea Oltului. VEZI din ce \u021bar\u0103 este \u0219oferul care a c\u0103zut \u00een balt\u0103, la Proieni<\/a><\/h3>\n<div class=\"td-editor-date\"><span class=\"td-author-date\"><span class=\"td-post-date\"><time class=\"entry-date updated td-module-date\" datetime=\"2026-03-01T16:40:11+02:00\">1 martie 2026<\/time><\/span><\/span><\/div>\n<\/div>\n<\/div>\n<\/div>\n<div class=\"td_module_flex td_module_flex_1 td_module_wrap td-animation-stack td-cpt-post\">\n<div class=\"td-module-container td-category-pos-\">\n<div class=\"td-module-meta-info\">\n<h3 class=\"entry-title td-module-title\"><a href=\"https:\/\/www.gazeta-valceana.ro\/anchetedezvaluri\/foto-video-valceanul-ranit-de-urs-in-aceasta-dimineata-s-a-dus-acasa-pe-picioarele-lui-dupa-o-ora\/\" rel=\"bookmark\" title=\"FOTO\/VIDEO. V\u00e2lceanul r\u0103nit de urs \u00een aceast\u0103 diminea\u021b\u0103 s-a dus acas\u0103 pe picioarele lui. Dup\u0103 o or\u0103\u2026\">FOTO\/VIDEO. V\u00e2lceanul r\u0103nit de urs \u00een aceast\u0103 diminea\u021b\u0103 s-a dus acas\u0103 pe picioarele lui. Dup\u0103 o or\u0103\u2026<\/a><\/h3>\n<div class=\"td-editor-date\"><span class=\"td-author-date\"><span class=\"td-post-date\"><time class=\"entry-date updated td-module-date\" datetime=\"2026-03-01T13:52:28+02:00\">1 martie 2026<\/time><\/span><\/span><\/div>\n<\/div>\n<\/div>\n<\/div>\n<div class=\"td_module_flex td_module_flex_1 td_module_wrap td-animation-stack td-cpt-post\">\n<div class=\"td-module-container td-category-pos-\">\n<div class=\"td-module-meta-info\">\n<h3 class=\"entry-title td-module-title\"><a href=\"https:\/\/www.gazeta-valceana.ro\/justitie\/valcean-urmarit-international-adus-sub-escorta-din-franta-vezi-pentru-ce-fapte-a-fost-gasit-vinovat\/\" rel=\"bookmark\" title=\"V\u00e2lcean urm\u0103rit interna\u021bional, adus sub escort\u0103 din Fran\u021ba. VEZI pentru ce fapte a fost g\u0103sit vinovat\">V\u00e2lcean urm\u0103rit interna\u021bional, adus sub escort\u0103 din Fran\u021ba. VEZI pentru ce fapte a fost g\u0103sit vinovat<\/a><\/h3>\n<div class=\"td-editor-date\"><span class=\"td-author-date\"><span class=\"td-post-date\"><time class=\"entry-date updated td-module-date\" datetime=\"2026-02-27T21:43:54+02:00\">27 februarie 2026<\/time><\/span><\/span><\/div>\n<\/div>\n<\/div>\n<\/div>\n<div class=\"td_module_flex td_module_flex_1 td_module_wrap td-animation-stack td-cpt-post\">\n<div class=\"td-module-container td-category-pos-\">\n<div class=\"td-module-meta-info\">\n<h3 class=\"entry-title td-module-title\"><a href=\"https:\/\/www.gazeta-valceana.ro\/administratie\/primaria-ramnicului-reabiliteaza-cu-fonduri-nerambursabile-cinci-cladiri-istorice-din-patrimoniul-public-al-municipiului\/\" rel=\"bookmark\" title=\"Prim\u0103ria R\u00e2mnicului reabiliteaz\u0103, cu fonduri nerambursabile, cinci cl\u0103diri istorice din patrimoniul public al municipiului\">Prim\u0103ria R\u00e2mnicului reabiliteaz\u0103, cu fonduri nerambursabile, cinci cl\u0103diri istorice din patrimoniul public al municipiului<\/a><\/h3>\n<div class=\"td-editor-date\"><span class=\"td-author-date\"><span class=\"td-post-date\"><time class=\"entry-date updated td-module-date\" datetime=\"2026-02-27T20:51:08+02:00\">27 februarie 2026<\/time><\/span><\/span><\/div>\n<\/div>\n<\/div>\n<\/div>\n<\/div>\n<\/div>\n<div class=\"td_block_wrap td-a-rec td-a-rec-id-custom-spot td-a-rec-img tdi_88 td_block_template_1\">\n<div><a href=\"https:\/\/www.gazeta-valceana.ro\/eveniment\/lozul-norocos-un-valcean-a-dat-lovitura-vietii-la-loto-cine-este-proaspatul-castigator\/\" class=\"td_spot_img_all\"><img loading=\"lazy\" decoding=\"async\" src=\"https:\/\/www.gazeta-valceana.ro\/wp-content\/uploads\/2025\/01\/image-5.jpg\" alt=\"spot_img\" width=\"347\" height=\"277\"><\/a><a href=\"https:\/\/www.gazeta-valceana.ro\/eveniment\/lozul-norocos-un-valcean-a-dat-lovitura-vietii-la-loto-cine-este-proaspatul-castigator\/\" class=\"td_spot_img_mob\"><img loading=\"lazy\" decoding=\"async\" src=\"https:\/\/www.gazeta-valceana.ro\/wp-content\/uploads\/2025\/01\/image-5.jpg\" alt=\"spot_img\" width=\"347\" height=\"247\"><\/a><\/div>\n<\/div>\n<div class=\"td_block_wrap td-a-rec td-a-rec-id-custom-spot td-a-rec-img tdi_89 td_block_template_1\">\n<div><a href=\"https:\/\/www.gazeta-valceana.ro\/eveniment\/lozul-norocos-un-valcean-a-dat-lovitura-vietii-la-loto-cine-este-proaspatul-castigator\/\" class=\"td_spot_img_all\"><img loading=\"lazy\" decoding=\"async\" src=\"https:\/\/www.gazeta-valceana.ro\/wp-content\/uploads\/2025\/01\/image-3.jpeg\" alt=\"spot_img\" width=\"347\" height=\"277\"><\/a><a href=\"https:\/\/www.gazeta-valceana.ro\/eveniment\/lozul-norocos-un-valcean-a-dat-lovitura-vietii-la-loto-cine-este-proaspatul-castigator\/\" class=\"td_spot_img_mob\"><img loading=\"lazy\" decoding=\"async\" src=\"https:\/\/www.gazeta-valceana.ro\/wp-content\/uploads\/2025\/01\/image-3.jpeg\" alt=\"spot_img\" width=\"347\" height=\"247\"><\/a><\/div>\n<\/div>\n<\/div>\n<\/div>\n<\/div>\n<\/div>\n<div id=\"tdi_97\" class=\"tdc-row stretch_row_1200 td-stretch-content\">\n<div class=\"vc_row tdi_98  wpb_row td-pb-row\">\n<div class=\"vc_column tdi_100  wpb_column vc_column_container tdc-column td-pb-span12\">\n<div class=\"wpb_wrapper\">\n<div class=\"td_block_wrap tdb_single_next_prev tdi_101 td-pb-border-top td_block_template_1\" data-td-block-uid=\"tdi_101\">\n<div class=\"tdb-block-inner td-fix-index\">\n<div class=\"tdb-next-post tdb-next-post-bg tdb-post-prev\"><span>Articolul precedent<\/span><\/p>\n<div class=\"td-module-container\">\n<div class=\"next-prev-title\"><a href=\"https:\/\/www.gazeta-valceana.ro\/fapt-divers\/foto-video-de-la-accidentul-de-pe-dn-7-valea-oltului-vezi-din-ce-tara-este-soferul-care-a-cazut-in-balta-la-proieni\/\">FOTO\/VIDEO de la accidentul de pe DN 7 \u2013 Valea Oltului. VEZI din ce \u021bar\u0103 este \u0219oferul care a c\u0103zut \u00een balt\u0103, la Proieni<\/a><\/div>\n<\/div>\n<\/div>\n<\/div>\n<\/div>\n<div class=\"vc_row_inner tdi_103  vc_row vc_inner wpb_row td-pb-row tdc-row-content-vert-center\">\n<div class=\"vc_column_inner tdi_105  wpb_column vc_column_container tdc-inner-column td-pb-span12\">\n<div class=\"vc_column-inner\">\n<div class=\"wpb_wrapper\">\n<div class=\"tdm_block td_block_wrap tdm_block_inline_text tdi_108 tdm-inline-block td-pb-border-top td_block_template_1\" data-td-block-uid=\"tdi_108\">\n<p class=\"tdm-descr\">Related articles<\/p>\n<\/div>\n<\/div>\n<\/div>\n<\/div>\n<\/div>\n<div class=\"td_block_wrap tdb_single_related tdi_109 td_with_ajax_pagination td-pb-border-top td_block_template_1 tdb-single-related-posts\" data-td-block-uid=\"tdi_109\">\n<div id=\"tdi_109\" class=\"td_block_inner tdb-block-inner td-fix-index\">\n<div class=\"tdb_module_related td_module_wrap td-animation-stack\">\n<div class=\"td-module-container td-category-pos-\">\n<div class=\"td-module-meta-info\">\n<h3 class=\"entry-title td-module-title\"><a href=\"https:\/\/www.gazeta-valceana.ro\/fapt-divers\/foto-video-de-la-accidentul-de-pe-dn-7-valea-oltului-vezi-din-ce-tara-este-soferul-care-a-cazut-in-balta-la-proieni\/\" rel=\"bookmark\" title=\"FOTO\/VIDEO de la accidentul de pe DN 7 \u2013 Valea Oltului. VEZI din ce \u021bar\u0103 este \u0219oferul care a c\u0103zut \u00een balt\u0103, la Proieni\">FOTO\/VIDEO de la accidentul de pe DN 7 \u2013 Valea Oltului. VEZI din ce \u021bar\u0103 este \u0219oferul care a c\u0103zut \u00een balt\u0103, la Proieni<\/a><\/h3>\n<div class=\"td-editor-date\"><a href=\"https:\/\/www.gazeta-valceana.ro\/category\/fapt-divers\/\" class=\"td-post-category\">Fapt divers<\/a><span class=\"td-author-date\"><span class=\"td-post-date\"><time class=\"entry-date updated td-module-date\" datetime=\"2026-03-01T16:40:11+02:00\">1 martie 2026<\/time><\/span><\/span><\/div>\n<\/div>\n<\/div>\n<\/div>\n<div class=\"tdb_module_related td_module_wrap td-animation-stack\">\n<div class=\"td-module-container td-category-pos-\">\n<div class=\"td-module-meta-info\">\n<h3 class=\"entry-title td-module-title\"><a href=\"https:\/\/www.gazeta-valceana.ro\/anchetedezvaluri\/foto-video-valceanul-ranit-de-urs-in-aceasta-dimineata-s-a-dus-acasa-pe-picioarele-lui-dupa-o-ora\/\" rel=\"bookmark\" title=\"FOTO\/VIDEO. V\u00e2lceanul r\u0103nit de urs \u00een aceast\u0103 diminea\u021b\u0103 s-a dus acas\u0103 pe picioarele lui. Dup\u0103 o or\u0103\u2026\">FOTO\/VIDEO. V\u00e2lceanul r\u0103nit de urs \u00een aceast\u0103 diminea\u021b\u0103 s-a dus acas\u0103 pe picioarele lui. Dup\u0103 o or\u0103\u2026<\/a><\/h3>\n<div class=\"td-editor-date\"><a href=\"https:\/\/www.gazeta-valceana.ro\/category\/anchetedezvaluri\/\" class=\"td-post-category\">Anchete\/Dezv\u0103luri<\/a><span class=\"td-author-date\"><span class=\"td-post-date\"><time class=\"entry-date updated td-module-date\" datetime=\"2026-03-01T13:52:28+02:00\">1 martie 2026<\/time><\/span><\/span><\/div>\n<\/div>\n<\/div>\n<\/div>\n<div class=\"tdb_module_related td_module_wrap td-animation-stack\">\n<div class=\"td-module-container td-category-pos-\">\n<div class=\"td-module-meta-info\">\n<h3 class=\"entry-title td-module-title\"><a href=\"https:\/\/www.gazeta-valceana.ro\/justitie\/valcean-urmarit-international-adus-sub-escorta-din-franta-vezi-pentru-ce-fapte-a-fost-gasit-vinovat\/\" rel=\"bookmark\" title=\"V\u00e2lcean urm\u0103rit interna\u021bional, adus sub escort\u0103 din Fran\u021ba. VEZI pentru ce fapte a fost g\u0103sit vinovat\">V\u00e2lcean urm\u0103rit interna\u021bional, adus sub escort\u0103 din Fran\u021ba. VEZI pentru ce fapte a fost g\u0103sit vinovat<\/a><\/h3>\n<div class=\"td-editor-date\"><a href=\"https:\/\/www.gazeta-valceana.ro\/category\/anchetedezvaluri\/\" class=\"td-post-category\">Anchete\/Dezv\u0103luri<\/a><span class=\"td-author-date\"><span class=\"td-post-date\"><time class=\"entry-date updated td-module-date\" datetime=\"2026-02-27T21:43:54+02:00\">27 februarie 2026<\/time><\/span><\/span><\/div>\n<\/div>\n<\/div>\n<\/div>\n<\/div>\n<\/div>\n<\/div>\n<\/div>\n<\/div>\n<\/div>\n<div id=\"tdi_116\" class=\"tdc-row stretch_row_1200 td-stretch-content\">\n<div class=\"vc_row tdi_117  wpb_row td-pb-row\">\n<div class=\"vc_column tdi_122  wpb_column vc_column_container tdc-column td-pb-span4 td-is-sticky\">\n<div class=\"wpb_wrapper\" data-sticky-enabled-on=\"W3RydWUsdHJ1ZSx0cnVlLHRydWVd\" data-sticky-offset=\"20\" data-sticky-is-width-auto=\"W2ZhbHNlLGZhbHNlLGZhbHNlLGZhbHNlXQ==\">\n<div class=\"td_block_wrap td-a-rec td-a-rec-id-custom-spot td-a-rec-img tdi_123 td_block_template_1\">\n<div><a href=\"https:\/\/www.gazeta-valceana.ro\/eveniment\/lozul-norocos-un-valcean-a-dat-lovitura-vietii-la-loto-cine-este-proaspatul-castigator\/\" class=\"td_spot_img_all\"><img loading=\"lazy\" decoding=\"async\" src=\"https:\/\/www.gazeta-valceana.ro\/wp-content\/uploads\/2025\/01\/image-4.jpg\" alt=\"spot_img\" width=\"347\" height=\"277\"><\/a><a href=\"https:\/\/www.gazeta-valceana.ro\/eveniment\/lozul-norocos-un-valcean-a-dat-lovitura-vietii-la-loto-cine-este-proaspatul-castigator\/\" class=\"td_spot_img_mob\"><img loading=\"lazy\" decoding=\"async\" src=\"https:\/\/www.gazeta-valceana.ro\/wp-content\/uploads\/2025\/01\/image-4.jpg\" alt=\"spot_img\" width=\"347\" height=\"247\"><\/a><\/div>\n<\/div>\n<div class=\"td_block_wrap td-a-rec td-a-rec-id-custom-spot td-a-rec-img tdi_124 td_block_template_1\">\n<div><a href=\"https:\/\/www.gazeta-valceana.ro\/eveniment\/lozul-norocos-un-valcean-a-dat-lovitura-vietii-la-loto-cine-este-proaspatul-castigator\/\" class=\"td_spot_img_all\"><img loading=\"lazy\" decoding=\"async\" src=\"https:\/\/www.gazeta-valceana.ro\/wp-content\/uploads\/2025\/01\/image-5.jpg\" alt=\"spot_img\" width=\"347\" height=\"277\"><\/a><a href=\"https:\/\/www.gazeta-valceana.ro\/eveniment\/lozul-norocos-un-valcean-a-dat-lovitura-vietii-la-loto-cine-este-proaspatul-castigator\/\" class=\"td_spot_img_mob\"><img loading=\"lazy\" decoding=\"async\" src=\"https:\/\/www.gazeta-valceana.ro\/wp-content\/uploads\/2025\/01\/image-5.jpg\" alt=\"spot_img\" width=\"347\" height=\"247\"><\/a><\/div>\n<\/div>\n<div class=\"td_block_wrap td-a-rec td-a-rec-id-custom-spot td-a-rec-img tdi_125 td_block_template_1\">\n<div><a href=\"https:\/\/www.gazeta-valceana.ro\/eveniment\/lozul-norocos-un-valcean-a-dat-lovitura-vietii-la-loto-cine-este-proaspatul-castigator\/\" class=\"td_spot_img_all\"><img loading=\"lazy\" decoding=\"async\" src=\"https:\/\/www.gazeta-valceana.ro\/wp-content\/uploads\/2025\/01\/image-3.jpeg\" alt=\"spot_img\" width=\"347\" height=\"277\"><\/a><a href=\"https:\/\/www.gazeta-valceana.ro\/eveniment\/lozul-norocos-un-valcean-a-dat-lovitura-vietii-la-loto-cine-este-proaspatul-castigator\/\" class=\"td_spot_img_mob\"><img loading=\"lazy\" decoding=\"async\" src=\"https:\/\/www.gazeta-valceana.ro\/wp-content\/uploads\/2025\/01\/image-3.jpeg\" alt=\"spot_img\" width=\"347\" height=\"247\"><\/a><\/div>\n<\/div>\n<\/div>\n<\/div>\n<\/div>\n<\/div>\n<\/div>\n<\/div>\n<p><span class=\"td-page-meta\"><\/span><span class=\"td-page-meta\"><span class=\"td-page-meta\"><\/span><\/span><span class=\"td-page-meta\"><\/span><\/article>\n<\/p>\n<div class=\"td_block_wrap tdb_single_content tdi_71 td-pb-border-top td_block_template_1 td-post-content tagdiv-type\" data-td-block-uid=\"tdi_71\">\n<div class=\"tdb-block-inner td-fix-index\">\n<p>Norocul a poposit \u00een jude\u021bul V\u00e2lcea sub forma cifrei 8! <strong>Gabriel IVAN<\/strong>, un v\u00e2lcean din comuna Berisl\u0103ve\u0219ti, a devenit peste noapte posesorul unui premiu consistent, \u00een valoare de 100.000 de lei.<\/p>\n<p>Gabriel a mizat pe cel mai nou produs lansat de Loteria Rom\u00e2n\u0103, lozul \u201eLucky 8\u201d, iar decizia de a cump\u0103ra cinci lozuri \u00een acea zi s-a dovedit a fi cea mai inspirat\u0103 din via\u021ba sa. De\u0219i nu este un juc\u0103tor fidel, cump\u0103r\u00e2nd lozuri doar ocazional, de data aceasta destinul a lucrat \u00een favoarea lui.<\/p>\n<h2 class=\"wp-block-heading\"><strong><mark class=\"has-inline-color has-white-color\">Ce va face cu \u201emiliardul\u201d \u00een lei vechi?<\/mark><\/strong><\/h2>\n<p>Gabriel s-a declarat un om extrem de \u00eencrez\u0103tor \u0219i jovial dup\u0103 aflarea ve\u0219tii. \u00centrebat ce planuri are cu suma de bani, care reprezint\u0103 unul dintre cele doar trei mari premii puse \u00een joc la nivel na\u021bional pentru acest tip de loz, v\u00e2lceanul a fost categoric: <em><strong>\u201eTo\u021bi banii merg c\u0103tre cas\u0103!\u201d<\/strong><\/em><\/p>\n<p>V\u00e2lceanul a demonstrat c\u0103 mesajul campaniei, <strong>\u201eNorocul t\u0103u are forma unui 8!\u201d<\/strong>, nu este doar un slogan publicitar, ci o realitate care \u00eei va schimba viitorul apropiat.<\/p>\n<\/div>\n<\/div>\n<p>Norocul a poposit \u00een jude\u021bul V\u00e2lcea sub forma cifrei 8! <strong>Gabriel IVAN<\/strong>, un v\u00e2lcean din comuna Berisl\u0103ve\u0219ti, a devenit peste noapte posesorul unui premiu consistent, \u00een valoare de 100.000 de lei.<\/p>\n<p>Gabriel a mizat pe cel mai nou produs lansat de Loteria Rom\u00e2n\u0103, lozul \u201eLucky 8\u201d, iar decizia de a cump\u0103ra cinci lozuri \u00een acea zi s-a dovedit a fi cea mai inspirat\u0103 din via\u021ba sa. De\u0219i nu este un juc\u0103tor fidel, cump\u0103r\u00e2nd lozuri doar ocazional, de data aceasta destinul a lucrat \u00een favoarea lui.<\/p>\n<p>Gabriel s-a declarat un om extrem de \u00eencrez\u0103tor \u0219i jovial dup\u0103 aflarea ve\u0219tii. \u00centrebat ce planuri are cu suma de bani, care reprezint\u0103 unul dintre cele doar trei mari premii puse \u00een joc la nivel na\u021bional pentru acest tip de loz, v\u00e2lceanul a fost categoric: <em><strong>\u201eTo\u021bi banii merg c\u0103tre cas\u0103!\u201d<\/strong><\/em><\/p>\n<p>V\u00e2lceanul a demonstrat c\u0103 mesajul campaniei, <strong>\u201eNorocul t\u0103u are forma unui 8!\u201d<\/strong>, nu este doar un slogan publicitar, ci o realitate care \u00eei va schimba viitorul apropiat.<\/p>\n<p>[analyse_source url=&#8221;https:\/\/www.gazeta-valceana.ro\/eveniment\/lozul-norocos-un-valcean-a-dat-lovitura-vietii-la-loto-cine-este-proaspatul-castigator\/&#8221;]<\/p>\n","protected":false},"excerpt":{"rendered":"<p>[analyse_image type=&#8221;featured&#8221; src=&#8221;https:\/\/www.gazeta-valceana.ro\/wp-content\/uploads\/2026\/03\/LOTO-Berislavesti-Gabriel-Ivan.jpg&#8221;] LOZUL NOROCOS: Un v\u00e2lcean a dat lovitura vie\u021bii la loto! Cine este proasp\u0103tul c\u00e2\u0219tig\u0103tor EntertainmentEvenimentFapt diversI 1 martie 2026 Ac\u021biune Facebook Twitter Pinterest WhatsApp Norocul a poposit \u00een jude\u021bul V\u00e2lcea sub forma cifrei 8! Gabriel IVAN, un v\u00e2lcean din comuna Berisl\u0103ve\u0219ti, a devenit peste noapte posesorul unui premiu consistent, \u00een valoare de [&hellip;]<\/p>\n","protected":false},"author":1,"featured_media":0,"comment_status":"open","ping_status":"","sticky":false,"template":"","format":"standard","meta":{"footnotes":""},"categories":[89],"tags":[226,214],"class_list":["post-1800768","post","type-post","status-publish","format-standard","hentry","category-romania","tag-crawlmanager","tag-gazetavalceana-ro"],"_links":{"self":[{"href":"https:\/\/analyse.optim.biz\/index.php?rest_route=\/wp\/v2\/posts\/1800768","targetHints":{"allow":["GET"]}}],"collection":[{"href":"https:\/\/analyse.optim.biz\/index.php?rest_route=\/wp\/v2\/posts"}],"about":[{"href":"https:\/\/analyse.optim.biz\/index.php?rest_route=\/wp\/v2\/types\/post"}],"author":[{"embeddable":true,"href":"https:\/\/analyse.optim.biz\/index.php?rest_route=\/wp\/v2\/users\/1"}],"replies":[{"embeddable":true,"href":"https:\/\/analyse.optim.biz\/index.php?rest_route=%2Fwp%2Fv2%2Fcomments&post=1800768"}],"version-history":[{"count":0,"href":"https:\/\/analyse.optim.biz\/index.php?rest_route=\/wp\/v2\/posts\/1800768\/revisions"}],"wp:attachment":[{"href":"https:\/\/analyse.optim.biz\/index.php?rest_route=%2Fwp%2Fv2%2Fmedia&parent=1800768"}],"wp:term":[{"taxonomy":"category","embeddable":true,"href":"https:\/\/analyse.optim.biz\/index.php?rest_route=%2Fwp%2Fv2%2Fcategories&post=1800768"},{"taxonomy":"post_tag","embeddable":true,"href":"https:\/\/analyse.optim.biz\/index.php?rest_route=%2Fwp%2Fv2%2Ftags&post=1800768"}],"curies":[{"name":"wp","href":"https:\/\/api.w.org\/{rel}","templated":true}]}}