{"id":1800536,"date":"2026-03-01T11:52:28","date_gmt":"2026-03-01T08:52:28","guid":{"rendered":"https:\/\/analyse.optim.biz\/?p=1800536"},"modified":"2026-03-01T11:52:28","modified_gmt":"2026-03-01T08:52:28","slug":"foto-video-valceanul-ranit-de-urs-in-aceasta-dimineata-s-a-dus-acasa-pe-picioarele-lui-dupa-o-ora-gazeta-valceana","status":"publish","type":"post","link":"https:\/\/analyse.optim.biz\/?p=1800536","title":{"rendered":"FOTO\/VIDEO. V\u00e2lceanul r\u0103nit de urs \u00een aceast\u0103 diminea\u021b\u0103 s-a dus acas\u0103 pe picioarele lui. Dup\u0103 o or\u0103\u2026 &#8211; Gazeta V\u00e2lcean\u0103"},"content":{"rendered":"<p>[analyse_image type=&#8221;featured&#8221; src=&#8221;https:\/\/www.gazeta-valceana.ro\/wp-content\/uploads\/2026\/03\/URS-Animal-Berislavesti-01.03.jpeg&#8221;]<\/p>\n<article id=\"template-id-91645\" class=\"post-91645 tdb_templates type-tdb_templates status-publish post\">\n<div id=\"tdi_49\" class=\"tdc-zone\">\n<div class=\"tdc_zone tdi_50  wpb_row td-pb-row\">\n<div id=\"tdi_51\" class=\"tdc-row stretch_row_1200 td-stretch-content\">\n<div class=\"vc_row tdi_52  wpb_row td-pb-row\">\n<div class=\"vc_column tdi_54  wpb_column vc_column_container tdc-column td-pb-span8\">\n<div class=\"wpb_wrapper\">\n<div class=\"td_block_wrap tdb_title tdi_55 tdb-single-title td-pb-border-top td_block_template_1\" data-td-block-uid=\"tdi_55\">\n<div class=\"tdb-block-inner td-fix-index\">\n<h1 class=\"tdb-title-text\">FOTO\/VIDEO. V\u00e2lceanul r\u0103nit de urs \u00een aceast\u0103 diminea\u021b\u0103 s-a dus acas\u0103 pe picioarele lui. Dup\u0103 o or\u0103\u2026<\/h1>\n<\/div>\n<\/div>\n<div class=\"vc_row_inner tdi_58  vc_row vc_inner wpb_row td-pb-row tdc-row-content-vert-center\">\n<div class=\"vc_column_inner tdi_60  wpb_column vc_column_container tdc-inner-column td-pb-span12\">\n<div class=\"vc_column-inner\">\n<div class=\"wpb_wrapper\">\n<div class=\"td_block_wrap tdb_single_categories tdi_61 td-pb-border-top td_block_template_1 \" data-td-block-uid=\"tdi_61\">\n<div class=\"tdb-category td-fix-index\"><a class=\"tdb-entry-category\" href=\"https:\/\/www.gazeta-valceana.ro\/category\/anchetedezvaluri\/\">Anchete\/Dezv\u0103luri<\/a><a class=\"tdb-entry-category\" href=\"https:\/\/www.gazeta-valceana.ro\/category\/i\/\">I<\/a><\/div>\n<\/div>\n<div class=\"td_block_wrap tdb_single_date tdi_62 td-pb-border-top td_block_template_1 tdb-post-meta\" data-td-block-uid=\"tdi_62\">\n<div class=\"tdb-block-inner td-fix-index\"><time class=\"entry-date updated td-module-date\" datetime=\"2026-03-01T13:52:28+02:00\">1 martie 2026<\/time><\/div>\n<\/div>\n<\/div>\n<\/div>\n<\/div>\n<\/div>\n<\/div>\n<\/div>\n<\/div>\n<\/div>\n<div id=\"tdi_65\" class=\"tdc-row stretch_row_1200 td-stretch-content\">\n<div class=\"vc_row tdi_66  wpb_row td-pb-row\">\n<div class=\"vc_column tdi_68  wpb_column vc_column_container tdc-column td-pb-span8\">\n<div class=\"wpb_wrapper\">\n<div class=\"td_block_wrap tdb_single_featured_image tdi_69 tdb-content-horiz-left td-pb-border-top td_block_template_1\" data-td-block-uid=\"tdi_69\">\n<div class=\"tdb-block-inner td-fix-index\"><img loading=\"lazy\" decoding=\"async\" width=\"696\" height=\"357\" class=\"entry-thumb\" src=\"https:\/\/www.gazeta-valceana.ro\/wp-content\/uploads\/2026\/03\/URS-Animal-Berislavesti-01.03-696x357.jpeg\" alt title=\"URS Animal Berislavesti 01.03\"><\/div>\n<\/div>\n<div class=\"td_block_wrap tdb_single_post_share tdi_70  td-pb-border-top td_block_template_1\" data-td-block-uid=\"tdi_70\">\n<div id=\"tdi_70\" class=\"td-post-sharing tdb-block td-ps-border td-ps-border-grey td-ps-notext td-ps-icon-color td-ps-text-color td-post-sharing-style16 \">\n<div class=\"td-post-sharing-visible\">\n<div class=\"td-social-sharing-button td-social-sharing-button-js td-social-handler td-social-share-text\">\n<div class=\"td-social-but-text\">Ac\u021biune<\/div>\n<\/div>\n<p><a class=\"td-social-sharing-button td-social-sharing-button-js td-social-network td-social-facebook\" href=\"https:\/\/www.facebook.com\/sharer.php?u=https%3A%2F%2Fwww.gazeta-valceana.ro%2Fanchetedezvaluri%2Ffoto-video-valceanul-ranit-de-urs-in-aceasta-dimineata-s-a-dus-acasa-pe-picioarele-lui-dupa-o-ora%2F\" title=\"Facebook\"><\/p>\n<div class=\"td-social-but-text\">Facebook<\/div>\n<p><\/a><a class=\"td-social-sharing-button td-social-sharing-button-js td-social-network td-social-twitter\" href=\"https:\/\/twitter.com\/intent\/tweet?text=FOTO%2FVIDEO.+V%C3%A2lceanul+r%C4%83nit+de+urs+%C3%AEn+aceast%C4%83+diminea%C8%9B%C4%83+s-a+dus+acas%C4%83+pe+picioarele+lui.+Dup%C4%83+o+or%C4%83%E2%80%A6&amp;url=https%3A%2F%2Fwww.gazeta-valceana.ro%2Fanchetedezvaluri%2Ffoto-video-valceanul-ranit-de-urs-in-aceasta-dimineata-s-a-dus-acasa-pe-picioarele-lui-dupa-o-ora%2F&amp;via=Gazeta+V%C3%A2lcean%C4%83\" title=\"Twitter\"><\/p>\n<div class=\"td-social-but-text\">Twitter<\/div>\n<p><\/a><a class=\"td-social-sharing-button td-social-sharing-button-js td-social-network td-social-pinterest\" href=\"https:\/\/pinterest.com\/pin\/create\/button\/?url=https:\/\/www.gazeta-valceana.ro\/anchetedezvaluri\/foto-video-valceanul-ranit-de-urs-in-aceasta-dimineata-s-a-dus-acasa-pe-picioarele-lui-dupa-o-ora\/&amp;media=https:\/\/www.gazeta-valceana.ro\/wp-content\/uploads\/2026\/03\/URS-Animal-Berislavesti-01.03.jpeg&amp;description=FOTO%2FVIDEO.+V%C3%A2lceanul+r%C4%83nit+de+urs+%C3%AEn+aceast%C4%83+diminea%C8%9B%C4%83+s-a+dus+acas%C4%83+pe+picioarele+lui.+Dup%C4%83+o+or%C4%83%E2%80%A6\" title=\"Pinterest\"><\/p>\n<div class=\"td-social-but-text\">Pinterest<\/div>\n<p><\/a><a class=\"td-social-sharing-button td-social-sharing-button-js td-social-network td-social-whatsapp\" href=\"https:\/\/api.whatsapp.com\/send?text=FOTO%2FVIDEO.+V%C3%A2lceanul+r%C4%83nit+de+urs+%C3%AEn+aceast%C4%83+diminea%C8%9B%C4%83+s-a+dus+acas%C4%83+pe+picioarele+lui.+Dup%C4%83+o+or%C4%83%E2%80%A6%20%0A%0A%20https:\/\/www.gazeta-valceana.ro\/anchetedezvaluri\/foto-video-valceanul-ranit-de-urs-in-aceasta-dimineata-s-a-dus-acasa-pe-picioarele-lui-dupa-o-ora\/\" title=\"WhatsApp\"><\/p>\n<div class=\"td-social-but-text\">WhatsApp<\/div>\n<p><\/a><\/div>\n<\/div>\n<\/div>\n<div class=\"td_block_wrap tdb_single_content tdi_71 td-pb-border-top td_block_template_1 td-post-content tagdiv-type\" data-td-block-uid=\"tdi_71\">\n<div class=\"tdb-block-inner td-fix-index\">\n<p>\u00cen diminea\u021ba de duminic\u0103, 1 martie 2026, un b\u0103rbat \u00een v\u00e2rst\u0103 de 64 de ani a fost r\u0103nit de un urs \u00een timp ce se afla \u00een zona \u00eemp\u0103durit\u0103 Valea Ogr\u0103zii, din satul Sc\u0103ueni, comuna Berisl\u0103ve\u0219ti.<\/p>\n<p>Din primele informa\u021bii, victima a suferit leziuni \u00een zona spatelui, dar a reu\u0219it s\u0103 se deplaseze prin for\u021be proprii p\u00e2n\u0103 la domiciliu. De acolo, v\u00e2lceanul a solicitat sprijin prin num\u0103rul unic de urgen\u021b\u0103 112, la aproximativ o or\u0103 dup\u0103 producerea incidentului. La fa\u021ba locului a intervenit un echipaj al Serviciului de Ambulan\u021b\u0103 Jude\u021bean (SAJ) V\u00e2lcea, care i-a acordat primele \u00eengrijiri medicale. Ulterior, b\u0103rbatul a fost transportat la unitatea spitaliceasc\u0103 pentru investiga\u021bii suplimentare \u0219i tratament de specialitate.<\/p>\n<p><em>\u201eJandarmii montani v\u00e2lceni au activat imediat procedurile legale, inform\u00e2nd institu\u021biile cu atribu\u021bii \u00een gestionarea unor astfel de situa\u021bii. Echipaje de interven\u021bie s-au deplasat \u00een zona indicat\u0103 pentru verific\u0103ri \u0219i pentru a se asigura c\u0103 pericolul a fost \u00eendep\u0103rtat, \u00eens\u0103 animalul s\u0103lbatic nu a mai fost reperat \u00een proximitate. \u00cen perioada urm\u0103toare, patrul\u0103rile \u00een zon\u0103 vor fi intensificate pentru a preveni alte incidente \u0219i pentru a informa localnicii despre riscurile existente. Siguran\u021ba cet\u0103\u021benilor r\u0103m\u00e2ne prioritatea noastr\u0103 principal\u0103\u201d<\/em>, au anun\u021bat jandarmii v\u00e2lceni.<\/p>\n<p><strong>Recomand\u0103ri importante de la jandarmii v\u00e2lceni pentru cet\u0103\u021beni, \u00een cazul deplas\u0103rii \u00een zone \u00eemp\u0103durite:<\/strong><\/p>\n<p>\u2022 Evita\u021bi deplas\u0103rile individuale;<\/p>\n<p>\u2022 Nu v\u0103 apropia\u021bi de animalele s\u0103lbatice \u0219i nu \u00eencerca\u021bi s\u0103 le hr\u0103ni\u021bi;<\/p>\n<p>\u2022 Folosi\u021bi mijloace de avertizare sonor\u0103 pentru a v\u0103 semnala prezen\u021ba;<\/p>\n<p>\u2022 \u00cen cazul observ\u0103rii unui urs, p\u0103stra\u021bi distan\u021ba \u0219i apela\u021bi imediat num\u0103rul de urgen\u021b\u0103 112.<\/p>\n<\/div>\n<\/div>\n<div class=\"tdb-author-box td_block_wrap tdb_single_author_box tdi_72 tdb-content-vert-top td-pb-border-top td_block_template_1\" data-td-block-uid=\"tdi_72\">\n<div class=\"tdb-block-inner td-fix-index\"><a href=\"https:\/\/www.gazeta-valceana.ro\/author\/redactia\/\" class=\"tdb-author-photo\" title=\"Redactia\"><img decoding=\"async\" alt=\"Redactia\" src=\"https:\/\/secure.gravatar.com\/avatar\/d9699bfd17d7f55fcf6bbdfb0214d48a942c5fd23a1db27f4a803a8d0651670f?s=500&amp;d=mm&amp;r=g\" class=\"avatar avatar-500 photo\" height=\"500\" width=\"500\" loading=\"lazy\"><\/a><\/p>\n<div class=\"tdb-author-info\"><a href=\"https:\/\/www.gazeta-valceana.ro\/author\/redactia\/\" class=\"tdb-author-name\">Redactia<\/a><\/div>\n<\/div>\n<\/div>\n<\/div>\n<\/div>\n<div class=\"vc_column tdi_76  wpb_column vc_column_container tdc-column td-pb-span4 td-is-sticky\">\n<div class=\"wpb_wrapper\" data-sticky-enabled-on=\"W3RydWUsdHJ1ZSx0cnVlLHRydWVd\" data-sticky-offset=\"20\" data-sticky-is-width-auto=\"W2ZhbHNlLGZhbHNlLGZhbHNlLGZhbHNlXQ==\">\n<div class=\"vc_row_inner tdi_81  vc_row vc_inner wpb_row td-pb-row tdc-row-content-vert-center\">\n<div class=\"vc_column_inner tdi_83  wpb_column vc_column_container tdc-inner-column td-pb-span12\">\n<div class=\"vc_column-inner\">\n<div class=\"wpb_wrapper\">\n<div class=\"tdm_block td_block_wrap tdm_block_inline_text tdi_86 tdm-inline-block td-pb-border-top td_block_template_1\" data-td-block-uid=\"tdi_86\">\n<p class=\"tdm-descr\">Ultimele articole<\/p>\n<\/div>\n<\/div>\n<\/div>\n<\/div>\n<\/div>\n<div class=\"td_block_wrap td_flex_block_1 tdi_87 td-pb-border-top td_block_template_1 td_flex_block\" data-td-block-uid=\"tdi_87\">\n<div id=\"tdi_87\" class=\"td_block_inner td-mc1-wrap\">\n<div class=\"td_module_flex td_module_flex_1 td_module_wrap td-animation-stack td-cpt-post\">\n<div class=\"td-module-container td-category-pos-\">\n<div class=\"td-module-meta-info\">\n<h3 class=\"entry-title td-module-title\"><a href=\"https:\/\/www.gazeta-valceana.ro\/fapt-divers\/foto-video-de-la-accidentul-de-pe-dn-7-valea-oltului-vezi-din-ce-tara-este-soferul-care-a-cazut-in-balta-la-proieni\/\" rel=\"bookmark\" title=\"FOTO\/VIDEO de la accidentul de pe DN 7 \u2013 Valea Oltului. VEZI din ce \u021bar\u0103 este \u0219oferul care a c\u0103zut \u00een balt\u0103, la Proieni\">FOTO\/VIDEO de la accidentul de pe DN 7 \u2013 Valea Oltului. VEZI din ce \u021bar\u0103 este \u0219oferul care a c\u0103zut \u00een balt\u0103, la Proieni<\/a><\/h3>\n<div class=\"td-editor-date\"><span class=\"td-author-date\"><span class=\"td-post-date\"><time class=\"entry-date updated td-module-date\" datetime=\"2026-03-01T16:40:11+02:00\">1 martie 2026<\/time><\/span><\/span><\/div>\n<\/div>\n<\/div>\n<\/div>\n<div class=\"td_module_flex td_module_flex_1 td_module_wrap td-animation-stack td-cpt-post\">\n<div class=\"td-module-container td-category-pos-\">\n<div class=\"td-module-meta-info\">\n<h3 class=\"entry-title td-module-title\"><a href=\"https:\/\/www.gazeta-valceana.ro\/justitie\/valcean-urmarit-international-adus-sub-escorta-din-franta-vezi-pentru-ce-fapte-a-fost-gasit-vinovat\/\" rel=\"bookmark\" title=\"V\u00e2lcean urm\u0103rit interna\u021bional, adus sub escort\u0103 din Fran\u021ba. VEZI pentru ce fapte a fost g\u0103sit vinovat\">V\u00e2lcean urm\u0103rit interna\u021bional, adus sub escort\u0103 din Fran\u021ba. VEZI pentru ce fapte a fost g\u0103sit vinovat<\/a><\/h3>\n<div class=\"td-editor-date\"><span class=\"td-author-date\"><span class=\"td-post-date\"><time class=\"entry-date updated td-module-date\" datetime=\"2026-02-27T21:43:54+02:00\">27 februarie 2026<\/time><\/span><\/span><\/div>\n<\/div>\n<\/div>\n<\/div>\n<div class=\"td_module_flex td_module_flex_1 td_module_wrap td-animation-stack td-cpt-post\">\n<div class=\"td-module-container td-category-pos-\">\n<div class=\"td-module-meta-info\">\n<h3 class=\"entry-title td-module-title\"><a href=\"https:\/\/www.gazeta-valceana.ro\/administratie\/primaria-ramnicului-reabiliteaza-cu-fonduri-nerambursabile-cinci-cladiri-istorice-din-patrimoniul-public-al-municipiului\/\" rel=\"bookmark\" title=\"Prim\u0103ria R\u00e2mnicului reabiliteaz\u0103, cu fonduri nerambursabile, cinci cl\u0103diri istorice din patrimoniul public al municipiului\">Prim\u0103ria R\u00e2mnicului reabiliteaz\u0103, cu fonduri nerambursabile, cinci cl\u0103diri istorice din patrimoniul public al municipiului<\/a><\/h3>\n<div class=\"td-editor-date\"><span class=\"td-author-date\"><span class=\"td-post-date\"><time class=\"entry-date updated td-module-date\" datetime=\"2026-02-27T20:51:08+02:00\">27 februarie 2026<\/time><\/span><\/span><\/div>\n<\/div>\n<\/div>\n<\/div>\n<div class=\"td_module_flex td_module_flex_1 td_module_wrap td-animation-stack td-cpt-post\">\n<div class=\"td-module-container td-category-pos-\">\n<div class=\"td-module-meta-info\">\n<h3 class=\"entry-title td-module-title\"><a href=\"https:\/\/www.gazeta-valceana.ro\/anchetedezvaluri\/hotul-care-a-jefuit-o-clinica-medicala-din-centrul-ramnicului-a-fost-arestat-vezi-despre-ce-unitate-este-vorba\/\" rel=\"bookmark\" title=\"HO\u021aUL care a jefuit o clinic\u0103 medical\u0103 din centrul R\u00e2mnicului a fost arestat. VEZI despre ce unitate este vorba\">HO\u021aUL care a jefuit o clinic\u0103 medical\u0103 din centrul R\u00e2mnicului a fost arestat. VEZI despre ce unitate este vorba<\/a><\/h3>\n<div class=\"td-editor-date\"><span class=\"td-author-date\"><span class=\"td-post-date\"><time class=\"entry-date updated td-module-date\" datetime=\"2026-02-27T18:53:59+02:00\">27 februarie 2026<\/time><\/span><\/span><\/div>\n<\/div>\n<\/div>\n<\/div>\n<\/div>\n<\/div>\n<div class=\"td_block_wrap td-a-rec td-a-rec-id-custom-spot td-a-rec-img tdi_88 td_block_template_1\">\n<div><a href=\"https:\/\/www.gazeta-valceana.ro\/anchetedezvaluri\/foto-video-valceanul-ranit-de-urs-in-aceasta-dimineata-s-a-dus-acasa-pe-picioarele-lui-dupa-o-ora\/\" class=\"td_spot_img_all\"><img loading=\"lazy\" decoding=\"async\" src=\"https:\/\/www.gazeta-valceana.ro\/wp-content\/uploads\/2025\/01\/image-5.jpg\" alt=\"spot_img\" width=\"347\" height=\"277\"><\/a><a href=\"https:\/\/www.gazeta-valceana.ro\/anchetedezvaluri\/foto-video-valceanul-ranit-de-urs-in-aceasta-dimineata-s-a-dus-acasa-pe-picioarele-lui-dupa-o-ora\/\" class=\"td_spot_img_mob\"><img loading=\"lazy\" decoding=\"async\" src=\"https:\/\/www.gazeta-valceana.ro\/wp-content\/uploads\/2025\/01\/image-5.jpg\" alt=\"spot_img\" width=\"347\" height=\"247\"><\/a><\/div>\n<\/div>\n<div class=\"td_block_wrap td-a-rec td-a-rec-id-custom-spot td-a-rec-img tdi_89 td_block_template_1\">\n<div><a href=\"https:\/\/www.gazeta-valceana.ro\/anchetedezvaluri\/foto-video-valceanul-ranit-de-urs-in-aceasta-dimineata-s-a-dus-acasa-pe-picioarele-lui-dupa-o-ora\/\" class=\"td_spot_img_all\"><img loading=\"lazy\" decoding=\"async\" src=\"https:\/\/www.gazeta-valceana.ro\/wp-content\/uploads\/2025\/01\/image-3.jpeg\" alt=\"spot_img\" width=\"347\" height=\"277\"><\/a><a href=\"https:\/\/www.gazeta-valceana.ro\/anchetedezvaluri\/foto-video-valceanul-ranit-de-urs-in-aceasta-dimineata-s-a-dus-acasa-pe-picioarele-lui-dupa-o-ora\/\" class=\"td_spot_img_mob\"><img loading=\"lazy\" decoding=\"async\" src=\"https:\/\/www.gazeta-valceana.ro\/wp-content\/uploads\/2025\/01\/image-3.jpeg\" alt=\"spot_img\" width=\"347\" height=\"247\"><\/a><\/div>\n<\/div>\n<\/div>\n<\/div>\n<\/div>\n<\/div>\n<div id=\"tdi_97\" class=\"tdc-row stretch_row_1200 td-stretch-content\">\n<div class=\"vc_row tdi_98  wpb_row td-pb-row\">\n<div class=\"vc_column tdi_100  wpb_column vc_column_container tdc-column td-pb-span12\">\n<div class=\"wpb_wrapper\">\n<div class=\"td_block_wrap tdb_single_next_prev tdi_101 td-pb-border-top td_block_template_1\" data-td-block-uid=\"tdi_101\">\n<div class=\"tdb-block-inner td-fix-index\">\n<div class=\"tdb-next-post tdb-next-post-bg tdb-post-prev\"><span>Articolul precedent<\/span><\/p>\n<div class=\"td-module-container\">\n<div class=\"next-prev-title\"><a href=\"https:\/\/www.gazeta-valceana.ro\/justitie\/valcean-urmarit-international-adus-sub-escorta-din-franta-vezi-pentru-ce-fapte-a-fost-gasit-vinovat\/\">V\u00e2lcean urm\u0103rit interna\u021bional, adus sub escort\u0103 din Fran\u021ba. VEZI pentru ce fapte a fost g\u0103sit vinovat<\/a><\/div>\n<\/div>\n<\/div>\n<div class=\"tdb-next-post tdb-next-post-bg tdb-post-next\"><span>Articolul urm\u0103tor<\/span><\/p>\n<div class=\"td-module-container\">\n<div class=\"next-prev-title\"><a href=\"https:\/\/www.gazeta-valceana.ro\/fapt-divers\/foto-video-de-la-accidentul-de-pe-dn-7-valea-oltului-vezi-din-ce-tara-este-soferul-care-a-cazut-in-balta-la-proieni\/\">FOTO\/VIDEO de la accidentul de pe DN 7 \u2013 Valea Oltului. VEZI din ce \u021bar\u0103 este \u0219oferul care a c\u0103zut \u00een balt\u0103, la Proieni<\/a><\/div>\n<\/div>\n<\/div>\n<\/div>\n<\/div>\n<div class=\"vc_row_inner tdi_103  vc_row vc_inner wpb_row td-pb-row tdc-row-content-vert-center\">\n<div class=\"vc_column_inner tdi_105  wpb_column vc_column_container tdc-inner-column td-pb-span12\">\n<div class=\"vc_column-inner\">\n<div class=\"wpb_wrapper\">\n<div class=\"tdm_block td_block_wrap tdm_block_inline_text tdi_108 tdm-inline-block td-pb-border-top td_block_template_1\" data-td-block-uid=\"tdi_108\">\n<p class=\"tdm-descr\">Related articles<\/p>\n<\/div>\n<\/div>\n<\/div>\n<\/div>\n<\/div>\n<div class=\"td_block_wrap tdb_single_related tdi_109 td_with_ajax_pagination td-pb-border-top td_block_template_1 tdb-single-related-posts\" data-td-block-uid=\"tdi_109\">\n<div id=\"tdi_109\" class=\"td_block_inner tdb-block-inner td-fix-index\">\n<div class=\"tdb_module_related td_module_wrap td-animation-stack\">\n<div class=\"td-module-container td-category-pos-\">\n<div class=\"td-module-meta-info\">\n<h3 class=\"entry-title td-module-title\"><a href=\"https:\/\/www.gazeta-valceana.ro\/fapt-divers\/foto-video-de-la-accidentul-de-pe-dn-7-valea-oltului-vezi-din-ce-tara-este-soferul-care-a-cazut-in-balta-la-proieni\/\" rel=\"bookmark\" title=\"FOTO\/VIDEO de la accidentul de pe DN 7 \u2013 Valea Oltului. VEZI din ce \u021bar\u0103 este \u0219oferul care a c\u0103zut \u00een balt\u0103, la Proieni\">FOTO\/VIDEO de la accidentul de pe DN 7 \u2013 Valea Oltului. VEZI din ce \u021bar\u0103 este \u0219oferul care a c\u0103zut \u00een balt\u0103, la Proieni<\/a><\/h3>\n<div class=\"td-editor-date\"><a href=\"https:\/\/www.gazeta-valceana.ro\/category\/fapt-divers\/\" class=\"td-post-category\">Fapt divers<\/a><span class=\"td-author-date\"><span class=\"td-post-date\"><time class=\"entry-date updated td-module-date\" datetime=\"2026-03-01T16:40:11+02:00\">1 martie 2026<\/time><\/span><\/span><\/div>\n<\/div>\n<\/div>\n<\/div>\n<div class=\"tdb_module_related td_module_wrap td-animation-stack\">\n<div class=\"td-module-container td-category-pos-\">\n<div class=\"td-module-meta-info\">\n<h3 class=\"entry-title td-module-title\"><a href=\"https:\/\/www.gazeta-valceana.ro\/justitie\/valcean-urmarit-international-adus-sub-escorta-din-franta-vezi-pentru-ce-fapte-a-fost-gasit-vinovat\/\" rel=\"bookmark\" title=\"V\u00e2lcean urm\u0103rit interna\u021bional, adus sub escort\u0103 din Fran\u021ba. VEZI pentru ce fapte a fost g\u0103sit vinovat\">V\u00e2lcean urm\u0103rit interna\u021bional, adus sub escort\u0103 din Fran\u021ba. VEZI pentru ce fapte a fost g\u0103sit vinovat<\/a><\/h3>\n<div class=\"td-editor-date\"><a href=\"https:\/\/www.gazeta-valceana.ro\/category\/anchetedezvaluri\/\" class=\"td-post-category\">Anchete\/Dezv\u0103luri<\/a><span class=\"td-author-date\"><span class=\"td-post-date\"><time class=\"entry-date updated td-module-date\" datetime=\"2026-02-27T21:43:54+02:00\">27 februarie 2026<\/time><\/span><\/span><\/div>\n<\/div>\n<\/div>\n<\/div>\n<div class=\"tdb_module_related td_module_wrap td-animation-stack\">\n<div class=\"td-module-container td-category-pos-\">\n<div class=\"td-module-meta-info\">\n<h3 class=\"entry-title td-module-title\"><a href=\"https:\/\/www.gazeta-valceana.ro\/administratie\/primaria-ramnicului-reabiliteaza-cu-fonduri-nerambursabile-cinci-cladiri-istorice-din-patrimoniul-public-al-municipiului\/\" rel=\"bookmark\" title=\"Prim\u0103ria R\u00e2mnicului reabiliteaz\u0103, cu fonduri nerambursabile, cinci cl\u0103diri istorice din patrimoniul public al municipiului\">Prim\u0103ria R\u00e2mnicului reabiliteaz\u0103, cu fonduri nerambursabile, cinci cl\u0103diri istorice din patrimoniul public al municipiului<\/a><\/h3>\n<div class=\"td-editor-date\"><a href=\"https:\/\/www.gazeta-valceana.ro\/category\/administratie\/\" class=\"td-post-category\">Administra\u0163ie<\/a><span class=\"td-author-date\"><span class=\"td-post-date\"><time class=\"entry-date updated td-module-date\" datetime=\"2026-02-27T20:51:08+02:00\">27 februarie 2026<\/time><\/span><\/span><\/div>\n<\/div>\n<\/div>\n<\/div>\n<\/div>\n<\/div>\n<\/div>\n<\/div>\n<\/div>\n<\/div>\n<div id=\"tdi_116\" class=\"tdc-row stretch_row_1200 td-stretch-content\">\n<div class=\"vc_row tdi_117  wpb_row td-pb-row\">\n<div class=\"vc_column tdi_122  wpb_column vc_column_container tdc-column td-pb-span4 td-is-sticky\">\n<div class=\"wpb_wrapper\" data-sticky-enabled-on=\"W3RydWUsdHJ1ZSx0cnVlLHRydWVd\" data-sticky-offset=\"20\" data-sticky-is-width-auto=\"W2ZhbHNlLGZhbHNlLGZhbHNlLGZhbHNlXQ==\">\n<div class=\"td_block_wrap td-a-rec td-a-rec-id-custom-spot td-a-rec-img tdi_123 td_block_template_1\">\n<div><a href=\"https:\/\/www.gazeta-valceana.ro\/anchetedezvaluri\/foto-video-valceanul-ranit-de-urs-in-aceasta-dimineata-s-a-dus-acasa-pe-picioarele-lui-dupa-o-ora\/\" class=\"td_spot_img_all\"><img loading=\"lazy\" decoding=\"async\" src=\"https:\/\/www.gazeta-valceana.ro\/wp-content\/uploads\/2025\/01\/image-4.jpg\" alt=\"spot_img\" width=\"347\" height=\"277\"><\/a><a href=\"https:\/\/www.gazeta-valceana.ro\/anchetedezvaluri\/foto-video-valceanul-ranit-de-urs-in-aceasta-dimineata-s-a-dus-acasa-pe-picioarele-lui-dupa-o-ora\/\" class=\"td_spot_img_mob\"><img loading=\"lazy\" decoding=\"async\" src=\"https:\/\/www.gazeta-valceana.ro\/wp-content\/uploads\/2025\/01\/image-4.jpg\" alt=\"spot_img\" width=\"347\" height=\"247\"><\/a><\/div>\n<\/div>\n<div class=\"td_block_wrap td-a-rec td-a-rec-id-custom-spot td-a-rec-img tdi_124 td_block_template_1\">\n<div><a href=\"https:\/\/www.gazeta-valceana.ro\/anchetedezvaluri\/foto-video-valceanul-ranit-de-urs-in-aceasta-dimineata-s-a-dus-acasa-pe-picioarele-lui-dupa-o-ora\/\" class=\"td_spot_img_all\"><img loading=\"lazy\" decoding=\"async\" src=\"https:\/\/www.gazeta-valceana.ro\/wp-content\/uploads\/2025\/01\/image-5.jpg\" alt=\"spot_img\" width=\"347\" height=\"277\"><\/a><a href=\"https:\/\/www.gazeta-valceana.ro\/anchetedezvaluri\/foto-video-valceanul-ranit-de-urs-in-aceasta-dimineata-s-a-dus-acasa-pe-picioarele-lui-dupa-o-ora\/\" class=\"td_spot_img_mob\"><img loading=\"lazy\" decoding=\"async\" src=\"https:\/\/www.gazeta-valceana.ro\/wp-content\/uploads\/2025\/01\/image-5.jpg\" alt=\"spot_img\" width=\"347\" height=\"247\"><\/a><\/div>\n<\/div>\n<div class=\"td_block_wrap td-a-rec td-a-rec-id-custom-spot td-a-rec-img tdi_125 td_block_template_1\">\n<div><a href=\"https:\/\/www.gazeta-valceana.ro\/anchetedezvaluri\/foto-video-valceanul-ranit-de-urs-in-aceasta-dimineata-s-a-dus-acasa-pe-picioarele-lui-dupa-o-ora\/\" class=\"td_spot_img_all\"><img loading=\"lazy\" decoding=\"async\" src=\"https:\/\/www.gazeta-valceana.ro\/wp-content\/uploads\/2025\/01\/image-3.jpeg\" alt=\"spot_img\" width=\"347\" height=\"277\"><\/a><a href=\"https:\/\/www.gazeta-valceana.ro\/anchetedezvaluri\/foto-video-valceanul-ranit-de-urs-in-aceasta-dimineata-s-a-dus-acasa-pe-picioarele-lui-dupa-o-ora\/\" class=\"td_spot_img_mob\"><img loading=\"lazy\" decoding=\"async\" src=\"https:\/\/www.gazeta-valceana.ro\/wp-content\/uploads\/2025\/01\/image-3.jpeg\" alt=\"spot_img\" width=\"347\" height=\"247\"><\/a><\/div>\n<\/div>\n<\/div>\n<\/div>\n<\/div>\n<\/div>\n<\/div>\n<\/div>\n<p><span class=\"td-page-meta\"><\/span><span class=\"td-page-meta\"><span class=\"td-page-meta\"><\/span><\/span><span class=\"td-page-meta\"><\/span><\/article>\n<\/p>\n<div class=\"td_block_wrap tdb_single_content tdi_71 td-pb-border-top td_block_template_1 td-post-content tagdiv-type\" data-td-block-uid=\"tdi_71\">\n<div class=\"tdb-block-inner td-fix-index\">\n<p>\u00cen diminea\u021ba de duminic\u0103, 1 martie 2026, un b\u0103rbat \u00een v\u00e2rst\u0103 de 64 de ani a fost r\u0103nit de un urs \u00een timp ce se afla \u00een zona \u00eemp\u0103durit\u0103 Valea Ogr\u0103zii, din satul Sc\u0103ueni, comuna Berisl\u0103ve\u0219ti.<\/p>\n<p>Din primele informa\u021bii, victima a suferit leziuni \u00een zona spatelui, dar a reu\u0219it s\u0103 se deplaseze prin for\u021be proprii p\u00e2n\u0103 la domiciliu. De acolo, v\u00e2lceanul a solicitat sprijin prin num\u0103rul unic de urgen\u021b\u0103 112, la aproximativ o or\u0103 dup\u0103 producerea incidentului. La fa\u021ba locului a intervenit un echipaj al Serviciului de Ambulan\u021b\u0103 Jude\u021bean (SAJ) V\u00e2lcea, care i-a acordat primele \u00eengrijiri medicale. Ulterior, b\u0103rbatul a fost transportat la unitatea spitaliceasc\u0103 pentru investiga\u021bii suplimentare \u0219i tratament de specialitate.<\/p>\n<p><em>\u201eJandarmii montani v\u00e2lceni au activat imediat procedurile legale, inform\u00e2nd institu\u021biile cu atribu\u021bii \u00een gestionarea unor astfel de situa\u021bii. Echipaje de interven\u021bie s-au deplasat \u00een zona indicat\u0103 pentru verific\u0103ri \u0219i pentru a se asigura c\u0103 pericolul a fost \u00eendep\u0103rtat, \u00eens\u0103 animalul s\u0103lbatic nu a mai fost reperat \u00een proximitate. \u00cen perioada urm\u0103toare, patrul\u0103rile \u00een zon\u0103 vor fi intensificate pentru a preveni alte incidente \u0219i pentru a informa localnicii despre riscurile existente. Siguran\u021ba cet\u0103\u021benilor r\u0103m\u00e2ne prioritatea noastr\u0103 principal\u0103\u201d<\/em>, au anun\u021bat jandarmii v\u00e2lceni.<\/p>\n<p><strong>Recomand\u0103ri importante de la jandarmii v\u00e2lceni pentru cet\u0103\u021beni, \u00een cazul deplas\u0103rii \u00een zone \u00eemp\u0103durite:<\/strong><\/p>\n<p>\u2022 Evita\u021bi deplas\u0103rile individuale;<\/p>\n<p>\u2022 Nu v\u0103 apropia\u021bi de animalele s\u0103lbatice \u0219i nu \u00eencerca\u021bi s\u0103 le hr\u0103ni\u021bi;<\/p>\n<p>\u2022 Folosi\u021bi mijloace de avertizare sonor\u0103 pentru a v\u0103 semnala prezen\u021ba;<\/p>\n<p>\u2022 \u00cen cazul observ\u0103rii unui urs, p\u0103stra\u021bi distan\u021ba \u0219i apela\u021bi imediat num\u0103rul de urgen\u021b\u0103 112.<\/p>\n<\/div>\n<\/div>\n<p>\u00cen diminea\u021ba de duminic\u0103, 1 martie 2026, un b\u0103rbat \u00een v\u00e2rst\u0103 de 64 de ani a fost r\u0103nit de un urs \u00een timp ce se afla \u00een zona \u00eemp\u0103durit\u0103 Valea Ogr\u0103zii, din satul Sc\u0103ueni, comuna Berisl\u0103ve\u0219ti.<\/p>\n<p>Din primele informa\u021bii, victima a suferit leziuni \u00een zona spatelui, dar a reu\u0219it s\u0103 se deplaseze prin for\u021be proprii p\u00e2n\u0103 la domiciliu. De acolo, v\u00e2lceanul a solicitat sprijin prin num\u0103rul unic de urgen\u021b\u0103 112, la aproximativ o or\u0103 dup\u0103 producerea incidentului. La fa\u021ba locului a intervenit un echipaj al Serviciului de Ambulan\u021b\u0103 Jude\u021bean (SAJ) V\u00e2lcea, care i-a acordat primele \u00eengrijiri medicale. Ulterior, b\u0103rbatul a fost transportat la unitatea spitaliceasc\u0103 pentru investiga\u021bii suplimentare \u0219i tratament de specialitate.<\/p>\n<p><em>\u201eJandarmii montani v\u00e2lceni au activat imediat procedurile legale, inform\u00e2nd institu\u021biile cu atribu\u021bii \u00een gestionarea unor astfel de situa\u021bii. Echipaje de interven\u021bie s-au deplasat \u00een zona indicat\u0103 pentru verific\u0103ri \u0219i pentru a se asigura c\u0103 pericolul a fost \u00eendep\u0103rtat, \u00eens\u0103 animalul s\u0103lbatic nu a mai fost reperat \u00een proximitate. \u00cen perioada urm\u0103toare, patrul\u0103rile \u00een zon\u0103 vor fi intensificate pentru a preveni alte incidente \u0219i pentru a informa localnicii despre riscurile existente. Siguran\u021ba cet\u0103\u021benilor r\u0103m\u00e2ne prioritatea noastr\u0103 principal\u0103\u201d<\/em>, au anun\u021bat jandarmii v\u00e2lceni.<\/p>\n<p><strong>Recomand\u0103ri importante de la jandarmii v\u00e2lceni pentru cet\u0103\u021beni, \u00een cazul deplas\u0103rii \u00een zone \u00eemp\u0103durite:<\/strong><\/p>\n<p>\u2022 Evita\u021bi deplas\u0103rile individuale;<\/p>\n<p>\u2022 Nu v\u0103 apropia\u021bi de animalele s\u0103lbatice \u0219i nu \u00eencerca\u021bi s\u0103 le hr\u0103ni\u021bi;<\/p>\n<p>\u2022 Folosi\u021bi mijloace de avertizare sonor\u0103 pentru a v\u0103 semnala prezen\u021ba;<\/p>\n<p>\u2022 \u00cen cazul observ\u0103rii unui urs, p\u0103stra\u021bi distan\u021ba \u0219i apela\u021bi imediat num\u0103rul de urgen\u021b\u0103 112.<\/p>\n<p>[analyse_source url=&#8221;https:\/\/www.gazeta-valceana.ro\/anchetedezvaluri\/foto-video-valceanul-ranit-de-urs-in-aceasta-dimineata-s-a-dus-acasa-pe-picioarele-lui-dupa-o-ora\/&#8221;]<\/p>\n","protected":false},"excerpt":{"rendered":"<p>[analyse_image type=&#8221;featured&#8221; src=&#8221;https:\/\/www.gazeta-valceana.ro\/wp-content\/uploads\/2026\/03\/URS-Animal-Berislavesti-01.03.jpeg&#8221;] FOTO\/VIDEO. V\u00e2lceanul r\u0103nit de urs \u00een aceast\u0103 diminea\u021b\u0103 s-a dus acas\u0103 pe picioarele lui. Dup\u0103 o or\u0103\u2026 Anchete\/Dezv\u0103luriI 1 martie 2026 Ac\u021biune Facebook Twitter Pinterest WhatsApp \u00cen diminea\u021ba de duminic\u0103, 1 martie 2026, un b\u0103rbat \u00een v\u00e2rst\u0103 de 64 de ani a fost r\u0103nit de un urs \u00een timp ce se afla [&hellip;]<\/p>\n","protected":false},"author":1,"featured_media":0,"comment_status":"open","ping_status":"","sticky":false,"template":"","format":"standard","meta":{"footnotes":""},"categories":[89],"tags":[226,214],"class_list":["post-1800536","post","type-post","status-publish","format-standard","hentry","category-romania","tag-crawlmanager","tag-gazetavalceana-ro"],"_links":{"self":[{"href":"https:\/\/analyse.optim.biz\/index.php?rest_route=\/wp\/v2\/posts\/1800536","targetHints":{"allow":["GET"]}}],"collection":[{"href":"https:\/\/analyse.optim.biz\/index.php?rest_route=\/wp\/v2\/posts"}],"about":[{"href":"https:\/\/analyse.optim.biz\/index.php?rest_route=\/wp\/v2\/types\/post"}],"author":[{"embeddable":true,"href":"https:\/\/analyse.optim.biz\/index.php?rest_route=\/wp\/v2\/users\/1"}],"replies":[{"embeddable":true,"href":"https:\/\/analyse.optim.biz\/index.php?rest_route=%2Fwp%2Fv2%2Fcomments&post=1800536"}],"version-history":[{"count":0,"href":"https:\/\/analyse.optim.biz\/index.php?rest_route=\/wp\/v2\/posts\/1800536\/revisions"}],"wp:attachment":[{"href":"https:\/\/analyse.optim.biz\/index.php?rest_route=%2Fwp%2Fv2%2Fmedia&parent=1800536"}],"wp:term":[{"taxonomy":"category","embeddable":true,"href":"https:\/\/analyse.optim.biz\/index.php?rest_route=%2Fwp%2Fv2%2Fcategories&post=1800536"},{"taxonomy":"post_tag","embeddable":true,"href":"https:\/\/analyse.optim.biz\/index.php?rest_route=%2Fwp%2Fv2%2Ftags&post=1800536"}],"curies":[{"name":"wp","href":"https:\/\/api.w.org\/{rel}","templated":true}]}}