{"id":1800526,"date":"2026-03-01T10:46:01","date_gmt":"2026-03-01T07:46:01","guid":{"rendered":"https:\/\/analyse.optim.biz\/?p=1800526"},"modified":"2026-03-01T10:46:01","modified_gmt":"2026-03-01T07:46:01","slug":"conferintele-prepascale-2026-organizate-de-universitatea-de-vest-din-timisoara-in-parteneriat-cu-mitropolia-banatului","status":"publish","type":"post","link":"https:\/\/analyse.optim.biz\/?p=1800526","title":{"rendered":"\u201eConferin\u021bele Prepascale 2026\u201d, organizate de Universitatea de Vest din Timi\u0219oara \u00een parteneriat cu Mitropolia Banatului"},"content":{"rendered":"<p>[analyse_image type=&#8221;featured&#8221; src=&#8221;https:\/\/www.banatulazi.ro\/wp-content\/uploads\/2026\/03\/unnamed8.png&#8221;]<\/p>\n<div class=\"td_block_wrap tdb_single_content tdi_64 td-pb-border-top td_block_template_1 td-post-content tagdiv-type\" data-td-block-uid=\"tdi_64\">\n<div class=\"tdb-block-inner td-fix-index\">\n<p><strong>\u00cen 2026, Facultatea de Litere, Istorie, Filosofie \u0219i Teologie din cadrul Universit\u0103\u021bii de Vest din Timi\u0219oara (UVT) s\u0103rb\u0103tore\u0219te 70 de ani de la \u00eenfiin\u021bare. Facultatea marcheaz\u0103 momentul aniversar printr-o serie de ini\u021biative dedicate comunit\u0103\u021bii academice \u0219i publicului larg, propun\u00e2nd, pe tot parcursul anului, evenimente cu impact \u00een plan cultural \u0219i social. Prin aceste ini\u021biative, facultatea \u00ee\u0219i reafirm\u0103 deschiderea c\u0103tre comunitate \u0219i \u00ee\u0219i propune s\u0103 aduc\u0103 mai aproape de public rezultatele activit\u0103\u021bii sale academice, culturale \u0219i de cercetare.<\/strong><\/p>\n<p>Printre evenimentele acestui an se  num\u0103r\u0103 \u0219i \u201eConferin\u021bele Prepascale 2026\u201d, organizate \u00een parteneriat cu Mitropolia Banatului, cu binecuv\u00e2ntarea \u00cenaltpreasfin\u021bitului P\u0103rinte Arhiepiscop \u0219i Mitropolit Ioan Selejan.<\/p>\n<p>Conferin\u021bele reunesc invita\u021bi de marc\u0103 din mediul teologic \u0219i social \u0219i se desf\u0103\u0219oar\u0103 \u00een perioada 5 martie-2 aprilie 2026, abord\u00e2nd teme actuale \u0219i importante pentru \u00een\u021belegerea provoc\u0103rilor familiei cre\u0219tine contemporane, \u00een acord cu \u201eAnul omagial al pastora\u021biei familiei cre\u0219tine\u201d \u0219i \u201eAnul comemorativ al sfintelor femei din calendar\u201d, stabilite de Patriarhia Rom\u00e2n\u0103.<\/p>\n<p>Evenimentele sunt deschise publicului larg, iar participarea este gratuit\u0103.<\/p>\n<p>Programul conferin\u021belor:<\/p>\n<p>\u00b75 martie 2026, ora 18:00<br \/>\nIerom. lect. univ. dr. Rafael Pov\u00eernaru \u2013 \u201eFamilia ca icoan\u0103 pnevmatizat\u0103 prin iubire\u201d, Sala Rotond\u0103, str. Oituz nr. 4\/6<\/p>\n<p>\u00b711 martie 2026, ora 18:00<br \/>\nVirgiliu Gheorghe \u2013 \u201eCriza dragostei \u0219i criza familiei\u201d, Aula Magna, sediul central UVT, Bd. V. P\u00e2rvan nr. 4<\/p>\n<p>\u00b719 martie 2026, ora 18:00<br \/>\nPr. conf. univ. dr. Gavril Trifa \u2013 \u201eProvoc\u0103ri morale la adresa pastora\u021biei familiei\u201d, Sala Rotond\u0103, str. Oituz nr. 4\/6<\/p>\n<p>\u00b72 aprilie 2026, ora 18:00<br \/>\nPr. lect. univ. asoc. dr. Marius Ioana \u2013 \u201eViolen\u021ba domestic\u0103,\u201d Sala Rotond\u0103, str. Oituz nr. 4\/6.<\/p>\n<p>Prin aceast\u0103 prim\u0103 ini\u021biativ\u0103 din cadrul programului aniversar, Facultatea de Litere, Istorie, Filosofie \u0219i Teologie invit\u0103 publicul timi\u0219orean s\u0103 participe la evenimentele care vor continua pe parcursul \u00eentregului an.<br \/><a href=\"https:\/\/www.banatulazi.ro\/wp-content\/uploads\/2026\/03\/unnamed9.png\"><img loading=\"lazy\" decoding=\"async\" src=\"https:\/\/www.banatulazi.ro\/wp-content\/uploads\/2026\/03\/unnamed9-200x300.png\" alt width=\"200\" height=\"300\" class=\"alignnone size-medium wp-image-407821\"><\/a><\/p>\n<\/div>\n<\/div>\n<p>[analyse_source url=&#8221;https:\/\/www.banatulazi.ro\/conferintele-prepascale-2026-organizate-de-universitatea-de-vest-din-timisoara-in-parteneriat-cu-mitropolia-banatului\/&#8221;]<\/p>\n","protected":false},"excerpt":{"rendered":"<p>[analyse_image type=&#8221;featured&#8221; src=&#8221;https:\/\/www.banatulazi.ro\/wp-content\/uploads\/2026\/03\/unnamed8.png&#8221;] \u00cen 2026, Facultatea de Litere, Istorie, Filosofie \u0219i Teologie din cadrul Universit\u0103\u021bii de Vest din Timi\u0219oara (UVT) s\u0103rb\u0103tore\u0219te 70 de ani de la \u00eenfiin\u021bare. Facultatea marcheaz\u0103 momentul aniversar printr-o serie de ini\u021biative dedicate comunit\u0103\u021bii academice \u0219i publicului larg, propun\u00e2nd, pe tot parcursul anului, evenimente cu impact \u00een plan cultural \u0219i social. Prin [&hellip;]<\/p>\n","protected":false},"author":1,"featured_media":0,"comment_status":"open","ping_status":"","sticky":false,"template":"","format":"standard","meta":{"footnotes":""},"categories":[89],"tags":[185,226],"class_list":["post-1800526","post","type-post","status-publish","format-standard","hentry","category-romania","tag-banatulazi-ro","tag-crawlmanager"],"_links":{"self":[{"href":"https:\/\/analyse.optim.biz\/index.php?rest_route=\/wp\/v2\/posts\/1800526","targetHints":{"allow":["GET"]}}],"collection":[{"href":"https:\/\/analyse.optim.biz\/index.php?rest_route=\/wp\/v2\/posts"}],"about":[{"href":"https:\/\/analyse.optim.biz\/index.php?rest_route=\/wp\/v2\/types\/post"}],"author":[{"embeddable":true,"href":"https:\/\/analyse.optim.biz\/index.php?rest_route=\/wp\/v2\/users\/1"}],"replies":[{"embeddable":true,"href":"https:\/\/analyse.optim.biz\/index.php?rest_route=%2Fwp%2Fv2%2Fcomments&post=1800526"}],"version-history":[{"count":0,"href":"https:\/\/analyse.optim.biz\/index.php?rest_route=\/wp\/v2\/posts\/1800526\/revisions"}],"wp:attachment":[{"href":"https:\/\/analyse.optim.biz\/index.php?rest_route=%2Fwp%2Fv2%2Fmedia&parent=1800526"}],"wp:term":[{"taxonomy":"category","embeddable":true,"href":"https:\/\/analyse.optim.biz\/index.php?rest_route=%2Fwp%2Fv2%2Fcategories&post=1800526"},{"taxonomy":"post_tag","embeddable":true,"href":"https:\/\/analyse.optim.biz\/index.php?rest_route=%2Fwp%2Fv2%2Ftags&post=1800526"}],"curies":[{"name":"wp","href":"https:\/\/api.w.org\/{rel}","templated":true}]}}