{"id":1800114,"date":"2026-02-27T10:05:09","date_gmt":"2026-02-27T07:05:09","guid":{"rendered":"https:\/\/analyse.optim.biz\/?p=1800114"},"modified":"2026-02-27T10:05:09","modified_gmt":"2026-02-27T07:05:09","slug":"comunicat-din-partea-asociatiilor-de-locatari-timisoara","status":"publish","type":"post","link":"https:\/\/analyse.optim.biz\/?p=1800114","title":{"rendered":"Comunicat din partea ASOCIA\u0162IILOR DE LOCATARI TIMI\u015eOARA"},"content":{"rendered":"<p>[analyse_image type=&#8221;featured&#8221; src=&#8221;https:\/\/gazetadinvest.ro\/wp-content\/uploads\/2025\/01\/Reabilitare-blocuri-4-1.jpg&#8221;]<\/p>\n<div class=\"td-post-content tagdiv-type\">\n<div class=\"td-post-featured-image\"><a href=\"https:\/\/gazetadinvest.ro\/wp-content\/uploads\/2025\/01\/Reabilitare-blocuri-4-1.jpg\" data-caption><img loading=\"lazy\" decoding=\"async\" width=\"696\" height=\"522\" class=\"entry-thumb td-modal-image\" src=\"https:\/\/gazetadinvest.ro\/wp-content\/uploads\/2025\/01\/Reabilitare-blocuri-4-1-696x522.jpg\" alt title=\"Reabilitare blocuri 4 (1)\"><\/a><\/div>\n<p><strong>Sentin\u0163a civil\u0103 nr. 1\/1993 a Cur\u0163ii de Apel Timi\u015foara<\/strong><\/p>\n<p>Membr\u0103 a Ligii Asocia\u0163iilor de Proprietari HABITAT \u2013 Rom\u00e2nia, care este membr\u0103 IUT \u2013 International Union of Tenants<\/p>\n<p>Comunicat<\/p>\n<p>Federa\u021bia Asocia\u021biilor de Locatari Timi\u0219oara, Organiza\u021bie Nonguvernamental\u0103, care reprezint\u0103 interesele a peste 3552 de asocia\u021bii de locatari\/ proprietari din Timi\u0219oara, membr\u0103 a Ligii Asocia\u021biilor de Proprietari Habitat Rom\u00e2nia, face urm\u0103toarele preciz\u0103ri \u00een leg\u0103tur\u0103 cu acuza\u021biile care ni s-au adus, at\u00e2t la a\u0219a zisa dezbatere public\u0103, din data de 24.02.2026, c\u00e2t \u0219i \u00een plenul Consiliului Local din aceeia\u0219i dat\u0103.<\/p>\n<p>Prin solicitarea noastr\u0103 pentru dezbatere public\u0103, din data de 23.02.2026, nu am f\u0103cut altceva dec\u00e2t s\u0103 solicit\u0103m respectarea unui drept legal a\u0219a cum rezult\u0103 din extrasele din legea 52\/2003 referitoare la transparen\u021ba decizional\u0103, prezentate mai jos.<br \/>\nAm apelat la acest drept legal din dorin\u021ba de a contribui la \u00eembun\u0103t\u0103\u021birea acelui proiect, nu de a r\u0103pi din timpul unor func\u021bionari publici, a\u0219a cum doamna viceprimar, Paula Romoceanu a afirmat \u00een dezbaterea public\u0103.<\/p>\n<p>Legea 52\/2003 referitoare la transparen\u021ba decizional\u0103 prevede:<br \/>\nArt. 2:<br \/>\n\u2013 Principiile care stau la baza prezentei legi sunt urm\u0103toarele:<br \/>\n\u2013 b) consultarea cet\u0103\u0163enilor \u015fi a asocia\u0163iilor legal constituite, la ini\u0163iativa autorit\u0103\u0163ilor publice, \u00een procesul de elaborare a proiectelor de acte normative;<br \/>\nArt.3:<br \/>\ne) obliga\u0163ia de transparen\u0163\u0103 \u2013 obliga\u0163ia autorit\u0103\u0163ilor administra\u0163iei publice de a informa \u015fi de a supune dezbaterii publice proiectele de acte normative, de a permite accesul la luarea deciziilor administrative \u015fi la minutele \u015fedin\u0163elor publice;<br \/>\nArt.7:<br \/>\n(2) Anun\u0163ul referitor la elaborarea unui proiect de act normativ va fi adus la cuno\u015ftin\u0163a publicului, \u00een condi\u0163iile alin. (1), cu cel pu\u0163in 30 de zile lucr\u0103toare \u00eenainte de supunerea spre avizare de c\u0103tre autorit\u0103\u0163ile publice. Anun\u0163ul va cuprinde: data afi\u015f\u0103rii, o not\u0103 de fundamentare, o expunere de motive, un referat de aprobare privind necesitatea adopt\u0103rii actului normativ propus, un studiu de impact \u015fi\/sau de fezabilitate, dup\u0103 caz, textul complet al proiectului actului respectiv, precum \u015fi termenul limit\u0103, locul \u015fi modalitatea \u00een care cei interesa\u0163i pot trimite \u00een scris propuneri, sugestii, opinii cu valoare de recomandare privind proiectul de act normativ.<\/p>\n<p>(4) La publicarea anun\u0163ului, autoritatea administra\u0163iei publice va stabili o perioad\u0103 de cel pu\u0163in 10 zile calendaristice pentru proiectele de acte normative prev\u0103zute la alin. (2), pentru a primi \u00een scris propuneri, sugestii sau opinii cu privire la proiectul de act normativ supus dezbaterii publice.<\/p>\n<p>Proiectul de act normativ se transmite spre analiz\u0103 \u015fi avizare autorit\u0103\u0163ilor publice interesate numai dup\u0103 definitivare, pe baza observa\u0163iilor \u015fi propunerilor formulate potrivit alin. (4).<br \/>\n(9) Autoritatea public\u0103 \u00een cauz\u0103 este obligat\u0103 s\u0103 decid\u0103 organizarea unei \u00eent\u00e2lniri \u00een care s\u0103 se dezbat\u0103 public proiectul de act normativ, dac\u0103 acest lucru a fost cerut \u00een scris de c\u0103tre o asocia\u0163ie legal constituit\u0103 sau de c\u0103tre o alt\u0103 autoritate public\u0103.<br \/>\n(12) \u00cen toate cazurile \u00een care se organizeaz\u0103 dezbateri publice, acestea trebuie s\u0103 se desf\u0103\u015foare \u00een cel mult 10 zile calendaristice de la publicarea datei \u015fi locului unde urmeaz\u0103 s\u0103 fie organizate. Autoritatea public\u0103 \u00een cauz\u0103 trebuie s\u0103 analizeze toate recomand\u0103rile referitoare la proiectul de act normativ \u00een discu\u0163ie.<\/p>\n<p>Normele metodologice de aplicare a Legii nr. 52\/2003 privind transparen\u0163a decizional\u0103 \u00een administra\u0163ia public\u0103, din 27.06.2022:<\/p>\n<p>Art.6:<br \/>\n(1) Anun\u0163ul referitor la elaborarea unui proiect de act normativ sau, dup\u0103 caz, anun\u0163ul cu privire la desf\u0103\u015furarea \u015fedin\u0163ei publice se aduce la cuno\u015ftin\u0163a public\u0103 prin:<\/p>\n<p>f) transmiterea c\u0103tre organiza\u0163iile luate \u00een eviden\u0163\u0103 de autoritate sau institu\u0163ie \u00een condi\u0163iile art. 51 alin. (1) \u015fi ale art. 52 din Ordonan\u0163a Guvernului nr. 26\/2000, aprobat\u0103 cu modific\u0103ri \u015fi complet\u0103ri prin Legea nr. 246\/2005, cu modific\u0103rile \u015fi complet\u0103rile ulterioare.<br \/>\nArt.7:<br \/>\n(1) La solicitarea scris\u0103 a unei asocia\u0163ii legal constituite sau a altei autorit\u0103\u0163i publice, precum \u015fi la ini\u0163iativa autorit\u0103\u0163ii sau institu\u0163iei publice competente, se organizeaz\u0103 o \u00eent\u00e2lnire de dezbatere public\u0103 a proiectului de act normativ.<\/p>\n<p>(6) \u00cent\u00e2lnirea de dezbatere public\u0103 a proiectului de act normativ trebuie organizat\u0103 \u00een cel mult 10 zile calendaristice de la publicarea anun\u0163ului prev\u0103zut la alin. (3), cu men\u0163ionarea datei \u015fi a locului unde urmeaz\u0103 s\u0103 fie organizat\u0103, asigur\u00e2ndu-se un termen rezonabil \u00eentre data public\u0103rii anun\u0163ului \u015fi data \u00eent\u00e2lnirii de dezbatere public\u0103.<\/p>\n<p>\u00cen concluzie, se observ\u0103 c\u0103 legea prevede ni\u0219te drepturi pentru ONG-urile care solicit\u0103 o dezbatere public\u0103 \u0219i o obliga\u021bie pentru autorit\u0103\u021bile locale la alocarea unui termen rezonabil \u00eentre data public\u0103rii anun\u021bului \u0219i data \u00eent\u00e2lnirii de dezbatere public\u0103.<br \/>\nDin p\u0103cate noi am primit mail la ora 16,30, \u00een data de 23.02.2026 cu precizarea c\u0103 dezbaterea va avea loc \u00een data de 24.02.2026, ora 14, iar transmiterea de observa\u021bii s\u0103 se fac\u0103 p\u00e2n\u0103 la ora 11, ca \u0219i c\u00e2nd noi am sta tot timpul pe site-ul prim\u0103riei.<br \/>\nO consultare cu asocia\u021biile de proprietari, pentru a vedea \u0219i punctul lor de vedere, nu mai era posibil\u0103, motiv pentru care am cerut am\u00e2narea dezbaterii publice, lucru care nu s-a \u00eenteles de c\u0103tre doamna viceprimar.<br \/>\n\u00cen timpul scurt pe care l-am avut la dispozi\u021bie am putut constata c\u00e2teva probleme care nu erau corecte \u00een proiect din punct de vedere legal, sau alte probleme pe care proiectul nu le prevedea.<br \/>\nUna din prevederile care \u00eencalc\u0103 grav Legea 196\/2018 era modul prin care prim\u0103ria a prev\u0103zut intrarea \u00een program, pe baza unui tabel, care nu era prev\u0103zut \u00een lege pentru aceast\u0103 spe\u021b\u0103, ci pentru cu totul alt\u0103 spe\u021b\u0103, \u00eenc\u0103lc\u00e2nd prevederile legii 196\/2018.<br \/>\nLegea 196\/2018 prevede:<br \/>\nArt. 49 (4) Pentru situa\u021biile care vizeaz\u0103 numai proprietarii unui tronson sau ai unei sc\u0103ri, hot\u0103r\u00e2rile sunt luate prin acordul scris al majorit\u0103\u021bii proprietarilor sc\u0103rii sau tronsonului respectiv, membri ai asocia\u021biei de proprietari, pe baz\u0103 de tabel nominal.<br \/>\nArt. 50<br \/>\nAcordul de voin\u0163\u0103 al asocia\u0163iei de proprietari se realizeaz\u0103:<br \/>\na) \u00een adunarea general\u0103 a asocia\u0163iei de proprietari sau<br \/>\nb) \u00een baza declara\u0163iilor scrise \u015fi semnate ale fiec\u0103rui proprietar.<br \/>\nSe observ\u0103 c\u0103 cei care au scris proiectul nu au cunoscut legea, respectiv art. 50 litera a \u0219i litera b \u0219i nici art.49 al.4, au aplicat art.49 (4) \u00een loc de art.50 \u0219i nici cei care au semnat de legalitate, oficiul juridic,compartimentul asocia\u021bii de proprietari.<br \/>\nCu toate acestea nu s-au respectat prevederile art.6 alin.1 lit.f:<br \/>\nArt.6:<br \/>\n1) Anun\u0163ul referitor la elaborarea unui proiect de act normativ sau, dup\u0103 caz, anun\u0163ul cu privire la desf\u0103\u015furarea \u015fedin\u0163ei publice se aduce la cuno\u015ftin\u0163a public\u0103 prin:<br \/>\nf) transmiterea c\u0103tre organiza\u0163iile luate \u00een eviden\u0163\u0103 de autoritate sau institu\u0163ie \u00een condi\u0163iile art. 51 alin. (1) \u015fi ale art. 52 din Ordonan\u0163a Guvernului nr. 26\/2000, aprobat\u0103 cu modific\u0103ri \u015fi complet\u0103ri prin Legea nr. 246\/2005, cu modific\u0103rile \u015fi complet\u0103rile ulterioare.<br \/>\nMai grav este c\u0103 nu s-a respectat art.2 lit.b din lege, al c\u0103rui principiu prevede<br \/>\nInform\u0103m pe doamna viceprimar c\u0103 organiza\u021bia noastr\u0103 a fost \u00eenfiin\u021bat\u0103 \u00een anul 1993 \u0219i am fost lua\u021bi imediat \u00een eviden\u021b\u0103 de c\u0103tre Prim\u0103ria Timi\u0219oara.<br \/>\n\u2013 b) consultarea cet\u0103\u0163enilor \u015fi a asocia\u0163iilor legal constituite, la ini\u0163iativa autorit\u0103\u0163ilor publice, \u00een procesul de elaborare a proiectelor de acte normative; obliga\u021bie care nu s-a respectat.<br \/>\nAceste drepturi ale noastre nu au fost respectate.<br \/>\nLa dezbaterea public\u0103 doamna viceprimar a afirmat c\u0103 la acest proiect au contribuit doamna consilier Rodica Militaru \u0219i un ONG, f\u0103r\u0103 s\u0103 precizeze despre ce ONG este vorba.<br \/>\nNu \u0219tim dac\u0103 acel ONG avea calitatea s\u0103 prevad\u0103 obliga\u021bii pentru asocia\u021biile de proprietari, iar acesta s\u0103 se sustrag\u0103 de la orice obliga\u021bii.<br \/>\nDoamna viceprimar spune:\u2019\u2019 Am dat curs solicit\u0103rii de dezbatere\u2019\u2019- de parc\u0103 nu ar fi o obliga\u021bie legal\u0103, care oblig\u0103 autoritatea public\u0103 local\u0103 s\u0103 organizeze o dezbatere public\u0103 la solicitarea unei organiza\u021bii, legal constituite:<br \/>\nNormele metodologice de aplicare a Legii nr. 52\/2003 privind transparen\u0163a decizional\u0103 \u00een administra\u0163ia public\u0103, din 27.06.2022:<\/p>\n<p>Art.7:<br \/>\n(1) La solicitarea scris\u0103 a unei asocia\u0163ii legal constituite sau a altei autorit\u0103\u0163i publice, precum \u015fi la ini\u0163iativa autorit\u0103\u0163ii sau institu\u0163iei publice competente, se organizeaz\u0103 o \u00eent\u00e2lnire de dezbatere public\u0103 a proiectului de act normativ.<\/p>\n<p>D\u00e2nsa era sup\u0103rat\u0103, c\u0103 pierde timpul ca \u0219i c\u00e2nd noi am fi fost obliga\u021bi s\u0103 ne prefacem c\u0103 organiz\u0103m o dezbatere public\u0103 \u0219i s\u0103 se spun\u0103 c\u0103 la dezbatere am fi fost de acord cu acel proiect cu mari probleme de legalitate \u0219i cu foarte multe probleme neacoperite de prevederile din proiect.<br \/>\nSe insist\u0103 \u0219i ni se spune c\u0103 proiectul poate trece a\u0219a, iar ulterior s\u0103 se vin\u0103 cu modific\u0103ri, fapt confirmat \u0219i de minuta dezbaterii publice.<br \/>\nAcest argument nu putea fi acceptat din moment ce la pu\u021bin timp dup\u0103 adoptarea HCL117\/2024, proiect atacat \u00een contencios \u0219i ca urmare, anulate anumite articole, de\u0219i s-a solicitat modificarea lui \u00een plenul \u0219edin\u021bei de Consiliu Local, din data de 18.06.2024 , nici p\u00e2n\u0103 la ora actual\u0103 nu s-a dat curs, de\u0219i consilierii locali au fost de acord, \u00een unanimitate ca doamna consilier Rodica Militaru \u00eempreun\u0103 cu reprezentantul Federa\u021biei Asocia\u021biei de Locatari Timi\u0219oara s\u0103 vin\u0103 cu propuneri de modificare. De specificat c\u0103 tocmai doamna consilier Rodica Militaru a propus acest lucru \u0219i tocmai d\u00e2nsa nu s-a \u021binut de propria propunere.<br \/>\n\u00cen aceste condi\u021bii pl\u00e2ngerea prealabil\u0103 nu a fost aprobat\u0103.<br \/>\nConsecin\u021ba a fost c\u0103 cele dou\u0103 pl\u00e2ngeri prealabile au ajuns \u00een instan\u021b\u0103, prim\u0103ria a pierdut procesul \u00een instan\u021b\u0103 \u0219i a mai \u0219i pl\u0103tit cheltuieli de judecat\u0103, f\u0103r\u0103 ca cineva s\u0103 analizeze cine se face r\u0103spunz\u0103tor \u0219i s\u0103 se fie luate toate m\u0103surile de refacere a hot\u0103r\u00e2rii, nici m\u0103car a art.32 alin.3, anulat de instan\u021b\u0103, at\u00e2t la solicitarea prefectului, c\u00e2t \u0219i a celor dou\u0103 persoane care au f\u0103cut pl\u00e2ngerile.<br \/>\nDe fiecare dat\u0103 c\u00e2nd o parte din pres\u0103 a \u00eentrebat c\u00e2nd se va veni cu modificarea HCL, s-a venit cu afirma\u0163ia c\u0103 se va rezolva \u00een cur\u00e2nd.<br \/>\n\u00cen toamna anului 2025, FALT v\u0103z\u00e2nd c\u0103 nu se \u00eent\u00e2mpl\u0103 nimic, a solicitat sprijinul liderului de grup al USR , pentru onorarea promisiunii.<br \/>\nNi s-a promis \u015fi s-au desemnat doua doamne consilier, iar ulterior s-a al\u0103turat \u015fi doamna consilier Rodica Militaru dar, de\u015fi am lucrat pe draft de \u00eembun\u0103t\u0103\u0163ire timp de c\u00e2teva ore \u00een data de 27.01.2025 \u015fi am ajuns la o form\u0103 c\u00e2t mai acceptabil\u0103 , nici acum nu s-a ajuns la o propunere care s\u0103 intre \u00een plenul Consiliului Local, pentru c\u0103 se tot a\u015fteapt\u0103 un punct de vedere de la Poli\u0163ia Local\u0103, ca \u015fi c\u00e2nd Consiliul Local nu ar fi \u00eendrept\u0103\u0163it prin lege s\u0103 ia propriile hot\u0103r\u00e2ri .<br \/>\nDe men\u021bionat c\u0103 \u00een plenul Consiliului Local din 24.02.2026, doamna viceprimar a venit cu acuze la adresa FALT-ului de genul:<br \/>\n\u201d Modul \u00een care FALT a \u00een\u021beles s\u0103 piard\u0103 timpul a 6 oameni din prim\u0103ria Timi\u0219oara\u201d.<br \/>\n\u201dDomnul de la FALT ne-a pierdut timpul tuturor\u201d!!!<br \/>\nMereu se afirm\u0103 c\u0103 asocia\u021biile de proprietari nu sunt obligate s\u0103 intre \u00een acest proiect, dar prevederea din proiect era discre\u021bionar\u0103. Intrarea se face cu un tabel contrar Legii 196\/2018, iar ie\u0219irea era condi\u021bionat\u0103 de hot\u0103r\u00e2rea asocia\u021biei de proprietari.<br \/>\nAcest aspect, la interven\u021bia noastr\u0103 \u00een plen, a fost rezolvat, \u00een sensul c\u0103 doar adunarea general\u0103 poate decide intrarea, ie\u0219irea din proiect.<br \/>\nProiectul prevede obliga\u021bia asocia\u021biilor de proprietari de a monitoriza starea de s\u0103n\u0103tate a pisicilor, ca \u0219i cum asocia\u021biile de proprietari ar avea cuno\u0219tin\u021be medicale, \u00een loc s\u0103 treac\u0103 aceast\u0103 obliga\u021bie la ONG -urile care se ocup\u0103 de animale.<br \/>\nProiectul nu prevede distan\u021ba minim\u0103 la care se poate amplasa c\u0103su\u021ba pentru pisici fa\u021b\u0103 de geamurile locatarilor.<br \/>\nAspecte neclarificate \u00een ini\u021biativa de proiect:<br \/>\n-Nu este prev\u0103zut cum se procedeaz\u0103 c\u00e2nd e o curte interioar\u0103 delimitat\u0103 de mai multe blocuri.<br \/>\n-nu se precizeaz\u0103 o distan\u021b\u0103 minim\u0103 fa\u021b\u0103 de geamurile locuin\u021belor.<br \/>\n-Nu se prevede ca pisicile s\u0103 fie sterilizate \u0219i cipate, astfel \u00eenc\u00e2t s\u0103 rezulte c\u0103rei asocia\u021bii apar\u021bin.<br \/>\n-Nu se prevede ce se \u00eent\u00e2mpl\u0103 c\u00e2nd pisicile creeaz\u0103 probleme, cum ar fi: murd\u0103rirea ma\u0219inilor, cazuri \u00een care pisicile au intrat \u00een habitaclul ma\u0219inii, au murit, iar proprietarul s-a trezit c\u0103 are o mare problem\u0103 cu scosul \u0219i igienizarea ma\u0219inii, g\u0103l\u0103gie infernal\u0103 \u00een anumite perioade, distrugerea spa\u021biului verde, murd\u0103rirea trotuarelor etc.<br \/>\n-Cine r\u0103spunde de daunele provocate de pisici?<br \/>\n-Referitor la art. 5 din regulament, solicit\u0103m s\u0103 ni se spun\u0103, cum o asocia\u021bie de proprietari monitorizeaz\u0103 starea de s\u0103n\u0103tate a pisicilor, c\u00e2nd asocia\u021bia nu are cuno\u0219tin\u021be \u00een domeniul veterinar ?<br \/>\n-\u00cen regulament nu este prev\u0103zut cine asigur\u0103 o litier\u0103, pentru ca pisicile s\u0103-\u0219i fac\u0103 nevoile.<br \/>\n-De asemenea nu se precizeaz\u0103, unde se arunc\u0103 concret con\u021binutul litierei.<br \/>\nDe precizat c\u0103 procedura de intrare \u0219i ie\u0219ire din program a fost oarecum rezolvat\u0103, \u00een sensul c\u0103 doamna consilier Rodica Militaru a propus un amendament conform c\u0103ruia intrarea \u0219i iesirea din program se face conform hot\u0103r\u00e2rii adun\u0103rii generale.<br \/>\nFoarte important pentru asocia\u021biile de proprietari s\u0103 \u0219tie urm\u0103toarele aspecte:<\/p>\n<p>Art. 11 alin.1 din Legea 196\/2018, prevede:<br \/>\n(1) Asocia\u0163ia de proprietari este forma juridic\u0103 de organizare \u015fi de reprezentare a intereselor comune ale proprietarilor dintr-un condominiu, cu personalitate juridic\u0103, f\u0103r\u0103 scop lucrativ, \u00eenfiin\u0163at\u0103 \u00een condi\u0163iile prezentei legi, care are ca scop administrarea, exploatarea, \u00eentre\u0163inerea, repararea, reabilitarea \u015fi modernizarea propriet\u0103\u0163ii comune, men\u0163inerea \u00een stare bun\u0103 a imobilului, respectarea drepturilor \u015fi asumarea obliga\u0163iilor de c\u0103tre to\u0163i proprietarii.<br \/>\nCei care au propus proiectul \u0219i cei care l-au votat nu cunosc prevederile legale referitoare la asocia\u021biile de proprietari.<br \/>\nConcret, asocia\u021bia de proprietari se ocup\u0103 de administrarea condominiului \u0219i nicidecum de administrarea pisicilor de pe domeniul public.<br \/>\nAceast\u0103 activitate nu poate fi gestionat\u0103 prin asocia\u021bie, dec\u00e2t dac\u0103 to\u021bi membri asocia\u021biei decid \u00een acest sens.<br \/>\nActivitatea presupune cheltuieli noi, care nu sunt prev\u0103zute \u00een categoria de cheltuieli prev\u0103zute la art.75 din Legea 196\/2018.<br \/>\nAceste cheltuieli nu pot fi impuse proprietarilor care nu sunt de acord cu aceast\u0103 activitate, ele trebuie suportate de cei care s-au angajat \u00een acest proiect.<br \/>\nLa fel nici sanc\u021biunile nu pot fi aplicate asociatiei de proprietari, ci celor care s-au angajat \u00een nume propriu.<br \/>\nOrice hot\u0103r\u00e2re a adun\u0103rii generale de acest gen, care nu este aprobat\u0103 de to\u021bi proprietarii, poate fi atacat\u0103 \u00een instan\u021b\u0103, \u00eentruc\u00e2t aceast\u0103 activitate de \u00eengrijire, hran\u0103, monitorizare stare de s\u0103n\u0103tate nu face obiectul asociatiei de proprietari.<br \/>\nProprietarii abia \u00ee\u0219i mai achit\u0103 cheltuielile care sunt foarte mari, dar\u0103mite s\u0103 mai suporte \u0219i costuri suplimentare.<br \/>\nPe l\u00e2ng\u0103 costurile cu hrana, monitorizarea, mai apar costuri cu personalul de cur\u0103\u021benie, administrator, pre\u0219edinte \u0219i ca atare ace\u0219tia vor solicita s\u0103 fie pl\u0103ti\u021bi \u00een plus.<br \/>\nDac\u0103 se dore\u0219te s\u0103 se organizeze o astfel de activitate, ea trebuie s\u0103 se fac\u0103 prin grupuri de voluntari, a\u0219a cum se face \u00een alte \u021b\u0103ri.<br \/>\nDac\u0103 ONG de protec\u021bia animalelor doresc cu adev\u0103rat protec\u021bia acestora atunci ei ar trebui s\u0103 se ocupe de aceast\u0103 activitate,nu asocia\u021biile de proprietari.<br \/>\nDac\u0103 unele asocia\u021bii de proprietari accept\u0103 s\u0103 se \u00eenroleze \u00eentr-o astfel de activitate f\u0103r\u0103 s\u0103 \u00ee\u0219i dea seama de consecin\u021be, se pot trezi cu procese \u00een instan\u021b\u0103, cu o mare problem\u0103 de a pierde \u0219i vor angaja cheltuieli cu avoca\u021bi care p\u00e2n\u0103 la urm\u0103 vor trebui s\u0103 le suporte aceeia care au luat o astfel de decizie.<br \/>\nO dat\u0103 ce pisicile vor avea suficient\u0103 m\u00e2ncare nu se vor lua m\u0103suri de sterilizare, num\u0103rul lor va cre\u0219te foarte mult.<br \/>\n\u00cen locurile \u00een care vor fi c\u0103su\u021be vor ap\u0103rea \u0219i c\u00e2ini, din nou probleme.<\/p>\n<p><strong>Cu deosebit\u0103 considera\u0163ie, \u00cemputernicit Comitet Director, Olariu Petru<\/strong><\/p>\n<\/div>\n<div class=\"td-post-content tagdiv-type\">\n<div class=\"td-post-featured-image\"><a href=\"https:\/\/gazetadinvest.ro\/wp-content\/uploads\/2025\/01\/Reabilitare-blocuri-4-1.jpg\" data-caption><img loading=\"lazy\" decoding=\"async\" width=\"696\" height=\"522\" class=\"entry-thumb td-modal-image\" src=\"https:\/\/gazetadinvest.ro\/wp-content\/uploads\/2025\/01\/Reabilitare-blocuri-4-1-696x522.jpg\" alt title=\"Reabilitare blocuri 4 (1)\"><\/a><\/div>\n<p><strong>Sentin\u0163a civil\u0103 nr. 1\/1993 a Cur\u0163ii de Apel Timi\u015foara<\/strong><\/p>\n<p>Membr\u0103 a Ligii Asocia\u0163iilor de Proprietari HABITAT \u2013 Rom\u00e2nia, care este membr\u0103 IUT \u2013 International Union of Tenants<\/p>\n<p>Comunicat<\/p>\n<p>Federa\u021bia Asocia\u021biilor de Locatari Timi\u0219oara, Organiza\u021bie Nonguvernamental\u0103, care reprezint\u0103 interesele a peste 3552 de asocia\u021bii de locatari\/ proprietari din Timi\u0219oara, membr\u0103 a Ligii Asocia\u021biilor de Proprietari Habitat Rom\u00e2nia, face urm\u0103toarele preciz\u0103ri \u00een leg\u0103tur\u0103 cu acuza\u021biile care ni s-au adus, at\u00e2t la a\u0219a zisa dezbatere public\u0103, din data de 24.02.2026, c\u00e2t \u0219i \u00een plenul Consiliului Local din aceeia\u0219i dat\u0103.<\/p>\n<p>Prin solicitarea noastr\u0103 pentru dezbatere public\u0103, din data de 23.02.2026, nu am f\u0103cut altceva dec\u00e2t s\u0103 solicit\u0103m respectarea unui drept legal a\u0219a cum rezult\u0103 din extrasele din legea 52\/2003 referitoare la transparen\u021ba decizional\u0103, prezentate mai jos.<br \/>\nAm apelat la acest drept legal din dorin\u021ba de a contribui la \u00eembun\u0103t\u0103\u021birea acelui proiect, nu de a r\u0103pi din timpul unor func\u021bionari publici, a\u0219a cum doamna viceprimar, Paula Romoceanu a afirmat \u00een dezbaterea public\u0103.<\/p>\n<p>Legea 52\/2003 referitoare la transparen\u021ba decizional\u0103 prevede:<br \/>\nArt. 2:<br \/>\n\u2013 Principiile care stau la baza prezentei legi sunt urm\u0103toarele:<br \/>\n\u2013 b) consultarea cet\u0103\u0163enilor \u015fi a asocia\u0163iilor legal constituite, la ini\u0163iativa autorit\u0103\u0163ilor publice, \u00een procesul de elaborare a proiectelor de acte normative;<br \/>\nArt.3:<br \/>\ne) obliga\u0163ia de transparen\u0163\u0103 \u2013 obliga\u0163ia autorit\u0103\u0163ilor administra\u0163iei publice de a informa \u015fi de a supune dezbaterii publice proiectele de acte normative, de a permite accesul la luarea deciziilor administrative \u015fi la minutele \u015fedin\u0163elor publice;<br \/>\nArt.7:<br \/>\n(2) Anun\u0163ul referitor la elaborarea unui proiect de act normativ va fi adus la cuno\u015ftin\u0163a publicului, \u00een condi\u0163iile alin. (1), cu cel pu\u0163in 30 de zile lucr\u0103toare \u00eenainte de supunerea spre avizare de c\u0103tre autorit\u0103\u0163ile publice. Anun\u0163ul va cuprinde: data afi\u015f\u0103rii, o not\u0103 de fundamentare, o expunere de motive, un referat de aprobare privind necesitatea adopt\u0103rii actului normativ propus, un studiu de impact \u015fi\/sau de fezabilitate, dup\u0103 caz, textul complet al proiectului actului respectiv, precum \u015fi termenul limit\u0103, locul \u015fi modalitatea \u00een care cei interesa\u0163i pot trimite \u00een scris propuneri, sugestii, opinii cu valoare de recomandare privind proiectul de act normativ.<\/p>\n<p>(4) La publicarea anun\u0163ului, autoritatea administra\u0163iei publice va stabili o perioad\u0103 de cel pu\u0163in 10 zile calendaristice pentru proiectele de acte normative prev\u0103zute la alin. (2), pentru a primi \u00een scris propuneri, sugestii sau opinii cu privire la proiectul de act normativ supus dezbaterii publice.<\/p>\n<p>Proiectul de act normativ se transmite spre analiz\u0103 \u015fi avizare autorit\u0103\u0163ilor publice interesate numai dup\u0103 definitivare, pe baza observa\u0163iilor \u015fi propunerilor formulate potrivit alin. (4).<br \/>\n(9) Autoritatea public\u0103 \u00een cauz\u0103 este obligat\u0103 s\u0103 decid\u0103 organizarea unei \u00eent\u00e2lniri \u00een care s\u0103 se dezbat\u0103 public proiectul de act normativ, dac\u0103 acest lucru a fost cerut \u00een scris de c\u0103tre o asocia\u0163ie legal constituit\u0103 sau de c\u0103tre o alt\u0103 autoritate public\u0103.<br \/>\n(12) \u00cen toate cazurile \u00een care se organizeaz\u0103 dezbateri publice, acestea trebuie s\u0103 se desf\u0103\u015foare \u00een cel mult 10 zile calendaristice de la publicarea datei \u015fi locului unde urmeaz\u0103 s\u0103 fie organizate. Autoritatea public\u0103 \u00een cauz\u0103 trebuie s\u0103 analizeze toate recomand\u0103rile referitoare la proiectul de act normativ \u00een discu\u0163ie.<\/p>\n<p>Normele metodologice de aplicare a Legii nr. 52\/2003 privind transparen\u0163a decizional\u0103 \u00een administra\u0163ia public\u0103, din 27.06.2022:<\/p>\n<p>Art.6:<br \/>\n(1) Anun\u0163ul referitor la elaborarea unui proiect de act normativ sau, dup\u0103 caz, anun\u0163ul cu privire la desf\u0103\u015furarea \u015fedin\u0163ei publice se aduce la cuno\u015ftin\u0163a public\u0103 prin:<\/p>\n<p>f) transmiterea c\u0103tre organiza\u0163iile luate \u00een eviden\u0163\u0103 de autoritate sau institu\u0163ie \u00een condi\u0163iile art. 51 alin. (1) \u015fi ale art. 52 din Ordonan\u0163a Guvernului nr. 26\/2000, aprobat\u0103 cu modific\u0103ri \u015fi complet\u0103ri prin Legea nr. 246\/2005, cu modific\u0103rile \u015fi complet\u0103rile ulterioare.<br \/>\nArt.7:<br \/>\n(1) La solicitarea scris\u0103 a unei asocia\u0163ii legal constituite sau a altei autorit\u0103\u0163i publice, precum \u015fi la ini\u0163iativa autorit\u0103\u0163ii sau institu\u0163iei publice competente, se organizeaz\u0103 o \u00eent\u00e2lnire de dezbatere public\u0103 a proiectului de act normativ.<\/p>\n<p>(6) \u00cent\u00e2lnirea de dezbatere public\u0103 a proiectului de act normativ trebuie organizat\u0103 \u00een cel mult 10 zile calendaristice de la publicarea anun\u0163ului prev\u0103zut la alin. (3), cu men\u0163ionarea datei \u015fi a locului unde urmeaz\u0103 s\u0103 fie organizat\u0103, asigur\u00e2ndu-se un termen rezonabil \u00eentre data public\u0103rii anun\u0163ului \u015fi data \u00eent\u00e2lnirii de dezbatere public\u0103.<\/p>\n<p>\u00cen concluzie, se observ\u0103 c\u0103 legea prevede ni\u0219te drepturi pentru ONG-urile care solicit\u0103 o dezbatere public\u0103 \u0219i o obliga\u021bie pentru autorit\u0103\u021bile locale la alocarea unui termen rezonabil \u00eentre data public\u0103rii anun\u021bului \u0219i data \u00eent\u00e2lnirii de dezbatere public\u0103.<br \/>\nDin p\u0103cate noi am primit mail la ora 16,30, \u00een data de 23.02.2026 cu precizarea c\u0103 dezbaterea va avea loc \u00een data de 24.02.2026, ora 14, iar transmiterea de observa\u021bii s\u0103 se fac\u0103 p\u00e2n\u0103 la ora 11, ca \u0219i c\u00e2nd noi am sta tot timpul pe site-ul prim\u0103riei.<br \/>\nO consultare cu asocia\u021biile de proprietari, pentru a vedea \u0219i punctul lor de vedere, nu mai era posibil\u0103, motiv pentru care am cerut am\u00e2narea dezbaterii publice, lucru care nu s-a \u00eenteles de c\u0103tre doamna viceprimar.<br \/>\n\u00cen timpul scurt pe care l-am avut la dispozi\u021bie am putut constata c\u00e2teva probleme care nu erau corecte \u00een proiect din punct de vedere legal, sau alte probleme pe care proiectul nu le prevedea.<br \/>\nUna din prevederile care \u00eencalc\u0103 grav Legea 196\/2018 era modul prin care prim\u0103ria a prev\u0103zut intrarea \u00een program, pe baza unui tabel, care nu era prev\u0103zut \u00een lege pentru aceast\u0103 spe\u021b\u0103, ci pentru cu totul alt\u0103 spe\u021b\u0103, \u00eenc\u0103lc\u00e2nd prevederile legii 196\/2018.<br \/>\nLegea 196\/2018 prevede:<br \/>\nArt. 49 (4) Pentru situa\u021biile care vizeaz\u0103 numai proprietarii unui tronson sau ai unei sc\u0103ri, hot\u0103r\u00e2rile sunt luate prin acordul scris al majorit\u0103\u021bii proprietarilor sc\u0103rii sau tronsonului respectiv, membri ai asocia\u021biei de proprietari, pe baz\u0103 de tabel nominal.<br \/>\nArt. 50<br \/>\nAcordul de voin\u0163\u0103 al asocia\u0163iei de proprietari se realizeaz\u0103:<br \/>\na) \u00een adunarea general\u0103 a asocia\u0163iei de proprietari sau<br \/>\nb) \u00een baza declara\u0163iilor scrise \u015fi semnate ale fiec\u0103rui proprietar.<br \/>\nSe observ\u0103 c\u0103 cei care au scris proiectul nu au cunoscut legea, respectiv art. 50 litera a \u0219i litera b \u0219i nici art.49 al.4, au aplicat art.49 (4) \u00een loc de art.50 \u0219i nici cei care au semnat de legalitate, oficiul juridic,compartimentul asocia\u021bii de proprietari.<br \/>\nCu toate acestea nu s-au respectat prevederile art.6 alin.1 lit.f:<br \/>\nArt.6:<br \/>\n1) Anun\u0163ul referitor la elaborarea unui proiect de act normativ sau, dup\u0103 caz, anun\u0163ul cu privire la desf\u0103\u015furarea \u015fedin\u0163ei publice se aduce la cuno\u015ftin\u0163a public\u0103 prin:<br \/>\nf) transmiterea c\u0103tre organiza\u0163iile luate \u00een eviden\u0163\u0103 de autoritate sau institu\u0163ie \u00een condi\u0163iile art. 51 alin. (1) \u015fi ale art. 52 din Ordonan\u0163a Guvernului nr. 26\/2000, aprobat\u0103 cu modific\u0103ri \u015fi complet\u0103ri prin Legea nr. 246\/2005, cu modific\u0103rile \u015fi complet\u0103rile ulterioare.<br \/>\nMai grav este c\u0103 nu s-a respectat art.2 lit.b din lege, al c\u0103rui principiu prevede<br \/>\nInform\u0103m pe doamna viceprimar c\u0103 organiza\u021bia noastr\u0103 a fost \u00eenfiin\u021bat\u0103 \u00een anul 1993 \u0219i am fost lua\u021bi imediat \u00een eviden\u021b\u0103 de c\u0103tre Prim\u0103ria Timi\u0219oara.<br \/>\n\u2013 b) consultarea cet\u0103\u0163enilor \u015fi a asocia\u0163iilor legal constituite, la ini\u0163iativa autorit\u0103\u0163ilor publice, \u00een procesul de elaborare a proiectelor de acte normative; obliga\u021bie care nu s-a respectat.<br \/>\nAceste drepturi ale noastre nu au fost respectate.<br \/>\nLa dezbaterea public\u0103 doamna viceprimar a afirmat c\u0103 la acest proiect au contribuit doamna consilier Rodica Militaru \u0219i un ONG, f\u0103r\u0103 s\u0103 precizeze despre ce ONG este vorba.<br \/>\nNu \u0219tim dac\u0103 acel ONG avea calitatea s\u0103 prevad\u0103 obliga\u021bii pentru asocia\u021biile de proprietari, iar acesta s\u0103 se sustrag\u0103 de la orice obliga\u021bii.<br \/>\nDoamna viceprimar spune:\u2019\u2019 Am dat curs solicit\u0103rii de dezbatere\u2019\u2019- de parc\u0103 nu ar fi o obliga\u021bie legal\u0103, care oblig\u0103 autoritatea public\u0103 local\u0103 s\u0103 organizeze o dezbatere public\u0103 la solicitarea unei organiza\u021bii, legal constituite:<br \/>\nNormele metodologice de aplicare a Legii nr. 52\/2003 privind transparen\u0163a decizional\u0103 \u00een administra\u0163ia public\u0103, din 27.06.2022:<\/p>\n<p>Art.7:<br \/>\n(1) La solicitarea scris\u0103 a unei asocia\u0163ii legal constituite sau a altei autorit\u0103\u0163i publice, precum \u015fi la ini\u0163iativa autorit\u0103\u0163ii sau institu\u0163iei publice competente, se organizeaz\u0103 o \u00eent\u00e2lnire de dezbatere public\u0103 a proiectului de act normativ.<\/p>\n<p>D\u00e2nsa era sup\u0103rat\u0103, c\u0103 pierde timpul ca \u0219i c\u00e2nd noi am fi fost obliga\u021bi s\u0103 ne prefacem c\u0103 organiz\u0103m o dezbatere public\u0103 \u0219i s\u0103 se spun\u0103 c\u0103 la dezbatere am fi fost de acord cu acel proiect cu mari probleme de legalitate \u0219i cu foarte multe probleme neacoperite de prevederile din proiect.<br \/>\nSe insist\u0103 \u0219i ni se spune c\u0103 proiectul poate trece a\u0219a, iar ulterior s\u0103 se vin\u0103 cu modific\u0103ri, fapt confirmat \u0219i de minuta dezbaterii publice.<br \/>\nAcest argument nu putea fi acceptat din moment ce la pu\u021bin timp dup\u0103 adoptarea HCL117\/2024, proiect atacat \u00een contencios \u0219i ca urmare, anulate anumite articole, de\u0219i s-a solicitat modificarea lui \u00een plenul \u0219edin\u021bei de Consiliu Local, din data de 18.06.2024 , nici p\u00e2n\u0103 la ora actual\u0103 nu s-a dat curs, de\u0219i consilierii locali au fost de acord, \u00een unanimitate ca doamna consilier Rodica Militaru \u00eempreun\u0103 cu reprezentantul Federa\u021biei Asocia\u021biei de Locatari Timi\u0219oara s\u0103 vin\u0103 cu propuneri de modificare. De specificat c\u0103 tocmai doamna consilier Rodica Militaru a propus acest lucru \u0219i tocmai d\u00e2nsa nu s-a \u021binut de propria propunere.<br \/>\n\u00cen aceste condi\u021bii pl\u00e2ngerea prealabil\u0103 nu a fost aprobat\u0103.<br \/>\nConsecin\u021ba a fost c\u0103 cele dou\u0103 pl\u00e2ngeri prealabile au ajuns \u00een instan\u021b\u0103, prim\u0103ria a pierdut procesul \u00een instan\u021b\u0103 \u0219i a mai \u0219i pl\u0103tit cheltuieli de judecat\u0103, f\u0103r\u0103 ca cineva s\u0103 analizeze cine se face r\u0103spunz\u0103tor \u0219i s\u0103 se fie luate toate m\u0103surile de refacere a hot\u0103r\u00e2rii, nici m\u0103car a art.32 alin.3, anulat de instan\u021b\u0103, at\u00e2t la solicitarea prefectului, c\u00e2t \u0219i a celor dou\u0103 persoane care au f\u0103cut pl\u00e2ngerile.<br \/>\nDe fiecare dat\u0103 c\u00e2nd o parte din pres\u0103 a \u00eentrebat c\u00e2nd se va veni cu modificarea HCL, s-a venit cu afirma\u0163ia c\u0103 se va rezolva \u00een cur\u00e2nd.<br \/>\n\u00cen toamna anului 2025, FALT v\u0103z\u00e2nd c\u0103 nu se \u00eent\u00e2mpl\u0103 nimic, a solicitat sprijinul liderului de grup al USR , pentru onorarea promisiunii.<br \/>\nNi s-a promis \u015fi s-au desemnat doua doamne consilier, iar ulterior s-a al\u0103turat \u015fi doamna consilier Rodica Militaru dar, de\u015fi am lucrat pe draft de \u00eembun\u0103t\u0103\u0163ire timp de c\u00e2teva ore \u00een data de 27.01.2025 \u015fi am ajuns la o form\u0103 c\u00e2t mai acceptabil\u0103 , nici acum nu s-a ajuns la o propunere care s\u0103 intre \u00een plenul Consiliului Local, pentru c\u0103 se tot a\u015fteapt\u0103 un punct de vedere de la Poli\u0163ia Local\u0103, ca \u015fi c\u00e2nd Consiliul Local nu ar fi \u00eendrept\u0103\u0163it prin lege s\u0103 ia propriile hot\u0103r\u00e2ri .<br \/>\nDe men\u021bionat c\u0103 \u00een plenul Consiliului Local din 24.02.2026, doamna viceprimar a venit cu acuze la adresa FALT-ului de genul:<br \/>\n\u201d Modul \u00een care FALT a \u00een\u021beles s\u0103 piard\u0103 timpul a 6 oameni din prim\u0103ria Timi\u0219oara\u201d.<br \/>\n\u201dDomnul de la FALT ne-a pierdut timpul tuturor\u201d!!!<br \/>\nMereu se afirm\u0103 c\u0103 asocia\u021biile de proprietari nu sunt obligate s\u0103 intre \u00een acest proiect, dar prevederea din proiect era discre\u021bionar\u0103. Intrarea se face cu un tabel contrar Legii 196\/2018, iar ie\u0219irea era condi\u021bionat\u0103 de hot\u0103r\u00e2rea asocia\u021biei de proprietari.<br \/>\nAcest aspect, la interven\u021bia noastr\u0103 \u00een plen, a fost rezolvat, \u00een sensul c\u0103 doar adunarea general\u0103 poate decide intrarea, ie\u0219irea din proiect.<br \/>\nProiectul prevede obliga\u021bia asocia\u021biilor de proprietari de a monitoriza starea de s\u0103n\u0103tate a pisicilor, ca \u0219i cum asocia\u021biile de proprietari ar avea cuno\u0219tin\u021be medicale, \u00een loc s\u0103 treac\u0103 aceast\u0103 obliga\u021bie la ONG -urile care se ocup\u0103 de animale.<br \/>\nProiectul nu prevede distan\u021ba minim\u0103 la care se poate amplasa c\u0103su\u021ba pentru pisici fa\u021b\u0103 de geamurile locatarilor.<br \/>\nAspecte neclarificate \u00een ini\u021biativa de proiect:<br \/>\n-Nu este prev\u0103zut cum se procedeaz\u0103 c\u00e2nd e o curte interioar\u0103 delimitat\u0103 de mai multe blocuri.<br \/>\n-nu se precizeaz\u0103 o distan\u021b\u0103 minim\u0103 fa\u021b\u0103 de geamurile locuin\u021belor.<br \/>\n-Nu se prevede ca pisicile s\u0103 fie sterilizate \u0219i cipate, astfel \u00eenc\u00e2t s\u0103 rezulte c\u0103rei asocia\u021bii apar\u021bin.<br \/>\n-Nu se prevede ce se \u00eent\u00e2mpl\u0103 c\u00e2nd pisicile creeaz\u0103 probleme, cum ar fi: murd\u0103rirea ma\u0219inilor, cazuri \u00een care pisicile au intrat \u00een habitaclul ma\u0219inii, au murit, iar proprietarul s-a trezit c\u0103 are o mare problem\u0103 cu scosul \u0219i igienizarea ma\u0219inii, g\u0103l\u0103gie infernal\u0103 \u00een anumite perioade, distrugerea spa\u021biului verde, murd\u0103rirea trotuarelor etc.<br \/>\n-Cine r\u0103spunde de daunele provocate de pisici?<br \/>\n-Referitor la art. 5 din regulament, solicit\u0103m s\u0103 ni se spun\u0103, cum o asocia\u021bie de proprietari monitorizeaz\u0103 starea de s\u0103n\u0103tate a pisicilor, c\u00e2nd asocia\u021bia nu are cuno\u0219tin\u021be \u00een domeniul veterinar ?<br \/>\n-\u00cen regulament nu este prev\u0103zut cine asigur\u0103 o litier\u0103, pentru ca pisicile s\u0103-\u0219i fac\u0103 nevoile.<br \/>\n-De asemenea nu se precizeaz\u0103, unde se arunc\u0103 concret con\u021binutul litierei.<br \/>\nDe precizat c\u0103 procedura de intrare \u0219i ie\u0219ire din program a fost oarecum rezolvat\u0103, \u00een sensul c\u0103 doamna consilier Rodica Militaru a propus un amendament conform c\u0103ruia intrarea \u0219i iesirea din program se face conform hot\u0103r\u00e2rii adun\u0103rii generale.<br \/>\nFoarte important pentru asocia\u021biile de proprietari s\u0103 \u0219tie urm\u0103toarele aspecte:<\/p>\n<p>Art. 11 alin.1 din Legea 196\/2018, prevede:<br \/>\n(1) Asocia\u0163ia de proprietari este forma juridic\u0103 de organizare \u015fi de reprezentare a intereselor comune ale proprietarilor dintr-un condominiu, cu personalitate juridic\u0103, f\u0103r\u0103 scop lucrativ, \u00eenfiin\u0163at\u0103 \u00een condi\u0163iile prezentei legi, care are ca scop administrarea, exploatarea, \u00eentre\u0163inerea, repararea, reabilitarea \u015fi modernizarea propriet\u0103\u0163ii comune, men\u0163inerea \u00een stare bun\u0103 a imobilului, respectarea drepturilor \u015fi asumarea obliga\u0163iilor de c\u0103tre to\u0163i proprietarii.<br \/>\nCei care au propus proiectul \u0219i cei care l-au votat nu cunosc prevederile legale referitoare la asocia\u021biile de proprietari.<br \/>\nConcret, asocia\u021bia de proprietari se ocup\u0103 de administrarea condominiului \u0219i nicidecum de administrarea pisicilor de pe domeniul public.<br \/>\nAceast\u0103 activitate nu poate fi gestionat\u0103 prin asocia\u021bie, dec\u00e2t dac\u0103 to\u021bi membri asocia\u021biei decid \u00een acest sens.<br \/>\nActivitatea presupune cheltuieli noi, care nu sunt prev\u0103zute \u00een categoria de cheltuieli prev\u0103zute la art.75 din Legea 196\/2018.<br \/>\nAceste cheltuieli nu pot fi impuse proprietarilor care nu sunt de acord cu aceast\u0103 activitate, ele trebuie suportate de cei care s-au angajat \u00een acest proiect.<br \/>\nLa fel nici sanc\u021biunile nu pot fi aplicate asociatiei de proprietari, ci celor care s-au angajat \u00een nume propriu.<br \/>\nOrice hot\u0103r\u00e2re a adun\u0103rii generale de acest gen, care nu este aprobat\u0103 de to\u021bi proprietarii, poate fi atacat\u0103 \u00een instan\u021b\u0103, \u00eentruc\u00e2t aceast\u0103 activitate de \u00eengrijire, hran\u0103, monitorizare stare de s\u0103n\u0103tate nu face obiectul asociatiei de proprietari.<br \/>\nProprietarii abia \u00ee\u0219i mai achit\u0103 cheltuielile care sunt foarte mari, dar\u0103mite s\u0103 mai suporte \u0219i costuri suplimentare.<br \/>\nPe l\u00e2ng\u0103 costurile cu hrana, monitorizarea, mai apar costuri cu personalul de cur\u0103\u021benie, administrator, pre\u0219edinte \u0219i ca atare ace\u0219tia vor solicita s\u0103 fie pl\u0103ti\u021bi \u00een plus.<br \/>\nDac\u0103 se dore\u0219te s\u0103 se organizeze o astfel de activitate, ea trebuie s\u0103 se fac\u0103 prin grupuri de voluntari, a\u0219a cum se face \u00een alte \u021b\u0103ri.<br \/>\nDac\u0103 ONG de protec\u021bia animalelor doresc cu adev\u0103rat protec\u021bia acestora atunci ei ar trebui s\u0103 se ocupe de aceast\u0103 activitate,nu asocia\u021biile de proprietari.<br \/>\nDac\u0103 unele asocia\u021bii de proprietari accept\u0103 s\u0103 se \u00eenroleze \u00eentr-o astfel de activitate f\u0103r\u0103 s\u0103 \u00ee\u0219i dea seama de consecin\u021be, se pot trezi cu procese \u00een instan\u021b\u0103, cu o mare problem\u0103 de a pierde \u0219i vor angaja cheltuieli cu avoca\u021bi care p\u00e2n\u0103 la urm\u0103 vor trebui s\u0103 le suporte aceeia care au luat o astfel de decizie.<br \/>\nO dat\u0103 ce pisicile vor avea suficient\u0103 m\u00e2ncare nu se vor lua m\u0103suri de sterilizare, num\u0103rul lor va cre\u0219te foarte mult.<br \/>\n\u00cen locurile \u00een care vor fi c\u0103su\u021be vor ap\u0103rea \u0219i c\u00e2ini, din nou probleme.<\/p>\n<p><strong>Cu deosebit\u0103 considera\u0163ie, \u00cemputernicit Comitet Director, Olariu Petru<\/strong><\/p>\n<\/div>\n<p>[analyse_source url=&#8221;https:\/\/gazetadinvest.ro\/comunicat-din-partea-asociatiilor-de-locatari-timisoara\/&#8221;]<\/p>\n","protected":false},"excerpt":{"rendered":"<p>[analyse_image type=&#8221;featured&#8221; src=&#8221;https:\/\/gazetadinvest.ro\/wp-content\/uploads\/2025\/01\/Reabilitare-blocuri-4-1.jpg&#8221;] Sentin\u0163a civil\u0103 nr. 1\/1993 a Cur\u0163ii de Apel Timi\u015foara Membr\u0103 a Ligii Asocia\u0163iilor de Proprietari HABITAT \u2013 Rom\u00e2nia, care este membr\u0103 IUT \u2013 International Union of Tenants Comunicat Federa\u021bia Asocia\u021biilor de Locatari Timi\u0219oara, Organiza\u021bie Nonguvernamental\u0103, care reprezint\u0103 interesele a peste 3552 de asocia\u021bii de locatari\/ proprietari din Timi\u0219oara, membr\u0103 a Ligii Asocia\u021biilor [&hellip;]<\/p>\n","protected":false},"author":1,"featured_media":0,"comment_status":"open","ping_status":"","sticky":false,"template":"","format":"standard","meta":{"footnotes":""},"categories":[89],"tags":[226,203],"class_list":["post-1800114","post","type-post","status-publish","format-standard","hentry","category-romania","tag-crawlmanager","tag-gazetadinvest-ro"],"_links":{"self":[{"href":"https:\/\/analyse.optim.biz\/index.php?rest_route=\/wp\/v2\/posts\/1800114","targetHints":{"allow":["GET"]}}],"collection":[{"href":"https:\/\/analyse.optim.biz\/index.php?rest_route=\/wp\/v2\/posts"}],"about":[{"href":"https:\/\/analyse.optim.biz\/index.php?rest_route=\/wp\/v2\/types\/post"}],"author":[{"embeddable":true,"href":"https:\/\/analyse.optim.biz\/index.php?rest_route=\/wp\/v2\/users\/1"}],"replies":[{"embeddable":true,"href":"https:\/\/analyse.optim.biz\/index.php?rest_route=%2Fwp%2Fv2%2Fcomments&post=1800114"}],"version-history":[{"count":0,"href":"https:\/\/analyse.optim.biz\/index.php?rest_route=\/wp\/v2\/posts\/1800114\/revisions"}],"wp:attachment":[{"href":"https:\/\/analyse.optim.biz\/index.php?rest_route=%2Fwp%2Fv2%2Fmedia&parent=1800114"}],"wp:term":[{"taxonomy":"category","embeddable":true,"href":"https:\/\/analyse.optim.biz\/index.php?rest_route=%2Fwp%2Fv2%2Fcategories&post=1800114"},{"taxonomy":"post_tag","embeddable":true,"href":"https:\/\/analyse.optim.biz\/index.php?rest_route=%2Fwp%2Fv2%2Ftags&post=1800114"}],"curies":[{"name":"wp","href":"https:\/\/api.w.org\/{rel}","templated":true}]}}