{"id":180005,"date":"2015-06-09T16:27:41","date_gmt":"2015-06-09T13:27:41","guid":{"rendered":"https:\/\/analyse.optim.biz\/?p=180005"},"modified":"2015-06-09T16:27:41","modified_gmt":"2015-06-09T13:27:41","slug":"calin-popescu-tariceanu-imunitatea-parlamentarilor-nu-este-un-privilegiu-este-in-beneficiul-cetatenilor","status":"publish","type":"post","link":"https:\/\/analyse.optim.biz\/?p=180005","title":{"rendered":"C\u0103lin Popescu T\u0103riceanu: Imunitatea parlamentarilor nu este un privilegiu, este \u00een beneficiul cet\u0103\u0163enilor"},"content":{"rendered":"<div class=\"entry data-app-meta data-app-meta-article\" data-embed-base-url-canonical=\"https:\/\/www.digi24.ro\/embed\/stiri\/actualitate\/politica\/calin-popescu-tariceanu-imunitatea-parlamentarilor-nu-este-un-privilegiu-este-in-beneficiul-cetatenilor-401998\">\n<p data-index=\"1\"><img decoding=\"async\" src=\"https:\/\/analyse.optim.biz\/wp-content\/uploads\/2024\/09\/mmq0nme4zjk0mmqzmzfhywyzyzi5nguyymu-thumb_.jpg\" data-skip-htmlfix=\"1\" title=\"mmq0nme4zjk0mmqzmzfhywyzyzi5nguyymu-thumb_\">\u00a0\u00a0<\/p>\n<p data-index=\"2\">\u201e<span><span><em><strong>Imunitatea parlamentarilor nu este un privilegiu, fiind, \u00een final, \u00een beneficiul cet\u0103\u0163enilor<\/strong><\/em><\/span>\u201d, a\u0219a a comentat <strong>C\u0103lin Popescu T\u0103riceanu<\/strong> votul de mar\u021bi din Camera Deputa\u0163ilor, referitor la solicitarea DNA privind \u00eenceperea urm\u0103ririi penale a premierului\u00a0Victor Ponta.<\/span><\/p>\n<p data-index=\"3\">\u201e<em>Este dreptul constitu\u0163ional al Parlamentului s\u0103 decid\u0103 \u00een cazul unor astfel de solicit\u0103ri din partea justi\u0163iei pentru c\u0103 \u00een spa\u0163iul public nu o singur\u0103 dat\u0103 \u00een ultima vreme \u015fi ast\u0103zi am v\u0103zut diverse comentarii legate de imunitate. Imunitatea nu este un privilegiu, imunitatea care este acordat\u0103 parlamentarilor este, \u00een final, \u00een beneficiul cet\u0103\u0163enilor pentru c\u0103 cei care sunt \u00een Parlament au obliga\u0163ia \u015fi responsabilitatea s\u0103 reprezinte interesele cet\u0103\u0163enilor \u00een Parlament, prin urmare, \u00een momentul \u00een care unui parlamentar i se ridic\u0103 imunitatea, nu este el, \u00een primul r\u00e2nd cel care este afectat, ci cet\u0103\u0163enii care sunt lipsi\u0163i de reprezentarea necesar\u0103<\/em>\u201d, a declarat <strong>C\u0103lin Popescu T\u0103riceanu<\/strong>.<\/p>\n<p data-index=\"4\">Cu aceast\u0103 declara\u021bie, pre\u0219edintele Senatului \u00eel contrazice pe Victor Ponta. Premierul refuz\u0103, f\u0103r\u0103 prea multe explica\u0163ii, s\u0103 organizeze alegeri par\u0163iale pentru mai multe consilii jude\u0163ene, prim\u0103rii \u015fi pentru locurile r\u0103mase libere \u00een Parlament.<\/p>\n<p data-index=\"5\"><a href=\"https:\/\/www.digi24.ro\/Stiri\/Digi24\/Actualitate\/Politica\/Victor+Ponta+lege+alegeri+partiale+declaratii+2012+Emil+Boc\" data-skip-linkfix=\"1\">Victor Ponta a spus luna trecut\u0103<\/a> c\u0103 va respecta legea doar dac\u0103 \u00eel oblig\u0103 o instan\u0163\u0103. \u00cen urm\u0103 cu trei ani, c\u00e2nd PSD era \u00een Opozi\u0163ie, actualul prim-ministru \u00eel amenin\u0163a pe Emil Boc c\u0103 \u00eel d\u0103 \u00een judecat\u0103 pentru c\u0103 nu organizeaz\u0103 alegeri par\u0163iale \u00een mai multe colegii.<\/p>\n<p data-index=\"6\">De asemenea, tot ast\u0103zi, T\u0103riceanu, a mai spus c\u0103 \u00ee\u015fi men\u0163ine <a href=\"https:\/\/www.digi24.ro\/Stiri\/Digi24\/Actualitate\/Politica\/C+P+Tariceanu+a+propus+o+comisie+pentru+evaluarea+democratiei\" data-skip-linkfix=\"1\">inten\u0163ia de formare a unei comisii de evaluare a democra\u0163iei \u015fi a statului de drept de c\u0103tre Parlament<\/a>, a c\u0103rei finalitate este formularea de recomand\u0103ri de modificare a legisla\u0163iei, iar propunerea scris\u0103 urmeaz\u0103 s\u0103 fie trimis\u0103 \u015fi pre\u015fedintelui Camerei Deputa\u0163ilor,Valeriu Zgonea.<\/p>\n<p data-index=\"7\">Comisia juridic\u0103 a Camerei Deputa\u0163ilor a respins, luni, cu 18 voturi &#8220;\u00eempotriv\u0103&#8221;, 7 &#8220;pentru&#8221; \u015fi o ab\u0163inere, solicitarea DNA privind \u00eenceperea urm\u0103ririi penale a premierului Victor Ponta \u015fi pentru infrac\u0163iunea de conflict de interese. Raportul Comisiei Juridice a Camerei Deputa\u0163ilor a fost dezb\u0103tut mar\u0163i, \u00een \u015fedin\u0163a de plen a Camerei.<\/p>\n<p data-index=\"8\">Din totalul de 387 de deputa\u0163i, la \u015fedin\u0163a de mar\u0163i au fost prezen\u0163i 351, num\u0103rul voturilor valabil exprimate fiind acela\u015fi. Din voturile valabil exprimate, 231 au fost pentru &#8220;proiectul de hot\u0103r\u00e2re privind respingerea cererii de \u00eencepere a urm\u0103ririi penale&#8221; a lui Victor Ponta , iar 120 de voturi au fost &#8220;\u00eempotriv\u0103&#8221;.<\/p>\n<p data-index=\"9\">\u00centruc\u00e2t s-a \u00eentrunit majoritatea simpl\u0103, <a href=\"https:\/\/www.digi24.ro\/Stiri\/Digi24\/Actualitate\/Politica\/VOT+PLEN+PARLAMENT+IMUNITATE+VICTOR+PONTA\" data-skip-linkfix=\"1\">decizia Camerei Deputa\u0163ilor a fost de respingere a \u00eenceperii urm\u0103ririi penale pentru \u015feful Guvernului<\/a>.<\/p>\n<p data-index=\"10\">\u00cen urma votului din plenul Camerei Deputa\u0163ilor, <a href=\"https:\/\/www.digi24.ro\/Stiri\/Digi24\/Actualitate\/Politica\/Reactia+lui+Klaus+Iohannis+dupa+votul+din+Parlament+in+cazul+lui\" data-skip-linkfix=\"1\">pre\u015fedintele\u00a0Klaus Iohannis\u00a0i-a cerut din nou demisia premierului Victor Ponta<\/a>. \u00centr-o declara\u0163ie transmis\u0103 de Administra\u0163ia Preziden\u0163ial\u0103 la scurt timp de la votul din Camera Deputa\u0163ilor, pre\u015fedintele Klaus Iohannis spune c\u0103 Parlamentul nu ar trebui s\u0103 obstruc\u0163ioneze actul de justi\u0163ie \u015fi c\u0103 regret\u0103 c\u0103 ast\u0103zi coali\u0163ia de guvernare a impus o decizie \u00een sens contrar \u015fi s-a transformat \u00eentr-un scut de protec\u0163ie pentru Victor Ponta.<\/p>\n<\/div>\n<p> Source URL: https:\/\/www.digi24.ro\/stiri\/actualitate\/politica\/calin-popescu-tariceanu-imunitatea-parlamentarilor-nu-este-un-privilegiu-este-in-beneficiul-cetatenilor-401998<\/p>\n","protected":false},"excerpt":{"rendered":"<p>\u00a0\u00a0 \u201eImunitatea parlamentarilor nu este un privilegiu, fiind, \u00een final, \u00een beneficiul cet\u0103\u0163enilor\u201d, a\u0219a a comentat C\u0103lin Popescu T\u0103riceanu votul de mar\u021bi din Camera Deputa\u0163ilor, referitor la solicitarea DNA privind \u00eenceperea urm\u0103ririi penale a premierului\u00a0Victor Ponta. \u201eEste dreptul constitu\u0163ional al Parlamentului s\u0103 decid\u0103 \u00een cazul unor astfel de solicit\u0103ri din partea justi\u0163iei pentru c\u0103 \u00een [&hellip;]<\/p>\n","protected":false},"author":1,"featured_media":180006,"comment_status":"open","ping_status":"","sticky":false,"template":"","format":"standard","meta":{"footnotes":""},"categories":[2],"tags":[11],"class_list":["post-180005","post","type-post","status-publish","format-standard","has-post-thumbnail","hentry","category-politics","tag-digi24"],"_links":{"self":[{"href":"https:\/\/analyse.optim.biz\/index.php?rest_route=\/wp\/v2\/posts\/180005","targetHints":{"allow":["GET"]}}],"collection":[{"href":"https:\/\/analyse.optim.biz\/index.php?rest_route=\/wp\/v2\/posts"}],"about":[{"href":"https:\/\/analyse.optim.biz\/index.php?rest_route=\/wp\/v2\/types\/post"}],"author":[{"embeddable":true,"href":"https:\/\/analyse.optim.biz\/index.php?rest_route=\/wp\/v2\/users\/1"}],"replies":[{"embeddable":true,"href":"https:\/\/analyse.optim.biz\/index.php?rest_route=%2Fwp%2Fv2%2Fcomments&post=180005"}],"version-history":[{"count":0,"href":"https:\/\/analyse.optim.biz\/index.php?rest_route=\/wp\/v2\/posts\/180005\/revisions"}],"wp:featuredmedia":[{"embeddable":true,"href":"https:\/\/analyse.optim.biz\/index.php?rest_route=\/wp\/v2\/media\/180006"}],"wp:attachment":[{"href":"https:\/\/analyse.optim.biz\/index.php?rest_route=%2Fwp%2Fv2%2Fmedia&parent=180005"}],"wp:term":[{"taxonomy":"category","embeddable":true,"href":"https:\/\/analyse.optim.biz\/index.php?rest_route=%2Fwp%2Fv2%2Fcategories&post=180005"},{"taxonomy":"post_tag","embeddable":true,"href":"https:\/\/analyse.optim.biz\/index.php?rest_route=%2Fwp%2Fv2%2Ftags&post=180005"}],"curies":[{"name":"wp","href":"https:\/\/api.w.org\/{rel}","templated":true}]}}