{"id":179994,"date":"2015-06-09T17:34:04","date_gmt":"2015-06-09T14:34:04","guid":{"rendered":"https:\/\/analyse.optim.biz\/?p=179994"},"modified":"2015-06-09T17:34:04","modified_gmt":"2015-06-09T14:34:04","slug":"klaus-iohannis-am-cazut-cu-totii-de-acord-ca-problema-defrisarilor-ilegale-tine-de-securitatea-nationala","status":"publish","type":"post","link":"https:\/\/analyse.optim.biz\/?p=179994","title":{"rendered":"Klaus Iohannis: Am c\u0103zut cu to\u021bii de acord c\u0103\u00a0problema defri\u0219\u0103rilor ilegale \u021bine de securitatea na\u021bional\u0103"},"content":{"rendered":"<div class=\"entry data-app-meta data-app-meta-article\" data-embed-base-url-canonical=\"https:\/\/www.digi24.ro\/embed\/stiri\/actualitate\/politica\/klaus-iohannis-am-cazut-cu-totii-de-acord-ca-problema-defrisarilor-ilegale-tine-de-securitatea-nationala-402036\">\n<h5><span><span>Declara\u021biile pre\u0219edintelui Klaus Iohannis:<\/span><\/span><\/h5>\n<p data-index=\"1\">-Referitor la \u0219edin\u021ba CSAT, primul punct de pe ordinea de zi a fost Strategia Na\u021bional\u0103 de Ap\u0103rare a \u021a\u0103rii, pe care am intitulat-o \u201eO Rom\u00e2nie puternic\u0103 \u00een Europa \u0219i \u00een lume\u201d. Am g\u00e2ndit aceast\u0103 strategie ca pe un document integrator, care ofer\u0103 o viziune \u0219i o direc\u021bie \u00een materie de securitate na\u021bional\u0103.<\/p>\n<p data-index=\"2\">-Viziunea mea este a unei Rom\u00e2nii puternice \u00een Europa \u0219i \u00een lume, asta \u00eensemn\u00e2nd pentru mine cel pu\u021bin trei lucruri: un stat care \u00ee\u0219i ap\u0103r\u0103 cet\u0103\u021benii oriunde s-ar afla ei; o \u021bar\u0103 care \u00ee\u0219i ap\u0103r\u0103 valorile, interesele, simbolurile, dar \u0219i bunurile na\u021bionale \u0219i resursele naturale, care \u0219tie s\u0103-\u0219i protejeze patrimoniul, domeniile de excelen\u021b\u0103, care pune prioritate pe educa\u021bie \u0219i pe s\u0103n\u0103tate; \u0219i, \u00een al treilea r\u00e2nd, un stat care contribuie la men\u021binerea securit\u0103\u021bii colective al\u0103turi de partenerii ei \u0219i la promovarea democra\u021biei \u0219i libert\u0103\u021bii.<\/p>\n<p data-index=\"3\">-Toate acestea presupun din partea noastr\u0103 continuitate \u00een angajamente \u0219i predictibilitate \u00een ac\u021biuni. Continuitatea \u0219i predictibilitatea ne fac o \u021bar\u0103 credibil\u0103 \u0219i o resurs\u0103 de \u00eencredere \u00eentr-o regiune foarte complicat\u0103. <\/p>\n<p data-index=\"4\">-\u00cen aceast\u0103 construc\u021bie, evident Parteneriatul Strategic cu Statele Unite ale Americii, apartenen\u021ba la NATO, apartenen\u021ba la UE sunt toate reafirmate ca piloni ai politicii noastre externe \u0219i de securitate.<\/p>\n<p data-index=\"5\">-Una dintre principalele nout\u0103\u021bi aduse de aceast\u0103 Strategie este conceptul de Securitate Na\u021bional\u0103 Extins\u0103. Securitatea na\u021bional\u0103 nu este privit\u0103 doar prin perspectiva ap\u0103r\u0103rii, ci prin evaluarea aspectelor care \u021bin de ordine public\u0103, economie, infrastructur\u0103, educa\u021bie, s\u0103n\u0103tate, mediu, cultur\u0103, fiindc\u0103 toate acestea au un un impact asupra securit\u0103\u021bii na\u021bionale.<\/p>\n<p data-index=\"6\">-Membrii CSAT au decis promovarea Strategiei Na\u021bionale de Ap\u0103rare a \u021a\u0103rii c\u0103tre Parlamentul Rom\u00e2niei pentru aprobarea acesteia \u00een \u0219edin\u021b\u0103 comun\u0103.\u00a0<\/p>\n<p data-index=\"7\">-Au fost foarte multe subiecte pe ordinea de zi, vreau s\u0103 men\u021bionez \u00een continuare doar c\u00e2teva.<\/p>\n<p data-index=\"8\">-Am c\u0103zut cu to\u021bii de acord c\u0103 problema defri\u0219\u0103rilor ilegale \u021bine de securitatea na\u021bional\u0103 \u0219i c\u0103 se impune s-o urm\u0103rim cu aten\u021bie la cel mai \u00eenalt nivel. CSAT a decis \u00een acest sens ca Guvernul s\u0103 ia m\u0103suri pentru schimbarea actului normativ, astfel \u00eenc\u00e2t s\u0103 existe o legisla\u021bie coerent\u0103, clar\u0103 \u0219i riguroas\u0103, care s\u0103 nu mai permit\u0103 efectuarea acestui fenomen. <\/p>\n<p data-index=\"9\">-Totodat\u0103, Consiliul a hot\u0103r\u00e2t ca Ministerul Mediului, Apelor \u0219i P\u0103durilor, \u00eempreun\u0103 cu celelalte institu\u021bii responsabile \u00een domeniu, s\u0103 \u00eentreprind\u0103 m\u0103surile necesare pentru identificarea terenurilor agricole degradate \u0219i poten\u021bial poluate, care pot face obiectul \u00eemp\u0103duririlor \u0219i s\u0103 stabileasc\u0103 m\u0103suri complete pentru monitorizarea \u0219i controlul activit\u0103\u021bilor de angajament, \u00eemp\u0103durire \u0219i exploatare a fondului forestier, precum \u0219i pentru stimularea produc\u021biei interne de produse finite.<\/p>\n<p data-index=\"10\">-CSAT a aprobat ast\u0103zi For\u021bele Armate al Rom\u00e2niei care pot fi puse la dispozi\u021bie pentru participarea la misiuni \u0219i opera\u021bii \u00een afara teritoriului Statului Rom\u00e2n \u00een anul 2016. <\/p>\n<p data-index=\"11\">-Un alt punct pe ordiea de zi l-a constituit analiza \u0219i aprobarea planului cadru pentru continuarea procesului de restructurare \u0219i modernizare a Armatei Rom\u00e2niei \u00een anul 2015 \u00een scopul realiz\u0103rii unei capacit\u0103\u021bi de reac\u021bie adecvat\u0103 misiunilor stabilite prin planurile de ap\u0103rare strategic\u0103, na\u021bional\u0103 \u0219i\/sau ale Alian\u021bei.<\/p>\n<p data-index=\"12\">-\u00cen acela\u0219i context, membrii Consiliului au aprobat programul privind transformarea, dezvoltarea \u0219i \u00eenzestrarea Armatei Rom\u00e2ne p\u00e2n\u0103 \u00een anul 2027 \u0219i \u00een perspectiv\u0103. <\/p>\n<p data-index=\"13\">-Membrii Consiliului au fost informa\u021bi \u0219i cu privire la activit\u0103\u021bile ce privesc preg\u0103tirea Consiliului European din iunie 2015, pe dimensiunea politicii de securitate \u0219i ap\u0103rare comun\u0103.<\/p>\n<p data-index=\"14\">-\u00cen acest context, am decis ca Rom\u00e2nia s\u0103 pledeze pentru ini\u021bierea la Consiliul European a procesului de redactare a unei noi strategii europene de securitate. \u00a0 \u00a0 \u00a0<\/p>\n<hr>\n<p data-index=\"15\">Este de a\u0219teptat ca pre\u0219edintele Klaus Iohannis s\u0103 anun\u021be deciziile luate \u00een \u0219edin\u021ba CSAT de ast\u0103zi, dar \u0219i s\u0103 vorbeasc\u0103 despre votul din Parlament \u00een ceea ce-l prive\u0219te pe premierul Victor Ponta.<\/p>\n<p data-index=\"16\">Defri\u015f\u0103rile ilegale ale fondului forestier na\u0163ional reprezint\u0103 una dintre temele care au fost discutate, mar\u0163i, la \u015fedin\u0163a CSAT, alte subiecte viz\u00e2nd Strategia Na\u0163ional\u0103 de Ap\u0103rare a \u0162\u0103rii, evolu\u0163iile din Ucraina \u0219i \u201eRepublica Moldova \u00een noua ecua\u0163ie regional\u0103\u201d.<\/p>\n<p data-index=\"17\"><a href=\"https:\/\/www.digi24.ro\/Stiri\/Digi24\/Actualitate\/Politica\/SEDINTA+CSAT+9+IUNIE+2015+DEFRISARI+AVIOANE+MULTIROL\" data-skip-linkfix=\"1\">\u015eedin\u0163a CSAT<\/a> a avut loc la o zi dup\u0103 consult\u0103rile pe care pre\u015fedintele le-a convocat pe tema Strategiei Na\u0163ionale de Ap\u0103rare a \u0162\u0103rii.<\/p>\n<p data-index=\"18\">Tot a<span>st\u0103zi,\u00a0<\/span><a href=\"https:\/\/www.digi24.ro\/Stiri\/Digi24\/Actualitate\/Politica\/VOT+PLEN+PARLAMENT+IMUNITATE+VICTOR+PONTA\" data-skip-linkfix=\"1\">premierul Victor Ponta a fost salvat prin votul deputa\u0163ilor de \u00eenceperea urm\u0103ririi penale pentru conflict de interese<\/a><span>. Cu sus\u0163inerea UDMR \u015fi cu mobilizarea ale\u015filor majorit\u0103\u0163ii, rezultatul a fost zdrobitor \u00een favoarea men\u0163inerii imunit\u0103\u0163ii. A fost pentru prima dat\u0103 c\u00e2nd procurorii au cerut aviz pentru punerea sub acuzare a unui premier \u00een func\u0163ie.<\/span><\/p>\n<\/div>\n<p> Source URL: https:\/\/www.digi24.ro\/stiri\/actualitate\/politica\/klaus-iohannis-am-cazut-cu-totii-de-acord-ca-problema-defrisarilor-ilegale-tine-de-securitatea-nationala-402036<\/p>\n","protected":false},"excerpt":{"rendered":"<p>Declara\u021biile pre\u0219edintelui Klaus Iohannis: -Referitor la \u0219edin\u021ba CSAT, primul punct de pe ordinea de zi a fost Strategia Na\u021bional\u0103 de Ap\u0103rare a \u021a\u0103rii, pe care am intitulat-o \u201eO Rom\u00e2nie puternic\u0103 \u00een Europa \u0219i \u00een lume\u201d. Am g\u00e2ndit aceast\u0103 strategie ca pe un document integrator, care ofer\u0103 o viziune \u0219i o direc\u021bie \u00een materie de securitate [&hellip;]<\/p>\n","protected":false},"author":1,"featured_media":179995,"comment_status":"open","ping_status":"","sticky":false,"template":"","format":"standard","meta":{"footnotes":""},"categories":[2],"tags":[11],"class_list":["post-179994","post","type-post","status-publish","format-standard","has-post-thumbnail","hentry","category-politics","tag-digi24"],"_links":{"self":[{"href":"https:\/\/analyse.optim.biz\/index.php?rest_route=\/wp\/v2\/posts\/179994","targetHints":{"allow":["GET"]}}],"collection":[{"href":"https:\/\/analyse.optim.biz\/index.php?rest_route=\/wp\/v2\/posts"}],"about":[{"href":"https:\/\/analyse.optim.biz\/index.php?rest_route=\/wp\/v2\/types\/post"}],"author":[{"embeddable":true,"href":"https:\/\/analyse.optim.biz\/index.php?rest_route=\/wp\/v2\/users\/1"}],"replies":[{"embeddable":true,"href":"https:\/\/analyse.optim.biz\/index.php?rest_route=%2Fwp%2Fv2%2Fcomments&post=179994"}],"version-history":[{"count":0,"href":"https:\/\/analyse.optim.biz\/index.php?rest_route=\/wp\/v2\/posts\/179994\/revisions"}],"wp:featuredmedia":[{"embeddable":true,"href":"https:\/\/analyse.optim.biz\/index.php?rest_route=\/wp\/v2\/media\/179995"}],"wp:attachment":[{"href":"https:\/\/analyse.optim.biz\/index.php?rest_route=%2Fwp%2Fv2%2Fmedia&parent=179994"}],"wp:term":[{"taxonomy":"category","embeddable":true,"href":"https:\/\/analyse.optim.biz\/index.php?rest_route=%2Fwp%2Fv2%2Fcategories&post=179994"},{"taxonomy":"post_tag","embeddable":true,"href":"https:\/\/analyse.optim.biz\/index.php?rest_route=%2Fwp%2Fv2%2Ftags&post=179994"}],"curies":[{"name":"wp","href":"https:\/\/api.w.org\/{rel}","templated":true}]}}