{"id":1799860,"date":"2026-02-27T06:45:57","date_gmt":"2026-02-27T03:45:57","guid":{"rendered":"https:\/\/analyse.optim.biz\/?p=1799860"},"modified":"2026-02-27T06:45:57","modified_gmt":"2026-02-27T03:45:57","slug":"casa-de-cultura-a-studentilor-din-suceava-intampina-sezonul-de-primavara-cu-un-concert-de-pian-si-chitara","status":"publish","type":"post","link":"https:\/\/analyse.optim.biz\/?p=1799860","title":{"rendered":"Casa de Cultur\u0103 a Studen\u021bilor din Suceava \u00eent\u00e2mpin\u0103 sezonul de prim\u0103var\u0103\u00a0cu un concert de pian \u0219i chitar\u0103 &#8211;"},"content":{"rendered":"<p>[analyse_image type=&#8221;featured&#8221; src=&#8221;https:\/\/suceavalive.ro\/wp-content\/uploads\/2026\/02\/Eveniment-2-martie1.jpghttps:\/\/suceavalive.ro\/wp-content\/uploads\/2026\/02\/Eveniment-2-martie1.jpg&#8221;]<\/p>\n<article id=\"post-288113\" class=\"clearfix post-288113 post type-post status-publish format-standard has-post-thumbnail hentry category-slide category-categoria-social\">\n<header id=\"cb-standard-featured\">\n<div id=\"cb-fis-wrap\" class=\"cb-entry-header cb-fis cb-style-standard\"><span class=\"cb-title-fi\"><\/p>\n<h1 class=\"entry-title cb-entry-title cb-single-title\">Casa de Cultur\u0103 a Studen\u021bilor din Suceava \u00eent\u00e2mpin\u0103 sezonul de prim\u0103var\u0103\u00a0cu un concert de pian \u0219i chitar\u0103<\/h1>\n<div class=\"cb-byline cb-font-header\">\n<div class=\"cb-date cb-byline-element\"><time datetime=\"2026-02-27\">27 februarie 2026<\/time><\/div>\n<\/div>\n<p><\/span><\/div>\n<\/header>\n<section class=\"cb-entry-content entry-content clearfix\">\n<p><span>Casa de Cultur\u0103 a Studen\u021bilor Suceava anun\u021b\u0103 continuarea programului cultural prin organizarea unui concert de pian \u0219i chitar\u0103, care va avea loc luni, 2 martie, de la ora 19:00, \u00een Auditoriumul \u201eJoseph Schmidt\u201d. Evenimentul deschide sezonul de prim\u0103var\u0103 \u0219i \u00ee\u0219i propune s\u0103 aduc\u0103 \u00een aten\u021bia publicului muzica instrumental\u0103, printr-un repertoriu variat, interpretat de studen\u021bi \u0219i cadre didactice ale universit\u0103\u021bii.<\/span><\/p>\n<p><span>Programul serii \u00eei va reuni pe:<\/span><\/p>\n<ul>\n<li><span>Bianca Victoria Mari\u021b \u2013 pian (student)<\/span><\/li>\n<li><span>Iulian Pentelei Ciuc \u2013 pian (student)<\/span><\/li>\n<li><span>prof. Onesciuc Johannes \u2013 pian<\/span><\/li>\n<li><span>Gheorghe Mikailu \u2013 chitar\u0103 (student)<\/span><\/li>\n<li><span>\u0218tefan Balan \u2013 chitar\u0103 (student)<\/span><\/li>\n<li><span>prof. Cicioc Andrei \u2013 chitar\u0103<\/span><\/li>\n<\/ul>\n<p><span>Pre\u021bul biletelor: 10 lei pentru elevi, studen\u021bi \u0219i pensionari \u0219i 20 lei pentru publicul general. Biletele pot fi achizi\u021bionate de la sediul Casei de Cultur\u0103 a Studen\u021bilor, situat pe strada Zorilor nr. 6, precum \u0219i, \u00een limita locurilor disponibile, de la intrare, \u00een ziua spectacolului.<\/span><\/p>\n<p>\u00a0<\/p>\n<\/section>\n<footer class=\"article-footer\">\n<div class=\"cb-social-sharing cb-post-footer-block cb-beside clearfix\">\n<div class=\"cb-title-subtle\">Share On:<\/div>\n<div class=\"cb-twitter\"><a href=\"https:\/\/twitter.com\/share\" class=\"twitter-share-button\" data-dnt=\"true\" data-count=\"horizontal\">Tweet<\/a><\/div>\n<\/div>\n<div id=\"cb-previous-next-links\" class=\"cb-post-footer-block clearfix\">\n<div id=\"cb-previous-link\"><a href=\"https:\/\/suceavalive.ro\/calendarul-zilei-de-27-februarie-2\/\" rel=\"prev\">Calendarul zilei de 27 februarie<\/a><\/div>\n<div id=\"cb-next-link\"><a href=\"https:\/\/suceavalive.ro\/peste-200-de-suceveni-au-invatat-cum-sa-isi-apere-casele-si-familiile-in-fata-dezastrelor-naturale\/\" rel=\"next\">Peste 200 de suceveni au \u00eenv\u0103\u021bat cum s\u0103 \u00ee\u0219i apere casele \u0219i familiile \u00een fa\u021ba dezastrelor naturale<\/a><\/div>\n<\/div>\n<div id=\"cb-author-box\" class=\"clearfix\">\n<h3 class=\"cb-block-title\">Despre autor<\/h3>\n<div class=\"cb-meta\">\n<div class=\"cb-info\">\n<div class=\"cb-author-title vcard\"><a href=\"https:\/\/suceavalive.ro\/author\/suceavalive\/\"><span class=\"fn\">SuceavaLive<\/span><\/a><\/div>\n<\/div>\n<\/div>\n<\/div>\n<div id=\"cb-related-posts\" class=\"cb-related-posts-block cb-post-end-block clearfix\">\n<h3 class=\"cb-block-title\">Postari asemanatoare<\/h3>\n<ul>\n<li class=\"cb-style-overlay cb-grid-entry cb-related-post no-1\">\n<div class=\"cb-meta cb-article-meta\">\n<h4 class=\"h3 cb-post-title\"><a href=\"https:\/\/suceavalive.ro\/alexandru-covasa-este-noul-consilier-pe-probleme-de-comunicare-si-imagine-al-primarului-vasile-rimbu\/\">Alexandru Cova\u0219\u0103 este noul consilier pe probleme de comunicare \u0219i imagine al primarului Vasile R\u00eembu<\/a><\/h4>\n<div class=\"cb-byline cb-font-header\">\n<div class=\"cb-date cb-byline-element\"><time datetime=\"2026-02-27\">27 februarie 2026<\/time><\/div>\n<\/div>\n<\/div>\n<\/li>\n<li class=\"cb-style-overlay cb-grid-entry cb-related-post no-2\">\n<div class=\"cb-meta cb-article-meta\">\n<h4 class=\"h3 cb-post-title\"><a href=\"https:\/\/suceavalive.ro\/draga-turistule-de-pasii-te-vor-purta-in-bucovina-nu-uita-de-codrii-seculari-slatioara\/\">Drag\u0103 turistule, de pa\u0219ii te vor purta \u00een Bucovina, nu uita de Codrii Seculari Sl\u0103tioara<\/a><\/h4>\n<div class=\"cb-byline cb-font-header\">\n<div class=\"cb-date cb-byline-element\"><time datetime=\"2026-02-27\">27 februarie 2026<\/time><\/div>\n<\/div>\n<\/div>\n<\/li>\n<\/ul>\n<\/div>\n<\/footer>\n<div id=\"respond\" class=\"comment-respond\">\n<h3 id=\"reply-title\" class=\"comment-reply-title\">Lasa un raspuns <small><a rel=\"nofollow\" id=\"cancel-comment-reply-link\" href=\"https:\/\/suceavalive.ro\/casa-de-cultura-a-studentilor-din-suceava-intampina-sezonul-de-primavara-cu-un-concert-de-pian-si-chitara\/#respond\">Anuleaza raspunsul<\/a><\/small><\/h3>\n<p class=\"comment-notes\">Adresa ta de email nu va fi publicat\u0103.<\/p>\n<\/div>\n<\/article>\n<section class=\"cb-entry-content entry-content clearfix\">\n<p><span>Casa de Cultur\u0103 a Studen\u021bilor Suceava anun\u021b\u0103 continuarea programului cultural prin organizarea unui concert de pian \u0219i chitar\u0103, care va avea loc luni, 2 martie, de la ora 19:00, \u00een Auditoriumul \u201eJoseph Schmidt\u201d. Evenimentul deschide sezonul de prim\u0103var\u0103 \u0219i \u00ee\u0219i propune s\u0103 aduc\u0103 \u00een aten\u021bia publicului muzica instrumental\u0103, printr-un repertoriu variat, interpretat de studen\u021bi \u0219i cadre didactice ale universit\u0103\u021bii.<\/span><\/p>\n<p><span>Programul serii \u00eei va reuni pe:<\/span><\/p>\n<ul>\n<li><span>Bianca Victoria Mari\u021b \u2013 pian (student)<\/span><\/li>\n<li><span>Iulian Pentelei Ciuc \u2013 pian (student)<\/span><\/li>\n<li><span>prof. Onesciuc Johannes \u2013 pian<\/span><\/li>\n<li><span>Gheorghe Mikailu \u2013 chitar\u0103 (student)<\/span><\/li>\n<li><span>\u0218tefan Balan \u2013 chitar\u0103 (student)<\/span><\/li>\n<li><span>prof. Cicioc Andrei \u2013 chitar\u0103<\/span><\/li>\n<\/ul>\n<p><span>Pre\u021bul biletelor: 10 lei pentru elevi, studen\u021bi \u0219i pensionari \u0219i 20 lei pentru publicul general. Biletele pot fi achizi\u021bionate de la sediul Casei de Cultur\u0103 a Studen\u021bilor, situat pe strada Zorilor nr. 6, precum \u0219i, \u00een limita locurilor disponibile, de la intrare, \u00een ziua spectacolului.<\/span><\/p>\n<p>\u00a0<\/p>\n<\/section>\n<section class=\"cb-entry-content entry-content clearfix\">\n<p><span>Casa de Cultur\u0103 a Studen\u021bilor Suceava anun\u021b\u0103 continuarea programului cultural prin organizarea unui concert de pian \u0219i chitar\u0103, care va avea loc luni, 2 martie, de la ora 19:00, \u00een Auditoriumul \u201eJoseph Schmidt\u201d. Evenimentul deschide sezonul de prim\u0103var\u0103 \u0219i \u00ee\u0219i propune s\u0103 aduc\u0103 \u00een aten\u021bia publicului muzica instrumental\u0103, printr-un repertoriu variat, interpretat de studen\u021bi \u0219i cadre didactice ale universit\u0103\u021bii.<\/span><\/p>\n<p><span>Programul serii \u00eei va reuni pe:<\/span><\/p>\n<ul>\n<li><span>Bianca Victoria Mari\u021b \u2013 pian (student)<\/span><\/li>\n<li><span>Iulian Pentelei Ciuc \u2013 pian (student)<\/span><\/li>\n<li><span>prof. Onesciuc Johannes \u2013 pian<\/span><\/li>\n<li><span>Gheorghe Mikailu \u2013 chitar\u0103 (student)<\/span><\/li>\n<li><span>\u0218tefan Balan \u2013 chitar\u0103 (student)<\/span><\/li>\n<li><span>prof. Cicioc Andrei \u2013 chitar\u0103<\/span><\/li>\n<\/ul>\n<p><span>Pre\u021bul biletelor: 10 lei pentru elevi, studen\u021bi \u0219i pensionari \u0219i 20 lei pentru publicul general. Biletele pot fi achizi\u021bionate de la sediul Casei de Cultur\u0103 a Studen\u021bilor, situat pe strada Zorilor nr. 6, precum \u0219i, \u00een limita locurilor disponibile, de la intrare, \u00een ziua spectacolului.<\/span><\/p>\n<p>\u00a0<\/p>\n<\/section>\n<p>[analyse_source url=&#8221;https:\/\/suceavalive.ro\/casa-de-cultura-a-studentilor-din-suceava-intampina-sezonul-de-primavara-cu-un-concert-de-pian-si-chitara\/&#8221;]<\/p>\n","protected":false},"excerpt":{"rendered":"<p>[analyse_image type=&#8221;featured&#8221; src=&#8221;https:\/\/suceavalive.ro\/wp-content\/uploads\/2026\/02\/Eveniment-2-martie1.jpghttps:\/\/suceavalive.ro\/wp-content\/uploads\/2026\/02\/Eveniment-2-martie1.jpg&#8221;] Casa de Cultur\u0103 a Studen\u021bilor din Suceava \u00eent\u00e2mpin\u0103 sezonul de prim\u0103var\u0103\u00a0cu un concert de pian \u0219i chitar\u0103 27 februarie 2026 Casa de Cultur\u0103 a Studen\u021bilor Suceava anun\u021b\u0103 continuarea programului cultural prin organizarea unui concert de pian \u0219i chitar\u0103, care va avea loc luni, 2 martie, de la ora 19:00, \u00een Auditoriumul \u201eJoseph [&hellip;]<\/p>\n","protected":false},"author":1,"featured_media":0,"comment_status":"open","ping_status":"","sticky":false,"template":"","format":"standard","meta":{"footnotes":""},"categories":[89],"tags":[226,173],"class_list":["post-1799860","post","type-post","status-publish","format-standard","hentry","category-romania","tag-crawlmanager","tag-suceavalive-ro"],"_links":{"self":[{"href":"https:\/\/analyse.optim.biz\/index.php?rest_route=\/wp\/v2\/posts\/1799860","targetHints":{"allow":["GET"]}}],"collection":[{"href":"https:\/\/analyse.optim.biz\/index.php?rest_route=\/wp\/v2\/posts"}],"about":[{"href":"https:\/\/analyse.optim.biz\/index.php?rest_route=\/wp\/v2\/types\/post"}],"author":[{"embeddable":true,"href":"https:\/\/analyse.optim.biz\/index.php?rest_route=\/wp\/v2\/users\/1"}],"replies":[{"embeddable":true,"href":"https:\/\/analyse.optim.biz\/index.php?rest_route=%2Fwp%2Fv2%2Fcomments&post=1799860"}],"version-history":[{"count":0,"href":"https:\/\/analyse.optim.biz\/index.php?rest_route=\/wp\/v2\/posts\/1799860\/revisions"}],"wp:attachment":[{"href":"https:\/\/analyse.optim.biz\/index.php?rest_route=%2Fwp%2Fv2%2Fmedia&parent=1799860"}],"wp:term":[{"taxonomy":"category","embeddable":true,"href":"https:\/\/analyse.optim.biz\/index.php?rest_route=%2Fwp%2Fv2%2Fcategories&post=1799860"},{"taxonomy":"post_tag","embeddable":true,"href":"https:\/\/analyse.optim.biz\/index.php?rest_route=%2Fwp%2Fv2%2Ftags&post=1799860"}],"curies":[{"name":"wp","href":"https:\/\/api.w.org\/{rel}","templated":true}]}}