{"id":179982,"date":"2015-06-09T18:19:18","date_gmt":"2015-06-09T15:19:18","guid":{"rendered":"https:\/\/analyse.optim.biz\/?p=179982"},"modified":"2015-06-09T18:19:18","modified_gmt":"2015-06-09T15:19:18","slug":"klaus-iohannis-sa-distrugi-institutii-pentru-a-salva-cariera-unei-persoane-este-inacceptabil","status":"publish","type":"post","link":"https:\/\/analyse.optim.biz\/?p=179982","title":{"rendered":"Klaus Iohannis:\u00a0S\u0103 distrugi institu\u021bii pentru a salva cariera unei persoane este inacceptabil"},"content":{"rendered":"<div class=\"entry data-app-meta data-app-meta-article\" data-embed-base-url-canonical=\"https:\/\/www.digi24.ro\/embed\/stiri\/actualitate\/politica\/klaus-iohannis-sa-distrugi-institutii-pentru-a-salva-cariera-unei-persoane-este-inacceptabil-402064\">\n<p data-index=\"1\"><img decoding=\"async\" src=\"https:\/\/analyse.optim.biz\/wp-content\/uploads\/2024\/09\/cgcmdz04mdamagfzad0xngnjm2fhyzgxntbjyzezzmezmjcwngnhyzzmzmqxza-thumb_.jpg\" data-skip-htmlfix=\"1\" title=\"cgcmdz04mdamagfzad0xngnjm2fhyzgxntbjyzezzmezmjcwngnhyzzmzmqxza-thumb_\"><\/p>\n<p data-index=\"2\"><span><em>Foto: Mediafax FOTO<\/em><\/span><\/p>\n<p data-index=\"3\">Plenul Camerei Deputa\u021bilor a dezb\u0103tut \u0219i votat mar\u021bi solicitarea procurorului general referitoare la formularea cererii de urm\u0103rire penal\u0103 fa\u021b\u0103 de premierul Victor Ponta. Votul a fost unul negativ.<\/p>\n<p data-index=\"4\"><strong>Principalele declara\u021bii ale pre\u0219edintelui:<\/strong><\/p>\n<p data-index=\"5\">Ast\u0103zi este o zi trist\u0103 pentru democra\u021bia din Rom\u00e2nia, pentru milioanele de cet\u0103\u021beni care cred \u00een valorile democratice. S\u0103 distrugi institu\u021bii \u0219i principii pentru a salva cariera unei persoane este inacceptabil \u00eentr-o democra\u021bie.<\/p>\n<p data-index=\"6\">Am v\u0103zut cu to\u021bii c\u0103 procurorii DNA \u00eel acuz\u0103 pe premier de fapte penale. Am v\u0103zut, de asemenea, c\u0103 premierul se declar\u0103 nevinovat. Nici Parlamentul, nici eu, nici dumneavoastr\u0103 nu putem stabili cine are dreptate. Singurii care sunt califica\u021bi s\u0103 fac\u0103 acest lucru sunt judec\u0103torii. Dar, pentru asta, spe\u021ba trebuie s\u0103 ajung\u0103 \u00een fa\u021ba instan\u021bei.<\/p>\n<p data-index=\"7\">Premierul a avut la dispozi\u021bie trei variante de reac\u021bie.<strong> Prima, cea mai onorabil\u0103, ar fi fost demisia<\/strong> \u0219i s\u0103 se pun\u0103 la dispozi\u021bia justi\u021biei. A decis s\u0103 nu o fac\u0103.<\/p>\n<p data-index=\"8\"><strong>A doua variant\u0103<\/strong> era s\u0103 \u00ee\u0219i conving\u0103 colegii din majoritatea parlamentar\u0103 s\u0103 \u00eencuviin\u021beze urm\u0103rirea penal\u0103, s\u0103 se pun\u0103 la dispozi\u021bia procurorilor \u0219i a judec\u0103torilor \u0219i s\u0103 dovedeasc\u0103 practic c\u0103 este nevinovat. Dac\u0103 a\u0219a s-ar fi \u00eent\u00e2mplat, probabil nici nu l-a\u0219 fi suspendat din func\u021bie \u0219i cu siguran\u021b\u0103 s-ar fi g\u0103sit modalit\u0103\u021bi de judecare cu mare celeritate pentru a l\u0103muri foarte repede problema. Premierul nu a avut curaj s\u0103 fac\u0103 acest lucru.<\/p>\n<p data-index=\"9\"><strong>A ales a treia variant\u0103<\/strong>, cea mai proast\u0103. Domnul Ponta s-a folosit de influen\u021ba pe care o are ca prim-ministru \u0219i a solicitat majorit\u0103\u021bii parlamentare s\u0103 nu \u00eencuviin\u021beze urm\u0103rirea penal\u0103. Parlamentul a executat ordinul.<\/p>\n<p data-index=\"10\">E o variant\u0103 foarte proast\u0103, fiindc\u0103 acum domnul Ponta nu mai poate demonstra nim\u0103nui c\u0103 a avut dreptate \u0219i, mult mai grav, se creeaz\u0103 o imagine negativ\u0103 despre Rom\u00e2nia, despre democra\u021bia rom\u00e2neasc\u0103.<\/p>\n<p data-index=\"11\">Dl. Ponta a ales s\u0103 sacrifice interesul Rom\u00e2niei pentru interesul propriu. E o zi trist\u0103 pentru Rom\u00e2nia.<\/p>\n<p data-index=\"12\">Ce s\u0103 \u00een\u021beleag\u0103 un cet\u0103\u021bean simplu, c\u0103 orice cet\u0103\u021bean poate fi cercetat, dar prim-ministrul nu, pentru c\u0103 dispune de o majoritate parlamentar\u0103? Ce s\u0103 \u00een\u021beleag\u0103 un ales local? C\u0103 el poate fi cercetat pentru conflict de interese, dar prim-ministrul nu, pentru c\u0103 dispune de o majoritate parlamentar\u0103? Ce s\u0103 \u00een\u021beleag\u0103 un simplu parlamentar, c\u0103 el poate fi cercetat pentru conflict de interese pentru c\u0103 \u0219i-a angajat o rud\u0103 la cabinetul parlamentar, dar prim-ministrul nu, pentru c\u0103 dispune de o majoritate parlamentar\u0103?<\/p>\n<p data-index=\"13\">Ce s\u0103 \u00een\u021belegem de aici, c\u0103 exist\u0103 dou\u0103 Rom\u00e2nii, una a oamenilor simpli \u0219i alta a lui Victor Ponta?<\/p>\n<\/div>\n<p> Source URL: https:\/\/www.digi24.ro\/stiri\/actualitate\/politica\/klaus-iohannis-sa-distrugi-institutii-pentru-a-salva-cariera-unei-persoane-este-inacceptabil-402064<\/p>\n","protected":false},"excerpt":{"rendered":"<p>Foto: Mediafax FOTO Plenul Camerei Deputa\u021bilor a dezb\u0103tut \u0219i votat mar\u021bi solicitarea procurorului general referitoare la formularea cererii de urm\u0103rire penal\u0103 fa\u021b\u0103 de premierul Victor Ponta. Votul a fost unul negativ. Principalele declara\u021bii ale pre\u0219edintelui: Ast\u0103zi este o zi trist\u0103 pentru democra\u021bia din Rom\u00e2nia, pentru milioanele de cet\u0103\u021beni care cred \u00een valorile democratice. S\u0103 distrugi [&hellip;]<\/p>\n","protected":false},"author":1,"featured_media":179983,"comment_status":"open","ping_status":"","sticky":false,"template":"","format":"standard","meta":{"footnotes":""},"categories":[2],"tags":[11],"class_list":["post-179982","post","type-post","status-publish","format-standard","has-post-thumbnail","hentry","category-politics","tag-digi24"],"_links":{"self":[{"href":"https:\/\/analyse.optim.biz\/index.php?rest_route=\/wp\/v2\/posts\/179982","targetHints":{"allow":["GET"]}}],"collection":[{"href":"https:\/\/analyse.optim.biz\/index.php?rest_route=\/wp\/v2\/posts"}],"about":[{"href":"https:\/\/analyse.optim.biz\/index.php?rest_route=\/wp\/v2\/types\/post"}],"author":[{"embeddable":true,"href":"https:\/\/analyse.optim.biz\/index.php?rest_route=\/wp\/v2\/users\/1"}],"replies":[{"embeddable":true,"href":"https:\/\/analyse.optim.biz\/index.php?rest_route=%2Fwp%2Fv2%2Fcomments&post=179982"}],"version-history":[{"count":0,"href":"https:\/\/analyse.optim.biz\/index.php?rest_route=\/wp\/v2\/posts\/179982\/revisions"}],"wp:featuredmedia":[{"embeddable":true,"href":"https:\/\/analyse.optim.biz\/index.php?rest_route=\/wp\/v2\/media\/179983"}],"wp:attachment":[{"href":"https:\/\/analyse.optim.biz\/index.php?rest_route=%2Fwp%2Fv2%2Fmedia&parent=179982"}],"wp:term":[{"taxonomy":"category","embeddable":true,"href":"https:\/\/analyse.optim.biz\/index.php?rest_route=%2Fwp%2Fv2%2Fcategories&post=179982"},{"taxonomy":"post_tag","embeddable":true,"href":"https:\/\/analyse.optim.biz\/index.php?rest_route=%2Fwp%2Fv2%2Ftags&post=179982"}],"curies":[{"name":"wp","href":"https:\/\/api.w.org\/{rel}","templated":true}]}}