{"id":179968,"date":"2015-06-09T21:40:59","date_gmt":"2015-06-09T18:40:59","guid":{"rendered":"https:\/\/analyse.optim.biz\/?p=179968"},"modified":"2015-06-09T21:40:59","modified_gmt":"2015-06-09T18:40:59","slug":"victor-ponta-pentru-the-guardian-doar-rusia-ar-deschide-sticlele-de-sampanie-daca-romania-s-ar-afla-intr-o-criza-politica-indelungata","status":"publish","type":"post","link":"https:\/\/analyse.optim.biz\/?p=179968","title":{"rendered":"Victor Ponta, pentru The Guardian: \u201eDoar Rusia ar deschide sticlele de \u015fampanie dac\u0103 Rom\u00e2nia s-ar afla \u00eentr-o criz\u0103 politic\u0103 \u00eendelungat\u0103\u201d"},"content":{"rendered":"<div class=\"entry data-app-meta data-app-meta-article\" data-embed-base-url-canonical=\"https:\/\/www.digi24.ro\/embed\/stiri\/actualitate\/politica\/victor-ponta-pentru-the-guardian-doar-rusia-ar-deschide-sticlele-de-sampanie-daca-romania-s-ar-afla-intr-o-criza-politica-indelungata-402136\">\n<p data-index=\"1\"><img decoding=\"async\" src=\"https:\/\/analyse.optim.biz\/wp-content\/uploads\/2024\/09\/ztg2nzk4mdy2ngq2ytlmnjjhmty1y2rjyzflmdlknmy-thumb_.jpg\" data-skip-htmlfix=\"1\" title=\"ztg2nzk4mdy2ngq2ytlmnjjhmty1y2rjyzflmdlknmy-thumb_\"><\/p>\n<p data-index=\"2\"><em>Victor Ponta \/ FOTO: Mediafax<\/em><\/p>\n<p data-index=\"3\">Victor Ponta\u00a0a reiterat c\u0103 este nevinovat \u015fi a respins apelurile la demisie lansate de pre\u015fedintele\u00a0Klaus Iohannis, subliniind c\u0103 nici Rom\u00e2nia, nici Europa nu \u00ee\u015fi pot permite instabilitate politic\u0103 \u00een contextul manevrelor expansioniste ale Rusiei, informeaz\u0103 Mediafax.<\/p>\n<p data-index=\"4\">\u201eRom\u00e2nia se afl\u0103 \u00een cea mai sensibil\u0103 zon\u0103 a Europei\u201d, a declarat Victor Ponta pentru cotidianul britanic The Guardian.<\/p>\n<p data-index=\"5\">\u201eSper\u0103m c\u0103 vom \u00eencheia aceast\u0103 criz\u0103 politic\u0103 mic\u0103, dar intens\u0103 pentru a putea reveni la lucru, dat fiind c\u0103 Europa vrea ca Rom\u00e2nia s\u0103 fie stabil\u0103 \u015fi predictibil\u0103 \u00een aceast\u0103 regiune. <em>Cred c\u0103 doar Rusia ar deschide sticlele de \u015fampanie dac\u0103 Rom\u00e2nia s-ar afla \u00eentr-o criz\u0103 politic\u0103 \u00eendelungat\u0103<\/em>\u201d, a ad\u0103ugat Victor Ponta.<\/p>\n<p data-index=\"6\">Premierul, suspectat de complicitate la evaziune fiscal\u0103, fals \u00een \u00eenscrisuri sub semn\u0103tur\u0103 privat\u0103 \u015fi conflict de interese, a declarat, mar\u0163i, pentru presa str\u0103in\u0103 c\u0103 \u201enimic nu va obstruc\u0163iona continuarea anchetei\u201d care \u00eel vizeaz\u0103, exprim\u00e2nd convingerea c\u0103 justi\u0163ia va pronun\u0163a \u201erapid\u201d o decizie \u00een favoarea sa.<\/p>\n<p data-index=\"7\">\u201eNimic nu obstruc\u0163ioneaz\u0103 continuarea anchetei pentru ca, \u00een primul r\u00e2nd, procurorul s\u0103 poat\u0103 stabili dac\u0103 suspiciunile care m\u0103 vizeaz\u0103 se confirm\u0103 sau nu\u201d, a afirmat Ponta \u00eentr-un interviu pentru Agen\u0163ia France Presse, Bloomberg, Reuters \u015fi Associated Press. \u201eVreau s\u0103 m\u0103 prezint \u00een fa\u0163a procurorului, s\u0103-mi prezint punctul de vedere (&#8230;), este \u00een interesul meu s\u0103 merg \u00eenainte \u015fi sunt convins c\u0103 acest caz va fi clarificat\u201d, a ad\u0103ugat el.<\/p>\n<p data-index=\"8\"><strong>Citi\u021bi \u0219i:<\/strong><\/p>\n<p data-index=\"9\"><a href=\"https:\/\/www.digi24.ro\/Stiri\/Digi24\/Actualitate\/Politica\/Klaus+Iohannis+despre+votul+in+cazul+lui+Victor+Ponta+Este+o+zi+\" target=\"_blank\" data-skip-linkfix=\"1\" rel=\"noopener\"><strong>Klaus Iohannis: S\u0103 distrugi institu\u021bii pentru a salva cariera unei persoane este inacceptabil<\/strong><\/a><\/p>\n<p data-index=\"10\"><a href=\"https:\/\/www.digi24.ro\/Stiri\/Digi24\/Actualitate\/Politica\/Cazul+Victor+Ponta+in+presa+internationala\" target=\"_blank\" data-skip-linkfix=\"1\" rel=\"noopener\"><strong>Cazul Victor Ponta, \u00een presa interna\u0163ional\u0103<\/strong><\/a><\/p>\n<p data-index=\"11\"><strong><br \/><\/strong><\/p>\n<\/div>\n<p> Source URL: https:\/\/www.digi24.ro\/stiri\/actualitate\/politica\/victor-ponta-pentru-the-guardian-doar-rusia-ar-deschide-sticlele-de-sampanie-daca-romania-s-ar-afla-intr-o-criza-politica-indelungata-402136<\/p>\n","protected":false},"excerpt":{"rendered":"<p>Victor Ponta \/ FOTO: Mediafax Victor Ponta\u00a0a reiterat c\u0103 este nevinovat \u015fi a respins apelurile la demisie lansate de pre\u015fedintele\u00a0Klaus Iohannis, subliniind c\u0103 nici Rom\u00e2nia, nici Europa nu \u00ee\u015fi pot permite instabilitate politic\u0103 \u00een contextul manevrelor expansioniste ale Rusiei, informeaz\u0103 Mediafax. \u201eRom\u00e2nia se afl\u0103 \u00een cea mai sensibil\u0103 zon\u0103 a Europei\u201d, a declarat Victor Ponta [&hellip;]<\/p>\n","protected":false},"author":1,"featured_media":179969,"comment_status":"open","ping_status":"","sticky":false,"template":"","format":"standard","meta":{"footnotes":""},"categories":[2],"tags":[11],"class_list":["post-179968","post","type-post","status-publish","format-standard","has-post-thumbnail","hentry","category-politics","tag-digi24"],"_links":{"self":[{"href":"https:\/\/analyse.optim.biz\/index.php?rest_route=\/wp\/v2\/posts\/179968","targetHints":{"allow":["GET"]}}],"collection":[{"href":"https:\/\/analyse.optim.biz\/index.php?rest_route=\/wp\/v2\/posts"}],"about":[{"href":"https:\/\/analyse.optim.biz\/index.php?rest_route=\/wp\/v2\/types\/post"}],"author":[{"embeddable":true,"href":"https:\/\/analyse.optim.biz\/index.php?rest_route=\/wp\/v2\/users\/1"}],"replies":[{"embeddable":true,"href":"https:\/\/analyse.optim.biz\/index.php?rest_route=%2Fwp%2Fv2%2Fcomments&post=179968"}],"version-history":[{"count":0,"href":"https:\/\/analyse.optim.biz\/index.php?rest_route=\/wp\/v2\/posts\/179968\/revisions"}],"wp:featuredmedia":[{"embeddable":true,"href":"https:\/\/analyse.optim.biz\/index.php?rest_route=\/wp\/v2\/media\/179969"}],"wp:attachment":[{"href":"https:\/\/analyse.optim.biz\/index.php?rest_route=%2Fwp%2Fv2%2Fmedia&parent=179968"}],"wp:term":[{"taxonomy":"category","embeddable":true,"href":"https:\/\/analyse.optim.biz\/index.php?rest_route=%2Fwp%2Fv2%2Fcategories&post=179968"},{"taxonomy":"post_tag","embeddable":true,"href":"https:\/\/analyse.optim.biz\/index.php?rest_route=%2Fwp%2Fv2%2Ftags&post=179968"}],"curies":[{"name":"wp","href":"https:\/\/api.w.org\/{rel}","templated":true}]}}