{"id":1799659,"date":"2026-02-27T15:43:37","date_gmt":"2026-02-27T12:43:37","guid":{"rendered":"https:\/\/analyse.optim.biz\/?p=1799659"},"modified":"2026-02-27T15:43:37","modified_gmt":"2026-02-27T12:43:37","slug":"dominic-fritz-aflat-in-pericol-sa-si-piarda-mandatul-de-primar-al-timisoarei-il-apara-pe-controversatul-salvador-caragea-fritz-califica-drept-suspecta-agitatia-publica-in-jurul-numirii-p","status":"publish","type":"post","link":"https:\/\/analyse.optim.biz\/?p=1799659","title":{"rendered":"Dominic Fritz, aflat \u00een pericol s\u0103-\u0219i piard\u0103 mandatul de primar al Timi\u0219oarei, \u00eel ap\u0103r\u0103 pe controversatul Salvador Caragea. Fritz calific\u0103 drept ,,suspect\u0103 agita\u021bia public\u0103\u201d \u00een jurul numirii pensionarului special ca director la Uzina Sadu"},"content":{"rendered":"<p>[analyse_image type=&#8221;featured&#8221; src=&#8221;https:\/\/www.banatulazi.ro\/wp-content\/uploads\/2026\/02\/Screenshot_20260227_173832_Messenger.jpg&#8221;]<\/p>\n<div class=\"td_block_wrap tdb_single_content tdi_64 td-pb-border-top td_block_template_1 td-post-content tagdiv-type\" data-td-block-uid=\"tdi_64\">\n<div class=\"tdb-block-inner td-fix-index\">\n<p>Liderul USR, Dominic Fritz, a calificat drept \u201csuspect\u0103\u201d \u201cagita\u021bia public\u0103\u201d generat\u0103 de numirea de c\u0103tre colegul s\u0103u de partid, ministrul Energiei Irinel D\u0103r\u0103u, a lui Viorel Salvador Caragea, fostul \u0219ef al IPJ Gorj, \u00een func\u021bia de administrator special al Uzinei Mecanice Sadu.<\/p>\n<p>De notat c\u0103 aceste declara\u021bii au fost f\u0103cute \u00een deschiderea congresului USR care se cheam\u0103 \u201cViitorul acum\u201d.<\/p>\n<p>Sursa: <a href=\"https:\/\/www.g4media.ro\/\">https:\/\/www.g4media.ro\/<\/a><\/p>\n<\/div>\n<\/div>\n<p>[analyse_source url=&#8221;https:\/\/www.banatulazi.ro\/dominic-fritz-aflat-in-pericol-sa-si-piarda-mandatul-de-primar-al-timisoarei-il-apara-pe-controversatul-salvador-caragea-fritz-califica-drept-suspecta-agitatia-publica-in-jurul-numirii-p\/&#8221;]<\/p>\n","protected":false},"excerpt":{"rendered":"<p>[analyse_image type=&#8221;featured&#8221; src=&#8221;https:\/\/www.banatulazi.ro\/wp-content\/uploads\/2026\/02\/Screenshot_20260227_173832_Messenger.jpg&#8221;] Liderul USR, Dominic Fritz, a calificat drept \u201csuspect\u0103\u201d \u201cagita\u021bia public\u0103\u201d generat\u0103 de numirea de c\u0103tre colegul s\u0103u de partid, ministrul Energiei Irinel D\u0103r\u0103u, a lui Viorel Salvador Caragea, fostul \u0219ef al IPJ Gorj, \u00een func\u021bia de administrator special al Uzinei Mecanice Sadu. De notat c\u0103 aceste declara\u021bii au fost f\u0103cute \u00een deschiderea [&hellip;]<\/p>\n","protected":false},"author":1,"featured_media":0,"comment_status":"open","ping_status":"","sticky":false,"template":"","format":"standard","meta":{"footnotes":""},"categories":[89],"tags":[185,226],"class_list":["post-1799659","post","type-post","status-publish","format-standard","hentry","category-romania","tag-banatulazi-ro","tag-crawlmanager"],"_links":{"self":[{"href":"https:\/\/analyse.optim.biz\/index.php?rest_route=\/wp\/v2\/posts\/1799659","targetHints":{"allow":["GET"]}}],"collection":[{"href":"https:\/\/analyse.optim.biz\/index.php?rest_route=\/wp\/v2\/posts"}],"about":[{"href":"https:\/\/analyse.optim.biz\/index.php?rest_route=\/wp\/v2\/types\/post"}],"author":[{"embeddable":true,"href":"https:\/\/analyse.optim.biz\/index.php?rest_route=\/wp\/v2\/users\/1"}],"replies":[{"embeddable":true,"href":"https:\/\/analyse.optim.biz\/index.php?rest_route=%2Fwp%2Fv2%2Fcomments&post=1799659"}],"version-history":[{"count":0,"href":"https:\/\/analyse.optim.biz\/index.php?rest_route=\/wp\/v2\/posts\/1799659\/revisions"}],"wp:attachment":[{"href":"https:\/\/analyse.optim.biz\/index.php?rest_route=%2Fwp%2Fv2%2Fmedia&parent=1799659"}],"wp:term":[{"taxonomy":"category","embeddable":true,"href":"https:\/\/analyse.optim.biz\/index.php?rest_route=%2Fwp%2Fv2%2Fcategories&post=1799659"},{"taxonomy":"post_tag","embeddable":true,"href":"https:\/\/analyse.optim.biz\/index.php?rest_route=%2Fwp%2Fv2%2Ftags&post=1799659"}],"curies":[{"name":"wp","href":"https:\/\/api.w.org\/{rel}","templated":true}]}}