{"id":1799657,"date":"2026-02-27T18:22:24","date_gmt":"2026-02-27T15:22:24","guid":{"rendered":"https:\/\/analyse.optim.biz\/?p=1799657"},"modified":"2026-02-27T18:22:24","modified_gmt":"2026-02-27T15:22:24","slug":"veste-trista-a-murit-fostul-rector-al-universitatii-politehnica-timisoara-profesorul-universitar-viorel-aurel-serban","status":"publish","type":"post","link":"https:\/\/analyse.optim.biz\/?p=1799657","title":{"rendered":"Veste trist\u0103! A murit fostul rector al Universit\u0103\u021bii Politehnica Timi\u0219oara, profesorul universitar Viorel Aurel \u0218erban"},"content":{"rendered":"<p>[analyse_image type=&#8221;featured&#8221; src=&#8221;https:\/\/www.banatulazi.ro\/wp-content\/uploads\/2026\/02\/A-murit-fostul-rector-al-Universitatii-Politehnica-Timisoara-profesorul-universitar-Viorel-Aurel-Serban.Still001.jpg&#8221;]<\/p>\n<div class=\"td_block_wrap tdb_single_content tdi_64 td-pb-border-top td_block_template_1 td-post-content tagdiv-type\" data-td-block-uid=\"tdi_64\">\n<div class=\"tdb-block-inner td-fix-index\">\n<p>Doliu \u00een familia Politehnicii.<br class=\"html-br\">Universitatea Politehnica Timi\u0219oara anun\u021b\u0103, cu profund\u0103 durere, trecerea la cele ve\u0219nice a prof. univ. dr. ing. Viorel-Aurel \u0218erban, rector al UPT \u00een perioada 2012\u20132020, ultimul rector din primul secol de existen\u021b\u0103 al universit\u0103\u021bii.<br class=\"html-br\"><br class=\"html-br\">N\u0103scut \u00een 1954, la Chi\u0219ineu-Cri\u0219, prof. Viorel-Aurel \u0218erban \u0219i-a legat destinul de Politehnica timi\u0219orean\u0103 \u00eenc\u0103 din anii studen\u021biei, la Facultatea de Mecanic\u0103. Din 1982, a dedicat peste cinci decenii comunit\u0103\u021bii politehniste, parcurg\u00e2nd toate treptele carierei academice p\u00e2n\u0103 la profesor universitar \u0219i conduc\u0103tor de doctorat.<br class=\"html-br\"><br class=\"html-br\">Cercet\u0103tor de prestigiu \u00een ingineria materialelor, cu contribu\u021bii importante \u00een studiul materialelor metalice amorfe \u0219i nanocristaline, a fost autor\/coautor a peste 250 de lucr\u0103ri \u0219tiin\u021bifice \u0219i 9 inven\u021bii, coordon\u00e2nd proiecte \u0219i form\u00e2nd genera\u021bii de ingineri \u0219i doctori \u00een \u0219tiin\u021b\u0103.<br class=\"html-br\"><br class=\"html-br\">\u00cen plan managerial, a fost prodecan, prorector (2004\u20132012), apoi rector (2012\u20132020), conduc\u00e2nd universitatea \u00eentr-un moment istoric: trecerea pragului Centenarului \u0219i definirea direc\u021biilor pentru \u201ePolitehnica noului secol\u201d. \u00cen timpul mandatelor sale au fost inaugurate Biblioteca \u0219i Centrul de Conferin\u021be UPT, a fost ob\u021binut\u0103 licen\u021ba de emisie pentru TeleUniversitatea, au fost \u00eenfiin\u021bate Funda\u021bia Politehnica \u0219i Comitetul Director al UPT \u0219i a fost consolidat\u0103 cooperarea interna\u021bional\u0103 cu institu\u021bii de prestigiu din Europa.<br class=\"html-br\"><br class=\"html-br\">A fost ini\u021biator (2016) \u0219i primul pre\u0219edinte al Alian\u021bei Rom\u00e2ne a Universit\u0103\u021bilor Tehnice, contribuind la reprezentarea unitar\u0103 a \u00eenv\u0103\u021b\u0103m\u00e2ntului superior tehnic din Rom\u00e2nia.<br class=\"html-br\"><br class=\"html-br\">Prof. Viorel-Aurel \u0218erban a sus\u021binut cu dedicare \u0219i sportul universitar, implic\u00e2ndu-se \u00een revitalizarea mi\u0219c\u0103rii sportive politehniste, \u00eenfiin\u021b\u00e2nd clubul de fotbal ASU Politehnica Timi\u0219oara \u0219i sprijinind activ structurile CSU Politehnica Timi\u0219oara.<br class=\"html-br\"><br class=\"html-br\">Pentru \u00eentreaga activitate, a primit numeroase distinc\u021bii academice, iar din 2022 a fost membru corespondent al Academiei Rom\u00e2ne de \u0218tiin\u021be Tehnice.<br class=\"html-br\"><br class=\"html-br\">Plecarea sa las\u0103 un gol imens \u00een inimile noastre \u0219i \u00een via\u021ba Universit\u0103\u021bii Politehnica Timi\u0219oara.<br class=\"html-br\">Transmitem sincere condolean\u021be familiei \u00eendoliate \u0219i tuturor celor care i-au fost aproape.<br class=\"html-br\"><br class=\"html-br\">\u00a0Amintirea sa va d\u0103inui \u00een istoria acestei institu\u021bii centenare pe care a slujit-o cu at\u00e2ta devotament.<\/p>\n<p><br class=\"html-br\">Dumnezeu s\u0103-l odihneasc\u0103 \u00een pace!<\/p>\n<\/div>\n<\/div>\n<p>[analyse_source url=&#8221;https:\/\/www.banatulazi.ro\/veste-trista-a-murit-fostul-rector-al-universitatii-politehnica-timisoara-profesorul-universitar-viorel-aurel-serban\/&#8221;]<\/p>\n","protected":false},"excerpt":{"rendered":"<p>[analyse_image type=&#8221;featured&#8221; src=&#8221;https:\/\/www.banatulazi.ro\/wp-content\/uploads\/2026\/02\/A-murit-fostul-rector-al-Universitatii-Politehnica-Timisoara-profesorul-universitar-Viorel-Aurel-Serban.Still001.jpg&#8221;] Doliu \u00een familia Politehnicii.Universitatea Politehnica Timi\u0219oara anun\u021b\u0103, cu profund\u0103 durere, trecerea la cele ve\u0219nice a prof. univ. dr. ing. Viorel-Aurel \u0218erban, rector al UPT \u00een perioada 2012\u20132020, ultimul rector din primul secol de existen\u021b\u0103 al universit\u0103\u021bii.N\u0103scut \u00een 1954, la Chi\u0219ineu-Cri\u0219, prof. Viorel-Aurel \u0218erban \u0219i-a legat destinul de Politehnica timi\u0219orean\u0103 \u00eenc\u0103 din anii [&hellip;]<\/p>\n","protected":false},"author":1,"featured_media":0,"comment_status":"open","ping_status":"","sticky":false,"template":"","format":"standard","meta":{"footnotes":""},"categories":[89],"tags":[185,226],"class_list":["post-1799657","post","type-post","status-publish","format-standard","hentry","category-romania","tag-banatulazi-ro","tag-crawlmanager"],"_links":{"self":[{"href":"https:\/\/analyse.optim.biz\/index.php?rest_route=\/wp\/v2\/posts\/1799657","targetHints":{"allow":["GET"]}}],"collection":[{"href":"https:\/\/analyse.optim.biz\/index.php?rest_route=\/wp\/v2\/posts"}],"about":[{"href":"https:\/\/analyse.optim.biz\/index.php?rest_route=\/wp\/v2\/types\/post"}],"author":[{"embeddable":true,"href":"https:\/\/analyse.optim.biz\/index.php?rest_route=\/wp\/v2\/users\/1"}],"replies":[{"embeddable":true,"href":"https:\/\/analyse.optim.biz\/index.php?rest_route=%2Fwp%2Fv2%2Fcomments&post=1799657"}],"version-history":[{"count":0,"href":"https:\/\/analyse.optim.biz\/index.php?rest_route=\/wp\/v2\/posts\/1799657\/revisions"}],"wp:attachment":[{"href":"https:\/\/analyse.optim.biz\/index.php?rest_route=%2Fwp%2Fv2%2Fmedia&parent=1799657"}],"wp:term":[{"taxonomy":"category","embeddable":true,"href":"https:\/\/analyse.optim.biz\/index.php?rest_route=%2Fwp%2Fv2%2Fcategories&post=1799657"},{"taxonomy":"post_tag","embeddable":true,"href":"https:\/\/analyse.optim.biz\/index.php?rest_route=%2Fwp%2Fv2%2Ftags&post=1799657"}],"curies":[{"name":"wp","href":"https:\/\/api.w.org\/{rel}","templated":true}]}}