{"id":1799655,"date":"2026-02-28T17:28:13","date_gmt":"2026-02-28T14:28:13","guid":{"rendered":"https:\/\/analyse.optim.biz\/?p=1799655"},"modified":"2026-02-28T17:28:13","modified_gmt":"2026-02-28T14:28:13","slug":"nu-de-popor-mi-e-teama-ci-de-geniile-lui","status":"publish","type":"post","link":"https:\/\/analyse.optim.biz\/?p=1799655","title":{"rendered":"Nu de popor mi-e team\u0103, ci de \u201egeniile\u201d lui!"},"content":{"rendered":"<p>[analyse_image type=&#8221;featured&#8221; src=&#8221;https:\/\/www.banatulazi.ro\/wp-content\/uploads\/2025\/12\/ADRIAN-MARCU-5-768&#215;432-1.jpg&#8221;]<\/p>\n<div class=\"td_block_wrap tdb_single_content tdi_64 td-pb-border-top td_block_template_1 td-post-content tagdiv-type\" data-td-block-uid=\"tdi_64\">\n<div class=\"tdb-block-inner td-fix-index\">\n<p>De sus p\u00e2n\u0103 jos, societatea rom\u00e2neasc\u0103 este infestat\u0103 ad\u00e2nc de cel mai jalnic microb: acela al tr\u0103nc\u0103nitului nesf\u00e2r\u0219it, peste tot pe unde apuc\u0103, \u00een spe\u021b\u0103 pe re\u021belele sociale cutremurate de ur\u0103 \u0219i obr\u0103znicie.<\/p>\n<p>Universitari de toate categoriile, c\u0103rora Bolojan le va t\u0103ia p\u00e2n\u0103 \u0219i am\u0103r\u00e2tul de spor de doctorat, func\u021bionari publici ce urmeaz\u0103, potrivit celui de-al treilea pachet de \u201ereform\u0103\u201d pus \u00een scen\u0103 de acela\u0219i bivol politic, s\u0103 fie da\u021bi afar\u0103 pe capete \u0219i destui al\u021bii dau din gur\u0103 \u0219i din tastatur\u0103 din zori p\u00e2n\u0103 la asfin\u021bit.<\/p>\n<p>La at\u00e2t se rezum\u0103 forma de protest a rom\u00e2nului, indiferent de gradul s\u0103u de educa\u021bie, c\u0103ci despre proteste \u00een strad\u0103, greve \u0219i alte manifest\u0103ri naturale ale dreptului muncii, nicio \u0219ans\u0103.<\/p>\n<p>To\u021bi a\u0219teapt\u0103 ca altul s\u0103 le rezolve problemele, ei s\u0103 stea \u00een continuare la c\u0103lduric\u0103, c\u00e2t \u0219i-or mai permite \u0219i pe asta, \u0219i nimic mai mult. Un corp social anesteziat \u0219i unsuros, plin de frustr\u0103ri \u0219i impoten\u021b\u0103.<\/p>\n<p>Vorbim de poporul ai c\u0103rui intelectuali publici \u2014 pe care oricum nu-i mai ascult\u0103 nimeni de ani buni, pentru c\u0103 s-au v\u00e2ndut pe capete fie lui N\u0103stase, fie lui B\u0103sescu, iar azi, fire\u0219te, lui Bolojan \u2014 scriu tot felul de scrisori de adora\u021bie noilor zeit\u0103\u021bi politice ale zilei. Cu astfel de n\u0103imi\u021bi de doi lei ca directori de con\u0219tiin\u021be, cum s\u0103 ai preten\u021bia unei construc\u021bii identitare solide, ca na\u021biune?<\/p>\n<p>Nu mai departe de reflec\u021bia amar\u0103 a lui Varujan Vosganian, pre\u0219edintele Uniunii Scriitorilor, care, recent, la Timi\u0219oara, se pl\u00e2ngea c\u0103 scriitorimea rom\u00e2n\u0103, o bun\u0103 parte din ea, cel pu\u021bin, nu mai este pre\u021buit\u0103 de propriul popor. P\u0103i cum s\u0103 fie luat\u0103 \u00een seam\u0103 \u2014 Doamne ap\u0103r\u0103! \u2014, c\u00e2nd at\u00e2\u021bia dintre ei, dintre scriitori, \u00een loc s\u0103 produc\u0103 literatur\u0103 de calitate, care s\u0103 fie citit\u0103 de cona\u021bionali cu pl\u0103cere \u0219i, eventual, tradus\u0103 pe afar\u0103, s-au tot rostogolit, dup\u0103 1990, prin bra\u021bele sirenelor politice ale zilei? Unii chiar \u0219i-au construit cariere diplomatice sau politice exclusiv prin sus\u021binerea f\u0103\u021bi\u0219\u0103 a lui Adrian N\u0103stase, Traian B\u0103sescu sau Iohannis, ale c\u0103ror clan\u021be de la cabinetele puterii, vorba lui Petrov, le-au lins cu nesa\u021b! Cum \u0103\u0219tia au c\u0103zut de ni\u0219te ani, cam aceia\u0219i \u201ecreatori\u201d s-au regrupat rapid, iar ast\u0103zi scriu ode gre\u021boase pe Facebook, c\u0103ci bietele lor c\u0103r\u021bi nu le sunt citite de nimeni, lui Fritz, madamei \u021aoiu de la Externe \u0219i lui Bolojan, doar-doar le-o mai arunca unul din \u0219efii politici actuali vreun oscior diplomatic de ros, ceva pe la ICR, pe la vreun minister oarecare \u0219i cine mai \u0219tie pe unde\u2026<\/p>\n<p>Cu astfel de creaturi pe post de directori de con\u0219tiin\u021be, nu-i nicio mirare c\u0103 \u0219i bravul nost\u2019 popor sem\u0103n\u0103 al dracului de mult cu popoarele stepei, cele care \u00eei accept\u0103 cu mu\u021benie \u0219i li se supun orbe\u0219te, cu foarte rare \u0219i notabile excep\u021bii, unor mizerabili ca Putin sau Luka\u0219enco.<\/p>\n<p>Vorba lui Dorin Tudoran, \u00een vreme ce \u00een anii oribili ai comunismului, cehii aveau Carta 77, iar polonezii Solidaritatea, la noi, \u0219i de\u0219tep\u021bii, \u0219i cei slabi de minte \u00eei d\u0103deau, cu ,\u201esi d\u0103-i, si lupt\u0103\u201d de sub plapum\u0103.<\/p>\n<p>Abia dup\u0103 \u201989, \u201emarii\u201d no\u0219tri arti\u0219ti, scriitori etc. au devenit \u2014 era \u0219i timpul! \u2014 anticomuni\u0219ti \u00eenfl\u0103c\u0103ra\u021bi, critici feroce ai oric\u0103rei forme de satrapie \u0219i dictatur\u0103. O fac \u0219i \u00een prezent, cu aceea\u0219i lips\u0103 de caracter \u0219i cu \u201eenormul\u201d lor curaj dintotdeauna, pe re\u021belele sociale binecuv\u00e2ntate.<\/p>\n<p>\u00a0<\/p>\n<\/div>\n<\/div>\n<p>[analyse_source url=&#8221;https:\/\/www.banatulazi.ro\/nu-de-popor-mi-e-teama-ci-de-geniile-lui\/&#8221;]<\/p>\n","protected":false},"excerpt":{"rendered":"<p>[analyse_image type=&#8221;featured&#8221; src=&#8221;https:\/\/www.banatulazi.ro\/wp-content\/uploads\/2025\/12\/ADRIAN-MARCU-5-768&#215;432-1.jpg&#8221;] De sus p\u00e2n\u0103 jos, societatea rom\u00e2neasc\u0103 este infestat\u0103 ad\u00e2nc de cel mai jalnic microb: acela al tr\u0103nc\u0103nitului nesf\u00e2r\u0219it, peste tot pe unde apuc\u0103, \u00een spe\u021b\u0103 pe re\u021belele sociale cutremurate de ur\u0103 \u0219i obr\u0103znicie. Universitari de toate categoriile, c\u0103rora Bolojan le va t\u0103ia p\u00e2n\u0103 \u0219i am\u0103r\u00e2tul de spor de doctorat, func\u021bionari publici ce [&hellip;]<\/p>\n","protected":false},"author":1,"featured_media":0,"comment_status":"open","ping_status":"","sticky":false,"template":"","format":"standard","meta":{"footnotes":""},"categories":[89],"tags":[185,226],"class_list":["post-1799655","post","type-post","status-publish","format-standard","hentry","category-romania","tag-banatulazi-ro","tag-crawlmanager"],"_links":{"self":[{"href":"https:\/\/analyse.optim.biz\/index.php?rest_route=\/wp\/v2\/posts\/1799655","targetHints":{"allow":["GET"]}}],"collection":[{"href":"https:\/\/analyse.optim.biz\/index.php?rest_route=\/wp\/v2\/posts"}],"about":[{"href":"https:\/\/analyse.optim.biz\/index.php?rest_route=\/wp\/v2\/types\/post"}],"author":[{"embeddable":true,"href":"https:\/\/analyse.optim.biz\/index.php?rest_route=\/wp\/v2\/users\/1"}],"replies":[{"embeddable":true,"href":"https:\/\/analyse.optim.biz\/index.php?rest_route=%2Fwp%2Fv2%2Fcomments&post=1799655"}],"version-history":[{"count":0,"href":"https:\/\/analyse.optim.biz\/index.php?rest_route=\/wp\/v2\/posts\/1799655\/revisions"}],"wp:attachment":[{"href":"https:\/\/analyse.optim.biz\/index.php?rest_route=%2Fwp%2Fv2%2Fmedia&parent=1799655"}],"wp:term":[{"taxonomy":"category","embeddable":true,"href":"https:\/\/analyse.optim.biz\/index.php?rest_route=%2Fwp%2Fv2%2Fcategories&post=1799655"},{"taxonomy":"post_tag","embeddable":true,"href":"https:\/\/analyse.optim.biz\/index.php?rest_route=%2Fwp%2Fv2%2Ftags&post=1799655"}],"curies":[{"name":"wp","href":"https:\/\/api.w.org\/{rel}","templated":true}]}}