{"id":1799628,"date":"2026-02-27T10:06:04","date_gmt":"2026-02-27T07:06:04","guid":{"rendered":"https:\/\/analyse.optim.biz\/?p=1799628"},"modified":"2026-02-27T10:06:04","modified_gmt":"2026-02-27T07:06:04","slug":"o-femeie-din-scrioastea-a-fost-agresata-de-sotul-sau-ziarul-liber-in-teleorman","status":"publish","type":"post","link":"https:\/\/analyse.optim.biz\/?p=1799628","title":{"rendered":"O femeie din Scrioa\u0219tea a fost agresat\u0103 de so\u021bul s\u0103u &#8211; Ziarul Liber in Teleorman"},"content":{"rendered":"<p>[analyse_image type=&#8221;featured&#8221; src=&#8221;https:\/\/liberinteleorman.ro\/wp-content\/uploads\/2026\/02\/643436578_2946273785708498_1683110917965757254_n.jpg&#8221;]<\/p>\n<div class=\"entry-content single56__content single56__post_content single56__body_area\">\n<p>Poli\u021bi\u0219tii Sec\u021biei 5 Poli\u021bie Rural\u0103 Dobrote\u0219ti efectueaz\u0103 cercet\u0103ri \u00een cadrul unui dosar penal \u00eentocmit sub aspectul s\u0103v\u00e2r\u0219irii infrac\u021biunii de violen\u021b\u0103 \u00een familie, fa\u021b\u0103 de un b\u0103rbat.<\/p>\n<p>La data de 26 februarie a.c., poli\u021bi\u0219tii au fost sesiza\u021bi de c\u0103tre o femeie, despre faptul c\u0103 a fost agresat\u0103 de so\u021bul s\u0103u.<\/p>\n<p>Din cercet\u0103ri a reie\u0219it faptul c\u0103, \u00een timp ce se aflau la domiciliul din comuna Scrioa\u0219tea, jude\u021bul Teleorman, b\u0103rbatul \u0219i-ar fi agresat fizic so\u021bia.<\/p>\n<p>\u00cen urma probatoriului administrat, b\u0103rbatul a fost re\u021binut.<\/p>\n<p>Cercet\u0103rile sunt continuate sub coordonarea procurorului din cadrul Parchetului de pe l\u00e2ng\u0103 Judec\u0103toria Ro\u0219iori de Vede.<\/p>\n<\/div>\n<p>[analyse_source url=&#8221;https:\/\/liberinteleorman.ro\/o-femeie-din-scrioastea-a-fost-agresata-de-sotul-sau\/&#8221;]<\/p>\n","protected":false},"excerpt":{"rendered":"<p>[analyse_image type=&#8221;featured&#8221; src=&#8221;https:\/\/liberinteleorman.ro\/wp-content\/uploads\/2026\/02\/643436578_2946273785708498_1683110917965757254_n.jpg&#8221;] Poli\u021bi\u0219tii Sec\u021biei 5 Poli\u021bie Rural\u0103 Dobrote\u0219ti efectueaz\u0103 cercet\u0103ri \u00een cadrul unui dosar penal \u00eentocmit sub aspectul s\u0103v\u00e2r\u0219irii infrac\u021biunii de violen\u021b\u0103 \u00een familie, fa\u021b\u0103 de un b\u0103rbat. La data de 26 februarie a.c., poli\u021bi\u0219tii au fost sesiza\u021bi de c\u0103tre o femeie, despre faptul c\u0103 a fost agresat\u0103 de so\u021bul s\u0103u. Din cercet\u0103ri a [&hellip;]<\/p>\n","protected":false},"author":1,"featured_media":0,"comment_status":"open","ping_status":"","sticky":false,"template":"","format":"standard","meta":{"footnotes":""},"categories":[89],"tags":[226,181],"class_list":["post-1799628","post","type-post","status-publish","format-standard","hentry","category-romania","tag-crawlmanager","tag-liberinteleorman-ro"],"_links":{"self":[{"href":"https:\/\/analyse.optim.biz\/index.php?rest_route=\/wp\/v2\/posts\/1799628","targetHints":{"allow":["GET"]}}],"collection":[{"href":"https:\/\/analyse.optim.biz\/index.php?rest_route=\/wp\/v2\/posts"}],"about":[{"href":"https:\/\/analyse.optim.biz\/index.php?rest_route=\/wp\/v2\/types\/post"}],"author":[{"embeddable":true,"href":"https:\/\/analyse.optim.biz\/index.php?rest_route=\/wp\/v2\/users\/1"}],"replies":[{"embeddable":true,"href":"https:\/\/analyse.optim.biz\/index.php?rest_route=%2Fwp%2Fv2%2Fcomments&post=1799628"}],"version-history":[{"count":0,"href":"https:\/\/analyse.optim.biz\/index.php?rest_route=\/wp\/v2\/posts\/1799628\/revisions"}],"wp:attachment":[{"href":"https:\/\/analyse.optim.biz\/index.php?rest_route=%2Fwp%2Fv2%2Fmedia&parent=1799628"}],"wp:term":[{"taxonomy":"category","embeddable":true,"href":"https:\/\/analyse.optim.biz\/index.php?rest_route=%2Fwp%2Fv2%2Fcategories&post=1799628"},{"taxonomy":"post_tag","embeddable":true,"href":"https:\/\/analyse.optim.biz\/index.php?rest_route=%2Fwp%2Fv2%2Ftags&post=1799628"}],"curies":[{"name":"wp","href":"https:\/\/api.w.org\/{rel}","templated":true}]}}