{"id":179957,"date":"2015-06-09T22:23:31","date_gmt":"2015-06-09T19:23:31","guid":{"rendered":"https:\/\/analyse.optim.biz\/?p=179957"},"modified":"2015-06-09T22:23:31","modified_gmt":"2015-06-09T19:23:31","slug":"cristian-tudor-popescu-domnul-iohannis-a-avut-primul-discurs-de-neamt","status":"publish","type":"post","link":"https:\/\/analyse.optim.biz\/?p=179957","title":{"rendered":"Cristian Tudor Popescu: Domnul Iohannis a avut primul discurs de neam\u021b!"},"content":{"rendered":"<div class=\"entry data-app-meta data-app-meta-article\" data-embed-base-url-canonical=\"https:\/\/www.digi24.ro\/embed\/stiri\/actualitate\/politica\/cristian-tudor-popescu-domnul-iohannis-a-avut-primul-discurs-de-neamt-402142\">\n<p data-index=\"1\">\u201e<span>Domnul Iohannis a avut, dup\u0103 p\u0103rerea mea, primul discurs de pre\u0219edinte de c\u00e2nd e pre\u0219edinte \u0219i primul discurs care a trecut sticla, cum se spune \u00een televiziune, cu adev\u0103rat, c\u0103tre cet\u0103\u021beni \u0219i \u00een ultim\u0103 instan\u021b\u0103 primul discurs de neam\u021b. Mul\u021bi dintre cei care l-au votat au sperat, de fapt, c\u0103 va veni un neam\u021b. Nu neap\u0103rat un etnic german&#8230; ci o persoan\u0103 echilibrat\u0103, precis\u0103, calm\u0103, care s\u0103 rezolve lucrurile f\u0103r\u0103 isterie, f\u0103r\u0103 insulte, f\u0103r\u0103 s\u0103rituri din baie. Acest discurs \u00eendepline\u0219te cerin\u021bele no\u021biunii de neam\u021b. A fost un discurs foarte echilibrat, nu a fost p\u0103tima\u0219, n-a avut parti-pris-ul de care ar fi fost \u00eenc\u0103rcat de pild\u0103 un discurs al lui Traian B\u0103sescu, \u00eentr-o astfel de situa\u021bie\u201d, a spus Cristian Tudor Popescu. <\/span><\/p>\n<p data-index=\"2\">\u201e<span>Pe mine m\u0103 bucur\u0103 mult faptul c\u0103 a ales acest mod de comportament, a reu\u0219it s\u0103 imprime aceast\u0103 imagine, tocmai despre ce vorbim, de model uman. Modelul uman a fost bun \u00een seara asta, n-a fost bun \u00eentotdeauna. \u00cen ie\u0219irile celelalte, \u00een unele a fost confuz, \u00een altele a fost lemnos. Aici a spus exact ce trebuie \u0219i c\u00e2t trebuie\u201d, a mai spus jurnalistul despre discursul pre\u0219edintelui Klaus Iohannis.<\/span><\/p>\n<p data-index=\"3\">\u201e<span>Nu a pronun\u021bat cuvinte apocaliptice, cum face domnul Ponta. A spus c\u0103 este foarte grav pentru democra\u021bie, dar nu murim m\u00e2ine. Domnul Ponta a vorbit de lovitur\u0103 de stat, \u00eempreun\u0103 cu PSD a vorbit de lovitur\u0103 de stat\u201d, a subliniat el.<\/span><\/p>\n<p data-index=\"4\">\u201e<span>Din nou, iat\u0103, vedem istoria reluat\u0103. Lovitur\u0103 de stat! &#8211; spuneau Traian B\u0103sescu \u0219i Vasile Blaga, \u00een 2012, f\u0103r\u0103 s\u0103 clipeasc\u0103. Iar eu spun, cum spuneam \u0219i atunci lui Traian B\u0103sescu \u0219i lui Vasile Blaga, care lovitur\u0103 de stat? Cel mult e o lovitur\u0103 de popor, din moment ce se apeleaz\u0103 la vot. Nu se dau lovituri de stat prin vot popular. \u0218i aici spun acela\u0219i lucru, care lovitur\u0103 de stat? Nu-l \u00eenl\u0103tur\u0103 nimeni prin for\u021b\u0103 pe domnul acesta (Victor Ponta, n.red.), dac\u0103 nu dore\u0219te s\u0103-\u0219i dea demisia, iat\u0103 c\u0103 nu \u0219i-o d\u0103, merge \u00een continuare\u201d, a mai spus Cristian Tudor Popescu.<\/span><\/p>\n<p data-index=\"5\">\u201e<span>Dac\u0103 nu mai sunt eu, de m\u00e2ine, Rom\u00e2nia nu mai exist\u0103! E haos! S-a terminat!\u201d, despre aceste afirma\u021bii parafrazate ale lui Victor Ponta, jurnalistul a spus c\u0103 nu crede \u00een ele. <\/span><\/p>\n<p data-index=\"6\">\u201e<span>Nu! Eu spun c\u0103 dac\u0103 r\u0103m\u00e2ne domnul Ponta, Rom\u00e2nia nu va fi distrus\u0103, cum spun cei din partida anti-Ponta feroce. Nu! O s\u0103 mergem \u00eenainte, cu domnul Ponta premier. \u00centrebarea este c\u00e2t va reu\u0219i domnul Ponta s\u0103 avanseze cu aceast\u0103 imagine de la\u0219 pe care a livrat-o prin comportamentul \u0103sta\u201d, a spus Cristian Tudor Popescu.<\/span><\/p>\n<h5><span>Citi\u021bi \u0219i<a href=\"https:\/\/www.digi24.ro\/Stiri\/Digi24\/Actualitate\/Politica\/Klaus+Iohannis+despre+votul+in+cazul+lui+Victor+Ponta+Este+o+zi+\" data-skip-linkfix=\"1\"> Klaus Iohannis:\u00a0S\u0103 distrugi institu\u021bii pentru a salva cariera unei persoane este inacceptabil<\/a><\/span><\/h5>\n<\/div>\n<p> Source URL: https:\/\/www.digi24.ro\/stiri\/actualitate\/politica\/cristian-tudor-popescu-domnul-iohannis-a-avut-primul-discurs-de-neamt-402142<\/p>\n","protected":false},"excerpt":{"rendered":"<p>\u201eDomnul Iohannis a avut, dup\u0103 p\u0103rerea mea, primul discurs de pre\u0219edinte de c\u00e2nd e pre\u0219edinte \u0219i primul discurs care a trecut sticla, cum se spune \u00een televiziune, cu adev\u0103rat, c\u0103tre cet\u0103\u021beni \u0219i \u00een ultim\u0103 instan\u021b\u0103 primul discurs de neam\u021b. Mul\u021bi dintre cei care l-au votat au sperat, de fapt, c\u0103 va veni un neam\u021b. Nu [&hellip;]<\/p>\n","protected":false},"author":1,"featured_media":179958,"comment_status":"open","ping_status":"","sticky":false,"template":"","format":"standard","meta":{"footnotes":""},"categories":[2],"tags":[11],"class_list":["post-179957","post","type-post","status-publish","format-standard","has-post-thumbnail","hentry","category-politics","tag-digi24"],"_links":{"self":[{"href":"https:\/\/analyse.optim.biz\/index.php?rest_route=\/wp\/v2\/posts\/179957","targetHints":{"allow":["GET"]}}],"collection":[{"href":"https:\/\/analyse.optim.biz\/index.php?rest_route=\/wp\/v2\/posts"}],"about":[{"href":"https:\/\/analyse.optim.biz\/index.php?rest_route=\/wp\/v2\/types\/post"}],"author":[{"embeddable":true,"href":"https:\/\/analyse.optim.biz\/index.php?rest_route=\/wp\/v2\/users\/1"}],"replies":[{"embeddable":true,"href":"https:\/\/analyse.optim.biz\/index.php?rest_route=%2Fwp%2Fv2%2Fcomments&post=179957"}],"version-history":[{"count":0,"href":"https:\/\/analyse.optim.biz\/index.php?rest_route=\/wp\/v2\/posts\/179957\/revisions"}],"wp:featuredmedia":[{"embeddable":true,"href":"https:\/\/analyse.optim.biz\/index.php?rest_route=\/wp\/v2\/media\/179958"}],"wp:attachment":[{"href":"https:\/\/analyse.optim.biz\/index.php?rest_route=%2Fwp%2Fv2%2Fmedia&parent=179957"}],"wp:term":[{"taxonomy":"category","embeddable":true,"href":"https:\/\/analyse.optim.biz\/index.php?rest_route=%2Fwp%2Fv2%2Fcategories&post=179957"},{"taxonomy":"post_tag","embeddable":true,"href":"https:\/\/analyse.optim.biz\/index.php?rest_route=%2Fwp%2Fv2%2Ftags&post=179957"}],"curies":[{"name":"wp","href":"https:\/\/api.w.org\/{rel}","templated":true}]}}