{"id":179946,"date":"2015-06-09T22:25:15","date_gmt":"2015-06-09T19:25:15","guid":{"rendered":"https:\/\/analyse.optim.biz\/?p=179946"},"modified":"2015-06-09T22:25:15","modified_gmt":"2015-06-09T19:25:15","slug":"c-t-popescu-dl-ponta-il-reinvie-pe-traian-basescu-ii-reface-metodele-pas-cu-pas","status":"publish","type":"post","link":"https:\/\/analyse.optim.biz\/?p=179946","title":{"rendered":"C. T. Popescu: \u201eDl. Ponta \u00eel re\u00eenvie pe Traian B\u0103sescu. \u00cei reface metodele pas cu pas\u201d"},"content":{"rendered":"<div class=\"entry data-app-meta data-app-meta-article\" data-embed-base-url-canonical=\"https:\/\/www.digi24.ro\/embed\/stiri\/actualitate\/politica\/c-t-popescu-dl-ponta-il-reinvie-pe-traian-basescu-ii-reface-metodele-pas-cu-pas-402145\">\n<p data-index=\"1\">Cristian Tudor Popescu spune c\u0103 Victor Ponta este \u201eun ins care \u00een 48 de ore \u00ee\u0219i calc\u0103 \u00een picioare cuv\u00e2ntul\u201d.<\/p>\n<p data-index=\"2\">\u201e<span>Codul cavaleresc al onoarei, al cuv\u00e2ntului dat &#8211; aceast\u0103 valoare a c\u0103lcat-o \u00een picioare, \u00eenainte de orice discu\u021bie, premierul Rom\u00e2niei, \u00een v\u0103zul cet\u0103\u021benilor\u201d, a spus jurnalistul, amintind c\u0103 cet\u0103\u021benii tind s\u0103 imite comportamentul politicienilor, \u00een condi\u021biile \u00een care codul onoarei nu exist\u0103 \u201eaproape deloc\u201d \u00een Rom\u00e2nia.<\/span><\/p>\n<p data-index=\"3\">\u201e<span>Dl. Ponta nu a f\u0103cut dec\u00e2t s\u0103 \u00eent\u0103reasc\u0103 acest dispre\u021b pentru cuv\u00e2ntul dat. Dl. Ponta \u00eel re\u00eenvie pe Traian B\u0103sescu. Sigur, nu are stilistica de mare agresivitate \u0219i m\u00e2rl\u0103nie a lui Traian B\u0103sescu, dar metodele i le reface pas cu pas\u201d, a spus Cristian Tudor Popescu.<\/span><\/p>\n<p data-index=\"4\">El a amintit de declara\u021biile fostului pre\u0219edinte dinaintea referendumului din 2012 \u2013 \u00eent\u00e2i a spus c\u0103 nu vrea s\u0103 fie \u201epre\u0219edinte la masa verde\u201d \u0219i a chemat rom\u00e2nii s\u0103 voteze la referendum, apoi a spus c\u0103 \u201enumai boul e consecvent\u201d \u0219i a f\u0103cut apel la boicotarea referendumului.<\/p>\n<p data-index=\"5\">Un alt element comun al discursului celor doi este amenin\u021barea venit\u0103 din partea Rusiei.<\/p>\n<p data-index=\"6\">\u201e<span>Acela\u0219i comportament al lui Traian B\u0103sescu, care a \u00eencercat s\u0103-\u0219i rezolve problemele interne de imagine, de conflict politic, amintind mereu de amenin\u021barea ruseasc\u0103 \u2013 asta a fost o marot\u0103 a d-lui B\u0103sescu, \u00een care se a\u0219eza ca protectorul Rom\u00e2niei \u00een fa\u021ba Rusiei lui Putin. (&#8230;) Iat-o acum la dl. Ponta, care, \u00eentr-o poveste care \u021bine de procuratur\u0103, de ni\u0219te acte, de justi\u021bie, hodoronc-tronc vine \u0219i spune: Rusia profit\u0103, se \u00eentroneaz\u0103 haosul. Dac\u0103 nu mai este prim-ministru Victor Ponta, nu c\u0103 Rom\u00e2nia nu mai are prim-ministru \u00een general, se desfiin\u021beaz\u0103 func\u021bia, ci c\u0103 nu mai e dl Ponta prim-ministru, se \u00eenfiin\u021beaz\u0103 haosul\u201d, a spus Cristian Tudor Popescu.<\/span><\/p>\n<p data-index=\"7\">El a amintit c\u0103 \u0219i Nicolae Ceau\u0219escu \u201ea tr\u0103it din aceast\u0103 iluzie\u201d c\u0103 este scutul \u00een fa\u021ba ru\u0219ilor.<\/p>\n<p data-index=\"8\">Jurnalistul mai spune c\u0103 \u201esuspendarea unui premier e un act democratic, obi\u0219nuit, \u00een orice \u021bar\u0103, sunt proceduri standard, se preia interimatul de c\u0103tre cineva\u201d. El a amintit de cazuri, \u00een Rom\u00e2nia post-decembrist\u0103, de prim-mini\u0219tri care au demisionat \u0219i \u201enu s-a pr\u0103bu\u0219it \u021bara\u201d. Cu at\u00e2t mai mult cu c\u00e2t Rom\u00e2nia nu este \u00een criz\u0103 \u00een acest moment, iar Rusia nu ne afecteaz\u0103 \u00een mod direct.<\/p>\n<p data-index=\"9\">\u201e<span>Dl. Ponta comite din nou cea mai grav\u0103 lezare a civiliza\u021biei politice din Rom\u00e2nia, \u00een sensul \u00een care a f\u0103cut-o de at\u00e2tea ori Traian B\u0103sescu, \u00eenainte de orice prin modelul uman pe care \u00eel ofer\u0103 acestei \u021b\u0103ri, \u00ee\u0219i calc\u0103 propriul cuv\u00e2nt \u00een picioare\u201d, mai spune Cristian Tudor Popescu.<\/span><\/p>\n<p data-index=\"10\">Jurnalistul adaug\u0103 c\u0103 premierul folose\u0219te un limbaj dublu atunci c\u00e2nd vorbe\u0219te cu presa str\u0103in\u0103 \u0219i atunci c\u00e2nd face declara\u021bii pentru publicul din Rom\u00e2nia. Mai mult, e preocupat \u0219i de reac\u021bia diploma\u021bilor str\u0103ini de la Bucure\u0219ti.<\/p>\n<p data-index=\"11\">\u201e<span>E preocupat de ambasade pentru c\u0103 \u00eencearc\u0103 s\u0103 mai aib\u0103 un viitor politic. Nu po\u021bi s\u0103 ai un viitor politic \u00eenchis \u00een propria \u021bar\u0103. Reac\u021bia ambasadelor este doar primul nivel. \u00cen cancelariile occidentale, ce face dl. Ponta e perceput foarte exact\u201d, a ad\u0103ugat Cristian Tudor Popescu.<\/span><\/p>\n<\/div>\n<p> Source URL: https:\/\/www.digi24.ro\/stiri\/actualitate\/politica\/c-t-popescu-dl-ponta-il-reinvie-pe-traian-basescu-ii-reface-metodele-pas-cu-pas-402145<\/p>\n","protected":false},"excerpt":{"rendered":"<p>Cristian Tudor Popescu spune c\u0103 Victor Ponta este \u201eun ins care \u00een 48 de ore \u00ee\u0219i calc\u0103 \u00een picioare cuv\u00e2ntul\u201d. \u201eCodul cavaleresc al onoarei, al cuv\u00e2ntului dat &#8211; aceast\u0103 valoare a c\u0103lcat-o \u00een picioare, \u00eenainte de orice discu\u021bie, premierul Rom\u00e2niei, \u00een v\u0103zul cet\u0103\u021benilor\u201d, a spus jurnalistul, amintind c\u0103 cet\u0103\u021benii tind s\u0103 imite comportamentul politicienilor, \u00een [&hellip;]<\/p>\n","protected":false},"author":1,"featured_media":179947,"comment_status":"open","ping_status":"","sticky":false,"template":"","format":"standard","meta":{"footnotes":""},"categories":[2],"tags":[11],"class_list":["post-179946","post","type-post","status-publish","format-standard","has-post-thumbnail","hentry","category-politics","tag-digi24"],"_links":{"self":[{"href":"https:\/\/analyse.optim.biz\/index.php?rest_route=\/wp\/v2\/posts\/179946","targetHints":{"allow":["GET"]}}],"collection":[{"href":"https:\/\/analyse.optim.biz\/index.php?rest_route=\/wp\/v2\/posts"}],"about":[{"href":"https:\/\/analyse.optim.biz\/index.php?rest_route=\/wp\/v2\/types\/post"}],"author":[{"embeddable":true,"href":"https:\/\/analyse.optim.biz\/index.php?rest_route=\/wp\/v2\/users\/1"}],"replies":[{"embeddable":true,"href":"https:\/\/analyse.optim.biz\/index.php?rest_route=%2Fwp%2Fv2%2Fcomments&post=179946"}],"version-history":[{"count":0,"href":"https:\/\/analyse.optim.biz\/index.php?rest_route=\/wp\/v2\/posts\/179946\/revisions"}],"wp:featuredmedia":[{"embeddable":true,"href":"https:\/\/analyse.optim.biz\/index.php?rest_route=\/wp\/v2\/media\/179947"}],"wp:attachment":[{"href":"https:\/\/analyse.optim.biz\/index.php?rest_route=%2Fwp%2Fv2%2Fmedia&parent=179946"}],"wp:term":[{"taxonomy":"category","embeddable":true,"href":"https:\/\/analyse.optim.biz\/index.php?rest_route=%2Fwp%2Fv2%2Fcategories&post=179946"},{"taxonomy":"post_tag","embeddable":true,"href":"https:\/\/analyse.optim.biz\/index.php?rest_route=%2Fwp%2Fv2%2Ftags&post=179946"}],"curies":[{"name":"wp","href":"https:\/\/api.w.org\/{rel}","templated":true}]}}