{"id":1799225,"date":"2026-02-28T00:00:00","date_gmt":"2026-02-27T21:00:00","guid":{"rendered":"https:\/\/analyse.optim.biz\/?p=1799225"},"modified":"2026-02-28T00:00:00","modified_gmt":"2026-02-27T21:00:00","slug":"foto-accident-rutier-in-municipiul-suceava-doua-femei-lovite-de-o-masina-pe-bulevardul-george-enescu","status":"publish","type":"post","link":"https:\/\/analyse.optim.biz\/?p=1799225","title":{"rendered":"FOTO Accident rutier \u00een municipiul Suceava. Dou\u0103 femei lovite de o ma\u0219in\u0103 pe Bulevardul George Enescu"},"content":{"rendered":"<p>[analyse_image type=&#8221;featured&#8221; src=&#8221;&#8221;]<\/p>\n<div class=\"entry-content\">\n<p><img decoding=\"async\" loading=\"lazy\" class=\"alignright size-medium wp-image-318682\" src=\"https:\/\/suceavanews.ro\/wp-content\/uploads\/2026\/02\/accident-in-municipiul-Suceava-300x168.jpeg\" alt=\"\" width=\"300\" height=\"168\">Un accident rutier s-a produs, s\u00e2mb\u0103t\u0103, \u00een municipiul Suceava. Dou\u0103 femei au fost lovite de o ma\u0219in\u0103 pe Bulevardul George Enescu. La fa\u021ba locului au intervenit pompierii militari din cadrul Deta\u0219amentului Suceava cu o autospecial\u0103 pentru descarcerare \u0219i o ambulan\u021b\u0103 SMURD TIM (Terapie Intensiv\u0103 Mobil\u0103), cu sprijinul unui echipaj tip C de la Serviciul de Ambulan\u021b\u0103 Jude\u021ban.<\/p>\n<p>\u201e<em><strong>Este vorba despre doi pietoni (ambele femei, con\u0219tiente \u0219i cooperante) lovi\u021bi de un autovehicul. Victimele primesc \u00eengrijiri medicale de la ambele ambulan\u021be \u00eencadrate cu medic \u0219i vor fi transportate la UPU Suceava\u201d<\/strong><\/em>, a transmis ISU Suceava.<\/p>\n<\/div>\n<div class=\"entry-content\">\n<p><img decoding=\"async\" loading=\"lazy\" class=\"alignright size-medium wp-image-318682\" src=\"https:\/\/suceavanews.ro\/wp-content\/uploads\/2026\/02\/accident-in-municipiul-Suceava-300x168.jpeg\" alt=\"\" width=\"300\" height=\"168\">Un accident rutier s-a produs, s\u00e2mb\u0103t\u0103, \u00een municipiul Suceava. Dou\u0103 femei au fost lovite de o ma\u0219in\u0103 pe Bulevardul George Enescu. La fa\u021ba locului au intervenit pompierii militari din cadrul Deta\u0219amentului Suceava cu o autospecial\u0103 pentru descarcerare \u0219i o ambulan\u021b\u0103 SMURD TIM (Terapie Intensiv\u0103 Mobil\u0103), cu sprijinul unui echipaj tip C de la Serviciul de Ambulan\u021b\u0103 Jude\u021ban.<\/p>\n<p>\u201e<em><strong>Este vorba despre doi pietoni (ambele femei, con\u0219tiente \u0219i cooperante) lovi\u021bi de un autovehicul. Victimele primesc \u00eengrijiri medicale de la ambele ambulan\u021be \u00eencadrate cu medic \u0219i vor fi transportate la UPU Suceava\u201d<\/strong><\/em>, a transmis ISU Suceava.<\/p>\n<\/div>\n<p>[analyse_source url=&#8221;https:\/\/suceavanews.ro\/318681\/eveniment\/foto-accident-rutier-in-municipiul-suceava-doua-femei-lovite-de-o-masina-pe-bulevardul-george-enescu\/&#8221;]<\/p>\n","protected":false},"excerpt":{"rendered":"<p>[analyse_image type=&#8221;featured&#8221; src=&#8221;&#8221;] Un accident rutier s-a produs, s\u00e2mb\u0103t\u0103, \u00een municipiul Suceava. Dou\u0103 femei au fost lovite de o ma\u0219in\u0103 pe Bulevardul George Enescu. La fa\u021ba locului au intervenit pompierii militari din cadrul Deta\u0219amentului Suceava cu o autospecial\u0103 pentru descarcerare \u0219i o ambulan\u021b\u0103 SMURD TIM (Terapie Intensiv\u0103 Mobil\u0103), cu sprijinul unui echipaj tip C de [&hellip;]<\/p>\n","protected":false},"author":1,"featured_media":0,"comment_status":"open","ping_status":"","sticky":false,"template":"","format":"standard","meta":{"footnotes":""},"categories":[89],"tags":[226,174],"class_list":["post-1799225","post","type-post","status-publish","format-standard","hentry","category-romania","tag-crawlmanager","tag-suceavanews-ro"],"_links":{"self":[{"href":"https:\/\/analyse.optim.biz\/index.php?rest_route=\/wp\/v2\/posts\/1799225","targetHints":{"allow":["GET"]}}],"collection":[{"href":"https:\/\/analyse.optim.biz\/index.php?rest_route=\/wp\/v2\/posts"}],"about":[{"href":"https:\/\/analyse.optim.biz\/index.php?rest_route=\/wp\/v2\/types\/post"}],"author":[{"embeddable":true,"href":"https:\/\/analyse.optim.biz\/index.php?rest_route=\/wp\/v2\/users\/1"}],"replies":[{"embeddable":true,"href":"https:\/\/analyse.optim.biz\/index.php?rest_route=%2Fwp%2Fv2%2Fcomments&post=1799225"}],"version-history":[{"count":0,"href":"https:\/\/analyse.optim.biz\/index.php?rest_route=\/wp\/v2\/posts\/1799225\/revisions"}],"wp:attachment":[{"href":"https:\/\/analyse.optim.biz\/index.php?rest_route=%2Fwp%2Fv2%2Fmedia&parent=1799225"}],"wp:term":[{"taxonomy":"category","embeddable":true,"href":"https:\/\/analyse.optim.biz\/index.php?rest_route=%2Fwp%2Fv2%2Fcategories&post=1799225"},{"taxonomy":"post_tag","embeddable":true,"href":"https:\/\/analyse.optim.biz\/index.php?rest_route=%2Fwp%2Fv2%2Ftags&post=1799225"}],"curies":[{"name":"wp","href":"https:\/\/api.w.org\/{rel}","templated":true}]}}