{"id":1799224,"date":"2026-02-27T00:00:00","date_gmt":"2026-02-26T21:00:00","guid":{"rendered":"https:\/\/analyse.optim.biz\/?p=1799224"},"modified":"2026-02-27T00:00:00","modified_gmt":"2026-02-26T21:00:00","slug":"foto-accident-pe-drumul-care-face-legatura-dintre-suceava-si-adancata-doi-copii-au-ajuns-la-spital","status":"publish","type":"post","link":"https:\/\/analyse.optim.biz\/?p=1799224","title":{"rendered":"FOTO Accident pe drumul care face leg\u0103tura dintre Suceava \u0219i Ad\u00e2ncata. Doi copii au ajuns la spital"},"content":{"rendered":"<p>[analyse_image type=&#8221;featured&#8221; src=&#8221;&#8221;]<\/p>\n<div class=\"entry-content\">\n<p><a href=\"https:\/\/www.botosaninews.ro\/wp-content\/uploads\/2026\/02\/accident-la-iesirea-din-suceava-spre-adancata-1.jpeg\"><img decoding=\"async\" loading=\"lazy\" class=\"alignright size-medium wp-image-723255\" src=\"https:\/\/www.botosaninews.ro\/wp-content\/uploads\/2026\/02\/accident-la-iesirea-din-suceava-spre-adancata-1-300x208.jpeg\" alt=\"\" width=\"300\" height=\"208\"><\/a>Un accident rutier s-a produs, vineri sear\u0103, la ie\u0219irea din municipiul Suceava spre localitatea Ad\u00e2ncata. Este vorba despre un autoturism ie\u0219it \u00een afara p\u0103r\u021bii carosabile \u00een care se aflau un adult \u0219i trei minori.<\/p>\n<p>\u201e<em><strong>Persoanele implicate \u00een evenimentul rutier sunt con\u0219tiente \u0219i cooperante, momentan se afl\u0103 \u00een monitorizarea echipajelor medicale \u0219i paramedicale.\u00a0\u00cen urma evenimentului rutier, doi minori sunt transporta\u021bi la spital pentru investiga\u021bii suplimentare \u0219i tratament de specialitate<\/strong><\/em>\u201d, a transmis ISU Suceava.<\/p>\n<p><a href=\"https:\/\/www.botosaninews.ro\/wp-content\/uploads\/2026\/02\/accident-la-iesirea-din-suceava-spre-adancata.jpeg\"><img decoding=\"async\" loading=\"lazy\" class=\"alignleft size-medium wp-image-723256\" src=\"https:\/\/www.botosaninews.ro\/wp-content\/uploads\/2026\/02\/accident-la-iesirea-din-suceava-spre-adancata-300x267.jpeg\" alt=\"\" width=\"300\" height=\"267\"><\/a>La fa\u021ba locului au intervenit pompierii militari din cadrul Deta\u0219amentului Suceava cu o autospecial\u0103 pentru descarcerare, o autospecial\u0103 de stingere cu ap\u0103 \u0219i spum\u0103 \u0219i o ambulan\u021b\u0103 SMURD B2, cu sprijinul a dou\u0103 ambulan\u021be Serviciului de Ambulan\u021b\u0103 Jude\u021bean Suceava.<\/p>\n<p><a href=\"https:\/\/news.google.com\/publications\/CAAqBwgKMMy4pgswtMO-Aw?ceid=RO:ro&amp;oc=3\" target=\"_blank\" rel=\"noopener\" data-saferedirecturl=\"https:\/\/www.google.com\/url?q=https:\/\/news.google.com\/publications\/CAAqBwgKMMy4pgswtMO-Aw?ceid%3DRO:ro%26oc%3D3&amp;source=gmail&amp;ust=1772294083512000&amp;usg=AOvVaw0Smm0KOi7_T8VxTMv1WUfv\">Urmareste-ne pe Google News<\/a><\/p>\n<p>\u00a0<\/p>\n<p>\u00a0<\/p>\n<\/div>\n<div class=\"entry-content\">\n<p><a href=\"https:\/\/www.botosaninews.ro\/wp-content\/uploads\/2026\/02\/accident-la-iesirea-din-suceava-spre-adancata-1.jpeg\"><img decoding=\"async\" loading=\"lazy\" class=\"alignright size-medium wp-image-723255\" src=\"https:\/\/www.botosaninews.ro\/wp-content\/uploads\/2026\/02\/accident-la-iesirea-din-suceava-spre-adancata-1-300x208.jpeg\" alt=\"\" width=\"300\" height=\"208\"><\/a>Un accident rutier s-a produs, vineri sear\u0103, la ie\u0219irea din municipiul Suceava spre localitatea Ad\u00e2ncata. Este vorba despre un autoturism ie\u0219it \u00een afara p\u0103r\u021bii carosabile \u00een care se aflau un adult \u0219i trei minori.<\/p>\n<p>\u201e<em><strong>Persoanele implicate \u00een evenimentul rutier sunt con\u0219tiente \u0219i cooperante, momentan se afl\u0103 \u00een monitorizarea echipajelor medicale \u0219i paramedicale.\u00a0\u00cen urma evenimentului rutier, doi minori sunt transporta\u021bi la spital pentru investiga\u021bii suplimentare \u0219i tratament de specialitate<\/strong><\/em>\u201d, a transmis ISU Suceava.<\/p>\n<p><a href=\"https:\/\/www.botosaninews.ro\/wp-content\/uploads\/2026\/02\/accident-la-iesirea-din-suceava-spre-adancata.jpeg\"><img decoding=\"async\" loading=\"lazy\" class=\"alignleft size-medium wp-image-723256\" src=\"https:\/\/www.botosaninews.ro\/wp-content\/uploads\/2026\/02\/accident-la-iesirea-din-suceava-spre-adancata-300x267.jpeg\" alt=\"\" width=\"300\" height=\"267\"><\/a>La fa\u021ba locului au intervenit pompierii militari din cadrul Deta\u0219amentului Suceava cu o autospecial\u0103 pentru descarcerare, o autospecial\u0103 de stingere cu ap\u0103 \u0219i spum\u0103 \u0219i o ambulan\u021b\u0103 SMURD B2, cu sprijinul a dou\u0103 ambulan\u021be Serviciului de Ambulan\u021b\u0103 Jude\u021bean Suceava.<\/p>\n<p><a href=\"https:\/\/news.google.com\/publications\/CAAqBwgKMMy4pgswtMO-Aw?ceid=RO:ro&amp;oc=3\" target=\"_blank\" rel=\"noopener\" data-saferedirecturl=\"https:\/\/www.google.com\/url?q=https:\/\/news.google.com\/publications\/CAAqBwgKMMy4pgswtMO-Aw?ceid%3DRO:ro%26oc%3D3&amp;source=gmail&amp;ust=1772294083512000&amp;usg=AOvVaw0Smm0KOi7_T8VxTMv1WUfv\">Urmareste-ne pe Google News<\/a><\/p>\n<p>\u00a0<\/p>\n<p>\u00a0<\/p>\n<\/div>\n<p>[analyse_source url=&#8221;https:\/\/suceavanews.ro\/318672\/eveniment\/foto-accident-pe-drumul-care-face-legatura-dintre-suceava-si-adancata-doi-copii-au-ajuns-la-spital\/&#8221;]<\/p>\n","protected":false},"excerpt":{"rendered":"<p>[analyse_image type=&#8221;featured&#8221; src=&#8221;&#8221;] Un accident rutier s-a produs, vineri sear\u0103, la ie\u0219irea din municipiul Suceava spre localitatea Ad\u00e2ncata. Este vorba despre un autoturism ie\u0219it \u00een afara p\u0103r\u021bii carosabile \u00een care se aflau un adult \u0219i trei minori. \u201ePersoanele implicate \u00een evenimentul rutier sunt con\u0219tiente \u0219i cooperante, momentan se afl\u0103 \u00een monitorizarea echipajelor medicale \u0219i paramedicale.\u00a0\u00cen [&hellip;]<\/p>\n","protected":false},"author":1,"featured_media":0,"comment_status":"open","ping_status":"","sticky":false,"template":"","format":"standard","meta":{"footnotes":""},"categories":[89],"tags":[226,174],"class_list":["post-1799224","post","type-post","status-publish","format-standard","hentry","category-romania","tag-crawlmanager","tag-suceavanews-ro"],"_links":{"self":[{"href":"https:\/\/analyse.optim.biz\/index.php?rest_route=\/wp\/v2\/posts\/1799224","targetHints":{"allow":["GET"]}}],"collection":[{"href":"https:\/\/analyse.optim.biz\/index.php?rest_route=\/wp\/v2\/posts"}],"about":[{"href":"https:\/\/analyse.optim.biz\/index.php?rest_route=\/wp\/v2\/types\/post"}],"author":[{"embeddable":true,"href":"https:\/\/analyse.optim.biz\/index.php?rest_route=\/wp\/v2\/users\/1"}],"replies":[{"embeddable":true,"href":"https:\/\/analyse.optim.biz\/index.php?rest_route=%2Fwp%2Fv2%2Fcomments&post=1799224"}],"version-history":[{"count":0,"href":"https:\/\/analyse.optim.biz\/index.php?rest_route=\/wp\/v2\/posts\/1799224\/revisions"}],"wp:attachment":[{"href":"https:\/\/analyse.optim.biz\/index.php?rest_route=%2Fwp%2Fv2%2Fmedia&parent=1799224"}],"wp:term":[{"taxonomy":"category","embeddable":true,"href":"https:\/\/analyse.optim.biz\/index.php?rest_route=%2Fwp%2Fv2%2Fcategories&post=1799224"},{"taxonomy":"post_tag","embeddable":true,"href":"https:\/\/analyse.optim.biz\/index.php?rest_route=%2Fwp%2Fv2%2Ftags&post=1799224"}],"curies":[{"name":"wp","href":"https:\/\/api.w.org\/{rel}","templated":true}]}}