{"id":1799222,"date":"2026-02-26T00:00:00","date_gmt":"2026-02-25T21:00:00","guid":{"rendered":"https:\/\/analyse.optim.biz\/?p=1799222"},"modified":"2026-02-26T00:00:00","modified_gmt":"2026-02-25T21:00:00","slug":"video-incendiu-devastator-casa-unui-batran-din-oniceni-cuprinsa-de-flacari-uriase","status":"publish","type":"post","link":"https:\/\/analyse.optim.biz\/?p=1799222","title":{"rendered":"VIDEO Incendiu devastator! Casa unui b\u0103tr\u00e2n din Oniceni, cuprins\u0103 de fl\u0103c\u0103ri uria\u0219e"},"content":{"rendered":"<p>[analyse_image type=&#8221;featured&#8221; src=&#8221;&#8221;]<\/p>\n<div class=\"entry-content\">\n<p><a href=\"https:\/\/www.botosaninews.ro\/wp-content\/uploads\/2026\/02\/incendiu-la-dolhasca-suceava-scaled.jpg\"><img decoding=\"async\" loading=\"lazy\" class=\"alignright size-medium wp-image-723098\" src=\"https:\/\/www.botosaninews.ro\/wp-content\/uploads\/2026\/02\/incendiu-la-dolhasca-suceava-300x139.jpg\" alt=\"\" width=\"300\" height=\"139\"><\/a>Un incendiu devastator a avut loc joi sear\u0103 \u00een satul Oniceni din comuna For\u0103\u0219ti (jude\u021bul Suceava). Casa unui b\u0103tr\u00e2n a fost cuprins\u0103 de fl\u0103c\u0103ri uria\u0219e, iar la fa\u021ba locului intervin pompierii militari de la subunit\u0103\u021bile F\u0103lticeni \u0219i Dolhasca, \u00eempreun\u0103 cu lucr\u0103torii SVSU Cornu Luncii, cu patru autospeciale de stingere \u0219i o ambulan\u021b\u0103 SMURD.<\/p>\n<p>Fl\u0103c\u0103rile se manifestau la casa de locuit \u0219i la ad\u0103postul de animale, construc\u021bii corp comun cu o suprafa\u021b\u0103 total\u0103 de aproximativ 200 de metri p\u0103tra\u021bi.<\/p>\n<p>Proprietarul, \u00een v\u00e2rst\u0103 de 76 de ani, prezenta atac de panic\u0103 \u0219i a fost preluat de c\u0103tre echipajul SMURD. Ulterior, b\u0103rbatul a refuzat transportul la o unitate spitaliceasc\u0103.<\/p>\n<p><em><strong>\u201eIncendiul a fost localizat \u00een limitele g\u0103site, iar pompierii lucreaz\u0103 pentru lichidarea ultimelor focare \u0219i \u00eendep\u0103rtarea efectelor negative\u201d<\/strong><\/em>, au transmis oficialii ISU Suceava.<\/p>\n<div class=\"wp-video\"><video class=\"wp-video-shortcode\" id=\"video-318667-1\" width=\"848\" height=\"394\" preload=\"metadata\" controls=\"controls\"><source type=\"video\/mp4\" src=\"https:\/\/suceavanews.ro\/wp-content\/uploads\/2026\/02\/incendiu-suceava.mp4?_=1\" \/><a href=\"https:\/\/suceavanews.ro\/wp-content\/uploads\/2026\/02\/incendiu-suceava.mp4\">https:\/\/suceavanews.ro\/wp-content\/uploads\/2026\/02\/incendiu-suceava.mp4<\/a><\/video><\/div>\n<p><a href=\"https:\/\/news.google.com\/publications\/CAAqBwgKMMy4pgswtMO-Aw?ceid=RO:ro&amp;oc=3\" target=\"_blank\" rel=\"noopener\" data-saferedirecturl=\"https:\/\/www.google.com\/url?q=https:\/\/news.google.com\/publications\/CAAqBwgKMMy4pgswtMO-Aw?ceid%3DRO:ro%26oc%3D3&amp;source=gmail&amp;ust=1771592061181000&amp;usg=AOvVaw1tw3Yssai8qW4K6NLJfcDU\">Urmareste-ne pe Google News<\/a><\/p>\n<\/div>\n<div class=\"entry-content\">\n<p><a href=\"https:\/\/www.botosaninews.ro\/wp-content\/uploads\/2026\/02\/incendiu-la-dolhasca-suceava-scaled.jpg\"><img decoding=\"async\" loading=\"lazy\" class=\"alignright size-medium wp-image-723098\" src=\"https:\/\/www.botosaninews.ro\/wp-content\/uploads\/2026\/02\/incendiu-la-dolhasca-suceava-300x139.jpg\" alt=\"\" width=\"300\" height=\"139\"><\/a>Un incendiu devastator a avut loc joi sear\u0103 \u00een satul Oniceni din comuna For\u0103\u0219ti (jude\u021bul Suceava). Casa unui b\u0103tr\u00e2n a fost cuprins\u0103 de fl\u0103c\u0103ri uria\u0219e, iar la fa\u021ba locului intervin pompierii militari de la subunit\u0103\u021bile F\u0103lticeni \u0219i Dolhasca, \u00eempreun\u0103 cu lucr\u0103torii SVSU Cornu Luncii, cu patru autospeciale de stingere \u0219i o ambulan\u021b\u0103 SMURD.<\/p>\n<p>Fl\u0103c\u0103rile se manifestau la casa de locuit \u0219i la ad\u0103postul de animale, construc\u021bii corp comun cu o suprafa\u021b\u0103 total\u0103 de aproximativ 200 de metri p\u0103tra\u021bi.<\/p>\n<p>Proprietarul, \u00een v\u00e2rst\u0103 de 76 de ani, prezenta atac de panic\u0103 \u0219i a fost preluat de c\u0103tre echipajul SMURD. Ulterior, b\u0103rbatul a refuzat transportul la o unitate spitaliceasc\u0103.<\/p>\n<p><em><strong>\u201eIncendiul a fost localizat \u00een limitele g\u0103site, iar pompierii lucreaz\u0103 pentru lichidarea ultimelor focare \u0219i \u00eendep\u0103rtarea efectelor negative\u201d<\/strong><\/em>, au transmis oficialii ISU Suceava.<\/p>\n<div class=\"wp-video\"><video class=\"wp-video-shortcode\" id=\"video-318667-1\" width=\"848\" height=\"394\" preload=\"metadata\" controls=\"controls\"><source type=\"video\/mp4\" src=\"https:\/\/suceavanews.ro\/wp-content\/uploads\/2026\/02\/incendiu-suceava.mp4?_=1\" \/><a href=\"https:\/\/suceavanews.ro\/wp-content\/uploads\/2026\/02\/incendiu-suceava.mp4\">https:\/\/suceavanews.ro\/wp-content\/uploads\/2026\/02\/incendiu-suceava.mp4<\/a><\/video><\/div>\n<p><a href=\"https:\/\/news.google.com\/publications\/CAAqBwgKMMy4pgswtMO-Aw?ceid=RO:ro&amp;oc=3\" target=\"_blank\" rel=\"noopener\" data-saferedirecturl=\"https:\/\/www.google.com\/url?q=https:\/\/news.google.com\/publications\/CAAqBwgKMMy4pgswtMO-Aw?ceid%3DRO:ro%26oc%3D3&amp;source=gmail&amp;ust=1771592061181000&amp;usg=AOvVaw1tw3Yssai8qW4K6NLJfcDU\">Urmareste-ne pe Google News<\/a><\/p>\n<\/div>\n<p>[analyse_source url=&#8221;https:\/\/suceavanews.ro\/318667\/eveniment\/video-incendiu-devastator-casa-unui-batran-din-oniceni-cuprinsa-de-flacari-uriase\/&#8221;]<\/p>\n","protected":false},"excerpt":{"rendered":"<p>[analyse_image type=&#8221;featured&#8221; src=&#8221;&#8221;] Un incendiu devastator a avut loc joi sear\u0103 \u00een satul Oniceni din comuna For\u0103\u0219ti (jude\u021bul Suceava). Casa unui b\u0103tr\u00e2n a fost cuprins\u0103 de fl\u0103c\u0103ri uria\u0219e, iar la fa\u021ba locului intervin pompierii militari de la subunit\u0103\u021bile F\u0103lticeni \u0219i Dolhasca, \u00eempreun\u0103 cu lucr\u0103torii SVSU Cornu Luncii, cu patru autospeciale de stingere \u0219i o ambulan\u021b\u0103 [&hellip;]<\/p>\n","protected":false},"author":1,"featured_media":0,"comment_status":"open","ping_status":"","sticky":false,"template":"","format":"standard","meta":{"footnotes":""},"categories":[89],"tags":[226,174],"class_list":["post-1799222","post","type-post","status-publish","format-standard","hentry","category-romania","tag-crawlmanager","tag-suceavanews-ro"],"_links":{"self":[{"href":"https:\/\/analyse.optim.biz\/index.php?rest_route=\/wp\/v2\/posts\/1799222","targetHints":{"allow":["GET"]}}],"collection":[{"href":"https:\/\/analyse.optim.biz\/index.php?rest_route=\/wp\/v2\/posts"}],"about":[{"href":"https:\/\/analyse.optim.biz\/index.php?rest_route=\/wp\/v2\/types\/post"}],"author":[{"embeddable":true,"href":"https:\/\/analyse.optim.biz\/index.php?rest_route=\/wp\/v2\/users\/1"}],"replies":[{"embeddable":true,"href":"https:\/\/analyse.optim.biz\/index.php?rest_route=%2Fwp%2Fv2%2Fcomments&post=1799222"}],"version-history":[{"count":0,"href":"https:\/\/analyse.optim.biz\/index.php?rest_route=\/wp\/v2\/posts\/1799222\/revisions"}],"wp:attachment":[{"href":"https:\/\/analyse.optim.biz\/index.php?rest_route=%2Fwp%2Fv2%2Fmedia&parent=1799222"}],"wp:term":[{"taxonomy":"category","embeddable":true,"href":"https:\/\/analyse.optim.biz\/index.php?rest_route=%2Fwp%2Fv2%2Fcategories&post=1799222"},{"taxonomy":"post_tag","embeddable":true,"href":"https:\/\/analyse.optim.biz\/index.php?rest_route=%2Fwp%2Fv2%2Ftags&post=1799222"}],"curies":[{"name":"wp","href":"https:\/\/api.w.org\/{rel}","templated":true}]}}