{"id":1798596,"date":"2026-02-28T07:57:32","date_gmt":"2026-02-28T04:57:32","guid":{"rendered":"https:\/\/analyse.optim.biz\/?p=1798596"},"modified":"2026-02-28T07:57:32","modified_gmt":"2026-02-28T04:57:32","slug":"responsabilitatile-agentilor-economici-in-domeniul-protectiei-mediului-si-a-gestionarii-deseurilor-in-dezbatere-la-cciat","status":"publish","type":"post","link":"https:\/\/analyse.optim.biz\/?p=1798596","title":{"rendered":"Responsabilit\u0103\u021bile agen\u021bilor economici \u00een domeniul protec\u021biei mediului \u0219i a gestion\u0103rii de\u015feurilor, \u00een dezbatere la CCIAT"},"content":{"rendered":"<p>[analyse_image type=&#8221;featured&#8221; src=&#8221;https:\/\/www.banatulazi.ro\/wp-content\/uploads\/2026\/02\/craft-cciat-10.jpg&#8221;]<\/p>\n<div class=\"td_block_wrap tdb_single_content tdi_64 td-pb-border-top td_block_template_1 td-post-content tagdiv-type\" data-td-block-uid=\"tdi_64\">\n<div class=\"tdb-block-inner td-fix-index\">\n<p><strong>Camera de Comer\u0163, Industrie \u015fi Agricultur\u0103 Timi\u015f, \u00een calitate de partener Enterprise Europe Network (EEN), \u00een colaborare cu Agen\u021bia Na\u021bional\u0103 pentru Mediu \u0219i Arii Protejate \u2013 Direc\u021bia Jude\u021bean\u0103 de Mediu Timi\u0219 \u0219i Garda Na\u021bional\u0103 de Mediu \u2013 Comisariatul Jude\u021bean Timi\u0219, sub egida Institu\u021biei Prefectului Jude\u021bul Timi\u0219, organizeaz\u0103 miercuri, 3 martie 2026, \u00een Sala Banat a Centrului Regional de Afaceri al CCIA Timi\u0219, cu \u00eencepere de la ora 10 00 , seminarul de informare a agen\u021bilor economici, av\u00e2nd ca tem\u0103:<\/strong><\/p>\n<p><em>Aspecte privind responsabilit\u0103\u021bile agen\u021bilor economici \u00een domeniul protec\u021biei mediului \u0219i a gestion\u0103rii de\u015feurilor<\/em><\/p>\n<p>Agen\u021bia Na\u021bional\u0103 pentru Mediu \u0219i Arii Protejate \u2013 Direc\u021bia Jude\u021bean\u0103 de Mediu Timi\u0219 va prezenta:<br \/>\n\uf0a7 Modul de eviden\u021b\u0103 \u0219i de raportare a datelor pentru diferite fluxuri de de\u0219euri: ambalaje \u0219i de\u0219euri de ambalaje, de\u0219euri de echipamente electrice \u0219i electronice, de\u0219euri de baterii \u0219i acumulatori, vehicule scoase din uz, eviden\u021ba cronologic\u0103 lunar\u0103 \u0219i\/sau anual\u0103 privind cantit\u0103\u021bile de de\u0219euri generate \u0219i\/sau gestionate conform OUG 92\/2021 privind regimul de\u0219eurilor, aprobat\u0103 cu modific\u0103ri prin Legea nr. 17\/2023 cu modific\u0103rile \u0219i complet\u0103rile ulterioare;<br \/>\n\uf0a7 Aspecte privind derularea procedurilor de reglementare din punct de vedere al protec\u021biei mediului (aviz, acord, autoriza\u021bie, autoriza\u021bie integrat\u0103 de mediu);<br \/>\n\uf0a7 Aspecte privind monitorizarea factorilor de mediu \u0219i raportarea datelor, inclusiv a incidentelor\/accidentelor \u0219i polu\u0103rilor accidentale.<\/p>\n<p>Garda Na\u021bional\u0103 de Mediu \u2013 Comisariatul Jude\u021bean Timi\u0219 va prezenta: Conformarea la legisla\u021bia de mediu \u2013 obliga\u021bie legal\u0103, dar \u0219i oportunitate pentru dezvoltarea durabil\u0103 a afacerilor.<\/p>\n<p>Seminarul va fi sus\u021binut de speciali\u0219ti din cadrul Direc\u021biei Jude\u021beane de Mediu Timi\u0219 \u0219i a G\u0103rzii Na\u021bionale de Mediu \u2013 Comisariatul Jude\u021bean Timi\u0219.<br \/>\nParticiparea este GRATUIT\u0102, prin transmiterea confirm\u0103rii de participare aici: www.cciat.ro.<br \/>\nInforma\u021bii suplimentare la tel. 0256 490 771, e-mail mmaftei@cciat.ro, M\u0103d\u0103lina Maftei \u2013 consultant cameral.<\/p>\n<\/div>\n<\/div>\n<p>[analyse_source url=&#8221;https:\/\/www.banatulazi.ro\/responsabilitatile-agentilor-economici-in-domeniul-protectiei-mediului-si-a-gestionarii-deseurilor-in-dezbatere-la-cciat\/&#8221;]<\/p>\n","protected":false},"excerpt":{"rendered":"<p>[analyse_image type=&#8221;featured&#8221; src=&#8221;https:\/\/www.banatulazi.ro\/wp-content\/uploads\/2026\/02\/craft-cciat-10.jpg&#8221;] Camera de Comer\u0163, Industrie \u015fi Agricultur\u0103 Timi\u015f, \u00een calitate de partener Enterprise Europe Network (EEN), \u00een colaborare cu Agen\u021bia Na\u021bional\u0103 pentru Mediu \u0219i Arii Protejate \u2013 Direc\u021bia Jude\u021bean\u0103 de Mediu Timi\u0219 \u0219i Garda Na\u021bional\u0103 de Mediu \u2013 Comisariatul Jude\u021bean Timi\u0219, sub egida Institu\u021biei Prefectului Jude\u021bul Timi\u0219, organizeaz\u0103 miercuri, 3 martie 2026, \u00een [&hellip;]<\/p>\n","protected":false},"author":1,"featured_media":0,"comment_status":"open","ping_status":"","sticky":false,"template":"","format":"standard","meta":{"footnotes":""},"categories":[89],"tags":[185,226],"class_list":["post-1798596","post","type-post","status-publish","format-standard","hentry","category-romania","tag-banatulazi-ro","tag-crawlmanager"],"_links":{"self":[{"href":"https:\/\/analyse.optim.biz\/index.php?rest_route=\/wp\/v2\/posts\/1798596","targetHints":{"allow":["GET"]}}],"collection":[{"href":"https:\/\/analyse.optim.biz\/index.php?rest_route=\/wp\/v2\/posts"}],"about":[{"href":"https:\/\/analyse.optim.biz\/index.php?rest_route=\/wp\/v2\/types\/post"}],"author":[{"embeddable":true,"href":"https:\/\/analyse.optim.biz\/index.php?rest_route=\/wp\/v2\/users\/1"}],"replies":[{"embeddable":true,"href":"https:\/\/analyse.optim.biz\/index.php?rest_route=%2Fwp%2Fv2%2Fcomments&post=1798596"}],"version-history":[{"count":0,"href":"https:\/\/analyse.optim.biz\/index.php?rest_route=\/wp\/v2\/posts\/1798596\/revisions"}],"wp:attachment":[{"href":"https:\/\/analyse.optim.biz\/index.php?rest_route=%2Fwp%2Fv2%2Fmedia&parent=1798596"}],"wp:term":[{"taxonomy":"category","embeddable":true,"href":"https:\/\/analyse.optim.biz\/index.php?rest_route=%2Fwp%2Fv2%2Fcategories&post=1798596"},{"taxonomy":"post_tag","embeddable":true,"href":"https:\/\/analyse.optim.biz\/index.php?rest_route=%2Fwp%2Fv2%2Ftags&post=1798596"}],"curies":[{"name":"wp","href":"https:\/\/api.w.org\/{rel}","templated":true}]}}