{"id":1798583,"date":"2026-02-27T17:00:32","date_gmt":"2026-02-27T14:00:32","guid":{"rendered":"https:\/\/analyse.optim.biz\/?p=1798583"},"modified":"2026-02-27T17:00:32","modified_gmt":"2026-02-27T14:00:32","slug":"draga-turistule-de-pasii-te-vor-purta-in-bucovina-nu-uita-de-codrii-seculari-slatioara-suceavalive","status":"publish","type":"post","link":"https:\/\/analyse.optim.biz\/?p=1798583","title":{"rendered":"Drag\u0103 turistule, de pa\u0219ii te vor purta \u00een Bucovina, nu uita de Codrii Seculari Sl\u0103tioara &#8211; SuceavaLIVE"},"content":{"rendered":"<p>[analyse_image type=&#8221;featured&#8221; src=&#8221;https:\/\/suceavalive.ro\/wp-content\/uploads\/2026\/02\/codrii-seculari-slatioara.jpghttps:\/\/suceavalive.ro\/wp-content\/uploads\/2026\/02\/codrii-seculari-slatioara.jpg&#8221;]<\/p>\n<article id=\"post-287835\" class=\"clearfix post-287835 post type-post status-publish format-standard has-post-thumbnail hentry category-slide category-categoria-social\">\n<header id=\"cb-standard-featured\">\n<div id=\"cb-fis-wrap\" class=\"cb-entry-header cb-fis cb-style-standard\"><span class=\"cb-title-fi\"><\/p>\n<h1 class=\"entry-title cb-entry-title cb-single-title\">Drag\u0103 turistule, de pa\u0219ii te vor purta \u00een Bucovina, nu uita de Codrii Seculari Sl\u0103tioara<\/h1>\n<div class=\"cb-byline cb-font-header\">\n<div class=\"cb-date cb-byline-element\"><time datetime=\"2026-02-27\">27 februarie 2026<\/time><\/div>\n<\/div>\n<p><\/span><\/div>\n<\/header>\n<section class=\"cb-entry-content entry-content clearfix\">\n<header id=\"cb-standard-featured\">\n<div id=\"cb-fis-wrap\" class=\"cb-entry-header cb-fis cb-style-standard\">\n<div class=\"cb-byline cb-font-header\">\n<div class=\"cb-date cb-byline-element\"><span><strong>Bucovina nu este doar o zon\u0103 geografic\u0103, Bucovina este o stare de spirit pe care o simt to\u021bi locuitorii jude\u021bului Suceava, indiferent dac\u0103 localit\u0103\u021bile lor au apar\u021binut Regatului sau Bucovinei mam\u0103.<\/strong><\/span><\/div>\n<\/div>\n<\/div>\n<\/header>\n<section class=\"cb-entry-content entry-content clearfix\">\n<section class=\"cb-entry-content entry-content clearfix\">\n<section class=\"cb-entry-content entry-content clearfix\">\n<section class=\"cb-entry-content entry-content clearfix\">\n<section class=\"cb-entry-content entry-content clearfix\">\n<section class=\"cb-entry-content entry-content clearfix\">\n<section class=\"cb-entry-content entry-content clearfix\">\n<section class=\"cb-entry-content entry-content clearfix\">\n<section class=\"cb-entry-content entry-content clearfix\">\n<section class=\"cb-entry-content entry-content clearfix\">\n<section class=\"cb-entry-content entry-content clearfix\">\n<p data-start=\"105\" data-end=\"338\"><span>\u00cen comuna Stulpicani, pe versantul muntelui, se \u00eentinde una dintre cele mai vechi p\u0103duri din Europa. Codrii Seculari Sl\u0103tioara ocup\u0103 o suprafa\u021b\u0103 de aproximativ 1064 de hectare. Statul a declarat zona rezerva\u021bie natural\u0103 \u00een anul 1941.<\/span><\/p>\n<p data-start=\"340\" data-end=\"490\"><span>P\u0103durea p\u0103streaz\u0103 arbori foarte vechi. Unii fagi au peste 400 de ani. \u00cen\u0103l\u021bimea lor ajunge la 40 de metri. Trunchiurile au diametre de peste un metru.<\/span><\/p>\n<p data-start=\"492\" data-end=\"685\"><span>Rezerva\u021bia protejeaz\u0103 \u00een special fagul. Apar \u0219i molizi \u0219i brazi. Solul p\u0103streaz\u0103 urme naturale, f\u0103r\u0103 interven\u021bii moderne. Lemnul c\u0103zut r\u0103m\u00e2ne \u00een p\u0103dure \u0219i sus\u021bine via\u021ba altor plante \u0219i insecte.<\/span><\/p>\n<p data-start=\"687\" data-end=\"889\"><span>Zona are valoare interna\u021bional\u0103. Din anul 2017, p\u0103durea face parte din patrimoniul mondial UNESCO, \u00een grupul p\u0103durilor virgine de fag din Europa. Aceast\u0103 recunoa\u0219tere confirm\u0103 importan\u021ba ei \u0219tiin\u021bific\u0103.<\/span><\/p>\n<p data-start=\"891\" data-end=\"1075\"><span>Codrii Seculari Sl\u0103tioara atrag cercet\u0103tori \u0219i turi\u0219ti. Traseele marcate permit vizitarea f\u0103r\u0103 distrugerea ecosistemului. P\u0103durea arat\u0103 cum ar\u0103ta natura \u00eenainte de exploatarea modern\u0103.<\/span><\/p>\n<section class=\"cb-entry-content entry-content clearfix\">\n<section class=\"cb-entry-content entry-content clearfix\">\n<section class=\"cb-entry-content entry-content clearfix\">\n<section class=\"cb-entry-content entry-content clearfix\">\n<p data-start=\"2135\" data-end=\"2458\"><span><strong>Drag\u0103 turistule, aceea\u0219i Bucovin\u0103 de odinioar\u0103 te a\u0219teapt\u0103 s\u0103 \u00ee\u021bi \u00eencarci din nou bateriile din acest loc plin de istorie \u0219i spiritualitate.<\/strong><\/span><\/p>\n<\/section>\n<\/section>\n<\/section>\n<\/section>\n<\/section>\n<\/section>\n<\/section>\n<\/section>\n<\/section>\n<\/section>\n<\/section>\n<\/section>\n<\/section>\n<\/section>\n<\/section>\n<\/section>\n<footer class=\"article-footer\">\n<div class=\"cb-social-sharing cb-post-footer-block cb-beside clearfix\">\n<div class=\"cb-title-subtle\">Share On:<\/div>\n<div class=\"cb-twitter\"><a href=\"https:\/\/twitter.com\/share\" class=\"twitter-share-button\" data-dnt=\"true\" data-count=\"horizontal\">Tweet<\/a><\/div>\n<\/div>\n<div id=\"cb-previous-next-links\" class=\"cb-post-footer-block clearfix\">\n<div id=\"cb-previous-link\"><a href=\"https:\/\/suceavalive.ro\/a-inceput-targul-martisorului-la-shopping-city-suceava-vicepresedintele-consiliului-judetean-suceava-nicolae-robu-prezent-la-deschiderea-evenimentului\/\" rel=\"prev\">A \u00eenceput T\u00e2rgul M\u0103r\u021bi\u0219orului la Shopping City Suceava. Vicepre\u0219edintele Consiliului Jude\u021bean Suceava, Nicolae Robu, prezent la deschiderea evenimentului<\/a><\/div>\n<div id=\"cb-next-link\"><a href=\"https:\/\/suceavalive.ro\/alexandru-covasa-este-noul-consilier-pe-probleme-de-comunicare-si-imagine-al-primarului-vasile-rimbu\/\" rel=\"next\">Alexandru Cova\u0219\u0103 este noul consilier pe probleme de comunicare \u0219i imagine al primarului Vasile R\u00eembu<\/a><\/div>\n<\/div>\n<div id=\"cb-author-box\" class=\"clearfix\">\n<h3 class=\"cb-block-title\">Despre autor<\/h3>\n<div class=\"cb-meta\">\n<div class=\"cb-info\">\n<div class=\"cb-author-title vcard\"><a href=\"https:\/\/suceavalive.ro\/author\/suceavalive\/\"><span class=\"fn\">SuceavaLive<\/span><\/a><\/div>\n<\/div>\n<\/div>\n<\/div>\n<div id=\"cb-related-posts\" class=\"cb-related-posts-block cb-post-end-block clearfix\">\n<h3 class=\"cb-block-title\">Postari asemanatoare<\/h3>\n<ul>\n<li class=\"cb-style-overlay cb-grid-entry cb-related-post no-1\">\n<div class=\"cb-meta cb-article-meta\">\n<h4 class=\"h3 cb-post-title\"><a href=\"https:\/\/suceavalive.ro\/alexandru-covasa-este-noul-consilier-pe-probleme-de-comunicare-si-imagine-al-primarului-vasile-rimbu\/\">Alexandru Cova\u0219\u0103 este noul consilier pe probleme de comunicare \u0219i imagine al primarului Vasile R\u00eembu<\/a><\/h4>\n<div class=\"cb-byline cb-font-header\">\n<div class=\"cb-date cb-byline-element\"><time datetime=\"2026-02-27\">27 februarie 2026<\/time><\/div>\n<\/div>\n<\/div>\n<\/li>\n<li class=\"cb-style-overlay cb-grid-entry cb-related-post no-2\">\n<div class=\"cb-meta cb-article-meta\">\n<h4 class=\"h3 cb-post-title\"><a href=\"https:\/\/suceavalive.ro\/a-inceput-targul-martisorului-la-shopping-city-suceava-vicepresedintele-consiliului-judetean-suceava-nicolae-robu-prezent-la-deschiderea-evenimentului\/\">A \u00eenceput T\u00e2rgul M\u0103r\u021bi\u0219orului la Shopping City Suceava. Vicepre\u0219edintele Consiliului Jude\u021bean Suceava, Nicolae Robu, prezent la deschiderea evenimentului<\/a><\/h4>\n<div class=\"cb-byline cb-font-header\">\n<div class=\"cb-date cb-byline-element\"><time datetime=\"2026-02-27\">27 februarie 2026<\/time><\/div>\n<\/div>\n<\/div>\n<\/li>\n<\/ul>\n<\/div>\n<\/footer>\n<div id=\"respond\" class=\"comment-respond\">\n<h3 id=\"reply-title\" class=\"comment-reply-title\">Lasa un raspuns <small><a rel=\"nofollow\" id=\"cancel-comment-reply-link\" href=\"https:\/\/suceavalive.ro\/draga-turistule-de-pasii-te-vor-purta-in-bucovina-nu-uita-de-codrii-seculari-slatioara\/#respond\">Anuleaza raspunsul<\/a><\/small><\/h3>\n<p class=\"comment-notes\">Adresa ta de email nu va fi publicat\u0103.<\/p>\n<\/div>\n<\/article>\n<section class=\"cb-entry-content entry-content clearfix\">\n<header id=\"cb-standard-featured\">\n<div id=\"cb-fis-wrap\" class=\"cb-entry-header cb-fis cb-style-standard\">\n<div class=\"cb-byline cb-font-header\">\n<div class=\"cb-date cb-byline-element\"><span><strong>Bucovina nu este doar o zon\u0103 geografic\u0103, Bucovina este o stare de spirit pe care o simt to\u021bi locuitorii jude\u021bului Suceava, indiferent dac\u0103 localit\u0103\u021bile lor au apar\u021binut Regatului sau Bucovinei mam\u0103.<\/strong><\/span><\/div>\n<\/div>\n<\/div>\n<\/header>\n<section class=\"cb-entry-content entry-content clearfix\">\n<section class=\"cb-entry-content entry-content clearfix\">\n<section class=\"cb-entry-content entry-content clearfix\">\n<section class=\"cb-entry-content entry-content clearfix\">\n<section class=\"cb-entry-content entry-content clearfix\">\n<section class=\"cb-entry-content entry-content clearfix\">\n<section class=\"cb-entry-content entry-content clearfix\">\n<section class=\"cb-entry-content entry-content clearfix\">\n<section class=\"cb-entry-content entry-content clearfix\">\n<section class=\"cb-entry-content entry-content clearfix\">\n<section class=\"cb-entry-content entry-content clearfix\">\n<p data-start=\"105\" data-end=\"338\"><span>\u00cen comuna Stulpicani, pe versantul muntelui, se \u00eentinde una dintre cele mai vechi p\u0103duri din Europa. Codrii Seculari Sl\u0103tioara ocup\u0103 o suprafa\u021b\u0103 de aproximativ 1064 de hectare. Statul a declarat zona rezerva\u021bie natural\u0103 \u00een anul 1941.<\/span><\/p>\n<p data-start=\"340\" data-end=\"490\"><span>P\u0103durea p\u0103streaz\u0103 arbori foarte vechi. Unii fagi au peste 400 de ani. \u00cen\u0103l\u021bimea lor ajunge la 40 de metri. Trunchiurile au diametre de peste un metru.<\/span><\/p>\n<p data-start=\"492\" data-end=\"685\"><span>Rezerva\u021bia protejeaz\u0103 \u00een special fagul. Apar \u0219i molizi \u0219i brazi. Solul p\u0103streaz\u0103 urme naturale, f\u0103r\u0103 interven\u021bii moderne. Lemnul c\u0103zut r\u0103m\u00e2ne \u00een p\u0103dure \u0219i sus\u021bine via\u021ba altor plante \u0219i insecte.<\/span><\/p>\n<p data-start=\"687\" data-end=\"889\"><span>Zona are valoare interna\u021bional\u0103. Din anul 2017, p\u0103durea face parte din patrimoniul mondial UNESCO, \u00een grupul p\u0103durilor virgine de fag din Europa. Aceast\u0103 recunoa\u0219tere confirm\u0103 importan\u021ba ei \u0219tiin\u021bific\u0103.<\/span><\/p>\n<p data-start=\"891\" data-end=\"1075\"><span>Codrii Seculari Sl\u0103tioara atrag cercet\u0103tori \u0219i turi\u0219ti. Traseele marcate permit vizitarea f\u0103r\u0103 distrugerea ecosistemului. P\u0103durea arat\u0103 cum ar\u0103ta natura \u00eenainte de exploatarea modern\u0103.<\/span><\/p>\n<section class=\"cb-entry-content entry-content clearfix\">\n<section class=\"cb-entry-content entry-content clearfix\">\n<section class=\"cb-entry-content entry-content clearfix\">\n<section class=\"cb-entry-content entry-content clearfix\">\n<p data-start=\"2135\" data-end=\"2458\"><span><strong>Drag\u0103 turistule, aceea\u0219i Bucovin\u0103 de odinioar\u0103 te a\u0219teapt\u0103 s\u0103 \u00ee\u021bi \u00eencarci din nou bateriile din acest loc plin de istorie \u0219i spiritualitate.<\/strong><\/span><\/p>\n<\/section>\n<\/section>\n<\/section>\n<\/section>\n<\/section>\n<\/section>\n<\/section>\n<\/section>\n<\/section>\n<\/section>\n<\/section>\n<\/section>\n<\/section>\n<\/section>\n<\/section>\n<\/section>\n<section class=\"cb-entry-content entry-content clearfix\">\n<header id=\"cb-standard-featured\">\n<div id=\"cb-fis-wrap\" class=\"cb-entry-header cb-fis cb-style-standard\">\n<div class=\"cb-byline cb-font-header\">\n<div class=\"cb-date cb-byline-element\"><span><strong>Bucovina nu este doar o zon\u0103 geografic\u0103, Bucovina este o stare de spirit pe care o simt to\u021bi locuitorii jude\u021bului Suceava, indiferent dac\u0103 localit\u0103\u021bile lor au apar\u021binut Regatului sau Bucovinei mam\u0103.<\/strong><\/span><\/div>\n<\/div>\n<\/div>\n<\/header>\n<section class=\"cb-entry-content entry-content clearfix\">\n<section class=\"cb-entry-content entry-content clearfix\">\n<section class=\"cb-entry-content entry-content clearfix\">\n<section class=\"cb-entry-content entry-content clearfix\">\n<section class=\"cb-entry-content entry-content clearfix\">\n<section class=\"cb-entry-content entry-content clearfix\">\n<section class=\"cb-entry-content entry-content clearfix\">\n<section class=\"cb-entry-content entry-content clearfix\">\n<section class=\"cb-entry-content entry-content clearfix\">\n<section class=\"cb-entry-content entry-content clearfix\">\n<section class=\"cb-entry-content entry-content clearfix\">\n<p data-start=\"105\" data-end=\"338\"><span>\u00cen comuna Stulpicani, pe versantul muntelui, se \u00eentinde una dintre cele mai vechi p\u0103duri din Europa. Codrii Seculari Sl\u0103tioara ocup\u0103 o suprafa\u021b\u0103 de aproximativ 1064 de hectare. Statul a declarat zona rezerva\u021bie natural\u0103 \u00een anul 1941.<\/span><\/p>\n<p data-start=\"340\" data-end=\"490\"><span>P\u0103durea p\u0103streaz\u0103 arbori foarte vechi. Unii fagi au peste 400 de ani. \u00cen\u0103l\u021bimea lor ajunge la 40 de metri. Trunchiurile au diametre de peste un metru.<\/span><\/p>\n<p data-start=\"492\" data-end=\"685\"><span>Rezerva\u021bia protejeaz\u0103 \u00een special fagul. Apar \u0219i molizi \u0219i brazi. Solul p\u0103streaz\u0103 urme naturale, f\u0103r\u0103 interven\u021bii moderne. Lemnul c\u0103zut r\u0103m\u00e2ne \u00een p\u0103dure \u0219i sus\u021bine via\u021ba altor plante \u0219i insecte.<\/span><\/p>\n<p data-start=\"687\" data-end=\"889\"><span>Zona are valoare interna\u021bional\u0103. Din anul 2017, p\u0103durea face parte din patrimoniul mondial UNESCO, \u00een grupul p\u0103durilor virgine de fag din Europa. Aceast\u0103 recunoa\u0219tere confirm\u0103 importan\u021ba ei \u0219tiin\u021bific\u0103.<\/span><\/p>\n<p data-start=\"891\" data-end=\"1075\"><span>Codrii Seculari Sl\u0103tioara atrag cercet\u0103tori \u0219i turi\u0219ti. Traseele marcate permit vizitarea f\u0103r\u0103 distrugerea ecosistemului. P\u0103durea arat\u0103 cum ar\u0103ta natura \u00eenainte de exploatarea modern\u0103.<\/span><\/p>\n<section class=\"cb-entry-content entry-content clearfix\">\n<section class=\"cb-entry-content entry-content clearfix\">\n<section class=\"cb-entry-content entry-content clearfix\">\n<section class=\"cb-entry-content entry-content clearfix\">\n<p data-start=\"2135\" data-end=\"2458\"><span><strong>Drag\u0103 turistule, aceea\u0219i Bucovin\u0103 de odinioar\u0103 te a\u0219teapt\u0103 s\u0103 \u00ee\u021bi \u00eencarci din nou bateriile din acest loc plin de istorie \u0219i spiritualitate.<\/strong><\/span><\/p>\n<\/section>\n<\/section>\n<\/section>\n<\/section>\n<\/section>\n<\/section>\n<\/section>\n<\/section>\n<\/section>\n<\/section>\n<\/section>\n<\/section>\n<\/section>\n<\/section>\n<\/section>\n<\/section>\n<section class=\"cb-entry-content entry-content clearfix\">\n<section class=\"cb-entry-content entry-content clearfix\">\n<section class=\"cb-entry-content entry-content clearfix\">\n<section class=\"cb-entry-content entry-content clearfix\">\n<section class=\"cb-entry-content entry-content clearfix\">\n<section class=\"cb-entry-content entry-content clearfix\">\n<section class=\"cb-entry-content entry-content clearfix\">\n<section class=\"cb-entry-content entry-content clearfix\">\n<section class=\"cb-entry-content entry-content clearfix\">\n<section class=\"cb-entry-content entry-content clearfix\">\n<section class=\"cb-entry-content entry-content clearfix\">\n<p data-start=\"105\" data-end=\"338\"><span>\u00cen comuna Stulpicani, pe versantul muntelui, se \u00eentinde una dintre cele mai vechi p\u0103duri din Europa. Codrii Seculari Sl\u0103tioara ocup\u0103 o suprafa\u021b\u0103 de aproximativ 1064 de hectare. Statul a declarat zona rezerva\u021bie natural\u0103 \u00een anul 1941.<\/span><\/p>\n<p data-start=\"340\" data-end=\"490\"><span>P\u0103durea p\u0103streaz\u0103 arbori foarte vechi. Unii fagi au peste 400 de ani. \u00cen\u0103l\u021bimea lor ajunge la 40 de metri. Trunchiurile au diametre de peste un metru.<\/span><\/p>\n<p data-start=\"492\" data-end=\"685\"><span>Rezerva\u021bia protejeaz\u0103 \u00een special fagul. Apar \u0219i molizi \u0219i brazi. Solul p\u0103streaz\u0103 urme naturale, f\u0103r\u0103 interven\u021bii moderne. Lemnul c\u0103zut r\u0103m\u00e2ne \u00een p\u0103dure \u0219i sus\u021bine via\u021ba altor plante \u0219i insecte.<\/span><\/p>\n<p data-start=\"687\" data-end=\"889\"><span>Zona are valoare interna\u021bional\u0103. Din anul 2017, p\u0103durea face parte din patrimoniul mondial UNESCO, \u00een grupul p\u0103durilor virgine de fag din Europa. Aceast\u0103 recunoa\u0219tere confirm\u0103 importan\u021ba ei \u0219tiin\u021bific\u0103.<\/span><\/p>\n<p data-start=\"891\" data-end=\"1075\"><span>Codrii Seculari Sl\u0103tioara atrag cercet\u0103tori \u0219i turi\u0219ti. Traseele marcate permit vizitarea f\u0103r\u0103 distrugerea ecosistemului. P\u0103durea arat\u0103 cum ar\u0103ta natura \u00eenainte de exploatarea modern\u0103.<\/span><\/p>\n<section class=\"cb-entry-content entry-content clearfix\">\n<section class=\"cb-entry-content entry-content clearfix\">\n<section class=\"cb-entry-content entry-content clearfix\">\n<section class=\"cb-entry-content entry-content clearfix\">\n<p data-start=\"2135\" data-end=\"2458\"><span><strong>Drag\u0103 turistule, aceea\u0219i Bucovin\u0103 de odinioar\u0103 te a\u0219teapt\u0103 s\u0103 \u00ee\u021bi \u00eencarci din nou bateriile din acest loc plin de istorie \u0219i spiritualitate.<\/strong><\/span><\/p>\n<\/section>\n<\/section>\n<\/section>\n<\/section>\n<\/section>\n<\/section>\n<\/section>\n<\/section>\n<\/section>\n<\/section>\n<\/section>\n<\/section>\n<\/section>\n<\/section>\n<\/section>\n<section class=\"cb-entry-content entry-content clearfix\">\n<section class=\"cb-entry-content entry-content clearfix\">\n<section class=\"cb-entry-content entry-content clearfix\">\n<section class=\"cb-entry-content entry-content clearfix\">\n<section class=\"cb-entry-content entry-content clearfix\">\n<section class=\"cb-entry-content entry-content clearfix\">\n<section class=\"cb-entry-content entry-content clearfix\">\n<section class=\"cb-entry-content entry-content clearfix\">\n<section class=\"cb-entry-content entry-content clearfix\">\n<section class=\"cb-entry-content entry-content clearfix\">\n<section class=\"cb-entry-content entry-content clearfix\">\n<p data-start=\"105\" data-end=\"338\"><span>\u00cen comuna Stulpicani, pe versantul muntelui, se \u00eentinde una dintre cele mai vechi p\u0103duri din Europa. Codrii Seculari Sl\u0103tioara ocup\u0103 o suprafa\u021b\u0103 de aproximativ 1064 de hectare. Statul a declarat zona rezerva\u021bie natural\u0103 \u00een anul 1941.<\/span><\/p>\n<p data-start=\"340\" data-end=\"490\"><span>P\u0103durea p\u0103streaz\u0103 arbori foarte vechi. Unii fagi au peste 400 de ani. \u00cen\u0103l\u021bimea lor ajunge la 40 de metri. Trunchiurile au diametre de peste un metru.<\/span><\/p>\n<p data-start=\"492\" data-end=\"685\"><span>Rezerva\u021bia protejeaz\u0103 \u00een special fagul. Apar \u0219i molizi \u0219i brazi. Solul p\u0103streaz\u0103 urme naturale, f\u0103r\u0103 interven\u021bii moderne. Lemnul c\u0103zut r\u0103m\u00e2ne \u00een p\u0103dure \u0219i sus\u021bine via\u021ba altor plante \u0219i insecte.<\/span><\/p>\n<p data-start=\"687\" data-end=\"889\"><span>Zona are valoare interna\u021bional\u0103. Din anul 2017, p\u0103durea face parte din patrimoniul mondial UNESCO, \u00een grupul p\u0103durilor virgine de fag din Europa. Aceast\u0103 recunoa\u0219tere confirm\u0103 importan\u021ba ei \u0219tiin\u021bific\u0103.<\/span><\/p>\n<p data-start=\"891\" data-end=\"1075\"><span>Codrii Seculari Sl\u0103tioara atrag cercet\u0103tori \u0219i turi\u0219ti. Traseele marcate permit vizitarea f\u0103r\u0103 distrugerea ecosistemului. P\u0103durea arat\u0103 cum ar\u0103ta natura \u00eenainte de exploatarea modern\u0103.<\/span><\/p>\n<section class=\"cb-entry-content entry-content clearfix\">\n<section class=\"cb-entry-content entry-content clearfix\">\n<section class=\"cb-entry-content entry-content clearfix\">\n<section class=\"cb-entry-content entry-content clearfix\">\n<p data-start=\"2135\" data-end=\"2458\"><span><strong>Drag\u0103 turistule, aceea\u0219i Bucovin\u0103 de odinioar\u0103 te a\u0219teapt\u0103 s\u0103 \u00ee\u021bi \u00eencarci din nou bateriile din acest loc plin de istorie \u0219i spiritualitate.<\/strong><\/span><\/p>\n<\/section>\n<\/section>\n<\/section>\n<\/section>\n<\/section>\n<\/section>\n<\/section>\n<\/section>\n<\/section>\n<\/section>\n<\/section>\n<\/section>\n<\/section>\n<\/section>\n<\/section>\n<section class=\"cb-entry-content entry-content clearfix\">\n<section class=\"cb-entry-content entry-content clearfix\">\n<section class=\"cb-entry-content entry-content clearfix\">\n<section class=\"cb-entry-content entry-content clearfix\">\n<section class=\"cb-entry-content entry-content clearfix\">\n<section class=\"cb-entry-content entry-content clearfix\">\n<section class=\"cb-entry-content entry-content clearfix\">\n<section class=\"cb-entry-content entry-content clearfix\">\n<section class=\"cb-entry-content entry-content clearfix\">\n<section class=\"cb-entry-content entry-content clearfix\">\n<p data-start=\"105\" data-end=\"338\"><span>\u00cen comuna Stulpicani, pe versantul muntelui, se \u00eentinde una dintre cele mai vechi p\u0103duri din Europa. Codrii Seculari Sl\u0103tioara ocup\u0103 o suprafa\u021b\u0103 de aproximativ 1064 de hectare. Statul a declarat zona rezerva\u021bie natural\u0103 \u00een anul 1941.<\/span><\/p>\n<p data-start=\"340\" data-end=\"490\"><span>P\u0103durea p\u0103streaz\u0103 arbori foarte vechi. Unii fagi au peste 400 de ani. \u00cen\u0103l\u021bimea lor ajunge la 40 de metri. Trunchiurile au diametre de peste un metru.<\/span><\/p>\n<p data-start=\"492\" data-end=\"685\"><span>Rezerva\u021bia protejeaz\u0103 \u00een special fagul. Apar \u0219i molizi \u0219i brazi. Solul p\u0103streaz\u0103 urme naturale, f\u0103r\u0103 interven\u021bii moderne. Lemnul c\u0103zut r\u0103m\u00e2ne \u00een p\u0103dure \u0219i sus\u021bine via\u021ba altor plante \u0219i insecte.<\/span><\/p>\n<p data-start=\"687\" data-end=\"889\"><span>Zona are valoare interna\u021bional\u0103. Din anul 2017, p\u0103durea face parte din patrimoniul mondial UNESCO, \u00een grupul p\u0103durilor virgine de fag din Europa. Aceast\u0103 recunoa\u0219tere confirm\u0103 importan\u021ba ei \u0219tiin\u021bific\u0103.<\/span><\/p>\n<p data-start=\"891\" data-end=\"1075\"><span>Codrii Seculari Sl\u0103tioara atrag cercet\u0103tori \u0219i turi\u0219ti. Traseele marcate permit vizitarea f\u0103r\u0103 distrugerea ecosistemului. P\u0103durea arat\u0103 cum ar\u0103ta natura \u00eenainte de exploatarea modern\u0103.<\/span><\/p>\n<section class=\"cb-entry-content entry-content clearfix\">\n<section class=\"cb-entry-content entry-content clearfix\">\n<section class=\"cb-entry-content entry-content clearfix\">\n<section class=\"cb-entry-content entry-content clearfix\">\n<p data-start=\"2135\" data-end=\"2458\"><span><strong>Drag\u0103 turistule, aceea\u0219i Bucovin\u0103 de odinioar\u0103 te a\u0219teapt\u0103 s\u0103 \u00ee\u021bi \u00eencarci din nou bateriile din acest loc plin de istorie \u0219i spiritualitate.<\/strong><\/span><\/p>\n<\/section>\n<\/section>\n<\/section>\n<\/section>\n<\/section>\n<\/section>\n<\/section>\n<\/section>\n<\/section>\n<\/section>\n<\/section>\n<\/section>\n<\/section>\n<\/section>\n<section class=\"cb-entry-content entry-content clearfix\">\n<section class=\"cb-entry-content entry-content clearfix\">\n<section class=\"cb-entry-content entry-content clearfix\">\n<section class=\"cb-entry-content entry-content clearfix\">\n<section class=\"cb-entry-content entry-content clearfix\">\n<section class=\"cb-entry-content entry-content clearfix\">\n<section class=\"cb-entry-content entry-content clearfix\">\n<section class=\"cb-entry-content entry-content clearfix\">\n<section class=\"cb-entry-content entry-content clearfix\">\n<section class=\"cb-entry-content entry-content clearfix\">\n<p data-start=\"105\" data-end=\"338\"><span>\u00cen comuna Stulpicani, pe versantul muntelui, se \u00eentinde una dintre cele mai vechi p\u0103duri din Europa. Codrii Seculari Sl\u0103tioara ocup\u0103 o suprafa\u021b\u0103 de aproximativ 1064 de hectare. Statul a declarat zona rezerva\u021bie natural\u0103 \u00een anul 1941.<\/span><\/p>\n<p data-start=\"340\" data-end=\"490\"><span>P\u0103durea p\u0103streaz\u0103 arbori foarte vechi. Unii fagi au peste 400 de ani. \u00cen\u0103l\u021bimea lor ajunge la 40 de metri. Trunchiurile au diametre de peste un metru.<\/span><\/p>\n<p data-start=\"492\" data-end=\"685\"><span>Rezerva\u021bia protejeaz\u0103 \u00een special fagul. Apar \u0219i molizi \u0219i brazi. Solul p\u0103streaz\u0103 urme naturale, f\u0103r\u0103 interven\u021bii moderne. Lemnul c\u0103zut r\u0103m\u00e2ne \u00een p\u0103dure \u0219i sus\u021bine via\u021ba altor plante \u0219i insecte.<\/span><\/p>\n<p data-start=\"687\" data-end=\"889\"><span>Zona are valoare interna\u021bional\u0103. Din anul 2017, p\u0103durea face parte din patrimoniul mondial UNESCO, \u00een grupul p\u0103durilor virgine de fag din Europa. Aceast\u0103 recunoa\u0219tere confirm\u0103 importan\u021ba ei \u0219tiin\u021bific\u0103.<\/span><\/p>\n<p data-start=\"891\" data-end=\"1075\"><span>Codrii Seculari Sl\u0103tioara atrag cercet\u0103tori \u0219i turi\u0219ti. Traseele marcate permit vizitarea f\u0103r\u0103 distrugerea ecosistemului. P\u0103durea arat\u0103 cum ar\u0103ta natura \u00eenainte de exploatarea modern\u0103.<\/span><\/p>\n<section class=\"cb-entry-content entry-content clearfix\">\n<section class=\"cb-entry-content entry-content clearfix\">\n<section class=\"cb-entry-content entry-content clearfix\">\n<section class=\"cb-entry-content entry-content clearfix\">\n<p data-start=\"2135\" data-end=\"2458\"><span><strong>Drag\u0103 turistule, aceea\u0219i Bucovin\u0103 de odinioar\u0103 te a\u0219teapt\u0103 s\u0103 \u00ee\u021bi \u00eencarci din nou bateriile din acest loc plin de istorie \u0219i spiritualitate.<\/strong><\/span><\/p>\n<\/section>\n<\/section>\n<\/section>\n<\/section>\n<\/section>\n<\/section>\n<\/section>\n<\/section>\n<\/section>\n<\/section>\n<\/section>\n<\/section>\n<\/section>\n<\/section>\n<section class=\"cb-entry-content entry-content clearfix\">\n<section class=\"cb-entry-content entry-content clearfix\">\n<section class=\"cb-entry-content entry-content clearfix\">\n<section class=\"cb-entry-content entry-content clearfix\">\n<section class=\"cb-entry-content entry-content clearfix\">\n<section class=\"cb-entry-content entry-content clearfix\">\n<section class=\"cb-entry-content entry-content clearfix\">\n<section class=\"cb-entry-content entry-content clearfix\">\n<section class=\"cb-entry-content entry-content clearfix\">\n<p data-start=\"105\" data-end=\"338\"><span>\u00cen comuna Stulpicani, pe versantul muntelui, se \u00eentinde una dintre cele mai vechi p\u0103duri din Europa. Codrii Seculari Sl\u0103tioara ocup\u0103 o suprafa\u021b\u0103 de aproximativ 1064 de hectare. Statul a declarat zona rezerva\u021bie natural\u0103 \u00een anul 1941.<\/span><\/p>\n<p data-start=\"340\" data-end=\"490\"><span>P\u0103durea p\u0103streaz\u0103 arbori foarte vechi. Unii fagi au peste 400 de ani. \u00cen\u0103l\u021bimea lor ajunge la 40 de metri. Trunchiurile au diametre de peste un metru.<\/span><\/p>\n<p data-start=\"492\" data-end=\"685\"><span>Rezerva\u021bia protejeaz\u0103 \u00een special fagul. Apar \u0219i molizi \u0219i brazi. Solul p\u0103streaz\u0103 urme naturale, f\u0103r\u0103 interven\u021bii moderne. Lemnul c\u0103zut r\u0103m\u00e2ne \u00een p\u0103dure \u0219i sus\u021bine via\u021ba altor plante \u0219i insecte.<\/span><\/p>\n<p data-start=\"687\" data-end=\"889\"><span>Zona are valoare interna\u021bional\u0103. Din anul 2017, p\u0103durea face parte din patrimoniul mondial UNESCO, \u00een grupul p\u0103durilor virgine de fag din Europa. Aceast\u0103 recunoa\u0219tere confirm\u0103 importan\u021ba ei \u0219tiin\u021bific\u0103.<\/span><\/p>\n<p data-start=\"891\" data-end=\"1075\"><span>Codrii Seculari Sl\u0103tioara atrag cercet\u0103tori \u0219i turi\u0219ti. Traseele marcate permit vizitarea f\u0103r\u0103 distrugerea ecosistemului. P\u0103durea arat\u0103 cum ar\u0103ta natura \u00eenainte de exploatarea modern\u0103.<\/span><\/p>\n<section class=\"cb-entry-content entry-content clearfix\">\n<section class=\"cb-entry-content entry-content clearfix\">\n<section class=\"cb-entry-content entry-content clearfix\">\n<section class=\"cb-entry-content entry-content clearfix\">\n<p data-start=\"2135\" data-end=\"2458\"><span><strong>Drag\u0103 turistule, aceea\u0219i Bucovin\u0103 de odinioar\u0103 te a\u0219teapt\u0103 s\u0103 \u00ee\u021bi \u00eencarci din nou bateriile din acest loc plin de istorie \u0219i spiritualitate.<\/strong><\/span><\/p>\n<\/section>\n<\/section>\n<\/section>\n<\/section>\n<\/section>\n<\/section>\n<\/section>\n<\/section>\n<\/section>\n<\/section>\n<\/section>\n<\/section>\n<\/section>\n<section class=\"cb-entry-content entry-content clearfix\">\n<section class=\"cb-entry-content entry-content clearfix\">\n<section class=\"cb-entry-content entry-content clearfix\">\n<section class=\"cb-entry-content entry-content clearfix\">\n<section class=\"cb-entry-content entry-content clearfix\">\n<section class=\"cb-entry-content entry-content clearfix\">\n<section class=\"cb-entry-content entry-content clearfix\">\n<section class=\"cb-entry-content entry-content clearfix\">\n<section class=\"cb-entry-content entry-content clearfix\">\n<p data-start=\"105\" data-end=\"338\"><span>\u00cen comuna Stulpicani, pe versantul muntelui, se \u00eentinde una dintre cele mai vechi p\u0103duri din Europa. Codrii Seculari Sl\u0103tioara ocup\u0103 o suprafa\u021b\u0103 de aproximativ 1064 de hectare. Statul a declarat zona rezerva\u021bie natural\u0103 \u00een anul 1941.<\/span><\/p>\n<p data-start=\"340\" data-end=\"490\"><span>P\u0103durea p\u0103streaz\u0103 arbori foarte vechi. Unii fagi au peste 400 de ani. \u00cen\u0103l\u021bimea lor ajunge la 40 de metri. Trunchiurile au diametre de peste un metru.<\/span><\/p>\n<p data-start=\"492\" data-end=\"685\"><span>Rezerva\u021bia protejeaz\u0103 \u00een special fagul. Apar \u0219i molizi \u0219i brazi. Solul p\u0103streaz\u0103 urme naturale, f\u0103r\u0103 interven\u021bii moderne. Lemnul c\u0103zut r\u0103m\u00e2ne \u00een p\u0103dure \u0219i sus\u021bine via\u021ba altor plante \u0219i insecte.<\/span><\/p>\n<p data-start=\"687\" data-end=\"889\"><span>Zona are valoare interna\u021bional\u0103. Din anul 2017, p\u0103durea face parte din patrimoniul mondial UNESCO, \u00een grupul p\u0103durilor virgine de fag din Europa. Aceast\u0103 recunoa\u0219tere confirm\u0103 importan\u021ba ei \u0219tiin\u021bific\u0103.<\/span><\/p>\n<p data-start=\"891\" data-end=\"1075\"><span>Codrii Seculari Sl\u0103tioara atrag cercet\u0103tori \u0219i turi\u0219ti. Traseele marcate permit vizitarea f\u0103r\u0103 distrugerea ecosistemului. P\u0103durea arat\u0103 cum ar\u0103ta natura \u00eenainte de exploatarea modern\u0103.<\/span><\/p>\n<section class=\"cb-entry-content entry-content clearfix\">\n<section class=\"cb-entry-content entry-content clearfix\">\n<section class=\"cb-entry-content entry-content clearfix\">\n<section class=\"cb-entry-content entry-content clearfix\">\n<p data-start=\"2135\" data-end=\"2458\"><span><strong>Drag\u0103 turistule, aceea\u0219i Bucovin\u0103 de odinioar\u0103 te a\u0219teapt\u0103 s\u0103 \u00ee\u021bi \u00eencarci din nou bateriile din acest loc plin de istorie \u0219i spiritualitate.<\/strong><\/span><\/p>\n<\/section>\n<\/section>\n<\/section>\n<\/section>\n<\/section>\n<\/section>\n<\/section>\n<\/section>\n<\/section>\n<\/section>\n<\/section>\n<\/section>\n<\/section>\n<section class=\"cb-entry-content entry-content clearfix\">\n<section class=\"cb-entry-content entry-content clearfix\">\n<section class=\"cb-entry-content entry-content clearfix\">\n<section class=\"cb-entry-content entry-content clearfix\">\n<section class=\"cb-entry-content entry-content clearfix\">\n<section class=\"cb-entry-content entry-content clearfix\">\n<section class=\"cb-entry-content entry-content clearfix\">\n<section class=\"cb-entry-content entry-content clearfix\">\n<p data-start=\"105\" data-end=\"338\"><span>\u00cen comuna Stulpicani, pe versantul muntelui, se \u00eentinde una dintre cele mai vechi p\u0103duri din Europa. Codrii Seculari Sl\u0103tioara ocup\u0103 o suprafa\u021b\u0103 de aproximativ 1064 de hectare. Statul a declarat zona rezerva\u021bie natural\u0103 \u00een anul 1941.<\/span><\/p>\n<p data-start=\"340\" data-end=\"490\"><span>P\u0103durea p\u0103streaz\u0103 arbori foarte vechi. Unii fagi au peste 400 de ani. \u00cen\u0103l\u021bimea lor ajunge la 40 de metri. Trunchiurile au diametre de peste un metru.<\/span><\/p>\n<p data-start=\"492\" data-end=\"685\"><span>Rezerva\u021bia protejeaz\u0103 \u00een special fagul. Apar \u0219i molizi \u0219i brazi. Solul p\u0103streaz\u0103 urme naturale, f\u0103r\u0103 interven\u021bii moderne. Lemnul c\u0103zut r\u0103m\u00e2ne \u00een p\u0103dure \u0219i sus\u021bine via\u021ba altor plante \u0219i insecte.<\/span><\/p>\n<p data-start=\"687\" data-end=\"889\"><span>Zona are valoare interna\u021bional\u0103. Din anul 2017, p\u0103durea face parte din patrimoniul mondial UNESCO, \u00een grupul p\u0103durilor virgine de fag din Europa. Aceast\u0103 recunoa\u0219tere confirm\u0103 importan\u021ba ei \u0219tiin\u021bific\u0103.<\/span><\/p>\n<p data-start=\"891\" data-end=\"1075\"><span>Codrii Seculari Sl\u0103tioara atrag cercet\u0103tori \u0219i turi\u0219ti. Traseele marcate permit vizitarea f\u0103r\u0103 distrugerea ecosistemului. P\u0103durea arat\u0103 cum ar\u0103ta natura \u00eenainte de exploatarea modern\u0103.<\/span><\/p>\n<section class=\"cb-entry-content entry-content clearfix\">\n<section class=\"cb-entry-content entry-content clearfix\">\n<section class=\"cb-entry-content entry-content clearfix\">\n<section class=\"cb-entry-content entry-content clearfix\">\n<p data-start=\"2135\" data-end=\"2458\"><span><strong>Drag\u0103 turistule, aceea\u0219i Bucovin\u0103 de odinioar\u0103 te a\u0219teapt\u0103 s\u0103 \u00ee\u021bi \u00eencarci din nou bateriile din acest loc plin de istorie \u0219i spiritualitate.<\/strong><\/span><\/p>\n<\/section>\n<\/section>\n<\/section>\n<\/section>\n<\/section>\n<\/section>\n<\/section>\n<\/section>\n<\/section>\n<\/section>\n<\/section>\n<\/section>\n<section class=\"cb-entry-content entry-content clearfix\">\n<section class=\"cb-entry-content entry-content clearfix\">\n<section class=\"cb-entry-content entry-content clearfix\">\n<section class=\"cb-entry-content entry-content clearfix\">\n<section class=\"cb-entry-content entry-content clearfix\">\n<section class=\"cb-entry-content entry-content clearfix\">\n<section class=\"cb-entry-content entry-content clearfix\">\n<section class=\"cb-entry-content entry-content clearfix\">\n<p data-start=\"105\" data-end=\"338\"><span>\u00cen comuna Stulpicani, pe versantul muntelui, se \u00eentinde una dintre cele mai vechi p\u0103duri din Europa. Codrii Seculari Sl\u0103tioara ocup\u0103 o suprafa\u021b\u0103 de aproximativ 1064 de hectare. Statul a declarat zona rezerva\u021bie natural\u0103 \u00een anul 1941.<\/span><\/p>\n<p data-start=\"340\" data-end=\"490\"><span>P\u0103durea p\u0103streaz\u0103 arbori foarte vechi. Unii fagi au peste 400 de ani. \u00cen\u0103l\u021bimea lor ajunge la 40 de metri. Trunchiurile au diametre de peste un metru.<\/span><\/p>\n<p data-start=\"492\" data-end=\"685\"><span>Rezerva\u021bia protejeaz\u0103 \u00een special fagul. Apar \u0219i molizi \u0219i brazi. Solul p\u0103streaz\u0103 urme naturale, f\u0103r\u0103 interven\u021bii moderne. Lemnul c\u0103zut r\u0103m\u00e2ne \u00een p\u0103dure \u0219i sus\u021bine via\u021ba altor plante \u0219i insecte.<\/span><\/p>\n<p data-start=\"687\" data-end=\"889\"><span>Zona are valoare interna\u021bional\u0103. Din anul 2017, p\u0103durea face parte din patrimoniul mondial UNESCO, \u00een grupul p\u0103durilor virgine de fag din Europa. Aceast\u0103 recunoa\u0219tere confirm\u0103 importan\u021ba ei \u0219tiin\u021bific\u0103.<\/span><\/p>\n<p data-start=\"891\" data-end=\"1075\"><span>Codrii Seculari Sl\u0103tioara atrag cercet\u0103tori \u0219i turi\u0219ti. Traseele marcate permit vizitarea f\u0103r\u0103 distrugerea ecosistemului. P\u0103durea arat\u0103 cum ar\u0103ta natura \u00eenainte de exploatarea modern\u0103.<\/span><\/p>\n<section class=\"cb-entry-content entry-content clearfix\">\n<section class=\"cb-entry-content entry-content clearfix\">\n<section class=\"cb-entry-content entry-content clearfix\">\n<section class=\"cb-entry-content entry-content clearfix\">\n<p data-start=\"2135\" data-end=\"2458\"><span><strong>Drag\u0103 turistule, aceea\u0219i Bucovin\u0103 de odinioar\u0103 te a\u0219teapt\u0103 s\u0103 \u00ee\u021bi \u00eencarci din nou bateriile din acest loc plin de istorie \u0219i spiritualitate.<\/strong><\/span><\/p>\n<\/section>\n<\/section>\n<\/section>\n<\/section>\n<\/section>\n<\/section>\n<\/section>\n<\/section>\n<\/section>\n<\/section>\n<\/section>\n<\/section>\n<section class=\"cb-entry-content entry-content clearfix\">\n<section class=\"cb-entry-content entry-content clearfix\">\n<section class=\"cb-entry-content entry-content clearfix\">\n<section class=\"cb-entry-content entry-content clearfix\">\n<section class=\"cb-entry-content entry-content clearfix\">\n<section class=\"cb-entry-content entry-content clearfix\">\n<section class=\"cb-entry-content entry-content clearfix\">\n<p data-start=\"105\" data-end=\"338\"><span>\u00cen comuna Stulpicani, pe versantul muntelui, se \u00eentinde una dintre cele mai vechi p\u0103duri din Europa. Codrii Seculari Sl\u0103tioara ocup\u0103 o suprafa\u021b\u0103 de aproximativ 1064 de hectare. Statul a declarat zona rezerva\u021bie natural\u0103 \u00een anul 1941.<\/span><\/p>\n<p data-start=\"340\" data-end=\"490\"><span>P\u0103durea p\u0103streaz\u0103 arbori foarte vechi. Unii fagi au peste 400 de ani. \u00cen\u0103l\u021bimea lor ajunge la 40 de metri. Trunchiurile au diametre de peste un metru.<\/span><\/p>\n<p data-start=\"492\" data-end=\"685\"><span>Rezerva\u021bia protejeaz\u0103 \u00een special fagul. Apar \u0219i molizi \u0219i brazi. Solul p\u0103streaz\u0103 urme naturale, f\u0103r\u0103 interven\u021bii moderne. Lemnul c\u0103zut r\u0103m\u00e2ne \u00een p\u0103dure \u0219i sus\u021bine via\u021ba altor plante \u0219i insecte.<\/span><\/p>\n<p data-start=\"687\" data-end=\"889\"><span>Zona are valoare interna\u021bional\u0103. Din anul 2017, p\u0103durea face parte din patrimoniul mondial UNESCO, \u00een grupul p\u0103durilor virgine de fag din Europa. Aceast\u0103 recunoa\u0219tere confirm\u0103 importan\u021ba ei \u0219tiin\u021bific\u0103.<\/span><\/p>\n<p data-start=\"891\" data-end=\"1075\"><span>Codrii Seculari Sl\u0103tioara atrag cercet\u0103tori \u0219i turi\u0219ti. Traseele marcate permit vizitarea f\u0103r\u0103 distrugerea ecosistemului. P\u0103durea arat\u0103 cum ar\u0103ta natura \u00eenainte de exploatarea modern\u0103.<\/span><\/p>\n<section class=\"cb-entry-content entry-content clearfix\">\n<section class=\"cb-entry-content entry-content clearfix\">\n<section class=\"cb-entry-content entry-content clearfix\">\n<section class=\"cb-entry-content entry-content clearfix\">\n<p data-start=\"2135\" data-end=\"2458\"><span><strong>Drag\u0103 turistule, aceea\u0219i Bucovin\u0103 de odinioar\u0103 te a\u0219teapt\u0103 s\u0103 \u00ee\u021bi \u00eencarci din nou bateriile din acest loc plin de istorie \u0219i spiritualitate.<\/strong><\/span><\/p>\n<\/section>\n<\/section>\n<\/section>\n<\/section>\n<\/section>\n<\/section>\n<\/section>\n<\/section>\n<\/section>\n<\/section>\n<\/section>\n<section class=\"cb-entry-content entry-content clearfix\">\n<section class=\"cb-entry-content entry-content clearfix\">\n<section class=\"cb-entry-content entry-content clearfix\">\n<section class=\"cb-entry-content entry-content clearfix\">\n<section class=\"cb-entry-content entry-content clearfix\">\n<section class=\"cb-entry-content entry-content clearfix\">\n<section class=\"cb-entry-content entry-content clearfix\">\n<p data-start=\"105\" data-end=\"338\"><span>\u00cen comuna Stulpicani, pe versantul muntelui, se \u00eentinde una dintre cele mai vechi p\u0103duri din Europa. Codrii Seculari Sl\u0103tioara ocup\u0103 o suprafa\u021b\u0103 de aproximativ 1064 de hectare. Statul a declarat zona rezerva\u021bie natural\u0103 \u00een anul 1941.<\/span><\/p>\n<p data-start=\"340\" data-end=\"490\"><span>P\u0103durea p\u0103streaz\u0103 arbori foarte vechi. Unii fagi au peste 400 de ani. \u00cen\u0103l\u021bimea lor ajunge la 40 de metri. Trunchiurile au diametre de peste un metru.<\/span><\/p>\n<p data-start=\"492\" data-end=\"685\"><span>Rezerva\u021bia protejeaz\u0103 \u00een special fagul. Apar \u0219i molizi \u0219i brazi. Solul p\u0103streaz\u0103 urme naturale, f\u0103r\u0103 interven\u021bii moderne. Lemnul c\u0103zut r\u0103m\u00e2ne \u00een p\u0103dure \u0219i sus\u021bine via\u021ba altor plante \u0219i insecte.<\/span><\/p>\n<p data-start=\"687\" data-end=\"889\"><span>Zona are valoare interna\u021bional\u0103. Din anul 2017, p\u0103durea face parte din patrimoniul mondial UNESCO, \u00een grupul p\u0103durilor virgine de fag din Europa. Aceast\u0103 recunoa\u0219tere confirm\u0103 importan\u021ba ei \u0219tiin\u021bific\u0103.<\/span><\/p>\n<p data-start=\"891\" data-end=\"1075\"><span>Codrii Seculari Sl\u0103tioara atrag cercet\u0103tori \u0219i turi\u0219ti. Traseele marcate permit vizitarea f\u0103r\u0103 distrugerea ecosistemului. P\u0103durea arat\u0103 cum ar\u0103ta natura \u00eenainte de exploatarea modern\u0103.<\/span><\/p>\n<section class=\"cb-entry-content entry-content clearfix\">\n<section class=\"cb-entry-content entry-content clearfix\">\n<section class=\"cb-entry-content entry-content clearfix\">\n<section class=\"cb-entry-content entry-content clearfix\">\n<p data-start=\"2135\" data-end=\"2458\"><span><strong>Drag\u0103 turistule, aceea\u0219i Bucovin\u0103 de odinioar\u0103 te a\u0219teapt\u0103 s\u0103 \u00ee\u021bi \u00eencarci din nou bateriile din acest loc plin de istorie \u0219i spiritualitate.<\/strong><\/span><\/p>\n<\/section>\n<\/section>\n<\/section>\n<\/section>\n<\/section>\n<\/section>\n<\/section>\n<\/section>\n<\/section>\n<\/section>\n<\/section>\n<section class=\"cb-entry-content entry-content clearfix\">\n<section class=\"cb-entry-content entry-content clearfix\">\n<section class=\"cb-entry-content entry-content clearfix\">\n<section class=\"cb-entry-content entry-content clearfix\">\n<section class=\"cb-entry-content entry-content clearfix\">\n<section class=\"cb-entry-content entry-content clearfix\">\n<p data-start=\"105\" data-end=\"338\"><span>\u00cen comuna Stulpicani, pe versantul muntelui, se \u00eentinde una dintre cele mai vechi p\u0103duri din Europa. Codrii Seculari Sl\u0103tioara ocup\u0103 o suprafa\u021b\u0103 de aproximativ 1064 de hectare. Statul a declarat zona rezerva\u021bie natural\u0103 \u00een anul 1941.<\/span><\/p>\n<p data-start=\"340\" data-end=\"490\"><span>P\u0103durea p\u0103streaz\u0103 arbori foarte vechi. Unii fagi au peste 400 de ani. \u00cen\u0103l\u021bimea lor ajunge la 40 de metri. Trunchiurile au diametre de peste un metru.<\/span><\/p>\n<p data-start=\"492\" data-end=\"685\"><span>Rezerva\u021bia protejeaz\u0103 \u00een special fagul. Apar \u0219i molizi \u0219i brazi. Solul p\u0103streaz\u0103 urme naturale, f\u0103r\u0103 interven\u021bii moderne. Lemnul c\u0103zut r\u0103m\u00e2ne \u00een p\u0103dure \u0219i sus\u021bine via\u021ba altor plante \u0219i insecte.<\/span><\/p>\n<p data-start=\"687\" data-end=\"889\"><span>Zona are valoare interna\u021bional\u0103. Din anul 2017, p\u0103durea face parte din patrimoniul mondial UNESCO, \u00een grupul p\u0103durilor virgine de fag din Europa. Aceast\u0103 recunoa\u0219tere confirm\u0103 importan\u021ba ei \u0219tiin\u021bific\u0103.<\/span><\/p>\n<p data-start=\"891\" data-end=\"1075\"><span>Codrii Seculari Sl\u0103tioara atrag cercet\u0103tori \u0219i turi\u0219ti. Traseele marcate permit vizitarea f\u0103r\u0103 distrugerea ecosistemului. P\u0103durea arat\u0103 cum ar\u0103ta natura \u00eenainte de exploatarea modern\u0103.<\/span><\/p>\n<section class=\"cb-entry-content entry-content clearfix\">\n<section class=\"cb-entry-content entry-content clearfix\">\n<section class=\"cb-entry-content entry-content clearfix\">\n<section class=\"cb-entry-content entry-content clearfix\">\n<p data-start=\"2135\" data-end=\"2458\"><span><strong>Drag\u0103 turistule, aceea\u0219i Bucovin\u0103 de odinioar\u0103 te a\u0219teapt\u0103 s\u0103 \u00ee\u021bi \u00eencarci din nou bateriile din acest loc plin de istorie \u0219i spiritualitate.<\/strong><\/span><\/p>\n<\/section>\n<\/section>\n<\/section>\n<\/section>\n<\/section>\n<\/section>\n<\/section>\n<\/section>\n<\/section>\n<\/section>\n<section class=\"cb-entry-content entry-content clearfix\">\n<section class=\"cb-entry-content entry-content clearfix\">\n<section class=\"cb-entry-content entry-content clearfix\">\n<section class=\"cb-entry-content entry-content clearfix\">\n<section class=\"cb-entry-content entry-content clearfix\">\n<section class=\"cb-entry-content entry-content clearfix\">\n<p data-start=\"105\" data-end=\"338\"><span>\u00cen comuna Stulpicani, pe versantul muntelui, se \u00eentinde una dintre cele mai vechi p\u0103duri din Europa. Codrii Seculari Sl\u0103tioara ocup\u0103 o suprafa\u021b\u0103 de aproximativ 1064 de hectare. Statul a declarat zona rezerva\u021bie natural\u0103 \u00een anul 1941.<\/span><\/p>\n<p data-start=\"340\" data-end=\"490\"><span>P\u0103durea p\u0103streaz\u0103 arbori foarte vechi. Unii fagi au peste 400 de ani. \u00cen\u0103l\u021bimea lor ajunge la 40 de metri. Trunchiurile au diametre de peste un metru.<\/span><\/p>\n<p data-start=\"492\" data-end=\"685\"><span>Rezerva\u021bia protejeaz\u0103 \u00een special fagul. Apar \u0219i molizi \u0219i brazi. Solul p\u0103streaz\u0103 urme naturale, f\u0103r\u0103 interven\u021bii moderne. Lemnul c\u0103zut r\u0103m\u00e2ne \u00een p\u0103dure \u0219i sus\u021bine via\u021ba altor plante \u0219i insecte.<\/span><\/p>\n<p data-start=\"687\" data-end=\"889\"><span>Zona are valoare interna\u021bional\u0103. Din anul 2017, p\u0103durea face parte din patrimoniul mondial UNESCO, \u00een grupul p\u0103durilor virgine de fag din Europa. Aceast\u0103 recunoa\u0219tere confirm\u0103 importan\u021ba ei \u0219tiin\u021bific\u0103.<\/span><\/p>\n<p data-start=\"891\" data-end=\"1075\"><span>Codrii Seculari Sl\u0103tioara atrag cercet\u0103tori \u0219i turi\u0219ti. Traseele marcate permit vizitarea f\u0103r\u0103 distrugerea ecosistemului. P\u0103durea arat\u0103 cum ar\u0103ta natura \u00eenainte de exploatarea modern\u0103.<\/span><\/p>\n<section class=\"cb-entry-content entry-content clearfix\">\n<section class=\"cb-entry-content entry-content clearfix\">\n<section class=\"cb-entry-content entry-content clearfix\">\n<section class=\"cb-entry-content entry-content clearfix\">\n<p data-start=\"2135\" data-end=\"2458\"><span><strong>Drag\u0103 turistule, aceea\u0219i Bucovin\u0103 de odinioar\u0103 te a\u0219teapt\u0103 s\u0103 \u00ee\u021bi \u00eencarci din nou bateriile din acest loc plin de istorie \u0219i spiritualitate.<\/strong><\/span><\/p>\n<\/section>\n<\/section>\n<\/section>\n<\/section>\n<\/section>\n<\/section>\n<\/section>\n<\/section>\n<\/section>\n<\/section>\n<section class=\"cb-entry-content entry-content clearfix\">\n<section class=\"cb-entry-content entry-content clearfix\">\n<section class=\"cb-entry-content entry-content clearfix\">\n<section class=\"cb-entry-content entry-content clearfix\">\n<section class=\"cb-entry-content entry-content clearfix\">\n<p data-start=\"105\" data-end=\"338\"><span>\u00cen comuna Stulpicani, pe versantul muntelui, se \u00eentinde una dintre cele mai vechi p\u0103duri din Europa. Codrii Seculari Sl\u0103tioara ocup\u0103 o suprafa\u021b\u0103 de aproximativ 1064 de hectare. Statul a declarat zona rezerva\u021bie natural\u0103 \u00een anul 1941.<\/span><\/p>\n<p data-start=\"340\" data-end=\"490\"><span>P\u0103durea p\u0103streaz\u0103 arbori foarte vechi. Unii fagi au peste 400 de ani. \u00cen\u0103l\u021bimea lor ajunge la 40 de metri. Trunchiurile au diametre de peste un metru.<\/span><\/p>\n<p data-start=\"492\" data-end=\"685\"><span>Rezerva\u021bia protejeaz\u0103 \u00een special fagul. Apar \u0219i molizi \u0219i brazi. Solul p\u0103streaz\u0103 urme naturale, f\u0103r\u0103 interven\u021bii moderne. Lemnul c\u0103zut r\u0103m\u00e2ne \u00een p\u0103dure \u0219i sus\u021bine via\u021ba altor plante \u0219i insecte.<\/span><\/p>\n<p data-start=\"687\" data-end=\"889\"><span>Zona are valoare interna\u021bional\u0103. Din anul 2017, p\u0103durea face parte din patrimoniul mondial UNESCO, \u00een grupul p\u0103durilor virgine de fag din Europa. Aceast\u0103 recunoa\u0219tere confirm\u0103 importan\u021ba ei \u0219tiin\u021bific\u0103.<\/span><\/p>\n<p data-start=\"891\" data-end=\"1075\"><span>Codrii Seculari Sl\u0103tioara atrag cercet\u0103tori \u0219i turi\u0219ti. Traseele marcate permit vizitarea f\u0103r\u0103 distrugerea ecosistemului. P\u0103durea arat\u0103 cum ar\u0103ta natura \u00eenainte de exploatarea modern\u0103.<\/span><\/p>\n<section class=\"cb-entry-content entry-content clearfix\">\n<section class=\"cb-entry-content entry-content clearfix\">\n<section class=\"cb-entry-content entry-content clearfix\">\n<section class=\"cb-entry-content entry-content clearfix\">\n<p data-start=\"2135\" data-end=\"2458\"><span><strong>Drag\u0103 turistule, aceea\u0219i Bucovin\u0103 de odinioar\u0103 te a\u0219teapt\u0103 s\u0103 \u00ee\u021bi \u00eencarci din nou bateriile din acest loc plin de istorie \u0219i spiritualitate.<\/strong><\/span><\/p>\n<\/section>\n<\/section>\n<\/section>\n<\/section>\n<\/section>\n<\/section>\n<\/section>\n<\/section>\n<\/section>\n<section class=\"cb-entry-content entry-content clearfix\">\n<section class=\"cb-entry-content entry-content clearfix\">\n<section class=\"cb-entry-content entry-content clearfix\">\n<section class=\"cb-entry-content entry-content clearfix\">\n<section class=\"cb-entry-content entry-content clearfix\">\n<p data-start=\"105\" data-end=\"338\"><span>\u00cen comuna Stulpicani, pe versantul muntelui, se \u00eentinde una dintre cele mai vechi p\u0103duri din Europa. Codrii Seculari Sl\u0103tioara ocup\u0103 o suprafa\u021b\u0103 de aproximativ 1064 de hectare. Statul a declarat zona rezerva\u021bie natural\u0103 \u00een anul 1941.<\/span><\/p>\n<p data-start=\"340\" data-end=\"490\"><span>P\u0103durea p\u0103streaz\u0103 arbori foarte vechi. Unii fagi au peste 400 de ani. \u00cen\u0103l\u021bimea lor ajunge la 40 de metri. Trunchiurile au diametre de peste un metru.<\/span><\/p>\n<p data-start=\"492\" data-end=\"685\"><span>Rezerva\u021bia protejeaz\u0103 \u00een special fagul. Apar \u0219i molizi \u0219i brazi. Solul p\u0103streaz\u0103 urme naturale, f\u0103r\u0103 interven\u021bii moderne. Lemnul c\u0103zut r\u0103m\u00e2ne \u00een p\u0103dure \u0219i sus\u021bine via\u021ba altor plante \u0219i insecte.<\/span><\/p>\n<p data-start=\"687\" data-end=\"889\"><span>Zona are valoare interna\u021bional\u0103. Din anul 2017, p\u0103durea face parte din patrimoniul mondial UNESCO, \u00een grupul p\u0103durilor virgine de fag din Europa. Aceast\u0103 recunoa\u0219tere confirm\u0103 importan\u021ba ei \u0219tiin\u021bific\u0103.<\/span><\/p>\n<p data-start=\"891\" data-end=\"1075\"><span>Codrii Seculari Sl\u0103tioara atrag cercet\u0103tori \u0219i turi\u0219ti. Traseele marcate permit vizitarea f\u0103r\u0103 distrugerea ecosistemului. P\u0103durea arat\u0103 cum ar\u0103ta natura \u00eenainte de exploatarea modern\u0103.<\/span><\/p>\n<section class=\"cb-entry-content entry-content clearfix\">\n<section class=\"cb-entry-content entry-content clearfix\">\n<section class=\"cb-entry-content entry-content clearfix\">\n<section class=\"cb-entry-content entry-content clearfix\">\n<p data-start=\"2135\" data-end=\"2458\"><span><strong>Drag\u0103 turistule, aceea\u0219i Bucovin\u0103 de odinioar\u0103 te a\u0219teapt\u0103 s\u0103 \u00ee\u021bi \u00eencarci din nou bateriile din acest loc plin de istorie \u0219i spiritualitate.<\/strong><\/span><\/p>\n<\/section>\n<\/section>\n<\/section>\n<\/section>\n<\/section>\n<\/section>\n<\/section>\n<\/section>\n<\/section>\n<section class=\"cb-entry-content entry-content clearfix\">\n<section class=\"cb-entry-content entry-content clearfix\">\n<section class=\"cb-entry-content entry-content clearfix\">\n<section class=\"cb-entry-content entry-content clearfix\">\n<p data-start=\"105\" data-end=\"338\"><span>\u00cen comuna Stulpicani, pe versantul muntelui, se \u00eentinde una dintre cele mai vechi p\u0103duri din Europa. Codrii Seculari Sl\u0103tioara ocup\u0103 o suprafa\u021b\u0103 de aproximativ 1064 de hectare. Statul a declarat zona rezerva\u021bie natural\u0103 \u00een anul 1941.<\/span><\/p>\n<p data-start=\"340\" data-end=\"490\"><span>P\u0103durea p\u0103streaz\u0103 arbori foarte vechi. Unii fagi au peste 400 de ani. \u00cen\u0103l\u021bimea lor ajunge la 40 de metri. Trunchiurile au diametre de peste un metru.<\/span><\/p>\n<p data-start=\"492\" data-end=\"685\"><span>Rezerva\u021bia protejeaz\u0103 \u00een special fagul. Apar \u0219i molizi \u0219i brazi. Solul p\u0103streaz\u0103 urme naturale, f\u0103r\u0103 interven\u021bii moderne. Lemnul c\u0103zut r\u0103m\u00e2ne \u00een p\u0103dure \u0219i sus\u021bine via\u021ba altor plante \u0219i insecte.<\/span><\/p>\n<p data-start=\"687\" data-end=\"889\"><span>Zona are valoare interna\u021bional\u0103. Din anul 2017, p\u0103durea face parte din patrimoniul mondial UNESCO, \u00een grupul p\u0103durilor virgine de fag din Europa. Aceast\u0103 recunoa\u0219tere confirm\u0103 importan\u021ba ei \u0219tiin\u021bific\u0103.<\/span><\/p>\n<p data-start=\"891\" data-end=\"1075\"><span>Codrii Seculari Sl\u0103tioara atrag cercet\u0103tori \u0219i turi\u0219ti. Traseele marcate permit vizitarea f\u0103r\u0103 distrugerea ecosistemului. P\u0103durea arat\u0103 cum ar\u0103ta natura \u00eenainte de exploatarea modern\u0103.<\/span><\/p>\n<section class=\"cb-entry-content entry-content clearfix\">\n<section class=\"cb-entry-content entry-content clearfix\">\n<section class=\"cb-entry-content entry-content clearfix\">\n<section class=\"cb-entry-content entry-content clearfix\">\n<p data-start=\"2135\" data-end=\"2458\"><span><strong>Drag\u0103 turistule, aceea\u0219i Bucovin\u0103 de odinioar\u0103 te a\u0219teapt\u0103 s\u0103 \u00ee\u021bi \u00eencarci din nou bateriile din acest loc plin de istorie \u0219i spiritualitate.<\/strong><\/span><\/p>\n<\/section>\n<\/section>\n<\/section>\n<\/section>\n<\/section>\n<\/section>\n<\/section>\n<\/section>\n<section class=\"cb-entry-content entry-content clearfix\">\n<section class=\"cb-entry-content entry-content clearfix\">\n<section class=\"cb-entry-content entry-content clearfix\">\n<section class=\"cb-entry-content entry-content clearfix\">\n<p data-start=\"105\" data-end=\"338\"><span>\u00cen comuna Stulpicani, pe versantul muntelui, se \u00eentinde una dintre cele mai vechi p\u0103duri din Europa. Codrii Seculari Sl\u0103tioara ocup\u0103 o suprafa\u021b\u0103 de aproximativ 1064 de hectare. Statul a declarat zona rezerva\u021bie natural\u0103 \u00een anul 1941.<\/span><\/p>\n<p data-start=\"340\" data-end=\"490\"><span>P\u0103durea p\u0103streaz\u0103 arbori foarte vechi. Unii fagi au peste 400 de ani. \u00cen\u0103l\u021bimea lor ajunge la 40 de metri. Trunchiurile au diametre de peste un metru.<\/span><\/p>\n<p data-start=\"492\" data-end=\"685\"><span>Rezerva\u021bia protejeaz\u0103 \u00een special fagul. Apar \u0219i molizi \u0219i brazi. Solul p\u0103streaz\u0103 urme naturale, f\u0103r\u0103 interven\u021bii moderne. Lemnul c\u0103zut r\u0103m\u00e2ne \u00een p\u0103dure \u0219i sus\u021bine via\u021ba altor plante \u0219i insecte.<\/span><\/p>\n<p data-start=\"687\" data-end=\"889\"><span>Zona are valoare interna\u021bional\u0103. Din anul 2017, p\u0103durea face parte din patrimoniul mondial UNESCO, \u00een grupul p\u0103durilor virgine de fag din Europa. Aceast\u0103 recunoa\u0219tere confirm\u0103 importan\u021ba ei \u0219tiin\u021bific\u0103.<\/span><\/p>\n<p data-start=\"891\" data-end=\"1075\"><span>Codrii Seculari Sl\u0103tioara atrag cercet\u0103tori \u0219i turi\u0219ti. Traseele marcate permit vizitarea f\u0103r\u0103 distrugerea ecosistemului. P\u0103durea arat\u0103 cum ar\u0103ta natura \u00eenainte de exploatarea modern\u0103.<\/span><\/p>\n<section class=\"cb-entry-content entry-content clearfix\">\n<section class=\"cb-entry-content entry-content clearfix\">\n<section class=\"cb-entry-content entry-content clearfix\">\n<section class=\"cb-entry-content entry-content clearfix\">\n<p data-start=\"2135\" data-end=\"2458\"><span><strong>Drag\u0103 turistule, aceea\u0219i Bucovin\u0103 de odinioar\u0103 te a\u0219teapt\u0103 s\u0103 \u00ee\u021bi \u00eencarci din nou bateriile din acest loc plin de istorie \u0219i spiritualitate.<\/strong><\/span><\/p>\n<\/section>\n<\/section>\n<\/section>\n<\/section>\n<\/section>\n<\/section>\n<\/section>\n<\/section>\n<section class=\"cb-entry-content entry-content clearfix\">\n<section class=\"cb-entry-content entry-content clearfix\">\n<section class=\"cb-entry-content entry-content clearfix\">\n<p data-start=\"105\" data-end=\"338\"><span>\u00cen comuna Stulpicani, pe versantul muntelui, se \u00eentinde una dintre cele mai vechi p\u0103duri din Europa. Codrii Seculari Sl\u0103tioara ocup\u0103 o suprafa\u021b\u0103 de aproximativ 1064 de hectare. Statul a declarat zona rezerva\u021bie natural\u0103 \u00een anul 1941.<\/span><\/p>\n<p data-start=\"340\" data-end=\"490\"><span>P\u0103durea p\u0103streaz\u0103 arbori foarte vechi. Unii fagi au peste 400 de ani. \u00cen\u0103l\u021bimea lor ajunge la 40 de metri. Trunchiurile au diametre de peste un metru.<\/span><\/p>\n<p data-start=\"492\" data-end=\"685\"><span>Rezerva\u021bia protejeaz\u0103 \u00een special fagul. Apar \u0219i molizi \u0219i brazi. Solul p\u0103streaz\u0103 urme naturale, f\u0103r\u0103 interven\u021bii moderne. Lemnul c\u0103zut r\u0103m\u00e2ne \u00een p\u0103dure \u0219i sus\u021bine via\u021ba altor plante \u0219i insecte.<\/span><\/p>\n<p data-start=\"687\" data-end=\"889\"><span>Zona are valoare interna\u021bional\u0103. Din anul 2017, p\u0103durea face parte din patrimoniul mondial UNESCO, \u00een grupul p\u0103durilor virgine de fag din Europa. Aceast\u0103 recunoa\u0219tere confirm\u0103 importan\u021ba ei \u0219tiin\u021bific\u0103.<\/span><\/p>\n<p data-start=\"891\" data-end=\"1075\"><span>Codrii Seculari Sl\u0103tioara atrag cercet\u0103tori \u0219i turi\u0219ti. Traseele marcate permit vizitarea f\u0103r\u0103 distrugerea ecosistemului. P\u0103durea arat\u0103 cum ar\u0103ta natura \u00eenainte de exploatarea modern\u0103.<\/span><\/p>\n<section class=\"cb-entry-content entry-content clearfix\">\n<section class=\"cb-entry-content entry-content clearfix\">\n<section class=\"cb-entry-content entry-content clearfix\">\n<section class=\"cb-entry-content entry-content clearfix\">\n<p data-start=\"2135\" data-end=\"2458\"><span><strong>Drag\u0103 turistule, aceea\u0219i Bucovin\u0103 de odinioar\u0103 te a\u0219teapt\u0103 s\u0103 \u00ee\u021bi \u00eencarci din nou bateriile din acest loc plin de istorie \u0219i spiritualitate.<\/strong><\/span><\/p>\n<\/section>\n<\/section>\n<\/section>\n<\/section>\n<\/section>\n<\/section>\n<\/section>\n<section class=\"cb-entry-content entry-content clearfix\">\n<section class=\"cb-entry-content entry-content clearfix\">\n<section class=\"cb-entry-content entry-content clearfix\">\n<p data-start=\"105\" data-end=\"338\"><span>\u00cen comuna Stulpicani, pe versantul muntelui, se \u00eentinde una dintre cele mai vechi p\u0103duri din Europa. Codrii Seculari Sl\u0103tioara ocup\u0103 o suprafa\u021b\u0103 de aproximativ 1064 de hectare. Statul a declarat zona rezerva\u021bie natural\u0103 \u00een anul 1941.<\/span><\/p>\n<p data-start=\"340\" data-end=\"490\"><span>P\u0103durea p\u0103streaz\u0103 arbori foarte vechi. Unii fagi au peste 400 de ani. \u00cen\u0103l\u021bimea lor ajunge la 40 de metri. Trunchiurile au diametre de peste un metru.<\/span><\/p>\n<p data-start=\"492\" data-end=\"685\"><span>Rezerva\u021bia protejeaz\u0103 \u00een special fagul. Apar \u0219i molizi \u0219i brazi. Solul p\u0103streaz\u0103 urme naturale, f\u0103r\u0103 interven\u021bii moderne. Lemnul c\u0103zut r\u0103m\u00e2ne \u00een p\u0103dure \u0219i sus\u021bine via\u021ba altor plante \u0219i insecte.<\/span><\/p>\n<p data-start=\"687\" data-end=\"889\"><span>Zona are valoare interna\u021bional\u0103. Din anul 2017, p\u0103durea face parte din patrimoniul mondial UNESCO, \u00een grupul p\u0103durilor virgine de fag din Europa. Aceast\u0103 recunoa\u0219tere confirm\u0103 importan\u021ba ei \u0219tiin\u021bific\u0103.<\/span><\/p>\n<p data-start=\"891\" data-end=\"1075\"><span>Codrii Seculari Sl\u0103tioara atrag cercet\u0103tori \u0219i turi\u0219ti. Traseele marcate permit vizitarea f\u0103r\u0103 distrugerea ecosistemului. P\u0103durea arat\u0103 cum ar\u0103ta natura \u00eenainte de exploatarea modern\u0103.<\/span><\/p>\n<section class=\"cb-entry-content entry-content clearfix\">\n<section class=\"cb-entry-content entry-content clearfix\">\n<section class=\"cb-entry-content entry-content clearfix\">\n<section class=\"cb-entry-content entry-content clearfix\">\n<p data-start=\"2135\" data-end=\"2458\"><span><strong>Drag\u0103 turistule, aceea\u0219i Bucovin\u0103 de odinioar\u0103 te a\u0219teapt\u0103 s\u0103 \u00ee\u021bi \u00eencarci din nou bateriile din acest loc plin de istorie \u0219i spiritualitate.<\/strong><\/span><\/p>\n<\/section>\n<\/section>\n<\/section>\n<\/section>\n<\/section>\n<\/section>\n<\/section>\n<section class=\"cb-entry-content entry-content clearfix\">\n<section class=\"cb-entry-content entry-content clearfix\">\n<p data-start=\"105\" data-end=\"338\"><span>\u00cen comuna Stulpicani, pe versantul muntelui, se \u00eentinde una dintre cele mai vechi p\u0103duri din Europa. Codrii Seculari Sl\u0103tioara ocup\u0103 o suprafa\u021b\u0103 de aproximativ 1064 de hectare. Statul a declarat zona rezerva\u021bie natural\u0103 \u00een anul 1941.<\/span><\/p>\n<p data-start=\"340\" data-end=\"490\"><span>P\u0103durea p\u0103streaz\u0103 arbori foarte vechi. Unii fagi au peste 400 de ani. \u00cen\u0103l\u021bimea lor ajunge la 40 de metri. Trunchiurile au diametre de peste un metru.<\/span><\/p>\n<p data-start=\"492\" data-end=\"685\"><span>Rezerva\u021bia protejeaz\u0103 \u00een special fagul. Apar \u0219i molizi \u0219i brazi. Solul p\u0103streaz\u0103 urme naturale, f\u0103r\u0103 interven\u021bii moderne. Lemnul c\u0103zut r\u0103m\u00e2ne \u00een p\u0103dure \u0219i sus\u021bine via\u021ba altor plante \u0219i insecte.<\/span><\/p>\n<p data-start=\"687\" data-end=\"889\"><span>Zona are valoare interna\u021bional\u0103. Din anul 2017, p\u0103durea face parte din patrimoniul mondial UNESCO, \u00een grupul p\u0103durilor virgine de fag din Europa. Aceast\u0103 recunoa\u0219tere confirm\u0103 importan\u021ba ei \u0219tiin\u021bific\u0103.<\/span><\/p>\n<p data-start=\"891\" data-end=\"1075\"><span>Codrii Seculari Sl\u0103tioara atrag cercet\u0103tori \u0219i turi\u0219ti. Traseele marcate permit vizitarea f\u0103r\u0103 distrugerea ecosistemului. P\u0103durea arat\u0103 cum ar\u0103ta natura \u00eenainte de exploatarea modern\u0103.<\/span><\/p>\n<section class=\"cb-entry-content entry-content clearfix\">\n<section class=\"cb-entry-content entry-content clearfix\">\n<section class=\"cb-entry-content entry-content clearfix\">\n<section class=\"cb-entry-content entry-content clearfix\">\n<p data-start=\"2135\" data-end=\"2458\"><span><strong>Drag\u0103 turistule, aceea\u0219i Bucovin\u0103 de odinioar\u0103 te a\u0219teapt\u0103 s\u0103 \u00ee\u021bi \u00eencarci din nou bateriile din acest loc plin de istorie \u0219i spiritualitate.<\/strong><\/span><\/p>\n<\/section>\n<\/section>\n<\/section>\n<\/section>\n<\/section>\n<\/section>\n<section class=\"cb-entry-content entry-content clearfix\">\n<section class=\"cb-entry-content entry-content clearfix\">\n<p data-start=\"105\" data-end=\"338\"><span>\u00cen comuna Stulpicani, pe versantul muntelui, se \u00eentinde una dintre cele mai vechi p\u0103duri din Europa. Codrii Seculari Sl\u0103tioara ocup\u0103 o suprafa\u021b\u0103 de aproximativ 1064 de hectare. Statul a declarat zona rezerva\u021bie natural\u0103 \u00een anul 1941.<\/span><\/p>\n<p data-start=\"340\" data-end=\"490\"><span>P\u0103durea p\u0103streaz\u0103 arbori foarte vechi. Unii fagi au peste 400 de ani. \u00cen\u0103l\u021bimea lor ajunge la 40 de metri. Trunchiurile au diametre de peste un metru.<\/span><\/p>\n<p data-start=\"492\" data-end=\"685\"><span>Rezerva\u021bia protejeaz\u0103 \u00een special fagul. Apar \u0219i molizi \u0219i brazi. Solul p\u0103streaz\u0103 urme naturale, f\u0103r\u0103 interven\u021bii moderne. Lemnul c\u0103zut r\u0103m\u00e2ne \u00een p\u0103dure \u0219i sus\u021bine via\u021ba altor plante \u0219i insecte.<\/span><\/p>\n<p data-start=\"687\" data-end=\"889\"><span>Zona are valoare interna\u021bional\u0103. Din anul 2017, p\u0103durea face parte din patrimoniul mondial UNESCO, \u00een grupul p\u0103durilor virgine de fag din Europa. Aceast\u0103 recunoa\u0219tere confirm\u0103 importan\u021ba ei \u0219tiin\u021bific\u0103.<\/span><\/p>\n<p data-start=\"891\" data-end=\"1075\"><span>Codrii Seculari Sl\u0103tioara atrag cercet\u0103tori \u0219i turi\u0219ti. Traseele marcate permit vizitarea f\u0103r\u0103 distrugerea ecosistemului. P\u0103durea arat\u0103 cum ar\u0103ta natura \u00eenainte de exploatarea modern\u0103.<\/span><\/p>\n<section class=\"cb-entry-content entry-content clearfix\">\n<section class=\"cb-entry-content entry-content clearfix\">\n<section class=\"cb-entry-content entry-content clearfix\">\n<section class=\"cb-entry-content entry-content clearfix\">\n<p data-start=\"2135\" data-end=\"2458\"><span><strong>Drag\u0103 turistule, aceea\u0219i Bucovin\u0103 de odinioar\u0103 te a\u0219teapt\u0103 s\u0103 \u00ee\u021bi \u00eencarci din nou bateriile din acest loc plin de istorie \u0219i spiritualitate.<\/strong><\/span><\/p>\n<\/section>\n<\/section>\n<\/section>\n<\/section>\n<\/section>\n<\/section>\n<section class=\"cb-entry-content entry-content clearfix\">\n<p data-start=\"105\" data-end=\"338\"><span>\u00cen comuna Stulpicani, pe versantul muntelui, se \u00eentinde una dintre cele mai vechi p\u0103duri din Europa. Codrii Seculari Sl\u0103tioara ocup\u0103 o suprafa\u021b\u0103 de aproximativ 1064 de hectare. Statul a declarat zona rezerva\u021bie natural\u0103 \u00een anul 1941.<\/span><\/p>\n<p data-start=\"340\" data-end=\"490\"><span>P\u0103durea p\u0103streaz\u0103 arbori foarte vechi. Unii fagi au peste 400 de ani. \u00cen\u0103l\u021bimea lor ajunge la 40 de metri. Trunchiurile au diametre de peste un metru.<\/span><\/p>\n<p data-start=\"492\" data-end=\"685\"><span>Rezerva\u021bia protejeaz\u0103 \u00een special fagul. Apar \u0219i molizi \u0219i brazi. Solul p\u0103streaz\u0103 urme naturale, f\u0103r\u0103 interven\u021bii moderne. Lemnul c\u0103zut r\u0103m\u00e2ne \u00een p\u0103dure \u0219i sus\u021bine via\u021ba altor plante \u0219i insecte.<\/span><\/p>\n<p data-start=\"687\" data-end=\"889\"><span>Zona are valoare interna\u021bional\u0103. Din anul 2017, p\u0103durea face parte din patrimoniul mondial UNESCO, \u00een grupul p\u0103durilor virgine de fag din Europa. Aceast\u0103 recunoa\u0219tere confirm\u0103 importan\u021ba ei \u0219tiin\u021bific\u0103.<\/span><\/p>\n<p data-start=\"891\" data-end=\"1075\"><span>Codrii Seculari Sl\u0103tioara atrag cercet\u0103tori \u0219i turi\u0219ti. Traseele marcate permit vizitarea f\u0103r\u0103 distrugerea ecosistemului. P\u0103durea arat\u0103 cum ar\u0103ta natura \u00eenainte de exploatarea modern\u0103.<\/span><\/p>\n<section class=\"cb-entry-content entry-content clearfix\">\n<section class=\"cb-entry-content entry-content clearfix\">\n<section class=\"cb-entry-content entry-content clearfix\">\n<section class=\"cb-entry-content entry-content clearfix\">\n<p data-start=\"2135\" data-end=\"2458\"><span><strong>Drag\u0103 turistule, aceea\u0219i Bucovin\u0103 de odinioar\u0103 te a\u0219teapt\u0103 s\u0103 \u00ee\u021bi \u00eencarci din nou bateriile din acest loc plin de istorie \u0219i spiritualitate.<\/strong><\/span><\/p>\n<\/section>\n<\/section>\n<\/section>\n<\/section>\n<\/section>\n<section class=\"cb-entry-content entry-content clearfix\">\n<p data-start=\"105\" data-end=\"338\"><span>\u00cen comuna Stulpicani, pe versantul muntelui, se \u00eentinde una dintre cele mai vechi p\u0103duri din Europa. Codrii Seculari Sl\u0103tioara ocup\u0103 o suprafa\u021b\u0103 de aproximativ 1064 de hectare. Statul a declarat zona rezerva\u021bie natural\u0103 \u00een anul 1941.<\/span><\/p>\n<p data-start=\"340\" data-end=\"490\"><span>P\u0103durea p\u0103streaz\u0103 arbori foarte vechi. Unii fagi au peste 400 de ani. \u00cen\u0103l\u021bimea lor ajunge la 40 de metri. Trunchiurile au diametre de peste un metru.<\/span><\/p>\n<p data-start=\"492\" data-end=\"685\"><span>Rezerva\u021bia protejeaz\u0103 \u00een special fagul. Apar \u0219i molizi \u0219i brazi. Solul p\u0103streaz\u0103 urme naturale, f\u0103r\u0103 interven\u021bii moderne. Lemnul c\u0103zut r\u0103m\u00e2ne \u00een p\u0103dure \u0219i sus\u021bine via\u021ba altor plante \u0219i insecte.<\/span><\/p>\n<p data-start=\"687\" data-end=\"889\"><span>Zona are valoare interna\u021bional\u0103. Din anul 2017, p\u0103durea face parte din patrimoniul mondial UNESCO, \u00een grupul p\u0103durilor virgine de fag din Europa. Aceast\u0103 recunoa\u0219tere confirm\u0103 importan\u021ba ei \u0219tiin\u021bific\u0103.<\/span><\/p>\n<p data-start=\"891\" data-end=\"1075\"><span>Codrii Seculari Sl\u0103tioara atrag cercet\u0103tori \u0219i turi\u0219ti. Traseele marcate permit vizitarea f\u0103r\u0103 distrugerea ecosistemului. P\u0103durea arat\u0103 cum ar\u0103ta natura \u00eenainte de exploatarea modern\u0103.<\/span><\/p>\n<section class=\"cb-entry-content entry-content clearfix\">\n<section class=\"cb-entry-content entry-content clearfix\">\n<section class=\"cb-entry-content entry-content clearfix\">\n<section class=\"cb-entry-content entry-content clearfix\">\n<p data-start=\"2135\" data-end=\"2458\"><span><strong>Drag\u0103 turistule, aceea\u0219i Bucovin\u0103 de odinioar\u0103 te a\u0219teapt\u0103 s\u0103 \u00ee\u021bi \u00eencarci din nou bateriile din acest loc plin de istorie \u0219i spiritualitate.<\/strong><\/span><\/p>\n<\/section>\n<\/section>\n<\/section>\n<\/section>\n<\/section>\n<section class=\"cb-entry-content entry-content clearfix\">\n<section class=\"cb-entry-content entry-content clearfix\">\n<section class=\"cb-entry-content entry-content clearfix\">\n<section class=\"cb-entry-content entry-content clearfix\">\n<p data-start=\"2135\" data-end=\"2458\"><span><strong>Drag\u0103 turistule, aceea\u0219i Bucovin\u0103 de odinioar\u0103 te a\u0219teapt\u0103 s\u0103 \u00ee\u021bi \u00eencarci din nou bateriile din acest loc plin de istorie \u0219i spiritualitate.<\/strong><\/span><\/p>\n<\/section>\n<\/section>\n<\/section>\n<\/section>\n<section class=\"cb-entry-content entry-content clearfix\">\n<section class=\"cb-entry-content entry-content clearfix\">\n<section class=\"cb-entry-content entry-content clearfix\">\n<section class=\"cb-entry-content entry-content clearfix\">\n<p data-start=\"2135\" data-end=\"2458\"><span><strong>Drag\u0103 turistule, aceea\u0219i Bucovin\u0103 de odinioar\u0103 te a\u0219teapt\u0103 s\u0103 \u00ee\u021bi \u00eencarci din nou bateriile din acest loc plin de istorie \u0219i spiritualitate.<\/strong><\/span><\/p>\n<\/section>\n<\/section>\n<\/section>\n<\/section>\n<section class=\"cb-entry-content entry-content clearfix\">\n<section class=\"cb-entry-content entry-content clearfix\">\n<section class=\"cb-entry-content entry-content clearfix\">\n<p data-start=\"2135\" data-end=\"2458\"><span><strong>Drag\u0103 turistule, aceea\u0219i Bucovin\u0103 de odinioar\u0103 te a\u0219teapt\u0103 s\u0103 \u00ee\u021bi \u00eencarci din nou bateriile din acest loc plin de istorie \u0219i spiritualitate.<\/strong><\/span><\/p>\n<\/section>\n<\/section>\n<\/section>\n<section class=\"cb-entry-content entry-content clearfix\">\n<section class=\"cb-entry-content entry-content clearfix\">\n<section class=\"cb-entry-content entry-content clearfix\">\n<p data-start=\"2135\" data-end=\"2458\"><span><strong>Drag\u0103 turistule, aceea\u0219i Bucovin\u0103 de odinioar\u0103 te a\u0219teapt\u0103 s\u0103 \u00ee\u021bi \u00eencarci din nou bateriile din acest loc plin de istorie \u0219i spiritualitate.<\/strong><\/span><\/p>\n<\/section>\n<\/section>\n<\/section>\n<section class=\"cb-entry-content entry-content clearfix\">\n<section class=\"cb-entry-content entry-content clearfix\">\n<p data-start=\"2135\" data-end=\"2458\"><span><strong>Drag\u0103 turistule, aceea\u0219i Bucovin\u0103 de odinioar\u0103 te a\u0219teapt\u0103 s\u0103 \u00ee\u021bi \u00eencarci din nou bateriile din acest loc plin de istorie \u0219i spiritualitate.<\/strong><\/span><\/p>\n<\/section>\n<\/section>\n<section class=\"cb-entry-content entry-content clearfix\">\n<section class=\"cb-entry-content entry-content clearfix\">\n<p data-start=\"2135\" data-end=\"2458\"><span><strong>Drag\u0103 turistule, aceea\u0219i Bucovin\u0103 de odinioar\u0103 te a\u0219teapt\u0103 s\u0103 \u00ee\u021bi \u00eencarci din nou bateriile din acest loc plin de istorie \u0219i spiritualitate.<\/strong><\/span><\/p>\n<\/section>\n<\/section>\n<section class=\"cb-entry-content entry-content clearfix\">\n<p data-start=\"2135\" data-end=\"2458\"><span><strong>Drag\u0103 turistule, aceea\u0219i Bucovin\u0103 de odinioar\u0103 te a\u0219teapt\u0103 s\u0103 \u00ee\u021bi \u00eencarci din nou bateriile din acest loc plin de istorie \u0219i spiritualitate.<\/strong><\/span><\/p>\n<\/section>\n<section class=\"cb-entry-content entry-content clearfix\">\n<p data-start=\"2135\" data-end=\"2458\"><span><strong>Drag\u0103 turistule, aceea\u0219i Bucovin\u0103 de odinioar\u0103 te a\u0219teapt\u0103 s\u0103 \u00ee\u021bi \u00eencarci din nou bateriile din acest loc plin de istorie \u0219i spiritualitate.<\/strong><\/span><\/p>\n<\/section>\n<p>[analyse_source url=&#8221;https:\/\/suceavalive.ro\/draga-turistule-de-pasii-te-vor-purta-in-bucovina-nu-uita-de-codrii-seculari-slatioara\/&#8221;]<\/p>\n","protected":false},"excerpt":{"rendered":"<p>[analyse_image type=&#8221;featured&#8221; src=&#8221;https:\/\/suceavalive.ro\/wp-content\/uploads\/2026\/02\/codrii-seculari-slatioara.jpghttps:\/\/suceavalive.ro\/wp-content\/uploads\/2026\/02\/codrii-seculari-slatioara.jpg&#8221;] Drag\u0103 turistule, de pa\u0219ii te vor purta \u00een Bucovina, nu uita de Codrii Seculari Sl\u0103tioara 27 februarie 2026 Bucovina nu este doar o zon\u0103 geografic\u0103, Bucovina este o stare de spirit pe care o simt to\u021bi locuitorii jude\u021bului Suceava, indiferent dac\u0103 localit\u0103\u021bile lor au apar\u021binut Regatului sau Bucovinei mam\u0103. \u00cen comuna Stulpicani, [&hellip;]<\/p>\n","protected":false},"author":1,"featured_media":0,"comment_status":"open","ping_status":"","sticky":false,"template":"","format":"standard","meta":{"footnotes":""},"categories":[89],"tags":[226,173],"class_list":["post-1798583","post","type-post","status-publish","format-standard","hentry","category-romania","tag-crawlmanager","tag-suceavalive-ro"],"_links":{"self":[{"href":"https:\/\/analyse.optim.biz\/index.php?rest_route=\/wp\/v2\/posts\/1798583","targetHints":{"allow":["GET"]}}],"collection":[{"href":"https:\/\/analyse.optim.biz\/index.php?rest_route=\/wp\/v2\/posts"}],"about":[{"href":"https:\/\/analyse.optim.biz\/index.php?rest_route=\/wp\/v2\/types\/post"}],"author":[{"embeddable":true,"href":"https:\/\/analyse.optim.biz\/index.php?rest_route=\/wp\/v2\/users\/1"}],"replies":[{"embeddable":true,"href":"https:\/\/analyse.optim.biz\/index.php?rest_route=%2Fwp%2Fv2%2Fcomments&post=1798583"}],"version-history":[{"count":0,"href":"https:\/\/analyse.optim.biz\/index.php?rest_route=\/wp\/v2\/posts\/1798583\/revisions"}],"wp:attachment":[{"href":"https:\/\/analyse.optim.biz\/index.php?rest_route=%2Fwp%2Fv2%2Fmedia&parent=1798583"}],"wp:term":[{"taxonomy":"category","embeddable":true,"href":"https:\/\/analyse.optim.biz\/index.php?rest_route=%2Fwp%2Fv2%2Fcategories&post=1798583"},{"taxonomy":"post_tag","embeddable":true,"href":"https:\/\/analyse.optim.biz\/index.php?rest_route=%2Fwp%2Fv2%2Ftags&post=1798583"}],"curies":[{"name":"wp","href":"https:\/\/api.w.org\/{rel}","templated":true}]}}